{"id":88316,"date":"2022-09-30T01:18:15","date_gmt":"2022-09-30T04:18:15","guid":{"rendered":"https:\/\/www.gaveanews.com\/?p=88316"},"modified":"2022-09-30T01:18:18","modified_gmt":"2022-09-30T04:18:18","slug":"corinthians-e-flamengo-definem-carga-de-ingresso-para-visitantes-nas-finais-da-copa-do-brasil","status":"publish","type":"post","link":"https:\/\/www.gaveanews.com\/index.php\/2022\/09\/30\/corinthians-e-flamengo-definem-carga-de-ingresso-para-visitantes-nas-finais-da-copa-do-brasil\/","title":{"rendered":"Corinthians e Flamengo definem carga de ingresso para visitantes nas finais da Copa do Brasil"},"content":{"rendered":"\n<p>As diretorias de Corinthians e Flamengo definiram a carga de ingresso para as torcidas visitantes nos dois jogos da final da Copa do Brasil, marcados para os dias 12 e 19 de outubro. Na primeira partida, na Neo Qu\u00edmica Arena, ser\u00e3o 2,8 mil torcedores do Flamengo. Na segunda, no Maracan\u00e3, o Tim\u00e3o ter\u00e1 3,8 mil torcedores presentes.<\/p>\n\n\n\n<p>Desta vez, a quantidade de ingressos destinados \u00e0 torcida visitante ser\u00e1 proporcional \u00e0 capacidade de cada est\u00e1dio. A informa\u00e7\u00e3o foi publicada inicialmente pelo Meu Tim\u00e3o e confirmada pelo ge. No confronto entre as duas equipes no mata-mata da Libertadores, esse assunto causou controv\u00e9rsia no lado corintiano.<\/p>\n\n\n\n<p>Na ocasi\u00e3o, por conta do regulamento da competi\u00e7\u00e3o, as cargas tinham que ser iguais para os dois jogos. Ap\u00f3s um acordo entre as diretorias, quatro mil flamenguistas estiveram na arena do Corinthians, nos 2 a 0 para o time carioca, e quatro mil corintianos foram ao Maracan\u00e3 no jogo de volta das quartas de final.<\/p>\n\n\n\n<p>A decis\u00e3o rendeu cr\u00edticas por parte da torcida do Tim\u00e3o ao presidente Duilio Monteiro Alves. Durante a partida, os torcedores rubro-negros ocuparam quase a parte inteira da arquibancada atr\u00e1s de um dos gols da arena.<\/p>\n\n\n\n<p>No Maracan\u00e3, por outro lado, os quatro mil corintianos ficaram na parte de cima de um dos escanteios do setor sul.<\/p>\n\n\n\n<p>Retirado de: Globo Esporte<\/p>\n","protected":false},"excerpt":{"rendered":"<p>As diretorias de Corinthians e Flamengo definiram a carga de ingresso para as torcidas visitantes nos dois jogos da final da Copa do Brasil, marcados para os dias 12 e 19 de outubro. Na primeira partida, na Neo Qu\u00edmica Arena, ser\u00e3o 2,8 mil torcedores do Flamengo. Na segunda, no Maracan\u00e3, o Tim\u00e3o ter\u00e1 3,8 mil [&hellip;]<\/p>\n","protected":false},"author":1,"featured_media":84902,"comment_status":"open","ping_status":"closed","sticky":false,"template":"","format":"standard","meta":{"footnotes":""},"categories":[1],"tags":[],"class_list":["post-88316","post","type-post","status-publish","format-standard","has-post-thumbnail","hentry","category-flamengo"],"yoast_head":"<!-- This site is optimized with the Yoast SEO Premium plugin v24.2 (Yoast SEO v26.9) - https:\/\/yoast.com\/product\/yoast-seo-premium-wordpress\/ -->\n<title>Corinthians e Flamengo definem carga de ingresso para visitantes nas finais da Copa do Brasil<\/title>\n<meta name=\"robots\" content=\"index, follow, max-snippet:-1, max-image-preview:large, max-video-preview:-1\" \/>\n<link rel=\"canonical\" href=\"https:\/\/www.gaveanews.com\/index.php\/2022\/09\/30\/corinthians-e-flamengo-definem-carga-de-ingresso-para-visitantes-nas-finais-da-copa-do-brasil\/\" \/>\n<meta property=\"og:locale\" content=\"pt_BR\" \/>\n<meta property=\"og:type\" content=\"article\" \/>\n<meta property=\"og:title\" content=\"Corinthians e Flamengo definem carga de ingresso para visitantes nas finais da Copa do Brasil\" \/>\n<meta property=\"og:description\" content=\"As diretorias de Corinthians e Flamengo definiram a carga de ingresso para as torcidas visitantes nos dois jogos da final da Copa do Brasil, marcados para os dias 12 e 19 de outubro. Na primeira partida, na Neo Qu\u00edmica Arena, ser\u00e3o 2,8 mil torcedores do Flamengo. Na segunda, no Maracan\u00e3, o Tim\u00e3o ter\u00e1 3,8 mil [&hellip;]\" \/>\n<meta property=\"og:url\" content=\"https:\/\/www.gaveanews.com\/index.php\/2022\/09\/30\/corinthians-e-flamengo-definem-carga-de-ingresso-para-visitantes-nas-finais-da-copa-do-brasil\/\" \/>\n<meta property=\"og:site_name\" content=\"G\u00e1vea News\" \/>\n<meta property=\"article:publisher\" content=\"https:\/\/facebook.com\/gaveaNews\/\" \/>\n<meta property=\"article:published_time\" content=\"2022-09-30T04:18:15+00:00\" \/>\n<meta property=\"article:modified_time\" content=\"2022-09-30T04:18:18+00:00\" \/>\n<meta property=\"og:image\" content=\"https:\/\/www.gaveanews.com\/wp-content\/uploads\/Taca-da-Copa-do-Brasil.webp\" \/>\n\t<meta property=\"og:image:width\" content=\"800\" \/>\n\t<meta property=\"og:image:height\" content=\"400\" \/>\n\t<meta property=\"og:image:type\" content=\"image\/jpeg\" \/>\n<meta name=\"author\" content=\"Equipe G\u00e1vea News\" \/>\n<meta name=\"twitter:card\" content=\"summary_large_image\" \/>\n<meta name=\"twitter:label1\" content=\"Escrito por\" \/>\n\t<meta name=\"twitter:data1\" content=\"Equipe G\u00e1vea News\" \/>\n\t<meta name=\"twitter:label2\" content=\"Est. tempo de leitura\" \/>\n\t<meta name=\"twitter:data2\" content=\"2 minutos\" \/>\n<script type=\"application\/ld+json\" class=\"yoast-schema-graph\">{\"@context\":\"https:\/\/schema.org\",\"@graph\":[{\"@type\":\"NewsArticle\",\"@id\":\"https:\/\/www.gaveanews.com\/index.php\/2022\/09\/30\/corinthians-e-flamengo-definem-carga-de-ingresso-para-visitantes-nas-finais-da-copa-do-brasil\/#article\",\"isPartOf\":{\"@id\":\"https:\/\/www.gaveanews.com\/index.php\/2022\/09\/30\/corinthians-e-flamengo-definem-carga-de-ingresso-para-visitantes-nas-finais-da-copa-do-brasil\/\"},\"author\":{\"name\":\"Equipe G\u00e1vea News\",\"@id\":\"https:\/\/www.gaveanews.com\/#\/schema\/person\/2ec14f73fb96be2caf28f91afb14749d\"},\"headline\":\"Corinthians e Flamengo definem carga de ingresso para visitantes nas finais da Copa do Brasil\",\"datePublished\":\"2022-09-30T04:18:15+00:00\",\"dateModified\":\"2022-09-30T04:18:18+00:00\",\"mainEntityOfPage\":{\"@id\":\"https:\/\/www.gaveanews.com\/index.php\/2022\/09\/30\/corinthians-e-flamengo-definem-carga-de-ingresso-para-visitantes-nas-finais-da-copa-do-brasil\/\"},\"wordCount\":239,\"commentCount\":0,\"image\":{\"@id\":\"https:\/\/www.gaveanews.com\/index.php\/2022\/09\/30\/corinthians-e-flamengo-definem-carga-de-ingresso-para-visitantes-nas-finais-da-copa-do-brasil\/#primaryimage\"},\"thumbnailUrl\":\"https:\/\/www.gaveanews.com\/wp-content\/uploads\/Taca-da-Copa-do-Brasil.webp\",\"articleSection\":[\"Flamengo\"],\"inLanguage\":\"pt-BR\",\"potentialAction\":[{\"@type\":\"CommentAction\",\"name\":\"Comment\",\"target\":[\"https:\/\/www.gaveanews.com\/index.php\/2022\/09\/30\/corinthians-e-flamengo-definem-carga-de-ingresso-para-visitantes-nas-finais-da-copa-do-brasil\/#respond\"]}],\"copyrightYear\":\"2022\",\"copyrightHolder\":{\"@id\":\"https:\/\/www.gaveanews.com\/#organization\"}},{\"@type\":\"WebPage\",\"@id\":\"https:\/\/www.gaveanews.com\/index.php\/2022\/09\/30\/corinthians-e-flamengo-definem-carga-de-ingresso-para-visitantes-nas-finais-da-copa-do-brasil\/\",\"url\":\"https:\/\/www.gaveanews.com\/index.php\/2022\/09\/30\/corinthians-e-flamengo-definem-carga-de-ingresso-para-visitantes-nas-finais-da-copa-do-brasil\/\",\"name\":\"Corinthians e Flamengo definem carga de ingresso para visitantes nas finais da Copa do Brasil\",\"isPartOf\":{\"@id\":\"https:\/\/www.gaveanews.com\/#website\"},\"primaryImageOfPage\":{\"@id\":\"https:\/\/www.gaveanews.com\/index.php\/2022\/09\/30\/corinthians-e-flamengo-definem-carga-de-ingresso-para-visitantes-nas-finais-da-copa-do-brasil\/#primaryimage\"},\"image\":{\"@id\":\"https:\/\/www.gaveanews.com\/index.php\/2022\/09\/30\/corinthians-e-flamengo-definem-carga-de-ingresso-para-visitantes-nas-finais-da-copa-do-brasil\/#primaryimage\"},\"thumbnailUrl\":\"https:\/\/www.gaveanews.com\/wp-content\/uploads\/Taca-da-Copa-do-Brasil.webp\",\"datePublished\":\"2022-09-30T04:18:15+00:00\",\"dateModified\":\"2022-09-30T04:18:18+00:00\",\"author\":{\"@id\":\"https:\/\/www.gaveanews.com\/#\/schema\/person\/2ec14f73fb96be2caf28f91afb14749d\"},\"breadcrumb\":{\"@id\":\"https:\/\/www.gaveanews.com\/index.php\/2022\/09\/30\/corinthians-e-flamengo-definem-carga-de-ingresso-para-visitantes-nas-finais-da-copa-do-brasil\/#breadcrumb\"},\"inLanguage\":\"pt-BR\",\"potentialAction\":[{\"@type\":\"ReadAction\",\"target\":[\"https:\/\/www.gaveanews.com\/index.php\/2022\/09\/30\/corinthians-e-flamengo-definem-carga-de-ingresso-para-visitantes-nas-finais-da-copa-do-brasil\/\"]}]},{\"@type\":\"ImageObject\",\"inLanguage\":\"pt-BR\",\"@id\":\"https:\/\/www.gaveanews.com\/index.php\/2022\/09\/30\/corinthians-e-flamengo-definem-carga-de-ingresso-para-visitantes-nas-finais-da-copa-do-brasil\/#primaryimage\",\"url\":\"https:\/\/www.gaveanews.com\/wp-content\/uploads\/Taca-da-Copa-do-Brasil.webp\",\"contentUrl\":\"https:\/\/www.gaveanews.com\/wp-content\/uploads\/Taca-da-Copa-do-Brasil.webp\",\"width\":800,\"height\":400,\"caption\":\"Ta\u00e7a da Copa do Brasil (Foto: Lucas Figueiredo\/CBF)\"},{\"@type\":\"BreadcrumbList\",\"@id\":\"https:\/\/www.gaveanews.com\/index.php\/2022\/09\/30\/corinthians-e-flamengo-definem-carga-de-ingresso-para-visitantes-nas-finais-da-copa-do-brasil\/#breadcrumb\",\"itemListElement\":[{\"@type\":\"ListItem\",\"position\":1,\"name\":\"Home\",\"item\":\"https:\/\/www.gaveanews.com\/\"},{\"@type\":\"ListItem\",\"position\":2,\"name\":\"Corinthians e Flamengo definem carga de ingresso para visitantes nas finais da Copa do Brasil\"}]},{\"@type\":\"WebSite\",\"@id\":\"https:\/\/www.gaveanews.com\/#website\",\"url\":\"https:\/\/www.gaveanews.com\/\",\"name\":\"G\u00e1vea News\",\"description\":\"Veja todas as not\u00edcias sobre o Flamengo: Contrata\u00e7\u00f5es, categorias de base, resultados das partidas, tabela de classifica\u00e7\u00e3o, pr\u00f3ximos jogos!\",\"potentialAction\":[{\"@type\":\"SearchAction\",\"target\":{\"@type\":\"EntryPoint\",\"urlTemplate\":\"https:\/\/www.gaveanews.com\/?s={search_term_string}\"},\"query-input\":{\"@type\":\"PropertyValueSpecification\",\"valueRequired\":true,\"valueName\":\"search_term_string\"}}],\"inLanguage\":\"pt-BR\"},{\"@type\":\"Person\",\"@id\":\"https:\/\/www.gaveanews.com\/#\/schema\/person\/2ec14f73fb96be2caf28f91afb14749d\",\"name\":\"Equipe G\u00e1vea News\",\"image\":{\"@type\":\"ImageObject\",\"inLanguage\":\"pt-BR\",\"@id\":\"https:\/\/www.gaveanews.com\/#\/schema\/person\/image\/\",\"url\":\"https:\/\/secure.gravatar.com\/avatar\/1e1956f1facbffd3f8fa53a326721950116b3b9dc9bd44939c01180fd4a745a9?s=96&d=mm&r=g\",\"contentUrl\":\"https:\/\/secure.gravatar.com\/avatar\/1e1956f1facbffd3f8fa53a326721950116b3b9dc9bd44939c01180fd4a745a9?s=96&d=mm&r=g\",\"caption\":\"Equipe G\u00e1vea News\"}}]}<\/script>\n<!-- \/ Yoast SEO Premium plugin. -->","yoast_head_json":{"title":"Corinthians e Flamengo definem carga de ingresso para visitantes nas finais da Copa do Brasil","robots":{"index":"index","follow":"follow","max-snippet":"max-snippet:-1","max-image-preview":"max-image-preview:large","max-video-preview":"max-video-preview:-1"},"canonical":"https:\/\/www.gaveanews.com\/index.php\/2022\/09\/30\/corinthians-e-flamengo-definem-carga-de-ingresso-para-visitantes-nas-finais-da-copa-do-brasil\/","og_locale":"pt_BR","og_type":"article","og_title":"Corinthians e Flamengo definem carga de ingresso para visitantes nas finais da Copa do Brasil","og_description":"As diretorias de Corinthians e Flamengo definiram a carga de ingresso para as torcidas visitantes nos dois jogos da final da Copa do Brasil, marcados para os dias 12 e 19 de outubro. Na primeira partida, na Neo Qu\u00edmica Arena, ser\u00e3o 2,8 mil torcedores do Flamengo. Na segunda, no Maracan\u00e3, o Tim\u00e3o ter\u00e1 3,8 mil [&hellip;]","og_url":"https:\/\/www.gaveanews.com\/index.php\/2022\/09\/30\/corinthians-e-flamengo-definem-carga-de-ingresso-para-visitantes-nas-finais-da-copa-do-brasil\/","og_site_name":"G\u00e1vea News","article_publisher":"https:\/\/facebook.com\/gaveaNews\/","article_published_time":"2022-09-30T04:18:15+00:00","article_modified_time":"2022-09-30T04:18:18+00:00","og_image":[{"width":800,"height":400,"url":"https:\/\/www.gaveanews.com\/wp-content\/uploads\/Taca-da-Copa-do-Brasil.webp","type":"image\/jpeg"}],"author":"Equipe G\u00e1vea News","twitter_card":"summary_large_image","twitter_misc":{"Escrito por":"Equipe G\u00e1vea News","Est. tempo de leitura":"2 minutos"},"schema":{"@context":"https:\/\/schema.org","@graph":[{"@type":"NewsArticle","@id":"https:\/\/www.gaveanews.com\/index.php\/2022\/09\/30\/corinthians-e-flamengo-definem-carga-de-ingresso-para-visitantes-nas-finais-da-copa-do-brasil\/#article","isPartOf":{"@id":"https:\/\/www.gaveanews.com\/index.php\/2022\/09\/30\/corinthians-e-flamengo-definem-carga-de-ingresso-para-visitantes-nas-finais-da-copa-do-brasil\/"},"author":{"name":"Equipe G\u00e1vea News","@id":"https:\/\/www.gaveanews.com\/#\/schema\/person\/2ec14f73fb96be2caf28f91afb14749d"},"headline":"Corinthians e Flamengo definem carga de ingresso para visitantes nas finais da Copa do Brasil","datePublished":"2022-09-30T04:18:15+00:00","dateModified":"2022-09-30T04:18:18+00:00","mainEntityOfPage":{"@id":"https:\/\/www.gaveanews.com\/index.php\/2022\/09\/30\/corinthians-e-flamengo-definem-carga-de-ingresso-para-visitantes-nas-finais-da-copa-do-brasil\/"},"wordCount":239,"commentCount":0,"image":{"@id":"https:\/\/www.gaveanews.com\/index.php\/2022\/09\/30\/corinthians-e-flamengo-definem-carga-de-ingresso-para-visitantes-nas-finais-da-copa-do-brasil\/#primaryimage"},"thumbnailUrl":"https:\/\/www.gaveanews.com\/wp-content\/uploads\/Taca-da-Copa-do-Brasil.webp","articleSection":["Flamengo"],"inLanguage":"pt-BR","potentialAction":[{"@type":"CommentAction","name":"Comment","target":["https:\/\/www.gaveanews.com\/index.php\/2022\/09\/30\/corinthians-e-flamengo-definem-carga-de-ingresso-para-visitantes-nas-finais-da-copa-do-brasil\/#respond"]}],"copyrightYear":"2022","copyrightHolder":{"@id":"https:\/\/www.gaveanews.com\/#organization"}},{"@type":"WebPage","@id":"https:\/\/www.gaveanews.com\/index.php\/2022\/09\/30\/corinthians-e-flamengo-definem-carga-de-ingresso-para-visitantes-nas-finais-da-copa-do-brasil\/","url":"https:\/\/www.gaveanews.com\/index.php\/2022\/09\/30\/corinthians-e-flamengo-definem-carga-de-ingresso-para-visitantes-nas-finais-da-copa-do-brasil\/","name":"Corinthians e Flamengo definem carga de ingresso para visitantes nas finais da Copa do Brasil","isPartOf":{"@id":"https:\/\/www.gaveanews.com\/#website"},"primaryImageOfPage":{"@id":"https:\/\/www.gaveanews.com\/index.php\/2022\/09\/30\/corinthians-e-flamengo-definem-carga-de-ingresso-para-visitantes-nas-finais-da-copa-do-brasil\/#primaryimage"},"image":{"@id":"https:\/\/www.gaveanews.com\/index.php\/2022\/09\/30\/corinthians-e-flamengo-definem-carga-de-ingresso-para-visitantes-nas-finais-da-copa-do-brasil\/#primaryimage"},"thumbnailUrl":"https:\/\/www.gaveanews.com\/wp-content\/uploads\/Taca-da-Copa-do-Brasil.webp","datePublished":"2022-09-30T04:18:15+00:00","dateModified":"2022-09-30T04:18:18+00:00","author":{"@id":"https:\/\/www.gaveanews.com\/#\/schema\/person\/2ec14f73fb96be2caf28f91afb14749d"},"breadcrumb":{"@id":"https:\/\/www.gaveanews.com\/index.php\/2022\/09\/30\/corinthians-e-flamengo-definem-carga-de-ingresso-para-visitantes-nas-finais-da-copa-do-brasil\/#breadcrumb"},"inLanguage":"pt-BR","potentialAction":[{"@type":"ReadAction","target":["https:\/\/www.gaveanews.com\/index.php\/2022\/09\/30\/corinthians-e-flamengo-definem-carga-de-ingresso-para-visitantes-nas-finais-da-copa-do-brasil\/"]}]},{"@type":"ImageObject","inLanguage":"pt-BR","@id":"https:\/\/www.gaveanews.com\/index.php\/2022\/09\/30\/corinthians-e-flamengo-definem-carga-de-ingresso-para-visitantes-nas-finais-da-copa-do-brasil\/#primaryimage","url":"https:\/\/www.gaveanews.com\/wp-content\/uploads\/Taca-da-Copa-do-Brasil.webp","contentUrl":"https:\/\/www.gaveanews.com\/wp-content\/uploads\/Taca-da-Copa-do-Brasil.webp","width":800,"height":400,"caption":"Ta\u00e7a da Copa do Brasil (Foto: Lucas Figueiredo\/CBF)"},{"@type":"BreadcrumbList","@id":"https:\/\/www.gaveanews.com\/index.php\/2022\/09\/30\/corinthians-e-flamengo-definem-carga-de-ingresso-para-visitantes-nas-finais-da-copa-do-brasil\/#breadcrumb","itemListElement":[{"@type":"ListItem","position":1,"name":"Home","item":"https:\/\/www.gaveanews.com\/"},{"@type":"ListItem","position":2,"name":"Corinthians e Flamengo definem carga de ingresso para visitantes nas finais da Copa do Brasil"}]},{"@type":"WebSite","@id":"https:\/\/www.gaveanews.com\/#website","url":"https:\/\/www.gaveanews.com\/","name":"G\u00e1vea News","description":"Veja todas as not\u00edcias sobre o Flamengo: Contrata\u00e7\u00f5es, categorias de base, resultados das partidas, tabela de classifica\u00e7\u00e3o, pr\u00f3ximos jogos!","potentialAction":[{"@type":"SearchAction","target":{"@type":"EntryPoint","urlTemplate":"https:\/\/www.gaveanews.com\/?s={search_term_string}"},"query-input":{"@type":"PropertyValueSpecification","valueRequired":true,"valueName":"search_term_string"}}],"inLanguage":"pt-BR"},{"@type":"Person","@id":"https:\/\/www.gaveanews.com\/#\/schema\/person\/2ec14f73fb96be2caf28f91afb14749d","name":"Equipe G\u00e1vea News","image":{"@type":"ImageObject","inLanguage":"pt-BR","@id":"https:\/\/www.gaveanews.com\/#\/schema\/person\/image\/","url":"https:\/\/secure.gravatar.com\/avatar\/1e1956f1facbffd3f8fa53a326721950116b3b9dc9bd44939c01180fd4a745a9?s=96&d=mm&r=g","contentUrl":"https:\/\/secure.gravatar.com\/avatar\/1e1956f1facbffd3f8fa53a326721950116b3b9dc9bd44939c01180fd4a745a9?s=96&d=mm&r=g","caption":"Equipe G\u00e1vea News"}}]}},"_links":{"self":[{"href":"https:\/\/www.gaveanews.com\/index.php\/wp-json\/wp\/v2\/posts\/88316","targetHints":{"allow":["GET"]}}],"collection":[{"href":"https:\/\/www.gaveanews.com\/index.php\/wp-json\/wp\/v2\/posts"}],"about":[{"href":"https:\/\/www.gaveanews.com\/index.php\/wp-json\/wp\/v2\/types\/post"}],"author":[{"embeddable":true,"href":"https:\/\/www.gaveanews.com\/index.php\/wp-json\/wp\/v2\/users\/1"}],"replies":[{"embeddable":true,"href":"https:\/\/www.gaveanews.com\/index.php\/wp-json\/wp\/v2\/comments?post=88316"}],"version-history":[{"count":0,"href":"https:\/\/www.gaveanews.com\/index.php\/wp-json\/wp\/v2\/posts\/88316\/revisions"}],"wp:featuredmedia":[{"embeddable":true,"href":"https:\/\/www.gaveanews.com\/index.php\/wp-json\/wp\/v2\/media\/84902"}],"wp:attachment":[{"href":"https:\/\/www.gaveanews.com\/index.php\/wp-json\/wp\/v2\/media?parent=88316"}],"wp:term":[{"taxonomy":"category","embeddable":true,"href":"https:\/\/www.gaveanews.com\/index.php\/wp-json\/wp\/v2\/categories?post=88316"},{"taxonomy":"post_tag","embeddable":true,"href":"https:\/\/www.gaveanews.com\/index.php\/wp-json\/wp\/v2\/tags?post=88316"}],"curies":[{"name":"wp","href":"https:\/\/api.w.org\/{rel}","templated":true}]}}