{"id":88354,"date":"2022-09-30T18:35:17","date_gmt":"2022-09-30T21:35:17","guid":{"rendered":"https:\/\/www.gaveanews.com\/?p=88354"},"modified":"2022-09-30T18:35:19","modified_gmt":"2022-09-30T21:35:19","slug":"do-flamengo-para-o-mundo-com-vinicius-junior-do-real-madrid-vaza-suposta-lista-do-ganhador-da-bola-de-ouro","status":"publish","type":"post","link":"https:\/\/www.gaveanews.com\/index.php\/2022\/09\/30\/do-flamengo-para-o-mundo-com-vinicius-junior-do-real-madrid-vaza-suposta-lista-do-ganhador-da-bola-de-ouro\/","title":{"rendered":"Do Flamengo para o mundo! Com Vinicius Junior, do Real Madrid, vaza suposta lista do ganhador da Bola de Ouro"},"content":{"rendered":"\n<p>Surgiu nas redes sociais nesta sexta-feira (30) uma poss\u00edvel lista final do pr\u00eamio Bola de Ouro, realizado pela France Football. Como esperado, Karim Benzema, do Real Madrid, teria sido eleito o melhor jogador do mundo, com Sadio Man\u00e9 em segundo e Vin\u00edcius Jr. fechando o p\u00f3dio, em terceiro.<\/p>\n\n\n\n<p>A dupla do Real Madrid foi fundamental para o t\u00edtulo do clube merengue, tendo n\u00fameros impressionantes somando La Liga e Champions League. O franc\u00eas terminou a temporada com 44 gols e 15 assist\u00eancias. Ele j\u00e1 venceu o pr\u00eamio de melhor jogador da UEFA.<\/p>\n\n\n\n<figure class=\"wp-block-image size-large\"><img decoding=\"async\" src=\"https:\/\/pbs.twimg.com\/media\/Fd628IwXkAAPdYa?format=jpg\" alt=\"\"\/><\/figure>\n\n\n\n<p>Por sua vez, Vini Jr. viveu a melhor temporada de sua vida e foi importante para o Real Madrid somando 22 gols e 16 assist\u00eancias. O brasileiro tamb\u00e9m acabou se consolidando na Sele\u00e7\u00e3o Brasileira e sua presen\u00e7a na Copa do Mundo \u00e9 praticamente garantida.<\/p>\n\n\n\n<p>Lembrando que Neymar e Messi ficaram de fora dos 30 melhores do mundo escolhidos pela France Football. A premia\u00e7\u00e3o acontecer\u00e1 no dia 17 de outubro, no Th\u00e9\u00e2tre du Ch\u00e2telet, em Paris.<\/p>\n\n\n\n<p>Retirado de: Mercado do Futebol<\/p>\n","protected":false},"excerpt":{"rendered":"<p>Surgiu nas redes sociais nesta sexta-feira (30) uma poss\u00edvel lista final do pr\u00eamio Bola de Ouro, realizado pela France Football. Como esperado, Karim Benzema, do Real Madrid, teria sido eleito o melhor jogador do mundo, com Sadio Man\u00e9 em segundo e Vin\u00edcius Jr. fechando o p\u00f3dio, em terceiro. A dupla do Real Madrid foi fundamental [&hellip;]<\/p>\n","protected":false},"author":1,"featured_media":82385,"comment_status":"open","ping_status":"closed","sticky":false,"template":"","format":"standard","meta":{"footnotes":""},"categories":[1],"tags":[],"class_list":["post-88354","post","type-post","status-publish","format-standard","has-post-thumbnail","hentry","category-flamengo"],"yoast_head":"<!-- This site is optimized with the Yoast SEO Premium plugin v24.2 (Yoast SEO v26.9) - https:\/\/yoast.com\/product\/yoast-seo-premium-wordpress\/ -->\n<title>Do Flamengo para o mundo! Com Vinicius Junior, do Real Madrid, vaza suposta lista do ganhador da Bola de Ouro<\/title>\n<meta name=\"robots\" content=\"index, follow, max-snippet:-1, max-image-preview:large, max-video-preview:-1\" \/>\n<link rel=\"canonical\" href=\"https:\/\/www.gaveanews.com\/index.php\/2022\/09\/30\/do-flamengo-para-o-mundo-com-vinicius-junior-do-real-madrid-vaza-suposta-lista-do-ganhador-da-bola-de-ouro\/\" \/>\n<meta property=\"og:locale\" content=\"pt_BR\" \/>\n<meta property=\"og:type\" content=\"article\" \/>\n<meta property=\"og:title\" content=\"Do Flamengo para o mundo! Com Vinicius Junior, do Real Madrid, vaza suposta lista do ganhador da Bola de Ouro\" \/>\n<meta property=\"og:description\" content=\"Surgiu nas redes sociais nesta sexta-feira (30) uma poss\u00edvel lista final do pr\u00eamio Bola de Ouro, realizado pela France Football. Como esperado, Karim Benzema, do Real Madrid, teria sido eleito o melhor jogador do mundo, com Sadio Man\u00e9 em segundo e Vin\u00edcius Jr. fechando o p\u00f3dio, em terceiro. A dupla do Real Madrid foi fundamental [&hellip;]\" \/>\n<meta property=\"og:url\" content=\"https:\/\/www.gaveanews.com\/index.php\/2022\/09\/30\/do-flamengo-para-o-mundo-com-vinicius-junior-do-real-madrid-vaza-suposta-lista-do-ganhador-da-bola-de-ouro\/\" \/>\n<meta property=\"og:site_name\" content=\"G\u00e1vea News\" \/>\n<meta property=\"article:publisher\" content=\"https:\/\/facebook.com\/gaveaNews\/\" \/>\n<meta property=\"article:published_time\" content=\"2022-09-30T21:35:17+00:00\" \/>\n<meta property=\"article:modified_time\" content=\"2022-09-30T21:35:19+00:00\" \/>\n<meta property=\"og:image\" content=\"https:\/\/www.gaveanews.com\/wp-content\/uploads\/Vinicius-Junior-marca-do-gol-do-titulo-do-Real-Madrid-na-Champions-League.webp\" \/>\n\t<meta property=\"og:image:width\" content=\"846\" \/>\n\t<meta property=\"og:image:height\" content=\"564\" \/>\n\t<meta property=\"og:image:type\" content=\"image\/webp\" \/>\n<meta name=\"author\" content=\"Equipe G\u00e1vea News\" \/>\n<meta name=\"twitter:card\" content=\"summary_large_image\" \/>\n<meta name=\"twitter:label1\" content=\"Escrito por\" \/>\n\t<meta name=\"twitter:data1\" content=\"Equipe G\u00e1vea News\" \/>\n\t<meta name=\"twitter:label2\" content=\"Est. tempo de leitura\" \/>\n\t<meta name=\"twitter:data2\" content=\"2 minutos\" \/>\n<script type=\"application\/ld+json\" class=\"yoast-schema-graph\">{\"@context\":\"https:\/\/schema.org\",\"@graph\":[{\"@type\":\"NewsArticle\",\"@id\":\"https:\/\/www.gaveanews.com\/index.php\/2022\/09\/30\/do-flamengo-para-o-mundo-com-vinicius-junior-do-real-madrid-vaza-suposta-lista-do-ganhador-da-bola-de-ouro\/#article\",\"isPartOf\":{\"@id\":\"https:\/\/www.gaveanews.com\/index.php\/2022\/09\/30\/do-flamengo-para-o-mundo-com-vinicius-junior-do-real-madrid-vaza-suposta-lista-do-ganhador-da-bola-de-ouro\/\"},\"author\":{\"name\":\"Equipe G\u00e1vea News\",\"@id\":\"https:\/\/www.gaveanews.com\/#\/schema\/person\/2ec14f73fb96be2caf28f91afb14749d\"},\"headline\":\"Do Flamengo para o mundo! Com Vinicius Junior, do Real Madrid, vaza suposta lista do ganhador da Bola de Ouro\",\"datePublished\":\"2022-09-30T21:35:17+00:00\",\"dateModified\":\"2022-09-30T21:35:19+00:00\",\"mainEntityOfPage\":{\"@id\":\"https:\/\/www.gaveanews.com\/index.php\/2022\/09\/30\/do-flamengo-para-o-mundo-com-vinicius-junior-do-real-madrid-vaza-suposta-lista-do-ganhador-da-bola-de-ouro\/\"},\"wordCount\":199,\"commentCount\":0,\"image\":{\"@id\":\"https:\/\/www.gaveanews.com\/index.php\/2022\/09\/30\/do-flamengo-para-o-mundo-com-vinicius-junior-do-real-madrid-vaza-suposta-lista-do-ganhador-da-bola-de-ouro\/#primaryimage\"},\"thumbnailUrl\":\"https:\/\/www.gaveanews.com\/wp-content\/uploads\/Vinicius-Junior-marca-do-gol-do-titulo-do-Real-Madrid-na-Champions-League.webp\",\"articleSection\":[\"Flamengo\"],\"inLanguage\":\"pt-BR\",\"potentialAction\":[{\"@type\":\"CommentAction\",\"name\":\"Comment\",\"target\":[\"https:\/\/www.gaveanews.com\/index.php\/2022\/09\/30\/do-flamengo-para-o-mundo-com-vinicius-junior-do-real-madrid-vaza-suposta-lista-do-ganhador-da-bola-de-ouro\/#respond\"]}],\"copyrightYear\":\"2022\",\"copyrightHolder\":{\"@id\":\"https:\/\/www.gaveanews.com\/#organization\"}},{\"@type\":\"WebPage\",\"@id\":\"https:\/\/www.gaveanews.com\/index.php\/2022\/09\/30\/do-flamengo-para-o-mundo-com-vinicius-junior-do-real-madrid-vaza-suposta-lista-do-ganhador-da-bola-de-ouro\/\",\"url\":\"https:\/\/www.gaveanews.com\/index.php\/2022\/09\/30\/do-flamengo-para-o-mundo-com-vinicius-junior-do-real-madrid-vaza-suposta-lista-do-ganhador-da-bola-de-ouro\/\",\"name\":\"Do Flamengo para o mundo! Com Vinicius Junior, do Real Madrid, vaza suposta lista do ganhador da Bola de Ouro\",\"isPartOf\":{\"@id\":\"https:\/\/www.gaveanews.com\/#website\"},\"primaryImageOfPage\":{\"@id\":\"https:\/\/www.gaveanews.com\/index.php\/2022\/09\/30\/do-flamengo-para-o-mundo-com-vinicius-junior-do-real-madrid-vaza-suposta-lista-do-ganhador-da-bola-de-ouro\/#primaryimage\"},\"image\":{\"@id\":\"https:\/\/www.gaveanews.com\/index.php\/2022\/09\/30\/do-flamengo-para-o-mundo-com-vinicius-junior-do-real-madrid-vaza-suposta-lista-do-ganhador-da-bola-de-ouro\/#primaryimage\"},\"thumbnailUrl\":\"https:\/\/www.gaveanews.com\/wp-content\/uploads\/Vinicius-Junior-marca-do-gol-do-titulo-do-Real-Madrid-na-Champions-League.webp\",\"datePublished\":\"2022-09-30T21:35:17+00:00\",\"dateModified\":\"2022-09-30T21:35:19+00:00\",\"author\":{\"@id\":\"https:\/\/www.gaveanews.com\/#\/schema\/person\/2ec14f73fb96be2caf28f91afb14749d\"},\"breadcrumb\":{\"@id\":\"https:\/\/www.gaveanews.com\/index.php\/2022\/09\/30\/do-flamengo-para-o-mundo-com-vinicius-junior-do-real-madrid-vaza-suposta-lista-do-ganhador-da-bola-de-ouro\/#breadcrumb\"},\"inLanguage\":\"pt-BR\",\"potentialAction\":[{\"@type\":\"ReadAction\",\"target\":[\"https:\/\/www.gaveanews.com\/index.php\/2022\/09\/30\/do-flamengo-para-o-mundo-com-vinicius-junior-do-real-madrid-vaza-suposta-lista-do-ganhador-da-bola-de-ouro\/\"]}]},{\"@type\":\"ImageObject\",\"inLanguage\":\"pt-BR\",\"@id\":\"https:\/\/www.gaveanews.com\/index.php\/2022\/09\/30\/do-flamengo-para-o-mundo-com-vinicius-junior-do-real-madrid-vaza-suposta-lista-do-ganhador-da-bola-de-ouro\/#primaryimage\",\"url\":\"https:\/\/www.gaveanews.com\/wp-content\/uploads\/Vinicius-Junior-marca-do-gol-do-titulo-do-Real-Madrid-na-Champions-League.webp\",\"contentUrl\":\"https:\/\/www.gaveanews.com\/wp-content\/uploads\/Vinicius-Junior-marca-do-gol-do-titulo-do-Real-Madrid-na-Champions-League.webp\",\"width\":846,\"height\":564,\"caption\":\"Vinicius Junior marca do gol do t\u00edtulo do Real Madrid na Champions League (Foto: Franck Fife\/AFP)\"},{\"@type\":\"BreadcrumbList\",\"@id\":\"https:\/\/www.gaveanews.com\/index.php\/2022\/09\/30\/do-flamengo-para-o-mundo-com-vinicius-junior-do-real-madrid-vaza-suposta-lista-do-ganhador-da-bola-de-ouro\/#breadcrumb\",\"itemListElement\":[{\"@type\":\"ListItem\",\"position\":1,\"name\":\"Home\",\"item\":\"https:\/\/www.gaveanews.com\/\"},{\"@type\":\"ListItem\",\"position\":2,\"name\":\"Do Flamengo para o mundo! Com Vinicius Junior, do Real Madrid, vaza suposta lista do ganhador da Bola de Ouro\"}]},{\"@type\":\"WebSite\",\"@id\":\"https:\/\/www.gaveanews.com\/#website\",\"url\":\"https:\/\/www.gaveanews.com\/\",\"name\":\"G\u00e1vea News\",\"description\":\"Veja todas as not\u00edcias sobre o Flamengo: Contrata\u00e7\u00f5es, categorias de base, resultados das partidas, tabela de classifica\u00e7\u00e3o, pr\u00f3ximos jogos!\",\"potentialAction\":[{\"@type\":\"SearchAction\",\"target\":{\"@type\":\"EntryPoint\",\"urlTemplate\":\"https:\/\/www.gaveanews.com\/?s={search_term_string}\"},\"query-input\":{\"@type\":\"PropertyValueSpecification\",\"valueRequired\":true,\"valueName\":\"search_term_string\"}}],\"inLanguage\":\"pt-BR\"},{\"@type\":\"Person\",\"@id\":\"https:\/\/www.gaveanews.com\/#\/schema\/person\/2ec14f73fb96be2caf28f91afb14749d\",\"name\":\"Equipe G\u00e1vea News\",\"image\":{\"@type\":\"ImageObject\",\"inLanguage\":\"pt-BR\",\"@id\":\"https:\/\/www.gaveanews.com\/#\/schema\/person\/image\/\",\"url\":\"https:\/\/secure.gravatar.com\/avatar\/1e1956f1facbffd3f8fa53a326721950116b3b9dc9bd44939c01180fd4a745a9?s=96&d=mm&r=g\",\"contentUrl\":\"https:\/\/secure.gravatar.com\/avatar\/1e1956f1facbffd3f8fa53a326721950116b3b9dc9bd44939c01180fd4a745a9?s=96&d=mm&r=g\",\"caption\":\"Equipe G\u00e1vea News\"}}]}<\/script>\n<!-- \/ Yoast SEO Premium plugin. -->","yoast_head_json":{"title":"Do Flamengo para o mundo! Com Vinicius Junior, do Real Madrid, vaza suposta lista do ganhador da Bola de Ouro","robots":{"index":"index","follow":"follow","max-snippet":"max-snippet:-1","max-image-preview":"max-image-preview:large","max-video-preview":"max-video-preview:-1"},"canonical":"https:\/\/www.gaveanews.com\/index.php\/2022\/09\/30\/do-flamengo-para-o-mundo-com-vinicius-junior-do-real-madrid-vaza-suposta-lista-do-ganhador-da-bola-de-ouro\/","og_locale":"pt_BR","og_type":"article","og_title":"Do Flamengo para o mundo! Com Vinicius Junior, do Real Madrid, vaza suposta lista do ganhador da Bola de Ouro","og_description":"Surgiu nas redes sociais nesta sexta-feira (30) uma poss\u00edvel lista final do pr\u00eamio Bola de Ouro, realizado pela France Football. Como esperado, Karim Benzema, do Real Madrid, teria sido eleito o melhor jogador do mundo, com Sadio Man\u00e9 em segundo e Vin\u00edcius Jr. fechando o p\u00f3dio, em terceiro. A dupla do Real Madrid foi fundamental [&hellip;]","og_url":"https:\/\/www.gaveanews.com\/index.php\/2022\/09\/30\/do-flamengo-para-o-mundo-com-vinicius-junior-do-real-madrid-vaza-suposta-lista-do-ganhador-da-bola-de-ouro\/","og_site_name":"G\u00e1vea News","article_publisher":"https:\/\/facebook.com\/gaveaNews\/","article_published_time":"2022-09-30T21:35:17+00:00","article_modified_time":"2022-09-30T21:35:19+00:00","og_image":[{"width":846,"height":564,"url":"https:\/\/www.gaveanews.com\/wp-content\/uploads\/Vinicius-Junior-marca-do-gol-do-titulo-do-Real-Madrid-na-Champions-League.webp","type":"image\/webp"}],"author":"Equipe G\u00e1vea News","twitter_card":"summary_large_image","twitter_misc":{"Escrito por":"Equipe G\u00e1vea News","Est. tempo de leitura":"2 minutos"},"schema":{"@context":"https:\/\/schema.org","@graph":[{"@type":"NewsArticle","@id":"https:\/\/www.gaveanews.com\/index.php\/2022\/09\/30\/do-flamengo-para-o-mundo-com-vinicius-junior-do-real-madrid-vaza-suposta-lista-do-ganhador-da-bola-de-ouro\/#article","isPartOf":{"@id":"https:\/\/www.gaveanews.com\/index.php\/2022\/09\/30\/do-flamengo-para-o-mundo-com-vinicius-junior-do-real-madrid-vaza-suposta-lista-do-ganhador-da-bola-de-ouro\/"},"author":{"name":"Equipe G\u00e1vea News","@id":"https:\/\/www.gaveanews.com\/#\/schema\/person\/2ec14f73fb96be2caf28f91afb14749d"},"headline":"Do Flamengo para o mundo! Com Vinicius Junior, do Real Madrid, vaza suposta lista do ganhador da Bola de Ouro","datePublished":"2022-09-30T21:35:17+00:00","dateModified":"2022-09-30T21:35:19+00:00","mainEntityOfPage":{"@id":"https:\/\/www.gaveanews.com\/index.php\/2022\/09\/30\/do-flamengo-para-o-mundo-com-vinicius-junior-do-real-madrid-vaza-suposta-lista-do-ganhador-da-bola-de-ouro\/"},"wordCount":199,"commentCount":0,"image":{"@id":"https:\/\/www.gaveanews.com\/index.php\/2022\/09\/30\/do-flamengo-para-o-mundo-com-vinicius-junior-do-real-madrid-vaza-suposta-lista-do-ganhador-da-bola-de-ouro\/#primaryimage"},"thumbnailUrl":"https:\/\/www.gaveanews.com\/wp-content\/uploads\/Vinicius-Junior-marca-do-gol-do-titulo-do-Real-Madrid-na-Champions-League.webp","articleSection":["Flamengo"],"inLanguage":"pt-BR","potentialAction":[{"@type":"CommentAction","name":"Comment","target":["https:\/\/www.gaveanews.com\/index.php\/2022\/09\/30\/do-flamengo-para-o-mundo-com-vinicius-junior-do-real-madrid-vaza-suposta-lista-do-ganhador-da-bola-de-ouro\/#respond"]}],"copyrightYear":"2022","copyrightHolder":{"@id":"https:\/\/www.gaveanews.com\/#organization"}},{"@type":"WebPage","@id":"https:\/\/www.gaveanews.com\/index.php\/2022\/09\/30\/do-flamengo-para-o-mundo-com-vinicius-junior-do-real-madrid-vaza-suposta-lista-do-ganhador-da-bola-de-ouro\/","url":"https:\/\/www.gaveanews.com\/index.php\/2022\/09\/30\/do-flamengo-para-o-mundo-com-vinicius-junior-do-real-madrid-vaza-suposta-lista-do-ganhador-da-bola-de-ouro\/","name":"Do Flamengo para o mundo! Com Vinicius Junior, do Real Madrid, vaza suposta lista do ganhador da Bola de Ouro","isPartOf":{"@id":"https:\/\/www.gaveanews.com\/#website"},"primaryImageOfPage":{"@id":"https:\/\/www.gaveanews.com\/index.php\/2022\/09\/30\/do-flamengo-para-o-mundo-com-vinicius-junior-do-real-madrid-vaza-suposta-lista-do-ganhador-da-bola-de-ouro\/#primaryimage"},"image":{"@id":"https:\/\/www.gaveanews.com\/index.php\/2022\/09\/30\/do-flamengo-para-o-mundo-com-vinicius-junior-do-real-madrid-vaza-suposta-lista-do-ganhador-da-bola-de-ouro\/#primaryimage"},"thumbnailUrl":"https:\/\/www.gaveanews.com\/wp-content\/uploads\/Vinicius-Junior-marca-do-gol-do-titulo-do-Real-Madrid-na-Champions-League.webp","datePublished":"2022-09-30T21:35:17+00:00","dateModified":"2022-09-30T21:35:19+00:00","author":{"@id":"https:\/\/www.gaveanews.com\/#\/schema\/person\/2ec14f73fb96be2caf28f91afb14749d"},"breadcrumb":{"@id":"https:\/\/www.gaveanews.com\/index.php\/2022\/09\/30\/do-flamengo-para-o-mundo-com-vinicius-junior-do-real-madrid-vaza-suposta-lista-do-ganhador-da-bola-de-ouro\/#breadcrumb"},"inLanguage":"pt-BR","potentialAction":[{"@type":"ReadAction","target":["https:\/\/www.gaveanews.com\/index.php\/2022\/09\/30\/do-flamengo-para-o-mundo-com-vinicius-junior-do-real-madrid-vaza-suposta-lista-do-ganhador-da-bola-de-ouro\/"]}]},{"@type":"ImageObject","inLanguage":"pt-BR","@id":"https:\/\/www.gaveanews.com\/index.php\/2022\/09\/30\/do-flamengo-para-o-mundo-com-vinicius-junior-do-real-madrid-vaza-suposta-lista-do-ganhador-da-bola-de-ouro\/#primaryimage","url":"https:\/\/www.gaveanews.com\/wp-content\/uploads\/Vinicius-Junior-marca-do-gol-do-titulo-do-Real-Madrid-na-Champions-League.webp","contentUrl":"https:\/\/www.gaveanews.com\/wp-content\/uploads\/Vinicius-Junior-marca-do-gol-do-titulo-do-Real-Madrid-na-Champions-League.webp","width":846,"height":564,"caption":"Vinicius Junior marca do gol do t\u00edtulo do Real Madrid na Champions League (Foto: Franck Fife\/AFP)"},{"@type":"BreadcrumbList","@id":"https:\/\/www.gaveanews.com\/index.php\/2022\/09\/30\/do-flamengo-para-o-mundo-com-vinicius-junior-do-real-madrid-vaza-suposta-lista-do-ganhador-da-bola-de-ouro\/#breadcrumb","itemListElement":[{"@type":"ListItem","position":1,"name":"Home","item":"https:\/\/www.gaveanews.com\/"},{"@type":"ListItem","position":2,"name":"Do Flamengo para o mundo! Com Vinicius Junior, do Real Madrid, vaza suposta lista do ganhador da Bola de Ouro"}]},{"@type":"WebSite","@id":"https:\/\/www.gaveanews.com\/#website","url":"https:\/\/www.gaveanews.com\/","name":"G\u00e1vea News","description":"Veja todas as not\u00edcias sobre o Flamengo: Contrata\u00e7\u00f5es, categorias de base, resultados das partidas, tabela de classifica\u00e7\u00e3o, pr\u00f3ximos jogos!","potentialAction":[{"@type":"SearchAction","target":{"@type":"EntryPoint","urlTemplate":"https:\/\/www.gaveanews.com\/?s={search_term_string}"},"query-input":{"@type":"PropertyValueSpecification","valueRequired":true,"valueName":"search_term_string"}}],"inLanguage":"pt-BR"},{"@type":"Person","@id":"https:\/\/www.gaveanews.com\/#\/schema\/person\/2ec14f73fb96be2caf28f91afb14749d","name":"Equipe G\u00e1vea News","image":{"@type":"ImageObject","inLanguage":"pt-BR","@id":"https:\/\/www.gaveanews.com\/#\/schema\/person\/image\/","url":"https:\/\/secure.gravatar.com\/avatar\/1e1956f1facbffd3f8fa53a326721950116b3b9dc9bd44939c01180fd4a745a9?s=96&d=mm&r=g","contentUrl":"https:\/\/secure.gravatar.com\/avatar\/1e1956f1facbffd3f8fa53a326721950116b3b9dc9bd44939c01180fd4a745a9?s=96&d=mm&r=g","caption":"Equipe G\u00e1vea News"}}]}},"_links":{"self":[{"href":"https:\/\/www.gaveanews.com\/index.php\/wp-json\/wp\/v2\/posts\/88354","targetHints":{"allow":["GET"]}}],"collection":[{"href":"https:\/\/www.gaveanews.com\/index.php\/wp-json\/wp\/v2\/posts"}],"about":[{"href":"https:\/\/www.gaveanews.com\/index.php\/wp-json\/wp\/v2\/types\/post"}],"author":[{"embeddable":true,"href":"https:\/\/www.gaveanews.com\/index.php\/wp-json\/wp\/v2\/users\/1"}],"replies":[{"embeddable":true,"href":"https:\/\/www.gaveanews.com\/index.php\/wp-json\/wp\/v2\/comments?post=88354"}],"version-history":[{"count":0,"href":"https:\/\/www.gaveanews.com\/index.php\/wp-json\/wp\/v2\/posts\/88354\/revisions"}],"wp:featuredmedia":[{"embeddable":true,"href":"https:\/\/www.gaveanews.com\/index.php\/wp-json\/wp\/v2\/media\/82385"}],"wp:attachment":[{"href":"https:\/\/www.gaveanews.com\/index.php\/wp-json\/wp\/v2\/media?parent=88354"}],"wp:term":[{"taxonomy":"category","embeddable":true,"href":"https:\/\/www.gaveanews.com\/index.php\/wp-json\/wp\/v2\/categories?post=88354"},{"taxonomy":"post_tag","embeddable":true,"href":"https:\/\/www.gaveanews.com\/index.php\/wp-json\/wp\/v2\/tags?post=88354"}],"curies":[{"name":"wp","href":"https:\/\/api.w.org\/{rel}","templated":true}]}}