{"id":88391,"date":"2022-10-01T23:01:04","date_gmt":"2022-10-02T02:01:04","guid":{"rendered":"https:\/\/www.gaveanews.com\/?p=88391"},"modified":"2022-10-01T23:01:06","modified_gmt":"2022-10-02T02:01:06","slug":"dorival-junior-comenta-chance-de-titulo-do-flamengo-no-brasileirao","status":"publish","type":"post","link":"https:\/\/www.gaveanews.com\/index.php\/2022\/10\/01\/dorival-junior-comenta-chance-de-titulo-do-flamengo-no-brasileirao\/","title":{"rendered":"Dorival Junior comenta chance de t\u00edtulo do Flamengo no Brasileir\u00e3o"},"content":{"rendered":"\n<p>Ap\u00f3s a goleada sobre o Red Bull Bragantino por 4 a 1 no Maracan\u00e3, neste s\u00e1bado, o t\u00e9cnico Dorival J\u00fanior analisou a situa\u00e7\u00e3o do Flamengo no Campeonato Brasileiro. Na coletiva, o treinador admitiu que passar o m\u00eas de setembro sem vit\u00f3rias diminuiu &#8220;consideravelmente&#8221; as chances de t\u00edtulo. Entretanto, ele afirmou que a equipe sempre esteve focada na competi\u00e7\u00e3o e destacou que ainda v\u00ea o Rubro-Negro vivo na busca pela ta\u00e7a.<\/p>\n\n\n\n<p><em>\u2014 (O time) N\u00e3o deixou de ser (focado) em momento nenhum. N\u00f3s tivemos dois empates e duas derrotas que diminu\u00edram consideravelmente as nossas possibilidades, por\u00e9m n\u00e3o desistimos em momento nenhum e nem pode ser dessa forma. N\u00e3o pode acontecer de uma outra forma que seja lutarmos sempre, buscarmos sempre os melhores resultados. Acho que o campeonato est\u00e1 sendo muito dif\u00edcil, complicado para todos as equipes, principalmente para uma equipe como o Flamengo, que gra\u00e7as a Deus vem chegando na maioria das semifinais e finais de competi\u00e7\u00f5es que est\u00e3o acumuladas nesse ano<\/em>, disse Dorival.<\/p>\n\n\n\n<p><em>\u2014 Queira ou n\u00e3o, dificultou nossa caminhada no Brasileiro, at\u00e9 porque era uma caminhada de recupera\u00e7\u00e3o. Ou seja, num momento como esse n\u00e3o poder\u00edamos mais errar. N\u00f3s jogamos com a equipe principal e com uma equipe mesclada, mas fizemos isso o campeonato todo. Ent\u00e3o, em momento nenhum deixamos de acreditar e de valorizar a competi\u00e7\u00e3o (Campeonato Brasileiro). Ainda estamos a\u00ed, vivos e na expectativa de que algo melhor aconte\u00e7a em rela\u00e7\u00e3o \u00e0 posi\u00e7\u00e3o que n\u00f3s estamos nesse momento, pela pela capacidade da equipe, pela luta e pela entrega<\/em>, completou.<\/p>\n\n\n\n<p>Outro assunto da coletiva foi a evolu\u00e7\u00e3o de Pedro em 2022. O atacante ganhou espa\u00e7o com a chegada de Dorival, vive a temporada mais artilheira da carreira e est\u00e1 bem cotado para ir \u00e0 Copa do Mundo do Qatar. Al\u00e9m disso, neste s\u00e1bado, ele marcou tr\u00eas gols em cinco minutos para tirar o empate do placar e garantir a vit\u00f3ria do Flamengo sobre o Massa Bruta.<\/p>\n\n\n\n<p><em>\u2014 A maior responsabilidade de um treinador \u00e9 justamente voc\u00ea poder valorizar e tentar resgatar aqueles que n\u00e3o estejam vivenciando um bom momento. Desde os anos anteriores quando eu observava a equipe do Flamengo &#8211; fiquei um ano e pouco parado em casa e pude assistir a maioria dos jogos, n\u00e3o s\u00f3 do Flamengo, como de outras equipes -, sempre senti que o Pedro seria um jogador que estaria atuando em qualquer equipe do futebol brasileiro com possibilidades reais de estar, se atuando, buscando uma vaga na sele\u00e7\u00e3o brasileira pela sua capacidade e sua qualidade e condi\u00e7\u00e3o que sempre vi no atleta nos momentos em ele atuou tanto aqui quanto fora e como no in\u00edcio com a camisa do Fluminense. Sempre foi um jogador que chamou muito a aten\u00e7\u00e3o<\/em>, analisou o treinador.<\/p>\n\n\n\n<p><em>\u2014 Acho que aconteceu uma conjun\u00e7\u00e3o de fatores, uma participa\u00e7\u00e3o natural que seja uma pontinha ali em tudo que aconteceu na vida dele. Fico muito feliz, sim, por ele e por outros jogadores que, de repente, possam estar nessa convoca\u00e7\u00e3o principal para a Copa do Mundo. At\u00e9 porque esse \u00e9 o trabalho e o objetivo de cada comiss\u00e3o t\u00e9cnica, \u00e9 voc\u00ea tentar valorizar ao m\u00e1ximo os jogadores que estejam atuando ou n\u00e3o atuando e tentar dar a m\u00e1xima ou todas as condi\u00e7\u00f5es poss\u00edveis para que cada um possa se equilibrar e mostrar o seu melhor. E quando apareceu a oportunidade, ele estava preparado. Acho que isso \u00e9 o que faz a diferen\u00e7a: o atleta ter consci\u00eancia de que, em algum momento, ele vai ter uma oportunidade, e aparecendo essa oportunidade, que ele possa estar capacitado para poder permanecer e dar sequ\u00eancia a tudo<\/em>, concluiu.<\/p>\n\n\n\n<p>Retirado de: O Dia<\/p>\n","protected":false},"excerpt":{"rendered":"<p>Ap\u00f3s a goleada sobre o Red Bull Bragantino por 4 a 1 no Maracan\u00e3, neste s\u00e1bado, o t\u00e9cnico Dorival J\u00fanior analisou a situa\u00e7\u00e3o do Flamengo no Campeonato Brasileiro. Na coletiva, o treinador admitiu que passar o m\u00eas de setembro sem vit\u00f3rias diminuiu &#8220;consideravelmente&#8221; as chances de t\u00edtulo. Entretanto, ele afirmou que a equipe sempre esteve [&hellip;]<\/p>\n","protected":false},"author":1,"featured_media":86780,"comment_status":"open","ping_status":"closed","sticky":false,"template":"","format":"standard","meta":{"footnotes":""},"categories":[1],"tags":[],"class_list":["post-88391","post","type-post","status-publish","format-standard","has-post-thumbnail","hentry","category-flamengo"],"yoast_head":"<!-- This site is optimized with the Yoast SEO Premium plugin v24.2 (Yoast SEO v26.9) - https:\/\/yoast.com\/product\/yoast-seo-premium-wordpress\/ -->\n<title>Dorival Junior comenta chance de t\u00edtulo do Flamengo no Brasileir\u00e3o<\/title>\n<meta name=\"robots\" content=\"index, follow, max-snippet:-1, max-image-preview:large, max-video-preview:-1\" \/>\n<link rel=\"canonical\" href=\"https:\/\/www.gaveanews.com\/index.php\/2022\/10\/01\/dorival-junior-comenta-chance-de-titulo-do-flamengo-no-brasileirao\/\" \/>\n<meta property=\"og:locale\" content=\"pt_BR\" \/>\n<meta property=\"og:type\" content=\"article\" \/>\n<meta property=\"og:title\" content=\"Dorival Junior comenta chance de t\u00edtulo do Flamengo no Brasileir\u00e3o\" \/>\n<meta property=\"og:description\" content=\"Ap\u00f3s a goleada sobre o Red Bull Bragantino por 4 a 1 no Maracan\u00e3, neste s\u00e1bado, o t\u00e9cnico Dorival J\u00fanior analisou a situa\u00e7\u00e3o do Flamengo no Campeonato Brasileiro. Na coletiva, o treinador admitiu que passar o m\u00eas de setembro sem vit\u00f3rias diminuiu &#8220;consideravelmente&#8221; as chances de t\u00edtulo. Entretanto, ele afirmou que a equipe sempre esteve [&hellip;]\" \/>\n<meta property=\"og:url\" content=\"https:\/\/www.gaveanews.com\/index.php\/2022\/10\/01\/dorival-junior-comenta-chance-de-titulo-do-flamengo-no-brasileirao\/\" \/>\n<meta property=\"og:site_name\" content=\"G\u00e1vea News\" \/>\n<meta property=\"article:publisher\" content=\"https:\/\/facebook.com\/gaveaNews\/\" \/>\n<meta property=\"article:published_time\" content=\"2022-10-02T02:01:04+00:00\" \/>\n<meta property=\"article:modified_time\" content=\"2022-10-02T02:01:06+00:00\" \/>\n<meta property=\"og:image\" content=\"https:\/\/www.gaveanews.com\/wp-content\/uploads\/Dorival-Junior-em-Velez-x-Flamengo-pela-Libertadores.webp\" \/>\n\t<meta property=\"og:image:width\" content=\"800\" \/>\n\t<meta property=\"og:image:height\" content=\"533\" \/>\n\t<meta property=\"og:image:type\" content=\"image\/jpeg\" \/>\n<meta name=\"author\" content=\"Equipe G\u00e1vea News\" \/>\n<meta name=\"twitter:card\" content=\"summary_large_image\" \/>\n<meta name=\"twitter:label1\" content=\"Escrito por\" \/>\n\t<meta name=\"twitter:data1\" content=\"Equipe G\u00e1vea News\" \/>\n\t<meta name=\"twitter:label2\" content=\"Est. tempo de leitura\" \/>\n\t<meta name=\"twitter:data2\" content=\"4 minutos\" \/>\n<script type=\"application\/ld+json\" class=\"yoast-schema-graph\">{\"@context\":\"https:\/\/schema.org\",\"@graph\":[{\"@type\":\"NewsArticle\",\"@id\":\"https:\/\/www.gaveanews.com\/index.php\/2022\/10\/01\/dorival-junior-comenta-chance-de-titulo-do-flamengo-no-brasileirao\/#article\",\"isPartOf\":{\"@id\":\"https:\/\/www.gaveanews.com\/index.php\/2022\/10\/01\/dorival-junior-comenta-chance-de-titulo-do-flamengo-no-brasileirao\/\"},\"author\":{\"name\":\"Equipe G\u00e1vea News\",\"@id\":\"https:\/\/www.gaveanews.com\/#\/schema\/person\/2ec14f73fb96be2caf28f91afb14749d\"},\"headline\":\"Dorival Junior comenta chance de t\u00edtulo do Flamengo no Brasileir\u00e3o\",\"datePublished\":\"2022-10-02T02:01:04+00:00\",\"dateModified\":\"2022-10-02T02:01:06+00:00\",\"mainEntityOfPage\":{\"@id\":\"https:\/\/www.gaveanews.com\/index.php\/2022\/10\/01\/dorival-junior-comenta-chance-de-titulo-do-flamengo-no-brasileirao\/\"},\"wordCount\":653,\"commentCount\":0,\"image\":{\"@id\":\"https:\/\/www.gaveanews.com\/index.php\/2022\/10\/01\/dorival-junior-comenta-chance-de-titulo-do-flamengo-no-brasileirao\/#primaryimage\"},\"thumbnailUrl\":\"https:\/\/www.gaveanews.com\/wp-content\/uploads\/Dorival-Junior-em-Velez-x-Flamengo-pela-Libertadores.webp\",\"articleSection\":[\"Flamengo\"],\"inLanguage\":\"pt-BR\",\"potentialAction\":[{\"@type\":\"CommentAction\",\"name\":\"Comment\",\"target\":[\"https:\/\/www.gaveanews.com\/index.php\/2022\/10\/01\/dorival-junior-comenta-chance-de-titulo-do-flamengo-no-brasileirao\/#respond\"]}],\"copyrightYear\":\"2022\",\"copyrightHolder\":{\"@id\":\"https:\/\/www.gaveanews.com\/#organization\"}},{\"@type\":\"WebPage\",\"@id\":\"https:\/\/www.gaveanews.com\/index.php\/2022\/10\/01\/dorival-junior-comenta-chance-de-titulo-do-flamengo-no-brasileirao\/\",\"url\":\"https:\/\/www.gaveanews.com\/index.php\/2022\/10\/01\/dorival-junior-comenta-chance-de-titulo-do-flamengo-no-brasileirao\/\",\"name\":\"Dorival Junior comenta chance de t\u00edtulo do Flamengo no Brasileir\u00e3o\",\"isPartOf\":{\"@id\":\"https:\/\/www.gaveanews.com\/#website\"},\"primaryImageOfPage\":{\"@id\":\"https:\/\/www.gaveanews.com\/index.php\/2022\/10\/01\/dorival-junior-comenta-chance-de-titulo-do-flamengo-no-brasileirao\/#primaryimage\"},\"image\":{\"@id\":\"https:\/\/www.gaveanews.com\/index.php\/2022\/10\/01\/dorival-junior-comenta-chance-de-titulo-do-flamengo-no-brasileirao\/#primaryimage\"},\"thumbnailUrl\":\"https:\/\/www.gaveanews.com\/wp-content\/uploads\/Dorival-Junior-em-Velez-x-Flamengo-pela-Libertadores.webp\",\"datePublished\":\"2022-10-02T02:01:04+00:00\",\"dateModified\":\"2022-10-02T02:01:06+00:00\",\"author\":{\"@id\":\"https:\/\/www.gaveanews.com\/#\/schema\/person\/2ec14f73fb96be2caf28f91afb14749d\"},\"breadcrumb\":{\"@id\":\"https:\/\/www.gaveanews.com\/index.php\/2022\/10\/01\/dorival-junior-comenta-chance-de-titulo-do-flamengo-no-brasileirao\/#breadcrumb\"},\"inLanguage\":\"pt-BR\",\"potentialAction\":[{\"@type\":\"ReadAction\",\"target\":[\"https:\/\/www.gaveanews.com\/index.php\/2022\/10\/01\/dorival-junior-comenta-chance-de-titulo-do-flamengo-no-brasileirao\/\"]}]},{\"@type\":\"ImageObject\",\"inLanguage\":\"pt-BR\",\"@id\":\"https:\/\/www.gaveanews.com\/index.php\/2022\/10\/01\/dorival-junior-comenta-chance-de-titulo-do-flamengo-no-brasileirao\/#primaryimage\",\"url\":\"https:\/\/www.gaveanews.com\/wp-content\/uploads\/Dorival-Junior-em-Velez-x-Flamengo-pela-Libertadores.webp\",\"contentUrl\":\"https:\/\/www.gaveanews.com\/wp-content\/uploads\/Dorival-Junior-em-Velez-x-Flamengo-pela-Libertadores.webp\",\"width\":800,\"height\":533,\"caption\":\"Dorival J\u00fanior em V\u00e9lez x Flamengo pela Libertadores (Foto: Marcelo Cortes\/Flamengo)\"},{\"@type\":\"BreadcrumbList\",\"@id\":\"https:\/\/www.gaveanews.com\/index.php\/2022\/10\/01\/dorival-junior-comenta-chance-de-titulo-do-flamengo-no-brasileirao\/#breadcrumb\",\"itemListElement\":[{\"@type\":\"ListItem\",\"position\":1,\"name\":\"Home\",\"item\":\"https:\/\/www.gaveanews.com\/\"},{\"@type\":\"ListItem\",\"position\":2,\"name\":\"Dorival Junior comenta chance de t\u00edtulo do Flamengo no Brasileir\u00e3o\"}]},{\"@type\":\"WebSite\",\"@id\":\"https:\/\/www.gaveanews.com\/#website\",\"url\":\"https:\/\/www.gaveanews.com\/\",\"name\":\"G\u00e1vea News\",\"description\":\"Veja todas as not\u00edcias sobre o Flamengo: Contrata\u00e7\u00f5es, categorias de base, resultados das partidas, tabela de classifica\u00e7\u00e3o, pr\u00f3ximos jogos!\",\"potentialAction\":[{\"@type\":\"SearchAction\",\"target\":{\"@type\":\"EntryPoint\",\"urlTemplate\":\"https:\/\/www.gaveanews.com\/?s={search_term_string}\"},\"query-input\":{\"@type\":\"PropertyValueSpecification\",\"valueRequired\":true,\"valueName\":\"search_term_string\"}}],\"inLanguage\":\"pt-BR\"},{\"@type\":\"Person\",\"@id\":\"https:\/\/www.gaveanews.com\/#\/schema\/person\/2ec14f73fb96be2caf28f91afb14749d\",\"name\":\"Equipe G\u00e1vea News\",\"image\":{\"@type\":\"ImageObject\",\"inLanguage\":\"pt-BR\",\"@id\":\"https:\/\/www.gaveanews.com\/#\/schema\/person\/image\/\",\"url\":\"https:\/\/secure.gravatar.com\/avatar\/1e1956f1facbffd3f8fa53a326721950116b3b9dc9bd44939c01180fd4a745a9?s=96&d=mm&r=g\",\"contentUrl\":\"https:\/\/secure.gravatar.com\/avatar\/1e1956f1facbffd3f8fa53a326721950116b3b9dc9bd44939c01180fd4a745a9?s=96&d=mm&r=g\",\"caption\":\"Equipe G\u00e1vea News\"}}]}<\/script>\n<!-- \/ Yoast SEO Premium plugin. -->","yoast_head_json":{"title":"Dorival Junior comenta chance de t\u00edtulo do Flamengo no Brasileir\u00e3o","robots":{"index":"index","follow":"follow","max-snippet":"max-snippet:-1","max-image-preview":"max-image-preview:large","max-video-preview":"max-video-preview:-1"},"canonical":"https:\/\/www.gaveanews.com\/index.php\/2022\/10\/01\/dorival-junior-comenta-chance-de-titulo-do-flamengo-no-brasileirao\/","og_locale":"pt_BR","og_type":"article","og_title":"Dorival Junior comenta chance de t\u00edtulo do Flamengo no Brasileir\u00e3o","og_description":"Ap\u00f3s a goleada sobre o Red Bull Bragantino por 4 a 1 no Maracan\u00e3, neste s\u00e1bado, o t\u00e9cnico Dorival J\u00fanior analisou a situa\u00e7\u00e3o do Flamengo no Campeonato Brasileiro. Na coletiva, o treinador admitiu que passar o m\u00eas de setembro sem vit\u00f3rias diminuiu &#8220;consideravelmente&#8221; as chances de t\u00edtulo. Entretanto, ele afirmou que a equipe sempre esteve [&hellip;]","og_url":"https:\/\/www.gaveanews.com\/index.php\/2022\/10\/01\/dorival-junior-comenta-chance-de-titulo-do-flamengo-no-brasileirao\/","og_site_name":"G\u00e1vea News","article_publisher":"https:\/\/facebook.com\/gaveaNews\/","article_published_time":"2022-10-02T02:01:04+00:00","article_modified_time":"2022-10-02T02:01:06+00:00","og_image":[{"width":800,"height":533,"url":"https:\/\/www.gaveanews.com\/wp-content\/uploads\/Dorival-Junior-em-Velez-x-Flamengo-pela-Libertadores.webp","type":"image\/jpeg"}],"author":"Equipe G\u00e1vea News","twitter_card":"summary_large_image","twitter_misc":{"Escrito por":"Equipe G\u00e1vea News","Est. tempo de leitura":"4 minutos"},"schema":{"@context":"https:\/\/schema.org","@graph":[{"@type":"NewsArticle","@id":"https:\/\/www.gaveanews.com\/index.php\/2022\/10\/01\/dorival-junior-comenta-chance-de-titulo-do-flamengo-no-brasileirao\/#article","isPartOf":{"@id":"https:\/\/www.gaveanews.com\/index.php\/2022\/10\/01\/dorival-junior-comenta-chance-de-titulo-do-flamengo-no-brasileirao\/"},"author":{"name":"Equipe G\u00e1vea News","@id":"https:\/\/www.gaveanews.com\/#\/schema\/person\/2ec14f73fb96be2caf28f91afb14749d"},"headline":"Dorival Junior comenta chance de t\u00edtulo do Flamengo no Brasileir\u00e3o","datePublished":"2022-10-02T02:01:04+00:00","dateModified":"2022-10-02T02:01:06+00:00","mainEntityOfPage":{"@id":"https:\/\/www.gaveanews.com\/index.php\/2022\/10\/01\/dorival-junior-comenta-chance-de-titulo-do-flamengo-no-brasileirao\/"},"wordCount":653,"commentCount":0,"image":{"@id":"https:\/\/www.gaveanews.com\/index.php\/2022\/10\/01\/dorival-junior-comenta-chance-de-titulo-do-flamengo-no-brasileirao\/#primaryimage"},"thumbnailUrl":"https:\/\/www.gaveanews.com\/wp-content\/uploads\/Dorival-Junior-em-Velez-x-Flamengo-pela-Libertadores.webp","articleSection":["Flamengo"],"inLanguage":"pt-BR","potentialAction":[{"@type":"CommentAction","name":"Comment","target":["https:\/\/www.gaveanews.com\/index.php\/2022\/10\/01\/dorival-junior-comenta-chance-de-titulo-do-flamengo-no-brasileirao\/#respond"]}],"copyrightYear":"2022","copyrightHolder":{"@id":"https:\/\/www.gaveanews.com\/#organization"}},{"@type":"WebPage","@id":"https:\/\/www.gaveanews.com\/index.php\/2022\/10\/01\/dorival-junior-comenta-chance-de-titulo-do-flamengo-no-brasileirao\/","url":"https:\/\/www.gaveanews.com\/index.php\/2022\/10\/01\/dorival-junior-comenta-chance-de-titulo-do-flamengo-no-brasileirao\/","name":"Dorival Junior comenta chance de t\u00edtulo do Flamengo no Brasileir\u00e3o","isPartOf":{"@id":"https:\/\/www.gaveanews.com\/#website"},"primaryImageOfPage":{"@id":"https:\/\/www.gaveanews.com\/index.php\/2022\/10\/01\/dorival-junior-comenta-chance-de-titulo-do-flamengo-no-brasileirao\/#primaryimage"},"image":{"@id":"https:\/\/www.gaveanews.com\/index.php\/2022\/10\/01\/dorival-junior-comenta-chance-de-titulo-do-flamengo-no-brasileirao\/#primaryimage"},"thumbnailUrl":"https:\/\/www.gaveanews.com\/wp-content\/uploads\/Dorival-Junior-em-Velez-x-Flamengo-pela-Libertadores.webp","datePublished":"2022-10-02T02:01:04+00:00","dateModified":"2022-10-02T02:01:06+00:00","author":{"@id":"https:\/\/www.gaveanews.com\/#\/schema\/person\/2ec14f73fb96be2caf28f91afb14749d"},"breadcrumb":{"@id":"https:\/\/www.gaveanews.com\/index.php\/2022\/10\/01\/dorival-junior-comenta-chance-de-titulo-do-flamengo-no-brasileirao\/#breadcrumb"},"inLanguage":"pt-BR","potentialAction":[{"@type":"ReadAction","target":["https:\/\/www.gaveanews.com\/index.php\/2022\/10\/01\/dorival-junior-comenta-chance-de-titulo-do-flamengo-no-brasileirao\/"]}]},{"@type":"ImageObject","inLanguage":"pt-BR","@id":"https:\/\/www.gaveanews.com\/index.php\/2022\/10\/01\/dorival-junior-comenta-chance-de-titulo-do-flamengo-no-brasileirao\/#primaryimage","url":"https:\/\/www.gaveanews.com\/wp-content\/uploads\/Dorival-Junior-em-Velez-x-Flamengo-pela-Libertadores.webp","contentUrl":"https:\/\/www.gaveanews.com\/wp-content\/uploads\/Dorival-Junior-em-Velez-x-Flamengo-pela-Libertadores.webp","width":800,"height":533,"caption":"Dorival J\u00fanior em V\u00e9lez x Flamengo pela Libertadores (Foto: Marcelo Cortes\/Flamengo)"},{"@type":"BreadcrumbList","@id":"https:\/\/www.gaveanews.com\/index.php\/2022\/10\/01\/dorival-junior-comenta-chance-de-titulo-do-flamengo-no-brasileirao\/#breadcrumb","itemListElement":[{"@type":"ListItem","position":1,"name":"Home","item":"https:\/\/www.gaveanews.com\/"},{"@type":"ListItem","position":2,"name":"Dorival Junior comenta chance de t\u00edtulo do Flamengo no Brasileir\u00e3o"}]},{"@type":"WebSite","@id":"https:\/\/www.gaveanews.com\/#website","url":"https:\/\/www.gaveanews.com\/","name":"G\u00e1vea News","description":"Veja todas as not\u00edcias sobre o Flamengo: Contrata\u00e7\u00f5es, categorias de base, resultados das partidas, tabela de classifica\u00e7\u00e3o, pr\u00f3ximos jogos!","potentialAction":[{"@type":"SearchAction","target":{"@type":"EntryPoint","urlTemplate":"https:\/\/www.gaveanews.com\/?s={search_term_string}"},"query-input":{"@type":"PropertyValueSpecification","valueRequired":true,"valueName":"search_term_string"}}],"inLanguage":"pt-BR"},{"@type":"Person","@id":"https:\/\/www.gaveanews.com\/#\/schema\/person\/2ec14f73fb96be2caf28f91afb14749d","name":"Equipe G\u00e1vea News","image":{"@type":"ImageObject","inLanguage":"pt-BR","@id":"https:\/\/www.gaveanews.com\/#\/schema\/person\/image\/","url":"https:\/\/secure.gravatar.com\/avatar\/1e1956f1facbffd3f8fa53a326721950116b3b9dc9bd44939c01180fd4a745a9?s=96&d=mm&r=g","contentUrl":"https:\/\/secure.gravatar.com\/avatar\/1e1956f1facbffd3f8fa53a326721950116b3b9dc9bd44939c01180fd4a745a9?s=96&d=mm&r=g","caption":"Equipe G\u00e1vea News"}}]}},"_links":{"self":[{"href":"https:\/\/www.gaveanews.com\/index.php\/wp-json\/wp\/v2\/posts\/88391","targetHints":{"allow":["GET"]}}],"collection":[{"href":"https:\/\/www.gaveanews.com\/index.php\/wp-json\/wp\/v2\/posts"}],"about":[{"href":"https:\/\/www.gaveanews.com\/index.php\/wp-json\/wp\/v2\/types\/post"}],"author":[{"embeddable":true,"href":"https:\/\/www.gaveanews.com\/index.php\/wp-json\/wp\/v2\/users\/1"}],"replies":[{"embeddable":true,"href":"https:\/\/www.gaveanews.com\/index.php\/wp-json\/wp\/v2\/comments?post=88391"}],"version-history":[{"count":0,"href":"https:\/\/www.gaveanews.com\/index.php\/wp-json\/wp\/v2\/posts\/88391\/revisions"}],"wp:featuredmedia":[{"embeddable":true,"href":"https:\/\/www.gaveanews.com\/index.php\/wp-json\/wp\/v2\/media\/86780"}],"wp:attachment":[{"href":"https:\/\/www.gaveanews.com\/index.php\/wp-json\/wp\/v2\/media?parent=88391"}],"wp:term":[{"taxonomy":"category","embeddable":true,"href":"https:\/\/www.gaveanews.com\/index.php\/wp-json\/wp\/v2\/categories?post=88391"},{"taxonomy":"post_tag","embeddable":true,"href":"https:\/\/www.gaveanews.com\/index.php\/wp-json\/wp\/v2\/tags?post=88391"}],"curies":[{"name":"wp","href":"https:\/\/api.w.org\/{rel}","templated":true}]}}