{"id":88404,"date":"2022-10-02T01:12:08","date_gmt":"2022-10-02T04:12:08","guid":{"rendered":"https:\/\/www.gaveanews.com\/?p=88404"},"modified":"2022-10-02T01:12:11","modified_gmt":"2022-10-02T04:12:11","slug":"flamengo-x-athletico-pr-veja-quantos-ingressos-ja-foram-vendidos-para-a-final-da-libertadores","status":"publish","type":"post","link":"https:\/\/www.gaveanews.com\/index.php\/2022\/10\/02\/flamengo-x-athletico-pr-veja-quantos-ingressos-ja-foram-vendidos-para-a-final-da-libertadores\/","title":{"rendered":"Flamengo x Athletico-PR: Veja quantos ingressos j\u00e1 foram vendidos para a final da Libertadores"},"content":{"rendered":"\n<p>No dia 29 de outubro, Flamengo e Athletico-PR v\u00e3o decidir a Libertadores 2022. Ap\u00f3s eliminarem advers\u00e1rios poderosos, os rubro-negros v\u00e3o duelar para saber quem ser\u00e1 o melhor clube da Am\u00e9rica deste temporada.<\/p>\n\n\n\n<p>Ap\u00f3s rumores sobre uma poss\u00edvel troca do palco da final, o Conselho da Conmebol garantiu que a decis\u00e3o da Libertadores segue mantida para Guayaquil. Os finalistas inclusive j\u00e1 enviaram \u00e0 entidade, seus respectivos planejamentos log\u00edsticos at\u00e9 a partida do dia 29 de outubro.<\/p>\n\n\n\n<p>A cidade de Guayaquil vive uma onda de viol\u00eancia, com mortes e atentados. Inclusive, o Governo chegou a decretar estado de exce\u00e7\u00e3o at\u00e9 o dia 14 de outubro, para tentar diminuir a viol\u00eancia no pa\u00eds. Mesmo com o clima desse jeito, as autoridades locais informaram que se for necess\u00e1rio, o ex\u00e9rcito vai para as ruas para que o evento aconte\u00e7a normalmente. <\/p>\n\n\n\n<p>E de acordo com a jornalista Monique Vilela, a procura por ingressos para a decis\u00e3o ainda segue tranquila. At\u00e9 o presente momento os torcedores do Flamengo compraram 7 mil ingressos, contra apenas 700 dos torcedores do Athletico-PR.<\/p>\n\n\n\n<p>O alto valor das passagens a\u00e9reas e a dificuldade com hospedagem tem dificultado um pouco a procura, a Conmebol determinou eu fosse dividido a carga para 12,5 mil ingressos para cada torcida. Os flamenguistas compraram mais da metade.<\/p>\n\n\n\n<p>Retirado de: Di\u00e1rio do Fla<\/p>\n","protected":false},"excerpt":{"rendered":"<p>No dia 29 de outubro, Flamengo e Athletico-PR v\u00e3o decidir a Libertadores 2022. Ap\u00f3s eliminarem advers\u00e1rios poderosos, os rubro-negros v\u00e3o duelar para saber quem ser\u00e1 o melhor clube da Am\u00e9rica deste temporada. Ap\u00f3s rumores sobre uma poss\u00edvel troca do palco da final, o Conselho da Conmebol garantiu que a decis\u00e3o da Libertadores segue mantida para [&hellip;]<\/p>\n","protected":false},"author":1,"featured_media":85766,"comment_status":"open","ping_status":"closed","sticky":false,"template":"","format":"standard","meta":{"footnotes":""},"categories":[1],"tags":[],"class_list":["post-88404","post","type-post","status-publish","format-standard","has-post-thumbnail","hentry","category-flamengo"],"yoast_head":"<!-- This site is optimized with the Yoast SEO Premium plugin v24.2 (Yoast SEO v26.9) - https:\/\/yoast.com\/product\/yoast-seo-premium-wordpress\/ -->\n<title>Flamengo x Athletico-PR: Veja quantos ingressos j\u00e1 foram vendidos para a final da Libertadores<\/title>\n<meta name=\"robots\" content=\"index, follow, max-snippet:-1, max-image-preview:large, max-video-preview:-1\" \/>\n<link rel=\"canonical\" href=\"https:\/\/www.gaveanews.com\/index.php\/2022\/10\/02\/flamengo-x-athletico-pr-veja-quantos-ingressos-ja-foram-vendidos-para-a-final-da-libertadores\/\" \/>\n<meta property=\"og:locale\" content=\"pt_BR\" \/>\n<meta property=\"og:type\" content=\"article\" \/>\n<meta property=\"og:title\" content=\"Flamengo x Athletico-PR: Veja quantos ingressos j\u00e1 foram vendidos para a final da Libertadores\" \/>\n<meta property=\"og:description\" content=\"No dia 29 de outubro, Flamengo e Athletico-PR v\u00e3o decidir a Libertadores 2022. Ap\u00f3s eliminarem advers\u00e1rios poderosos, os rubro-negros v\u00e3o duelar para saber quem ser\u00e1 o melhor clube da Am\u00e9rica deste temporada. Ap\u00f3s rumores sobre uma poss\u00edvel troca do palco da final, o Conselho da Conmebol garantiu que a decis\u00e3o da Libertadores segue mantida para [&hellip;]\" \/>\n<meta property=\"og:url\" content=\"https:\/\/www.gaveanews.com\/index.php\/2022\/10\/02\/flamengo-x-athletico-pr-veja-quantos-ingressos-ja-foram-vendidos-para-a-final-da-libertadores\/\" \/>\n<meta property=\"og:site_name\" content=\"G\u00e1vea News\" \/>\n<meta property=\"article:publisher\" content=\"https:\/\/facebook.com\/gaveaNews\/\" \/>\n<meta property=\"article:published_time\" content=\"2022-10-02T04:12:08+00:00\" \/>\n<meta property=\"article:modified_time\" content=\"2022-10-02T04:12:11+00:00\" \/>\n<meta property=\"og:image\" content=\"https:\/\/www.gaveanews.com\/wp-content\/uploads\/Time-titular-do-Flamengo-para-o-jogo-contra-o-Corinthians-pela-Libertadores.webp\" \/>\n\t<meta property=\"og:image:width\" content=\"799\" \/>\n\t<meta property=\"og:image:height\" content=\"533\" \/>\n\t<meta property=\"og:image:type\" content=\"image\/jpeg\" \/>\n<meta name=\"author\" content=\"Equipe G\u00e1vea News\" \/>\n<meta name=\"twitter:card\" content=\"summary_large_image\" \/>\n<meta name=\"twitter:label1\" content=\"Escrito por\" \/>\n\t<meta name=\"twitter:data1\" content=\"Equipe G\u00e1vea News\" \/>\n\t<meta name=\"twitter:label2\" content=\"Est. tempo de leitura\" \/>\n\t<meta name=\"twitter:data2\" content=\"2 minutos\" \/>\n<script type=\"application\/ld+json\" class=\"yoast-schema-graph\">{\"@context\":\"https:\/\/schema.org\",\"@graph\":[{\"@type\":\"NewsArticle\",\"@id\":\"https:\/\/www.gaveanews.com\/index.php\/2022\/10\/02\/flamengo-x-athletico-pr-veja-quantos-ingressos-ja-foram-vendidos-para-a-final-da-libertadores\/#article\",\"isPartOf\":{\"@id\":\"https:\/\/www.gaveanews.com\/index.php\/2022\/10\/02\/flamengo-x-athletico-pr-veja-quantos-ingressos-ja-foram-vendidos-para-a-final-da-libertadores\/\"},\"author\":{\"name\":\"Equipe G\u00e1vea News\",\"@id\":\"https:\/\/www.gaveanews.com\/#\/schema\/person\/2ec14f73fb96be2caf28f91afb14749d\"},\"headline\":\"Flamengo x Athletico-PR: Veja quantos ingressos j\u00e1 foram vendidos para a final da Libertadores\",\"datePublished\":\"2022-10-02T04:12:08+00:00\",\"dateModified\":\"2022-10-02T04:12:11+00:00\",\"mainEntityOfPage\":{\"@id\":\"https:\/\/www.gaveanews.com\/index.php\/2022\/10\/02\/flamengo-x-athletico-pr-veja-quantos-ingressos-ja-foram-vendidos-para-a-final-da-libertadores\/\"},\"wordCount\":241,\"commentCount\":0,\"image\":{\"@id\":\"https:\/\/www.gaveanews.com\/index.php\/2022\/10\/02\/flamengo-x-athletico-pr-veja-quantos-ingressos-ja-foram-vendidos-para-a-final-da-libertadores\/#primaryimage\"},\"thumbnailUrl\":\"https:\/\/www.gaveanews.com\/wp-content\/uploads\/Time-titular-do-Flamengo-para-o-jogo-contra-o-Corinthians-pela-Libertadores.webp\",\"articleSection\":[\"Flamengo\"],\"inLanguage\":\"pt-BR\",\"potentialAction\":[{\"@type\":\"CommentAction\",\"name\":\"Comment\",\"target\":[\"https:\/\/www.gaveanews.com\/index.php\/2022\/10\/02\/flamengo-x-athletico-pr-veja-quantos-ingressos-ja-foram-vendidos-para-a-final-da-libertadores\/#respond\"]}],\"copyrightYear\":\"2022\",\"copyrightHolder\":{\"@id\":\"https:\/\/www.gaveanews.com\/#organization\"}},{\"@type\":\"WebPage\",\"@id\":\"https:\/\/www.gaveanews.com\/index.php\/2022\/10\/02\/flamengo-x-athletico-pr-veja-quantos-ingressos-ja-foram-vendidos-para-a-final-da-libertadores\/\",\"url\":\"https:\/\/www.gaveanews.com\/index.php\/2022\/10\/02\/flamengo-x-athletico-pr-veja-quantos-ingressos-ja-foram-vendidos-para-a-final-da-libertadores\/\",\"name\":\"Flamengo x Athletico-PR: Veja quantos ingressos j\u00e1 foram vendidos para a final da Libertadores\",\"isPartOf\":{\"@id\":\"https:\/\/www.gaveanews.com\/#website\"},\"primaryImageOfPage\":{\"@id\":\"https:\/\/www.gaveanews.com\/index.php\/2022\/10\/02\/flamengo-x-athletico-pr-veja-quantos-ingressos-ja-foram-vendidos-para-a-final-da-libertadores\/#primaryimage\"},\"image\":{\"@id\":\"https:\/\/www.gaveanews.com\/index.php\/2022\/10\/02\/flamengo-x-athletico-pr-veja-quantos-ingressos-ja-foram-vendidos-para-a-final-da-libertadores\/#primaryimage\"},\"thumbnailUrl\":\"https:\/\/www.gaveanews.com\/wp-content\/uploads\/Time-titular-do-Flamengo-para-o-jogo-contra-o-Corinthians-pela-Libertadores.webp\",\"datePublished\":\"2022-10-02T04:12:08+00:00\",\"dateModified\":\"2022-10-02T04:12:11+00:00\",\"author\":{\"@id\":\"https:\/\/www.gaveanews.com\/#\/schema\/person\/2ec14f73fb96be2caf28f91afb14749d\"},\"breadcrumb\":{\"@id\":\"https:\/\/www.gaveanews.com\/index.php\/2022\/10\/02\/flamengo-x-athletico-pr-veja-quantos-ingressos-ja-foram-vendidos-para-a-final-da-libertadores\/#breadcrumb\"},\"inLanguage\":\"pt-BR\",\"potentialAction\":[{\"@type\":\"ReadAction\",\"target\":[\"https:\/\/www.gaveanews.com\/index.php\/2022\/10\/02\/flamengo-x-athletico-pr-veja-quantos-ingressos-ja-foram-vendidos-para-a-final-da-libertadores\/\"]}]},{\"@type\":\"ImageObject\",\"inLanguage\":\"pt-BR\",\"@id\":\"https:\/\/www.gaveanews.com\/index.php\/2022\/10\/02\/flamengo-x-athletico-pr-veja-quantos-ingressos-ja-foram-vendidos-para-a-final-da-libertadores\/#primaryimage\",\"url\":\"https:\/\/www.gaveanews.com\/wp-content\/uploads\/Time-titular-do-Flamengo-para-o-jogo-contra-o-Corinthians-pela-Libertadores.webp\",\"contentUrl\":\"https:\/\/www.gaveanews.com\/wp-content\/uploads\/Time-titular-do-Flamengo-para-o-jogo-contra-o-Corinthians-pela-Libertadores.webp\",\"width\":799,\"height\":533,\"caption\":\"Time titular do Flamengo para o jogo contra o Corinthians pela Libertadores (Foto: Alexandre Vidal\/Flamengo)\"},{\"@type\":\"BreadcrumbList\",\"@id\":\"https:\/\/www.gaveanews.com\/index.php\/2022\/10\/02\/flamengo-x-athletico-pr-veja-quantos-ingressos-ja-foram-vendidos-para-a-final-da-libertadores\/#breadcrumb\",\"itemListElement\":[{\"@type\":\"ListItem\",\"position\":1,\"name\":\"Home\",\"item\":\"https:\/\/www.gaveanews.com\/\"},{\"@type\":\"ListItem\",\"position\":2,\"name\":\"Flamengo x Athletico-PR: Veja quantos ingressos j\u00e1 foram vendidos para a final da Libertadores\"}]},{\"@type\":\"WebSite\",\"@id\":\"https:\/\/www.gaveanews.com\/#website\",\"url\":\"https:\/\/www.gaveanews.com\/\",\"name\":\"G\u00e1vea News\",\"description\":\"Veja todas as not\u00edcias sobre o Flamengo: Contrata\u00e7\u00f5es, categorias de base, resultados das partidas, tabela de classifica\u00e7\u00e3o, pr\u00f3ximos jogos!\",\"potentialAction\":[{\"@type\":\"SearchAction\",\"target\":{\"@type\":\"EntryPoint\",\"urlTemplate\":\"https:\/\/www.gaveanews.com\/?s={search_term_string}\"},\"query-input\":{\"@type\":\"PropertyValueSpecification\",\"valueRequired\":true,\"valueName\":\"search_term_string\"}}],\"inLanguage\":\"pt-BR\"},{\"@type\":\"Person\",\"@id\":\"https:\/\/www.gaveanews.com\/#\/schema\/person\/2ec14f73fb96be2caf28f91afb14749d\",\"name\":\"Equipe G\u00e1vea News\",\"image\":{\"@type\":\"ImageObject\",\"inLanguage\":\"pt-BR\",\"@id\":\"https:\/\/www.gaveanews.com\/#\/schema\/person\/image\/\",\"url\":\"https:\/\/secure.gravatar.com\/avatar\/1e1956f1facbffd3f8fa53a326721950116b3b9dc9bd44939c01180fd4a745a9?s=96&d=mm&r=g\",\"contentUrl\":\"https:\/\/secure.gravatar.com\/avatar\/1e1956f1facbffd3f8fa53a326721950116b3b9dc9bd44939c01180fd4a745a9?s=96&d=mm&r=g\",\"caption\":\"Equipe G\u00e1vea News\"}}]}<\/script>\n<!-- \/ Yoast SEO Premium plugin. -->","yoast_head_json":{"title":"Flamengo x Athletico-PR: Veja quantos ingressos j\u00e1 foram vendidos para a final da Libertadores","robots":{"index":"index","follow":"follow","max-snippet":"max-snippet:-1","max-image-preview":"max-image-preview:large","max-video-preview":"max-video-preview:-1"},"canonical":"https:\/\/www.gaveanews.com\/index.php\/2022\/10\/02\/flamengo-x-athletico-pr-veja-quantos-ingressos-ja-foram-vendidos-para-a-final-da-libertadores\/","og_locale":"pt_BR","og_type":"article","og_title":"Flamengo x Athletico-PR: Veja quantos ingressos j\u00e1 foram vendidos para a final da Libertadores","og_description":"No dia 29 de outubro, Flamengo e Athletico-PR v\u00e3o decidir a Libertadores 2022. Ap\u00f3s eliminarem advers\u00e1rios poderosos, os rubro-negros v\u00e3o duelar para saber quem ser\u00e1 o melhor clube da Am\u00e9rica deste temporada. Ap\u00f3s rumores sobre uma poss\u00edvel troca do palco da final, o Conselho da Conmebol garantiu que a decis\u00e3o da Libertadores segue mantida para [&hellip;]","og_url":"https:\/\/www.gaveanews.com\/index.php\/2022\/10\/02\/flamengo-x-athletico-pr-veja-quantos-ingressos-ja-foram-vendidos-para-a-final-da-libertadores\/","og_site_name":"G\u00e1vea News","article_publisher":"https:\/\/facebook.com\/gaveaNews\/","article_published_time":"2022-10-02T04:12:08+00:00","article_modified_time":"2022-10-02T04:12:11+00:00","og_image":[{"width":799,"height":533,"url":"https:\/\/www.gaveanews.com\/wp-content\/uploads\/Time-titular-do-Flamengo-para-o-jogo-contra-o-Corinthians-pela-Libertadores.webp","type":"image\/jpeg"}],"author":"Equipe G\u00e1vea News","twitter_card":"summary_large_image","twitter_misc":{"Escrito por":"Equipe G\u00e1vea News","Est. tempo de leitura":"2 minutos"},"schema":{"@context":"https:\/\/schema.org","@graph":[{"@type":"NewsArticle","@id":"https:\/\/www.gaveanews.com\/index.php\/2022\/10\/02\/flamengo-x-athletico-pr-veja-quantos-ingressos-ja-foram-vendidos-para-a-final-da-libertadores\/#article","isPartOf":{"@id":"https:\/\/www.gaveanews.com\/index.php\/2022\/10\/02\/flamengo-x-athletico-pr-veja-quantos-ingressos-ja-foram-vendidos-para-a-final-da-libertadores\/"},"author":{"name":"Equipe G\u00e1vea News","@id":"https:\/\/www.gaveanews.com\/#\/schema\/person\/2ec14f73fb96be2caf28f91afb14749d"},"headline":"Flamengo x Athletico-PR: Veja quantos ingressos j\u00e1 foram vendidos para a final da Libertadores","datePublished":"2022-10-02T04:12:08+00:00","dateModified":"2022-10-02T04:12:11+00:00","mainEntityOfPage":{"@id":"https:\/\/www.gaveanews.com\/index.php\/2022\/10\/02\/flamengo-x-athletico-pr-veja-quantos-ingressos-ja-foram-vendidos-para-a-final-da-libertadores\/"},"wordCount":241,"commentCount":0,"image":{"@id":"https:\/\/www.gaveanews.com\/index.php\/2022\/10\/02\/flamengo-x-athletico-pr-veja-quantos-ingressos-ja-foram-vendidos-para-a-final-da-libertadores\/#primaryimage"},"thumbnailUrl":"https:\/\/www.gaveanews.com\/wp-content\/uploads\/Time-titular-do-Flamengo-para-o-jogo-contra-o-Corinthians-pela-Libertadores.webp","articleSection":["Flamengo"],"inLanguage":"pt-BR","potentialAction":[{"@type":"CommentAction","name":"Comment","target":["https:\/\/www.gaveanews.com\/index.php\/2022\/10\/02\/flamengo-x-athletico-pr-veja-quantos-ingressos-ja-foram-vendidos-para-a-final-da-libertadores\/#respond"]}],"copyrightYear":"2022","copyrightHolder":{"@id":"https:\/\/www.gaveanews.com\/#organization"}},{"@type":"WebPage","@id":"https:\/\/www.gaveanews.com\/index.php\/2022\/10\/02\/flamengo-x-athletico-pr-veja-quantos-ingressos-ja-foram-vendidos-para-a-final-da-libertadores\/","url":"https:\/\/www.gaveanews.com\/index.php\/2022\/10\/02\/flamengo-x-athletico-pr-veja-quantos-ingressos-ja-foram-vendidos-para-a-final-da-libertadores\/","name":"Flamengo x Athletico-PR: Veja quantos ingressos j\u00e1 foram vendidos para a final da Libertadores","isPartOf":{"@id":"https:\/\/www.gaveanews.com\/#website"},"primaryImageOfPage":{"@id":"https:\/\/www.gaveanews.com\/index.php\/2022\/10\/02\/flamengo-x-athletico-pr-veja-quantos-ingressos-ja-foram-vendidos-para-a-final-da-libertadores\/#primaryimage"},"image":{"@id":"https:\/\/www.gaveanews.com\/index.php\/2022\/10\/02\/flamengo-x-athletico-pr-veja-quantos-ingressos-ja-foram-vendidos-para-a-final-da-libertadores\/#primaryimage"},"thumbnailUrl":"https:\/\/www.gaveanews.com\/wp-content\/uploads\/Time-titular-do-Flamengo-para-o-jogo-contra-o-Corinthians-pela-Libertadores.webp","datePublished":"2022-10-02T04:12:08+00:00","dateModified":"2022-10-02T04:12:11+00:00","author":{"@id":"https:\/\/www.gaveanews.com\/#\/schema\/person\/2ec14f73fb96be2caf28f91afb14749d"},"breadcrumb":{"@id":"https:\/\/www.gaveanews.com\/index.php\/2022\/10\/02\/flamengo-x-athletico-pr-veja-quantos-ingressos-ja-foram-vendidos-para-a-final-da-libertadores\/#breadcrumb"},"inLanguage":"pt-BR","potentialAction":[{"@type":"ReadAction","target":["https:\/\/www.gaveanews.com\/index.php\/2022\/10\/02\/flamengo-x-athletico-pr-veja-quantos-ingressos-ja-foram-vendidos-para-a-final-da-libertadores\/"]}]},{"@type":"ImageObject","inLanguage":"pt-BR","@id":"https:\/\/www.gaveanews.com\/index.php\/2022\/10\/02\/flamengo-x-athletico-pr-veja-quantos-ingressos-ja-foram-vendidos-para-a-final-da-libertadores\/#primaryimage","url":"https:\/\/www.gaveanews.com\/wp-content\/uploads\/Time-titular-do-Flamengo-para-o-jogo-contra-o-Corinthians-pela-Libertadores.webp","contentUrl":"https:\/\/www.gaveanews.com\/wp-content\/uploads\/Time-titular-do-Flamengo-para-o-jogo-contra-o-Corinthians-pela-Libertadores.webp","width":799,"height":533,"caption":"Time titular do Flamengo para o jogo contra o Corinthians pela Libertadores (Foto: Alexandre Vidal\/Flamengo)"},{"@type":"BreadcrumbList","@id":"https:\/\/www.gaveanews.com\/index.php\/2022\/10\/02\/flamengo-x-athletico-pr-veja-quantos-ingressos-ja-foram-vendidos-para-a-final-da-libertadores\/#breadcrumb","itemListElement":[{"@type":"ListItem","position":1,"name":"Home","item":"https:\/\/www.gaveanews.com\/"},{"@type":"ListItem","position":2,"name":"Flamengo x Athletico-PR: Veja quantos ingressos j\u00e1 foram vendidos para a final da Libertadores"}]},{"@type":"WebSite","@id":"https:\/\/www.gaveanews.com\/#website","url":"https:\/\/www.gaveanews.com\/","name":"G\u00e1vea News","description":"Veja todas as not\u00edcias sobre o Flamengo: Contrata\u00e7\u00f5es, categorias de base, resultados das partidas, tabela de classifica\u00e7\u00e3o, pr\u00f3ximos jogos!","potentialAction":[{"@type":"SearchAction","target":{"@type":"EntryPoint","urlTemplate":"https:\/\/www.gaveanews.com\/?s={search_term_string}"},"query-input":{"@type":"PropertyValueSpecification","valueRequired":true,"valueName":"search_term_string"}}],"inLanguage":"pt-BR"},{"@type":"Person","@id":"https:\/\/www.gaveanews.com\/#\/schema\/person\/2ec14f73fb96be2caf28f91afb14749d","name":"Equipe G\u00e1vea News","image":{"@type":"ImageObject","inLanguage":"pt-BR","@id":"https:\/\/www.gaveanews.com\/#\/schema\/person\/image\/","url":"https:\/\/secure.gravatar.com\/avatar\/1e1956f1facbffd3f8fa53a326721950116b3b9dc9bd44939c01180fd4a745a9?s=96&d=mm&r=g","contentUrl":"https:\/\/secure.gravatar.com\/avatar\/1e1956f1facbffd3f8fa53a326721950116b3b9dc9bd44939c01180fd4a745a9?s=96&d=mm&r=g","caption":"Equipe G\u00e1vea News"}}]}},"_links":{"self":[{"href":"https:\/\/www.gaveanews.com\/index.php\/wp-json\/wp\/v2\/posts\/88404","targetHints":{"allow":["GET"]}}],"collection":[{"href":"https:\/\/www.gaveanews.com\/index.php\/wp-json\/wp\/v2\/posts"}],"about":[{"href":"https:\/\/www.gaveanews.com\/index.php\/wp-json\/wp\/v2\/types\/post"}],"author":[{"embeddable":true,"href":"https:\/\/www.gaveanews.com\/index.php\/wp-json\/wp\/v2\/users\/1"}],"replies":[{"embeddable":true,"href":"https:\/\/www.gaveanews.com\/index.php\/wp-json\/wp\/v2\/comments?post=88404"}],"version-history":[{"count":0,"href":"https:\/\/www.gaveanews.com\/index.php\/wp-json\/wp\/v2\/posts\/88404\/revisions"}],"wp:featuredmedia":[{"embeddable":true,"href":"https:\/\/www.gaveanews.com\/index.php\/wp-json\/wp\/v2\/media\/85766"}],"wp:attachment":[{"href":"https:\/\/www.gaveanews.com\/index.php\/wp-json\/wp\/v2\/media?parent=88404"}],"wp:term":[{"taxonomy":"category","embeddable":true,"href":"https:\/\/www.gaveanews.com\/index.php\/wp-json\/wp\/v2\/categories?post=88404"},{"taxonomy":"post_tag","embeddable":true,"href":"https:\/\/www.gaveanews.com\/index.php\/wp-json\/wp\/v2\/tags?post=88404"}],"curies":[{"name":"wp","href":"https:\/\/api.w.org\/{rel}","templated":true}]}}