{"id":88413,"date":"2022-10-02T18:22:47","date_gmt":"2022-10-02T21:22:47","guid":{"rendered":"https:\/\/www.gaveanews.com\/?p=88413"},"modified":"2022-10-02T18:22:49","modified_gmt":"2022-10-02T21:22:49","slug":"tecnico-do-flamengo-dorival-junior-diz-o-que-sentia-vendo-pedro-sem-jogar","status":"publish","type":"post","link":"https:\/\/www.gaveanews.com\/index.php\/2022\/10\/02\/tecnico-do-flamengo-dorival-junior-diz-o-que-sentia-vendo-pedro-sem-jogar\/","title":{"rendered":"T\u00e9cnico do Flamengo, Dorival Junior diz o que sentia vendo Pedro sem jogar"},"content":{"rendered":"\n<p>O Flamengo deu um &#8216;chute&#8217; na m\u00e1 fase no Campeonato Brasileiro e, neste s\u00e1bado (1), goleou o Red Bull Bragantino por 4 a 1, no Maracan\u00e3, em partida v\u00e1lida pela 29\u00aa rodada da competi\u00e7\u00e3o. O grande nome do jogo foi Pedro, que retornou da sele\u00e7\u00e3o brasileira fazendo simplesmente tr\u00eas gols no triunfo do clube carioca.<\/p>\n\n\n\n<p>Em grande fase, o atacante \u00e9 um dos nomes mais festejados pela torcida flamenguista e muito cotado para disputar a Copa do Mundo do Qatar. Mas at\u00e9 pouco tempo atr\u00e1s a situa\u00e7\u00e3o de Pedro era bem diferente\u2026<\/p>\n\n\n\n<p>Mesmo com status de refor\u00e7o de peso, Pedro amargou o banco de reservas com diferentes treinadores no Flamengo &#8211; na reta final de Jorge Jesus, com Renato Ga\u00facho, Rog\u00e9rio Ceni e Paulo Sousa. Chegou a ter maior rodagem com Domenec Torrent, mas somente durante les\u00e3o de Gabigol.<\/p>\n\n\n\n<p>Mas foi com a chegada de Dorival J\u00fanior que o camisa 21 passou a ter mais oportunidades e se firmou entre os titulares &#8211; tamb\u00e9m contando com a grave les\u00e3o de Bruno Henrique.<\/p>\n\n\n\n<p>Ap\u00f3s a vit\u00f3ria contra o time de Bragan\u00e7a Paulista, o treinador rubro-negro falou sobre o per\u00edodo em que acompahava o time \u00e0 dist\u00e2ncia e se incomodava ao ver o atacante sem tanto espa\u00e7o.<\/p>\n\n\n\n<p><em>\u2014 A maior responsabilidade de um treinador \u00e9 poder valorizar e resgatar quem n\u00e3o esteja vivenciando um bom momento. Desde os anos anteriores que eu observava a equipe do Flamengo &#8211; fiquei um ano e meio parado em casa e pude ver os jogos, n\u00e3o s\u00f3 do Flamengo, mas de outras equipes -, sempre senti que o Pedro seria um jogador que estaria atuando em qualquer equipe do futebol brasileiro com possibilidades reais de buscar uma vaga na sele\u00e7\u00e3o brasileira pela capacidade e qualidade que sempre vi no atleta quando ele atuou aqui, fora e com a camisa do Fluminense. Sempre foi um jogador que chamou muito a aten\u00e7\u00e3o<\/em>, come\u00e7ou Dorival.<\/p>\n\n\n\n<p>O t\u00e9cnico do Flamengo apontou ainda o fator que foi fundamental para que Pedro retomasse a boa fase na carreira.<\/p>\n\n\n\n<p><em>\u2014 Aconteceu uma conjun\u00e7\u00e3o de fatores, uma participa\u00e7\u00e3o natural que seja uma pontinha de tudo que aconteceu na vida dele. Fico muito feliz sim, por ele e por outros jogadores que possam estar nessa convoca\u00e7\u00e3o principal para a Copa do Mundo. At\u00e9 porque esse \u00e9 o trabalho e objetivo de cada comiss\u00e3o t\u00e9cnica: valorizar ao m\u00e1ximo os jogadores que estejam atuando ou n\u00e3o e dar a m\u00e1xima condi\u00e7\u00e3o para que cada um possa mostrar o seu melhor. E quando surgiu a oportunidade ele estava preparado. Acho que essa \u00e9 a diferen\u00e7a: o atleta ter consci\u00eancia de que em algum momento ele vai ter oportunidade e aparecer nessa oportunidade para que ele possa estar capacitado para poder permanecer e dar sequ\u00eancia a tudo<\/em>, finalizou.<\/p>\n\n\n\n<p>Entre Flamengo e sele\u00e7\u00e3o brasileira, Pedro soma 28 gols marcados em 55 jogos disputados at\u00e9 aqui na temporada. 27 pelo time carioca e um com a Amarelinha.<\/p>\n\n\n\n<p>Com a vit\u00f3ria, o Flamengo chegou aos 48 pontos e ocupa atualmente a quinta posi\u00e7\u00e3o na tabela do Campeonato Brasileiro. Corinthians (4\u00ba), Fluminense (3\u00ba), Internacional (2\u00b0) e Palmeiras (1\u00ba) completam o G-4.<\/p>\n\n\n\n<p>Retirado e: ESPN<\/p>\n","protected":false},"excerpt":{"rendered":"<p>O Flamengo deu um &#8216;chute&#8217; na m\u00e1 fase no Campeonato Brasileiro e, neste s\u00e1bado (1), goleou o Red Bull Bragantino por 4 a 1, no Maracan\u00e3, em partida v\u00e1lida pela 29\u00aa rodada da competi\u00e7\u00e3o. O grande nome do jogo foi Pedro, que retornou da sele\u00e7\u00e3o brasileira fazendo simplesmente tr\u00eas gols no triunfo do clube carioca. [&hellip;]<\/p>\n","protected":false},"author":1,"featured_media":85159,"comment_status":"open","ping_status":"closed","sticky":false,"template":"","format":"standard","meta":{"footnotes":""},"categories":[1],"tags":[],"class_list":["post-88413","post","type-post","status-publish","format-standard","has-post-thumbnail","hentry","category-flamengo"],"yoast_head":"<!-- This site is optimized with the Yoast SEO Premium plugin v24.2 (Yoast SEO v26.9) - https:\/\/yoast.com\/product\/yoast-seo-premium-wordpress\/ -->\n<title>T\u00e9cnico do Flamengo, Dorival Junior diz o que sentia vendo Pedro sem jogar<\/title>\n<meta name=\"robots\" content=\"index, follow, max-snippet:-1, max-image-preview:large, max-video-preview:-1\" \/>\n<link rel=\"canonical\" href=\"https:\/\/www.gaveanews.com\/index.php\/2022\/10\/02\/tecnico-do-flamengo-dorival-junior-diz-o-que-sentia-vendo-pedro-sem-jogar\/\" \/>\n<meta property=\"og:locale\" content=\"pt_BR\" \/>\n<meta property=\"og:type\" content=\"article\" \/>\n<meta property=\"og:title\" content=\"T\u00e9cnico do Flamengo, Dorival Junior diz o que sentia vendo Pedro sem jogar\" \/>\n<meta property=\"og:description\" content=\"O Flamengo deu um &#8216;chute&#8217; na m\u00e1 fase no Campeonato Brasileiro e, neste s\u00e1bado (1), goleou o Red Bull Bragantino por 4 a 1, no Maracan\u00e3, em partida v\u00e1lida pela 29\u00aa rodada da competi\u00e7\u00e3o. O grande nome do jogo foi Pedro, que retornou da sele\u00e7\u00e3o brasileira fazendo simplesmente tr\u00eas gols no triunfo do clube carioca. [&hellip;]\" \/>\n<meta property=\"og:url\" content=\"https:\/\/www.gaveanews.com\/index.php\/2022\/10\/02\/tecnico-do-flamengo-dorival-junior-diz-o-que-sentia-vendo-pedro-sem-jogar\/\" \/>\n<meta property=\"og:site_name\" content=\"G\u00e1vea News\" \/>\n<meta property=\"article:publisher\" content=\"https:\/\/facebook.com\/gaveaNews\/\" \/>\n<meta property=\"article:published_time\" content=\"2022-10-02T21:22:47+00:00\" \/>\n<meta property=\"article:modified_time\" content=\"2022-10-02T21:22:49+00:00\" \/>\n<meta property=\"og:image\" content=\"https:\/\/www.gaveanews.com\/wp-content\/uploads\/Pedro-em-acao-pelo-Flamengo-no-jogo-contra-o-Avai-pelo-Brasileirao.webp\" \/>\n\t<meta property=\"og:image:width\" content=\"799\" \/>\n\t<meta property=\"og:image:height\" content=\"533\" \/>\n\t<meta property=\"og:image:type\" content=\"image\/jpeg\" \/>\n<meta name=\"author\" content=\"Equipe G\u00e1vea News\" \/>\n<meta name=\"twitter:card\" content=\"summary_large_image\" \/>\n<meta name=\"twitter:label1\" content=\"Escrito por\" \/>\n\t<meta name=\"twitter:data1\" content=\"Equipe G\u00e1vea News\" \/>\n\t<meta name=\"twitter:label2\" content=\"Est. tempo de leitura\" \/>\n\t<meta name=\"twitter:data2\" content=\"3 minutos\" \/>\n<script type=\"application\/ld+json\" class=\"yoast-schema-graph\">{\"@context\":\"https:\/\/schema.org\",\"@graph\":[{\"@type\":\"NewsArticle\",\"@id\":\"https:\/\/www.gaveanews.com\/index.php\/2022\/10\/02\/tecnico-do-flamengo-dorival-junior-diz-o-que-sentia-vendo-pedro-sem-jogar\/#article\",\"isPartOf\":{\"@id\":\"https:\/\/www.gaveanews.com\/index.php\/2022\/10\/02\/tecnico-do-flamengo-dorival-junior-diz-o-que-sentia-vendo-pedro-sem-jogar\/\"},\"author\":{\"name\":\"Equipe G\u00e1vea News\",\"@id\":\"https:\/\/www.gaveanews.com\/#\/schema\/person\/2ec14f73fb96be2caf28f91afb14749d\"},\"headline\":\"T\u00e9cnico do Flamengo, Dorival Junior diz o que sentia vendo Pedro sem jogar\",\"datePublished\":\"2022-10-02T21:22:47+00:00\",\"dateModified\":\"2022-10-02T21:22:49+00:00\",\"mainEntityOfPage\":{\"@id\":\"https:\/\/www.gaveanews.com\/index.php\/2022\/10\/02\/tecnico-do-flamengo-dorival-junior-diz-o-que-sentia-vendo-pedro-sem-jogar\/\"},\"wordCount\":556,\"commentCount\":0,\"image\":{\"@id\":\"https:\/\/www.gaveanews.com\/index.php\/2022\/10\/02\/tecnico-do-flamengo-dorival-junior-diz-o-que-sentia-vendo-pedro-sem-jogar\/#primaryimage\"},\"thumbnailUrl\":\"https:\/\/www.gaveanews.com\/wp-content\/uploads\/Pedro-em-acao-pelo-Flamengo-no-jogo-contra-o-Avai-pelo-Brasileirao.webp\",\"articleSection\":[\"Flamengo\"],\"inLanguage\":\"pt-BR\",\"potentialAction\":[{\"@type\":\"CommentAction\",\"name\":\"Comment\",\"target\":[\"https:\/\/www.gaveanews.com\/index.php\/2022\/10\/02\/tecnico-do-flamengo-dorival-junior-diz-o-que-sentia-vendo-pedro-sem-jogar\/#respond\"]}],\"copyrightYear\":\"2022\",\"copyrightHolder\":{\"@id\":\"https:\/\/www.gaveanews.com\/#organization\"}},{\"@type\":\"WebPage\",\"@id\":\"https:\/\/www.gaveanews.com\/index.php\/2022\/10\/02\/tecnico-do-flamengo-dorival-junior-diz-o-que-sentia-vendo-pedro-sem-jogar\/\",\"url\":\"https:\/\/www.gaveanews.com\/index.php\/2022\/10\/02\/tecnico-do-flamengo-dorival-junior-diz-o-que-sentia-vendo-pedro-sem-jogar\/\",\"name\":\"T\u00e9cnico do Flamengo, Dorival Junior diz o que sentia vendo Pedro sem jogar\",\"isPartOf\":{\"@id\":\"https:\/\/www.gaveanews.com\/#website\"},\"primaryImageOfPage\":{\"@id\":\"https:\/\/www.gaveanews.com\/index.php\/2022\/10\/02\/tecnico-do-flamengo-dorival-junior-diz-o-que-sentia-vendo-pedro-sem-jogar\/#primaryimage\"},\"image\":{\"@id\":\"https:\/\/www.gaveanews.com\/index.php\/2022\/10\/02\/tecnico-do-flamengo-dorival-junior-diz-o-que-sentia-vendo-pedro-sem-jogar\/#primaryimage\"},\"thumbnailUrl\":\"https:\/\/www.gaveanews.com\/wp-content\/uploads\/Pedro-em-acao-pelo-Flamengo-no-jogo-contra-o-Avai-pelo-Brasileirao.webp\",\"datePublished\":\"2022-10-02T21:22:47+00:00\",\"dateModified\":\"2022-10-02T21:22:49+00:00\",\"author\":{\"@id\":\"https:\/\/www.gaveanews.com\/#\/schema\/person\/2ec14f73fb96be2caf28f91afb14749d\"},\"breadcrumb\":{\"@id\":\"https:\/\/www.gaveanews.com\/index.php\/2022\/10\/02\/tecnico-do-flamengo-dorival-junior-diz-o-que-sentia-vendo-pedro-sem-jogar\/#breadcrumb\"},\"inLanguage\":\"pt-BR\",\"potentialAction\":[{\"@type\":\"ReadAction\",\"target\":[\"https:\/\/www.gaveanews.com\/index.php\/2022\/10\/02\/tecnico-do-flamengo-dorival-junior-diz-o-que-sentia-vendo-pedro-sem-jogar\/\"]}]},{\"@type\":\"ImageObject\",\"inLanguage\":\"pt-BR\",\"@id\":\"https:\/\/www.gaveanews.com\/index.php\/2022\/10\/02\/tecnico-do-flamengo-dorival-junior-diz-o-que-sentia-vendo-pedro-sem-jogar\/#primaryimage\",\"url\":\"https:\/\/www.gaveanews.com\/wp-content\/uploads\/Pedro-em-acao-pelo-Flamengo-no-jogo-contra-o-Avai-pelo-Brasileirao.webp\",\"contentUrl\":\"https:\/\/www.gaveanews.com\/wp-content\/uploads\/Pedro-em-acao-pelo-Flamengo-no-jogo-contra-o-Avai-pelo-Brasileirao.webp\",\"width\":799,\"height\":533,\"caption\":\"Pedro em a\u00e7\u00e3o pelo Flamengo no jogo contra o Ava\u00ed pelo Brasileir\u00e3o (Foto: Gilvan de Souza\/Flamengo)\"},{\"@type\":\"BreadcrumbList\",\"@id\":\"https:\/\/www.gaveanews.com\/index.php\/2022\/10\/02\/tecnico-do-flamengo-dorival-junior-diz-o-que-sentia-vendo-pedro-sem-jogar\/#breadcrumb\",\"itemListElement\":[{\"@type\":\"ListItem\",\"position\":1,\"name\":\"Home\",\"item\":\"https:\/\/www.gaveanews.com\/\"},{\"@type\":\"ListItem\",\"position\":2,\"name\":\"T\u00e9cnico do Flamengo, Dorival Junior diz o que sentia vendo Pedro sem jogar\"}]},{\"@type\":\"WebSite\",\"@id\":\"https:\/\/www.gaveanews.com\/#website\",\"url\":\"https:\/\/www.gaveanews.com\/\",\"name\":\"G\u00e1vea News\",\"description\":\"Veja todas as not\u00edcias sobre o Flamengo: Contrata\u00e7\u00f5es, categorias de base, resultados das partidas, tabela de classifica\u00e7\u00e3o, pr\u00f3ximos jogos!\",\"potentialAction\":[{\"@type\":\"SearchAction\",\"target\":{\"@type\":\"EntryPoint\",\"urlTemplate\":\"https:\/\/www.gaveanews.com\/?s={search_term_string}\"},\"query-input\":{\"@type\":\"PropertyValueSpecification\",\"valueRequired\":true,\"valueName\":\"search_term_string\"}}],\"inLanguage\":\"pt-BR\"},{\"@type\":\"Person\",\"@id\":\"https:\/\/www.gaveanews.com\/#\/schema\/person\/2ec14f73fb96be2caf28f91afb14749d\",\"name\":\"Equipe G\u00e1vea News\",\"image\":{\"@type\":\"ImageObject\",\"inLanguage\":\"pt-BR\",\"@id\":\"https:\/\/www.gaveanews.com\/#\/schema\/person\/image\/\",\"url\":\"https:\/\/secure.gravatar.com\/avatar\/1e1956f1facbffd3f8fa53a326721950116b3b9dc9bd44939c01180fd4a745a9?s=96&d=mm&r=g\",\"contentUrl\":\"https:\/\/secure.gravatar.com\/avatar\/1e1956f1facbffd3f8fa53a326721950116b3b9dc9bd44939c01180fd4a745a9?s=96&d=mm&r=g\",\"caption\":\"Equipe G\u00e1vea News\"}}]}<\/script>\n<!-- \/ Yoast SEO Premium plugin. -->","yoast_head_json":{"title":"T\u00e9cnico do Flamengo, Dorival Junior diz o que sentia vendo Pedro sem jogar","robots":{"index":"index","follow":"follow","max-snippet":"max-snippet:-1","max-image-preview":"max-image-preview:large","max-video-preview":"max-video-preview:-1"},"canonical":"https:\/\/www.gaveanews.com\/index.php\/2022\/10\/02\/tecnico-do-flamengo-dorival-junior-diz-o-que-sentia-vendo-pedro-sem-jogar\/","og_locale":"pt_BR","og_type":"article","og_title":"T\u00e9cnico do Flamengo, Dorival Junior diz o que sentia vendo Pedro sem jogar","og_description":"O Flamengo deu um &#8216;chute&#8217; na m\u00e1 fase no Campeonato Brasileiro e, neste s\u00e1bado (1), goleou o Red Bull Bragantino por 4 a 1, no Maracan\u00e3, em partida v\u00e1lida pela 29\u00aa rodada da competi\u00e7\u00e3o. O grande nome do jogo foi Pedro, que retornou da sele\u00e7\u00e3o brasileira fazendo simplesmente tr\u00eas gols no triunfo do clube carioca. [&hellip;]","og_url":"https:\/\/www.gaveanews.com\/index.php\/2022\/10\/02\/tecnico-do-flamengo-dorival-junior-diz-o-que-sentia-vendo-pedro-sem-jogar\/","og_site_name":"G\u00e1vea News","article_publisher":"https:\/\/facebook.com\/gaveaNews\/","article_published_time":"2022-10-02T21:22:47+00:00","article_modified_time":"2022-10-02T21:22:49+00:00","og_image":[{"width":799,"height":533,"url":"https:\/\/www.gaveanews.com\/wp-content\/uploads\/Pedro-em-acao-pelo-Flamengo-no-jogo-contra-o-Avai-pelo-Brasileirao.webp","type":"image\/jpeg"}],"author":"Equipe G\u00e1vea News","twitter_card":"summary_large_image","twitter_misc":{"Escrito por":"Equipe G\u00e1vea News","Est. tempo de leitura":"3 minutos"},"schema":{"@context":"https:\/\/schema.org","@graph":[{"@type":"NewsArticle","@id":"https:\/\/www.gaveanews.com\/index.php\/2022\/10\/02\/tecnico-do-flamengo-dorival-junior-diz-o-que-sentia-vendo-pedro-sem-jogar\/#article","isPartOf":{"@id":"https:\/\/www.gaveanews.com\/index.php\/2022\/10\/02\/tecnico-do-flamengo-dorival-junior-diz-o-que-sentia-vendo-pedro-sem-jogar\/"},"author":{"name":"Equipe G\u00e1vea News","@id":"https:\/\/www.gaveanews.com\/#\/schema\/person\/2ec14f73fb96be2caf28f91afb14749d"},"headline":"T\u00e9cnico do Flamengo, Dorival Junior diz o que sentia vendo Pedro sem jogar","datePublished":"2022-10-02T21:22:47+00:00","dateModified":"2022-10-02T21:22:49+00:00","mainEntityOfPage":{"@id":"https:\/\/www.gaveanews.com\/index.php\/2022\/10\/02\/tecnico-do-flamengo-dorival-junior-diz-o-que-sentia-vendo-pedro-sem-jogar\/"},"wordCount":556,"commentCount":0,"image":{"@id":"https:\/\/www.gaveanews.com\/index.php\/2022\/10\/02\/tecnico-do-flamengo-dorival-junior-diz-o-que-sentia-vendo-pedro-sem-jogar\/#primaryimage"},"thumbnailUrl":"https:\/\/www.gaveanews.com\/wp-content\/uploads\/Pedro-em-acao-pelo-Flamengo-no-jogo-contra-o-Avai-pelo-Brasileirao.webp","articleSection":["Flamengo"],"inLanguage":"pt-BR","potentialAction":[{"@type":"CommentAction","name":"Comment","target":["https:\/\/www.gaveanews.com\/index.php\/2022\/10\/02\/tecnico-do-flamengo-dorival-junior-diz-o-que-sentia-vendo-pedro-sem-jogar\/#respond"]}],"copyrightYear":"2022","copyrightHolder":{"@id":"https:\/\/www.gaveanews.com\/#organization"}},{"@type":"WebPage","@id":"https:\/\/www.gaveanews.com\/index.php\/2022\/10\/02\/tecnico-do-flamengo-dorival-junior-diz-o-que-sentia-vendo-pedro-sem-jogar\/","url":"https:\/\/www.gaveanews.com\/index.php\/2022\/10\/02\/tecnico-do-flamengo-dorival-junior-diz-o-que-sentia-vendo-pedro-sem-jogar\/","name":"T\u00e9cnico do Flamengo, Dorival Junior diz o que sentia vendo Pedro sem jogar","isPartOf":{"@id":"https:\/\/www.gaveanews.com\/#website"},"primaryImageOfPage":{"@id":"https:\/\/www.gaveanews.com\/index.php\/2022\/10\/02\/tecnico-do-flamengo-dorival-junior-diz-o-que-sentia-vendo-pedro-sem-jogar\/#primaryimage"},"image":{"@id":"https:\/\/www.gaveanews.com\/index.php\/2022\/10\/02\/tecnico-do-flamengo-dorival-junior-diz-o-que-sentia-vendo-pedro-sem-jogar\/#primaryimage"},"thumbnailUrl":"https:\/\/www.gaveanews.com\/wp-content\/uploads\/Pedro-em-acao-pelo-Flamengo-no-jogo-contra-o-Avai-pelo-Brasileirao.webp","datePublished":"2022-10-02T21:22:47+00:00","dateModified":"2022-10-02T21:22:49+00:00","author":{"@id":"https:\/\/www.gaveanews.com\/#\/schema\/person\/2ec14f73fb96be2caf28f91afb14749d"},"breadcrumb":{"@id":"https:\/\/www.gaveanews.com\/index.php\/2022\/10\/02\/tecnico-do-flamengo-dorival-junior-diz-o-que-sentia-vendo-pedro-sem-jogar\/#breadcrumb"},"inLanguage":"pt-BR","potentialAction":[{"@type":"ReadAction","target":["https:\/\/www.gaveanews.com\/index.php\/2022\/10\/02\/tecnico-do-flamengo-dorival-junior-diz-o-que-sentia-vendo-pedro-sem-jogar\/"]}]},{"@type":"ImageObject","inLanguage":"pt-BR","@id":"https:\/\/www.gaveanews.com\/index.php\/2022\/10\/02\/tecnico-do-flamengo-dorival-junior-diz-o-que-sentia-vendo-pedro-sem-jogar\/#primaryimage","url":"https:\/\/www.gaveanews.com\/wp-content\/uploads\/Pedro-em-acao-pelo-Flamengo-no-jogo-contra-o-Avai-pelo-Brasileirao.webp","contentUrl":"https:\/\/www.gaveanews.com\/wp-content\/uploads\/Pedro-em-acao-pelo-Flamengo-no-jogo-contra-o-Avai-pelo-Brasileirao.webp","width":799,"height":533,"caption":"Pedro em a\u00e7\u00e3o pelo Flamengo no jogo contra o Ava\u00ed pelo Brasileir\u00e3o (Foto: Gilvan de Souza\/Flamengo)"},{"@type":"BreadcrumbList","@id":"https:\/\/www.gaveanews.com\/index.php\/2022\/10\/02\/tecnico-do-flamengo-dorival-junior-diz-o-que-sentia-vendo-pedro-sem-jogar\/#breadcrumb","itemListElement":[{"@type":"ListItem","position":1,"name":"Home","item":"https:\/\/www.gaveanews.com\/"},{"@type":"ListItem","position":2,"name":"T\u00e9cnico do Flamengo, Dorival Junior diz o que sentia vendo Pedro sem jogar"}]},{"@type":"WebSite","@id":"https:\/\/www.gaveanews.com\/#website","url":"https:\/\/www.gaveanews.com\/","name":"G\u00e1vea News","description":"Veja todas as not\u00edcias sobre o Flamengo: Contrata\u00e7\u00f5es, categorias de base, resultados das partidas, tabela de classifica\u00e7\u00e3o, pr\u00f3ximos jogos!","potentialAction":[{"@type":"SearchAction","target":{"@type":"EntryPoint","urlTemplate":"https:\/\/www.gaveanews.com\/?s={search_term_string}"},"query-input":{"@type":"PropertyValueSpecification","valueRequired":true,"valueName":"search_term_string"}}],"inLanguage":"pt-BR"},{"@type":"Person","@id":"https:\/\/www.gaveanews.com\/#\/schema\/person\/2ec14f73fb96be2caf28f91afb14749d","name":"Equipe G\u00e1vea News","image":{"@type":"ImageObject","inLanguage":"pt-BR","@id":"https:\/\/www.gaveanews.com\/#\/schema\/person\/image\/","url":"https:\/\/secure.gravatar.com\/avatar\/1e1956f1facbffd3f8fa53a326721950116b3b9dc9bd44939c01180fd4a745a9?s=96&d=mm&r=g","contentUrl":"https:\/\/secure.gravatar.com\/avatar\/1e1956f1facbffd3f8fa53a326721950116b3b9dc9bd44939c01180fd4a745a9?s=96&d=mm&r=g","caption":"Equipe G\u00e1vea News"}}]}},"_links":{"self":[{"href":"https:\/\/www.gaveanews.com\/index.php\/wp-json\/wp\/v2\/posts\/88413","targetHints":{"allow":["GET"]}}],"collection":[{"href":"https:\/\/www.gaveanews.com\/index.php\/wp-json\/wp\/v2\/posts"}],"about":[{"href":"https:\/\/www.gaveanews.com\/index.php\/wp-json\/wp\/v2\/types\/post"}],"author":[{"embeddable":true,"href":"https:\/\/www.gaveanews.com\/index.php\/wp-json\/wp\/v2\/users\/1"}],"replies":[{"embeddable":true,"href":"https:\/\/www.gaveanews.com\/index.php\/wp-json\/wp\/v2\/comments?post=88413"}],"version-history":[{"count":0,"href":"https:\/\/www.gaveanews.com\/index.php\/wp-json\/wp\/v2\/posts\/88413\/revisions"}],"wp:featuredmedia":[{"embeddable":true,"href":"https:\/\/www.gaveanews.com\/index.php\/wp-json\/wp\/v2\/media\/85159"}],"wp:attachment":[{"href":"https:\/\/www.gaveanews.com\/index.php\/wp-json\/wp\/v2\/media?parent=88413"}],"wp:term":[{"taxonomy":"category","embeddable":true,"href":"https:\/\/www.gaveanews.com\/index.php\/wp-json\/wp\/v2\/categories?post=88413"},{"taxonomy":"post_tag","embeddable":true,"href":"https:\/\/www.gaveanews.com\/index.php\/wp-json\/wp\/v2\/tags?post=88413"}],"curies":[{"name":"wp","href":"https:\/\/api.w.org\/{rel}","templated":true}]}}