{"id":88417,"date":"2022-10-02T18:43:10","date_gmt":"2022-10-02T21:43:10","guid":{"rendered":"https:\/\/www.gaveanews.com\/?p=88417"},"modified":"2022-10-02T18:43:13","modified_gmt":"2022-10-02T21:43:13","slug":"pedro-e-abracado-na-selecao-e-ganha-torcida-do-elenco-do-flamengo","status":"publish","type":"post","link":"https:\/\/www.gaveanews.com\/index.php\/2022\/10\/02\/pedro-e-abracado-na-selecao-e-ganha-torcida-do-elenco-do-flamengo\/","title":{"rendered":"Pedro \u00e9 &#8216;abra\u00e7ado&#8217; na sele\u00e7\u00e3o e ganha torcida do elenco do Flamengo"},"content":{"rendered":"\n<p>Pedro vive uma fase iluminada. Ontem, em seu primeiro jogo no retorno ao Flamengo ap\u00f3s os amistosos da sele\u00e7\u00e3o brasileira, emplacou logo um hat trick na vit\u00f3ria por 4 a 1 sobre o Red Bull Bragantino. Os gols e as boas atua\u00e7\u00f5es colocam uma press\u00e3o natural no t\u00e9cnico Tite para que seja convocado para a Copa do Mundo do Qatar, mas al\u00e9m da quest\u00e3o t\u00e9cnica, seu esp\u00edrito de grupo tem sido um fator de destaque e algo favor\u00e1vel ao seu momento.<\/p>\n\n\n\n<p>A passagem recente com a &#8220;Amarelinha&#8221; foi positiva sob todos os aspectos. Al\u00e9m de ter feito um gol na goleada por 5 a 1 sobre a Tun\u00edsia, tamb\u00e9m foi abra\u00e7ado pelo elenco estrelado do Brasil. Neymar e outras lideran\u00e7as trataram de deix\u00e1-lo \u00e0 vontade, e o funk &#8220;Ai, Pedro&#8221; \u2014 uma par\u00f3dia do hit &#8220;Ai, preto&#8221;, de L7nnon e Gabriel do Furduncinho \u2014 caiu nas gra\u00e7as dos jogadores, que simplesmente chegaram ouvindo a m\u00fasica em alto e bom som antes do duelo com os tunisianos.<\/p>\n\n\n\n<p>Richarlison, seu companheiro desde os tempos de Fluminense, provou que nem mesmo a briga direta por posi\u00e7\u00e3o no ataque influenciou, e foi ele quem carregou a caixinha de som que tocava a can\u00e7\u00e3o.<br>No Flamengo n\u00e3o \u00e9 diferente. O ambiente \u00e9 o mais favor\u00e1vel poss\u00edvel e a torcida para que ele esteja na Copa vai do porteiro ao presidente. De perfil mais sereno e numa fase totalmente focada na religi\u00e3o e na fam\u00edlia, Pedro costuma ser o &#8220;jogador dos sonhos&#8221; para qualquer treinador: efetivo em campo e sem dar dor de cabe\u00e7a fora dele.<\/p>\n\n\n\n<p>Dorival J\u00fanior, ali\u00e1s, demonstrou ontem (1) sua total felicidade com o momento do atacante, e lembrou que admira o camisa 21 mesmo antes dele ser seu atleta.<\/p>\n\n\n\n<p>&#8220;A maior responsabilidade de um treinador \u00e9 poder valorizar e resgatar quem n\u00e3o esteja vivenciando um bom momento. Desde os anos anteriores que eu observava a equipe do Flamengo, sempre senti que o Pedro seria um jogador que estaria atuando em qualquer equipe do futebol brasileiro com possibilidades reais de buscar uma vaga na sele\u00e7\u00e3o brasileira pela capacidade e qualidade que sempre vi no atleta quando ele atuou aqui, fora e com a camisa do Fluminense. Sempre foi um jogador que chamou muito a aten\u00e7\u00e3o&#8221;, disse Dorival.<\/p>\n\n\n\n<p>&#8220;Aconteceu uma conjun\u00e7\u00e3o de fatores, uma participa\u00e7\u00e3o natural que seja uma pontinha de tudo que aconteceu na vida dele [Pedro]. Fico muito feliz, sim, por ele e por outros jogadores que possam estar nessa convoca\u00e7\u00e3o principal para a Copa do Mundo. At\u00e9 porque esse \u00e9 o trabalho e objetivo de cada comiss\u00e3o t\u00e9cnica: valorizar ao m\u00e1ximo os jogadores que estejam atuando ou n\u00e3o, e dar a m\u00e1xima condi\u00e7\u00e3o para que cada um possa mostrar o seu melhor. E quando surgiu a oportunidade, ele estava preparado&#8221;, completou.<\/p>\n\n\n\n<h2 class=\"wp-block-heading\" id=\"h-boa-relacao-com-gabigol\">Boa rela\u00e7\u00e3o com Gabigol<\/h2>\n\n\n\n<p>No in\u00edcio do ciclo da Copa do Mundo, poucos acreditariam que na reta final, Pedro estaria com um p\u00e9 no Qatar e\u00a0Gabigol\u00a0praticamente fora. Por\u00e9m, mesmo com essa esp\u00e9cie de &#8220;disputa interna&#8221;, a rela\u00e7\u00e3o entre os dois \u00e9 boa.<\/p>\n\n\n\n<p>Embora os estilos de vida sejam diferentes \u2014 com Pedro numa fase mais caseira e religiosa, e Gabigol tendo mais apre\u00e7o pela noite e o ambiente de celebridade \u2014 a conviv\u00eancia \u00e9 harmoniosa no dia a dia.<\/p>\n\n\n\n<p>Em entrevista ao UOL Esporte m\u00eas passado, Pedro falou um pouco sobre como \u00e9 o conv\u00edvio com o camisa 9:<\/p>\n\n\n\n<p>&#8220;Sempre perguntavam [sobre os dois atuarem juntos], mas brincadeiras \u00e0 parte, \u00e9 como o Gabriel sempre fala: o problema vai ser para o advers\u00e1rio. Estamos juntos, queremos dar o melhor para o Flamengo, e isso de jogar junto ou n\u00e3o s\u00f3 depende do treinador. Sempre nos demos bem dentro e fora de campo&#8221;, afirmou.<\/p>\n\n\n\n<p>O &#8220;hat trick&#8221; de Pedro ontem foi o seu quarto da carreira, todos pelo Flamengo. Antes do Red Bull Bragantino, o atacante fez tr\u00eas gols sobre o V\u00e9lez Sarsfield, o Tolima (fez quatro) e o Volta Redonda.<\/p>\n\n\n\n<p>Retirado de: UOL<\/p>\n","protected":false},"excerpt":{"rendered":"<p>Pedro vive uma fase iluminada. Ontem, em seu primeiro jogo no retorno ao Flamengo ap\u00f3s os amistosos da sele\u00e7\u00e3o brasileira, emplacou logo um hat trick na vit\u00f3ria por 4 a 1 sobre o Red Bull Bragantino. Os gols e as boas atua\u00e7\u00f5es colocam uma press\u00e3o natural no t\u00e9cnico Tite para que seja convocado para a [&hellip;]<\/p>\n","protected":false},"author":1,"featured_media":88207,"comment_status":"open","ping_status":"closed","sticky":false,"template":"","format":"standard","meta":{"footnotes":""},"categories":[1],"tags":[],"class_list":["post-88417","post","type-post","status-publish","format-standard","has-post-thumbnail","hentry","category-flamengo"],"yoast_head":"<!-- This site is optimized with the Yoast SEO Premium plugin v24.2 (Yoast SEO v26.9) - https:\/\/yoast.com\/product\/yoast-seo-premium-wordpress\/ -->\n<title>Pedro \u00e9 &#039;abra\u00e7ado&#039; na sele\u00e7\u00e3o e ganha torcida do elenco do Flamengo<\/title>\n<meta name=\"robots\" content=\"index, follow, max-snippet:-1, max-image-preview:large, max-video-preview:-1\" \/>\n<link rel=\"canonical\" href=\"https:\/\/www.gaveanews.com\/index.php\/2022\/10\/02\/pedro-e-abracado-na-selecao-e-ganha-torcida-do-elenco-do-flamengo\/\" \/>\n<meta property=\"og:locale\" content=\"pt_BR\" \/>\n<meta property=\"og:type\" content=\"article\" \/>\n<meta property=\"og:title\" content=\"Pedro \u00e9 &#039;abra\u00e7ado&#039; na sele\u00e7\u00e3o e ganha torcida do elenco do Flamengo\" \/>\n<meta property=\"og:description\" content=\"Pedro vive uma fase iluminada. Ontem, em seu primeiro jogo no retorno ao Flamengo ap\u00f3s os amistosos da sele\u00e7\u00e3o brasileira, emplacou logo um hat trick na vit\u00f3ria por 4 a 1 sobre o Red Bull Bragantino. Os gols e as boas atua\u00e7\u00f5es colocam uma press\u00e3o natural no t\u00e9cnico Tite para que seja convocado para a [&hellip;]\" \/>\n<meta property=\"og:url\" content=\"https:\/\/www.gaveanews.com\/index.php\/2022\/10\/02\/pedro-e-abracado-na-selecao-e-ganha-torcida-do-elenco-do-flamengo\/\" \/>\n<meta property=\"og:site_name\" content=\"G\u00e1vea News\" \/>\n<meta property=\"article:publisher\" content=\"https:\/\/facebook.com\/gaveaNews\/\" \/>\n<meta property=\"article:published_time\" content=\"2022-10-02T21:43:10+00:00\" \/>\n<meta property=\"article:modified_time\" content=\"2022-10-02T21:43:13+00:00\" \/>\n<meta property=\"og:image\" content=\"https:\/\/www.gaveanews.com\/wp-content\/uploads\/Neymar-e-Pedro-comemoram-gol-marcado-pelo-Brasil-contra-a-Tunisia.webp\" \/>\n\t<meta property=\"og:image:width\" content=\"640\" \/>\n\t<meta property=\"og:image:height\" content=\"400\" \/>\n\t<meta property=\"og:image:type\" content=\"image\/webp\" \/>\n<meta name=\"author\" content=\"Equipe G\u00e1vea News\" \/>\n<meta name=\"twitter:card\" content=\"summary_large_image\" \/>\n<meta name=\"twitter:label1\" content=\"Escrito por\" \/>\n\t<meta name=\"twitter:data1\" content=\"Equipe G\u00e1vea News\" \/>\n\t<meta name=\"twitter:label2\" content=\"Est. tempo de leitura\" \/>\n\t<meta name=\"twitter:data2\" content=\"4 minutos\" \/>\n<script type=\"application\/ld+json\" class=\"yoast-schema-graph\">{\"@context\":\"https:\/\/schema.org\",\"@graph\":[{\"@type\":\"NewsArticle\",\"@id\":\"https:\/\/www.gaveanews.com\/index.php\/2022\/10\/02\/pedro-e-abracado-na-selecao-e-ganha-torcida-do-elenco-do-flamengo\/#article\",\"isPartOf\":{\"@id\":\"https:\/\/www.gaveanews.com\/index.php\/2022\/10\/02\/pedro-e-abracado-na-selecao-e-ganha-torcida-do-elenco-do-flamengo\/\"},\"author\":{\"name\":\"Equipe G\u00e1vea News\",\"@id\":\"https:\/\/www.gaveanews.com\/#\/schema\/person\/2ec14f73fb96be2caf28f91afb14749d\"},\"headline\":\"Pedro \u00e9 &#8216;abra\u00e7ado&#8217; na sele\u00e7\u00e3o e ganha torcida do elenco do Flamengo\",\"datePublished\":\"2022-10-02T21:43:10+00:00\",\"dateModified\":\"2022-10-02T21:43:13+00:00\",\"mainEntityOfPage\":{\"@id\":\"https:\/\/www.gaveanews.com\/index.php\/2022\/10\/02\/pedro-e-abracado-na-selecao-e-ganha-torcida-do-elenco-do-flamengo\/\"},\"wordCount\":703,\"commentCount\":0,\"image\":{\"@id\":\"https:\/\/www.gaveanews.com\/index.php\/2022\/10\/02\/pedro-e-abracado-na-selecao-e-ganha-torcida-do-elenco-do-flamengo\/#primaryimage\"},\"thumbnailUrl\":\"https:\/\/www.gaveanews.com\/wp-content\/uploads\/Neymar-e-Pedro-comemoram-gol-marcado-pelo-Brasil-contra-a-Tunisia.webp\",\"articleSection\":[\"Flamengo\"],\"inLanguage\":\"pt-BR\",\"potentialAction\":[{\"@type\":\"CommentAction\",\"name\":\"Comment\",\"target\":[\"https:\/\/www.gaveanews.com\/index.php\/2022\/10\/02\/pedro-e-abracado-na-selecao-e-ganha-torcida-do-elenco-do-flamengo\/#respond\"]}],\"copyrightYear\":\"2022\",\"copyrightHolder\":{\"@id\":\"https:\/\/www.gaveanews.com\/#organization\"}},{\"@type\":\"WebPage\",\"@id\":\"https:\/\/www.gaveanews.com\/index.php\/2022\/10\/02\/pedro-e-abracado-na-selecao-e-ganha-torcida-do-elenco-do-flamengo\/\",\"url\":\"https:\/\/www.gaveanews.com\/index.php\/2022\/10\/02\/pedro-e-abracado-na-selecao-e-ganha-torcida-do-elenco-do-flamengo\/\",\"name\":\"Pedro \u00e9 'abra\u00e7ado' na sele\u00e7\u00e3o e ganha torcida do elenco do Flamengo\",\"isPartOf\":{\"@id\":\"https:\/\/www.gaveanews.com\/#website\"},\"primaryImageOfPage\":{\"@id\":\"https:\/\/www.gaveanews.com\/index.php\/2022\/10\/02\/pedro-e-abracado-na-selecao-e-ganha-torcida-do-elenco-do-flamengo\/#primaryimage\"},\"image\":{\"@id\":\"https:\/\/www.gaveanews.com\/index.php\/2022\/10\/02\/pedro-e-abracado-na-selecao-e-ganha-torcida-do-elenco-do-flamengo\/#primaryimage\"},\"thumbnailUrl\":\"https:\/\/www.gaveanews.com\/wp-content\/uploads\/Neymar-e-Pedro-comemoram-gol-marcado-pelo-Brasil-contra-a-Tunisia.webp\",\"datePublished\":\"2022-10-02T21:43:10+00:00\",\"dateModified\":\"2022-10-02T21:43:13+00:00\",\"author\":{\"@id\":\"https:\/\/www.gaveanews.com\/#\/schema\/person\/2ec14f73fb96be2caf28f91afb14749d\"},\"breadcrumb\":{\"@id\":\"https:\/\/www.gaveanews.com\/index.php\/2022\/10\/02\/pedro-e-abracado-na-selecao-e-ganha-torcida-do-elenco-do-flamengo\/#breadcrumb\"},\"inLanguage\":\"pt-BR\",\"potentialAction\":[{\"@type\":\"ReadAction\",\"target\":[\"https:\/\/www.gaveanews.com\/index.php\/2022\/10\/02\/pedro-e-abracado-na-selecao-e-ganha-torcida-do-elenco-do-flamengo\/\"]}]},{\"@type\":\"ImageObject\",\"inLanguage\":\"pt-BR\",\"@id\":\"https:\/\/www.gaveanews.com\/index.php\/2022\/10\/02\/pedro-e-abracado-na-selecao-e-ganha-torcida-do-elenco-do-flamengo\/#primaryimage\",\"url\":\"https:\/\/www.gaveanews.com\/wp-content\/uploads\/Neymar-e-Pedro-comemoram-gol-marcado-pelo-Brasil-contra-a-Tunisia.webp\",\"contentUrl\":\"https:\/\/www.gaveanews.com\/wp-content\/uploads\/Neymar-e-Pedro-comemoram-gol-marcado-pelo-Brasil-contra-a-Tunisia.webp\",\"width\":640,\"height\":400,\"caption\":\"Neymar e Pedro comemoram gol marcado pelo Brasil contra a Tun\u00edsia (Foto: Reprodu\u00e7\u00e3o\/Twitter)\"},{\"@type\":\"BreadcrumbList\",\"@id\":\"https:\/\/www.gaveanews.com\/index.php\/2022\/10\/02\/pedro-e-abracado-na-selecao-e-ganha-torcida-do-elenco-do-flamengo\/#breadcrumb\",\"itemListElement\":[{\"@type\":\"ListItem\",\"position\":1,\"name\":\"Home\",\"item\":\"https:\/\/www.gaveanews.com\/\"},{\"@type\":\"ListItem\",\"position\":2,\"name\":\"Pedro \u00e9 &#8216;abra\u00e7ado&#8217; na sele\u00e7\u00e3o e ganha torcida do elenco do Flamengo\"}]},{\"@type\":\"WebSite\",\"@id\":\"https:\/\/www.gaveanews.com\/#website\",\"url\":\"https:\/\/www.gaveanews.com\/\",\"name\":\"G\u00e1vea News\",\"description\":\"Veja todas as not\u00edcias sobre o Flamengo: Contrata\u00e7\u00f5es, categorias de base, resultados das partidas, tabela de classifica\u00e7\u00e3o, pr\u00f3ximos jogos!\",\"potentialAction\":[{\"@type\":\"SearchAction\",\"target\":{\"@type\":\"EntryPoint\",\"urlTemplate\":\"https:\/\/www.gaveanews.com\/?s={search_term_string}\"},\"query-input\":{\"@type\":\"PropertyValueSpecification\",\"valueRequired\":true,\"valueName\":\"search_term_string\"}}],\"inLanguage\":\"pt-BR\"},{\"@type\":\"Person\",\"@id\":\"https:\/\/www.gaveanews.com\/#\/schema\/person\/2ec14f73fb96be2caf28f91afb14749d\",\"name\":\"Equipe G\u00e1vea News\",\"image\":{\"@type\":\"ImageObject\",\"inLanguage\":\"pt-BR\",\"@id\":\"https:\/\/www.gaveanews.com\/#\/schema\/person\/image\/\",\"url\":\"https:\/\/secure.gravatar.com\/avatar\/1e1956f1facbffd3f8fa53a326721950116b3b9dc9bd44939c01180fd4a745a9?s=96&d=mm&r=g\",\"contentUrl\":\"https:\/\/secure.gravatar.com\/avatar\/1e1956f1facbffd3f8fa53a326721950116b3b9dc9bd44939c01180fd4a745a9?s=96&d=mm&r=g\",\"caption\":\"Equipe G\u00e1vea News\"}}]}<\/script>\n<!-- \/ Yoast SEO Premium plugin. -->","yoast_head_json":{"title":"Pedro \u00e9 'abra\u00e7ado' na sele\u00e7\u00e3o e ganha torcida do elenco do Flamengo","robots":{"index":"index","follow":"follow","max-snippet":"max-snippet:-1","max-image-preview":"max-image-preview:large","max-video-preview":"max-video-preview:-1"},"canonical":"https:\/\/www.gaveanews.com\/index.php\/2022\/10\/02\/pedro-e-abracado-na-selecao-e-ganha-torcida-do-elenco-do-flamengo\/","og_locale":"pt_BR","og_type":"article","og_title":"Pedro \u00e9 'abra\u00e7ado' na sele\u00e7\u00e3o e ganha torcida do elenco do Flamengo","og_description":"Pedro vive uma fase iluminada. Ontem, em seu primeiro jogo no retorno ao Flamengo ap\u00f3s os amistosos da sele\u00e7\u00e3o brasileira, emplacou logo um hat trick na vit\u00f3ria por 4 a 1 sobre o Red Bull Bragantino. Os gols e as boas atua\u00e7\u00f5es colocam uma press\u00e3o natural no t\u00e9cnico Tite para que seja convocado para a [&hellip;]","og_url":"https:\/\/www.gaveanews.com\/index.php\/2022\/10\/02\/pedro-e-abracado-na-selecao-e-ganha-torcida-do-elenco-do-flamengo\/","og_site_name":"G\u00e1vea News","article_publisher":"https:\/\/facebook.com\/gaveaNews\/","article_published_time":"2022-10-02T21:43:10+00:00","article_modified_time":"2022-10-02T21:43:13+00:00","og_image":[{"width":640,"height":400,"url":"https:\/\/www.gaveanews.com\/wp-content\/uploads\/Neymar-e-Pedro-comemoram-gol-marcado-pelo-Brasil-contra-a-Tunisia.webp","type":"image\/webp"}],"author":"Equipe G\u00e1vea News","twitter_card":"summary_large_image","twitter_misc":{"Escrito por":"Equipe G\u00e1vea News","Est. tempo de leitura":"4 minutos"},"schema":{"@context":"https:\/\/schema.org","@graph":[{"@type":"NewsArticle","@id":"https:\/\/www.gaveanews.com\/index.php\/2022\/10\/02\/pedro-e-abracado-na-selecao-e-ganha-torcida-do-elenco-do-flamengo\/#article","isPartOf":{"@id":"https:\/\/www.gaveanews.com\/index.php\/2022\/10\/02\/pedro-e-abracado-na-selecao-e-ganha-torcida-do-elenco-do-flamengo\/"},"author":{"name":"Equipe G\u00e1vea News","@id":"https:\/\/www.gaveanews.com\/#\/schema\/person\/2ec14f73fb96be2caf28f91afb14749d"},"headline":"Pedro \u00e9 &#8216;abra\u00e7ado&#8217; na sele\u00e7\u00e3o e ganha torcida do elenco do Flamengo","datePublished":"2022-10-02T21:43:10+00:00","dateModified":"2022-10-02T21:43:13+00:00","mainEntityOfPage":{"@id":"https:\/\/www.gaveanews.com\/index.php\/2022\/10\/02\/pedro-e-abracado-na-selecao-e-ganha-torcida-do-elenco-do-flamengo\/"},"wordCount":703,"commentCount":0,"image":{"@id":"https:\/\/www.gaveanews.com\/index.php\/2022\/10\/02\/pedro-e-abracado-na-selecao-e-ganha-torcida-do-elenco-do-flamengo\/#primaryimage"},"thumbnailUrl":"https:\/\/www.gaveanews.com\/wp-content\/uploads\/Neymar-e-Pedro-comemoram-gol-marcado-pelo-Brasil-contra-a-Tunisia.webp","articleSection":["Flamengo"],"inLanguage":"pt-BR","potentialAction":[{"@type":"CommentAction","name":"Comment","target":["https:\/\/www.gaveanews.com\/index.php\/2022\/10\/02\/pedro-e-abracado-na-selecao-e-ganha-torcida-do-elenco-do-flamengo\/#respond"]}],"copyrightYear":"2022","copyrightHolder":{"@id":"https:\/\/www.gaveanews.com\/#organization"}},{"@type":"WebPage","@id":"https:\/\/www.gaveanews.com\/index.php\/2022\/10\/02\/pedro-e-abracado-na-selecao-e-ganha-torcida-do-elenco-do-flamengo\/","url":"https:\/\/www.gaveanews.com\/index.php\/2022\/10\/02\/pedro-e-abracado-na-selecao-e-ganha-torcida-do-elenco-do-flamengo\/","name":"Pedro \u00e9 'abra\u00e7ado' na sele\u00e7\u00e3o e ganha torcida do elenco do Flamengo","isPartOf":{"@id":"https:\/\/www.gaveanews.com\/#website"},"primaryImageOfPage":{"@id":"https:\/\/www.gaveanews.com\/index.php\/2022\/10\/02\/pedro-e-abracado-na-selecao-e-ganha-torcida-do-elenco-do-flamengo\/#primaryimage"},"image":{"@id":"https:\/\/www.gaveanews.com\/index.php\/2022\/10\/02\/pedro-e-abracado-na-selecao-e-ganha-torcida-do-elenco-do-flamengo\/#primaryimage"},"thumbnailUrl":"https:\/\/www.gaveanews.com\/wp-content\/uploads\/Neymar-e-Pedro-comemoram-gol-marcado-pelo-Brasil-contra-a-Tunisia.webp","datePublished":"2022-10-02T21:43:10+00:00","dateModified":"2022-10-02T21:43:13+00:00","author":{"@id":"https:\/\/www.gaveanews.com\/#\/schema\/person\/2ec14f73fb96be2caf28f91afb14749d"},"breadcrumb":{"@id":"https:\/\/www.gaveanews.com\/index.php\/2022\/10\/02\/pedro-e-abracado-na-selecao-e-ganha-torcida-do-elenco-do-flamengo\/#breadcrumb"},"inLanguage":"pt-BR","potentialAction":[{"@type":"ReadAction","target":["https:\/\/www.gaveanews.com\/index.php\/2022\/10\/02\/pedro-e-abracado-na-selecao-e-ganha-torcida-do-elenco-do-flamengo\/"]}]},{"@type":"ImageObject","inLanguage":"pt-BR","@id":"https:\/\/www.gaveanews.com\/index.php\/2022\/10\/02\/pedro-e-abracado-na-selecao-e-ganha-torcida-do-elenco-do-flamengo\/#primaryimage","url":"https:\/\/www.gaveanews.com\/wp-content\/uploads\/Neymar-e-Pedro-comemoram-gol-marcado-pelo-Brasil-contra-a-Tunisia.webp","contentUrl":"https:\/\/www.gaveanews.com\/wp-content\/uploads\/Neymar-e-Pedro-comemoram-gol-marcado-pelo-Brasil-contra-a-Tunisia.webp","width":640,"height":400,"caption":"Neymar e Pedro comemoram gol marcado pelo Brasil contra a Tun\u00edsia (Foto: Reprodu\u00e7\u00e3o\/Twitter)"},{"@type":"BreadcrumbList","@id":"https:\/\/www.gaveanews.com\/index.php\/2022\/10\/02\/pedro-e-abracado-na-selecao-e-ganha-torcida-do-elenco-do-flamengo\/#breadcrumb","itemListElement":[{"@type":"ListItem","position":1,"name":"Home","item":"https:\/\/www.gaveanews.com\/"},{"@type":"ListItem","position":2,"name":"Pedro \u00e9 &#8216;abra\u00e7ado&#8217; na sele\u00e7\u00e3o e ganha torcida do elenco do Flamengo"}]},{"@type":"WebSite","@id":"https:\/\/www.gaveanews.com\/#website","url":"https:\/\/www.gaveanews.com\/","name":"G\u00e1vea News","description":"Veja todas as not\u00edcias sobre o Flamengo: Contrata\u00e7\u00f5es, categorias de base, resultados das partidas, tabela de classifica\u00e7\u00e3o, pr\u00f3ximos jogos!","potentialAction":[{"@type":"SearchAction","target":{"@type":"EntryPoint","urlTemplate":"https:\/\/www.gaveanews.com\/?s={search_term_string}"},"query-input":{"@type":"PropertyValueSpecification","valueRequired":true,"valueName":"search_term_string"}}],"inLanguage":"pt-BR"},{"@type":"Person","@id":"https:\/\/www.gaveanews.com\/#\/schema\/person\/2ec14f73fb96be2caf28f91afb14749d","name":"Equipe G\u00e1vea News","image":{"@type":"ImageObject","inLanguage":"pt-BR","@id":"https:\/\/www.gaveanews.com\/#\/schema\/person\/image\/","url":"https:\/\/secure.gravatar.com\/avatar\/1e1956f1facbffd3f8fa53a326721950116b3b9dc9bd44939c01180fd4a745a9?s=96&d=mm&r=g","contentUrl":"https:\/\/secure.gravatar.com\/avatar\/1e1956f1facbffd3f8fa53a326721950116b3b9dc9bd44939c01180fd4a745a9?s=96&d=mm&r=g","caption":"Equipe G\u00e1vea News"}}]}},"_links":{"self":[{"href":"https:\/\/www.gaveanews.com\/index.php\/wp-json\/wp\/v2\/posts\/88417","targetHints":{"allow":["GET"]}}],"collection":[{"href":"https:\/\/www.gaveanews.com\/index.php\/wp-json\/wp\/v2\/posts"}],"about":[{"href":"https:\/\/www.gaveanews.com\/index.php\/wp-json\/wp\/v2\/types\/post"}],"author":[{"embeddable":true,"href":"https:\/\/www.gaveanews.com\/index.php\/wp-json\/wp\/v2\/users\/1"}],"replies":[{"embeddable":true,"href":"https:\/\/www.gaveanews.com\/index.php\/wp-json\/wp\/v2\/comments?post=88417"}],"version-history":[{"count":0,"href":"https:\/\/www.gaveanews.com\/index.php\/wp-json\/wp\/v2\/posts\/88417\/revisions"}],"wp:featuredmedia":[{"embeddable":true,"href":"https:\/\/www.gaveanews.com\/index.php\/wp-json\/wp\/v2\/media\/88207"}],"wp:attachment":[{"href":"https:\/\/www.gaveanews.com\/index.php\/wp-json\/wp\/v2\/media?parent=88417"}],"wp:term":[{"taxonomy":"category","embeddable":true,"href":"https:\/\/www.gaveanews.com\/index.php\/wp-json\/wp\/v2\/categories?post=88417"},{"taxonomy":"post_tag","embeddable":true,"href":"https:\/\/www.gaveanews.com\/index.php\/wp-json\/wp\/v2\/tags?post=88417"}],"curies":[{"name":"wp","href":"https:\/\/api.w.org\/{rel}","templated":true}]}}