{"id":88424,"date":"2022-10-02T21:45:05","date_gmt":"2022-10-03T00:45:05","guid":{"rendered":"https:\/\/www.gaveanews.com\/?p=88424"},"modified":"2022-10-02T21:45:08","modified_gmt":"2022-10-03T00:45:08","slug":"flamengo-x-athletico-pr-final-da-libertadores-sera-na-vespera-do-2o-turno-entre-bolsonaro-e-lula","status":"publish","type":"post","link":"https:\/\/www.gaveanews.com\/index.php\/2022\/10\/02\/flamengo-x-athletico-pr-final-da-libertadores-sera-na-vespera-do-2o-turno-entre-bolsonaro-e-lula\/","title":{"rendered":"Flamengo x Athletico-PR: Final da Libertadores ser\u00e1 na v\u00e9spera do 2\u00ba turno entre Bolsonaro e Lula"},"content":{"rendered":"\n<p>O \u00faltimo fim de semana de outubro promete parar o Brasil, seja pela quest\u00e3o pol\u00edtica quanto na futebol\u00edstica. No dia 29, Athletico-PR e Flamengo disputam a final da Copa Libertadores em Guayaquil (EQU) e, no dia seguinte, acontecer\u00e1 o segundo turno das elei\u00e7\u00f5es brasileiras.<\/p>\n\n\n\n<p>Entre os Estados envolvidos nesta decis\u00e3o, ao menos para o Governo estadual a disputa foi definida no primeiro turno e com reelei\u00e7\u00e3o em ambos. Ratinho J\u00fanior (PSD) venceu no Paran\u00e1 com 69% dos votos e Cl\u00e1udio Castro ganhou no Rio de Janeiro com cerca de 58% dos votos.<\/p>\n\n\n\n<p>Paranaenses e cariocas, por\u00e9m, ter\u00e3o que voltar \u00e0s urnas para votar no segundo turno das elei\u00e7\u00f5es presidenciais, onde a disputa est\u00e1 entre Jair Bolsonaro (PL), que busca a reelei\u00e7\u00e3o, e Lula (PT). O petista ficou na frente no primeiro turno com cerca de 47,9% dos votos contra 43,6% do atual Presidente da Rep\u00fablica.<\/p>\n\n\n\n<p>Muitos torcedores, jornalistas e demais brasileiros envolvidos na decis\u00e3o da Libertadores, e que estar\u00e3o no Equador, n\u00e3o ter\u00e3o tempo h\u00e1bil de exercer seus votos, isso porque n\u00e3o h\u00e1 voos diretos entre um pa\u00eds e outro, e a maioria das pessoas que j\u00e1 adquiriu passagem s\u00f3 retornar\u00e1 ao Brasil no dia 31. Quem n\u00e3o conseguir votar, ter\u00e1 que justificar a aus\u00eancia.<\/p>\n\n\n\n<p>Em 2019, quando o Flamengo foi campe\u00e3o da Libertadores em Lima (PER), a delega\u00e7\u00e3o rubro-negra desembarcou no Rio de Janeiro e foi recebida por um mar de gente na Avenida Presidente Vargas, no Centro (RJ), onde desfilou em um trio el\u00e9trico. Este ano, por\u00e9m, por conta do segundo turno das elei\u00e7\u00f5es, a Prefeitura do Rio de Janeiro n\u00e3o dever\u00e1 organizar e nem dar suporte para esta chegada caso o clube conquiste o t\u00edtulo novamente.<\/p>\n\n\n\n<p>Retirado de: UOL<\/p>\n","protected":false},"excerpt":{"rendered":"<p>O \u00faltimo fim de semana de outubro promete parar o Brasil, seja pela quest\u00e3o pol\u00edtica quanto na futebol\u00edstica. No dia 29, Athletico-PR e Flamengo disputam a final da Copa Libertadores em Guayaquil (EQU) e, no dia seguinte, acontecer\u00e1 o segundo turno das elei\u00e7\u00f5es brasileiras. Entre os Estados envolvidos nesta decis\u00e3o, ao menos para o Governo [&hellip;]<\/p>\n","protected":false},"author":1,"featured_media":85766,"comment_status":"open","ping_status":"closed","sticky":false,"template":"","format":"standard","meta":{"footnotes":""},"categories":[1],"tags":[],"class_list":["post-88424","post","type-post","status-publish","format-standard","has-post-thumbnail","hentry","category-flamengo"],"yoast_head":"<!-- This site is optimized with the Yoast SEO Premium plugin v24.2 (Yoast SEO v26.9) - https:\/\/yoast.com\/product\/yoast-seo-premium-wordpress\/ -->\n<title>Flamengo x Athletico-PR: Final da Libertadores ser\u00e1 na v\u00e9spera do 2\u00ba turno entre Bolsonaro e Lula<\/title>\n<meta name=\"robots\" content=\"index, follow, max-snippet:-1, max-image-preview:large, max-video-preview:-1\" \/>\n<link rel=\"canonical\" href=\"https:\/\/www.gaveanews.com\/index.php\/2022\/10\/02\/flamengo-x-athletico-pr-final-da-libertadores-sera-na-vespera-do-2o-turno-entre-bolsonaro-e-lula\/\" \/>\n<meta property=\"og:locale\" content=\"pt_BR\" \/>\n<meta property=\"og:type\" content=\"article\" \/>\n<meta property=\"og:title\" content=\"Flamengo x Athletico-PR: Final da Libertadores ser\u00e1 na v\u00e9spera do 2\u00ba turno entre Bolsonaro e Lula\" \/>\n<meta property=\"og:description\" content=\"O \u00faltimo fim de semana de outubro promete parar o Brasil, seja pela quest\u00e3o pol\u00edtica quanto na futebol\u00edstica. No dia 29, Athletico-PR e Flamengo disputam a final da Copa Libertadores em Guayaquil (EQU) e, no dia seguinte, acontecer\u00e1 o segundo turno das elei\u00e7\u00f5es brasileiras. Entre os Estados envolvidos nesta decis\u00e3o, ao menos para o Governo [&hellip;]\" \/>\n<meta property=\"og:url\" content=\"https:\/\/www.gaveanews.com\/index.php\/2022\/10\/02\/flamengo-x-athletico-pr-final-da-libertadores-sera-na-vespera-do-2o-turno-entre-bolsonaro-e-lula\/\" \/>\n<meta property=\"og:site_name\" content=\"G\u00e1vea News\" \/>\n<meta property=\"article:publisher\" content=\"https:\/\/facebook.com\/gaveaNews\/\" \/>\n<meta property=\"article:published_time\" content=\"2022-10-03T00:45:05+00:00\" \/>\n<meta property=\"article:modified_time\" content=\"2022-10-03T00:45:08+00:00\" \/>\n<meta property=\"og:image\" content=\"https:\/\/www.gaveanews.com\/wp-content\/uploads\/Time-titular-do-Flamengo-para-o-jogo-contra-o-Corinthians-pela-Libertadores.webp\" \/>\n\t<meta property=\"og:image:width\" content=\"799\" \/>\n\t<meta property=\"og:image:height\" content=\"533\" \/>\n\t<meta property=\"og:image:type\" content=\"image\/jpeg\" \/>\n<meta name=\"author\" content=\"Equipe G\u00e1vea News\" \/>\n<meta name=\"twitter:card\" content=\"summary_large_image\" \/>\n<meta name=\"twitter:label1\" content=\"Escrito por\" \/>\n\t<meta name=\"twitter:data1\" content=\"Equipe G\u00e1vea News\" \/>\n\t<meta name=\"twitter:label2\" content=\"Est. tempo de leitura\" \/>\n\t<meta name=\"twitter:data2\" content=\"2 minutos\" \/>\n<script type=\"application\/ld+json\" class=\"yoast-schema-graph\">{\"@context\":\"https:\/\/schema.org\",\"@graph\":[{\"@type\":\"NewsArticle\",\"@id\":\"https:\/\/www.gaveanews.com\/index.php\/2022\/10\/02\/flamengo-x-athletico-pr-final-da-libertadores-sera-na-vespera-do-2o-turno-entre-bolsonaro-e-lula\/#article\",\"isPartOf\":{\"@id\":\"https:\/\/www.gaveanews.com\/index.php\/2022\/10\/02\/flamengo-x-athletico-pr-final-da-libertadores-sera-na-vespera-do-2o-turno-entre-bolsonaro-e-lula\/\"},\"author\":{\"name\":\"Equipe G\u00e1vea News\",\"@id\":\"https:\/\/www.gaveanews.com\/#\/schema\/person\/2ec14f73fb96be2caf28f91afb14749d\"},\"headline\":\"Flamengo x Athletico-PR: Final da Libertadores ser\u00e1 na v\u00e9spera do 2\u00ba turno entre Bolsonaro e Lula\",\"datePublished\":\"2022-10-03T00:45:05+00:00\",\"dateModified\":\"2022-10-03T00:45:08+00:00\",\"mainEntityOfPage\":{\"@id\":\"https:\/\/www.gaveanews.com\/index.php\/2022\/10\/02\/flamengo-x-athletico-pr-final-da-libertadores-sera-na-vespera-do-2o-turno-entre-bolsonaro-e-lula\/\"},\"wordCount\":320,\"commentCount\":0,\"image\":{\"@id\":\"https:\/\/www.gaveanews.com\/index.php\/2022\/10\/02\/flamengo-x-athletico-pr-final-da-libertadores-sera-na-vespera-do-2o-turno-entre-bolsonaro-e-lula\/#primaryimage\"},\"thumbnailUrl\":\"https:\/\/www.gaveanews.com\/wp-content\/uploads\/Time-titular-do-Flamengo-para-o-jogo-contra-o-Corinthians-pela-Libertadores.webp\",\"articleSection\":[\"Flamengo\"],\"inLanguage\":\"pt-BR\",\"potentialAction\":[{\"@type\":\"CommentAction\",\"name\":\"Comment\",\"target\":[\"https:\/\/www.gaveanews.com\/index.php\/2022\/10\/02\/flamengo-x-athletico-pr-final-da-libertadores-sera-na-vespera-do-2o-turno-entre-bolsonaro-e-lula\/#respond\"]}],\"copyrightYear\":\"2022\",\"copyrightHolder\":{\"@id\":\"https:\/\/www.gaveanews.com\/#organization\"}},{\"@type\":\"WebPage\",\"@id\":\"https:\/\/www.gaveanews.com\/index.php\/2022\/10\/02\/flamengo-x-athletico-pr-final-da-libertadores-sera-na-vespera-do-2o-turno-entre-bolsonaro-e-lula\/\",\"url\":\"https:\/\/www.gaveanews.com\/index.php\/2022\/10\/02\/flamengo-x-athletico-pr-final-da-libertadores-sera-na-vespera-do-2o-turno-entre-bolsonaro-e-lula\/\",\"name\":\"Flamengo x Athletico-PR: Final da Libertadores ser\u00e1 na v\u00e9spera do 2\u00ba turno entre Bolsonaro e Lula\",\"isPartOf\":{\"@id\":\"https:\/\/www.gaveanews.com\/#website\"},\"primaryImageOfPage\":{\"@id\":\"https:\/\/www.gaveanews.com\/index.php\/2022\/10\/02\/flamengo-x-athletico-pr-final-da-libertadores-sera-na-vespera-do-2o-turno-entre-bolsonaro-e-lula\/#primaryimage\"},\"image\":{\"@id\":\"https:\/\/www.gaveanews.com\/index.php\/2022\/10\/02\/flamengo-x-athletico-pr-final-da-libertadores-sera-na-vespera-do-2o-turno-entre-bolsonaro-e-lula\/#primaryimage\"},\"thumbnailUrl\":\"https:\/\/www.gaveanews.com\/wp-content\/uploads\/Time-titular-do-Flamengo-para-o-jogo-contra-o-Corinthians-pela-Libertadores.webp\",\"datePublished\":\"2022-10-03T00:45:05+00:00\",\"dateModified\":\"2022-10-03T00:45:08+00:00\",\"author\":{\"@id\":\"https:\/\/www.gaveanews.com\/#\/schema\/person\/2ec14f73fb96be2caf28f91afb14749d\"},\"breadcrumb\":{\"@id\":\"https:\/\/www.gaveanews.com\/index.php\/2022\/10\/02\/flamengo-x-athletico-pr-final-da-libertadores-sera-na-vespera-do-2o-turno-entre-bolsonaro-e-lula\/#breadcrumb\"},\"inLanguage\":\"pt-BR\",\"potentialAction\":[{\"@type\":\"ReadAction\",\"target\":[\"https:\/\/www.gaveanews.com\/index.php\/2022\/10\/02\/flamengo-x-athletico-pr-final-da-libertadores-sera-na-vespera-do-2o-turno-entre-bolsonaro-e-lula\/\"]}]},{\"@type\":\"ImageObject\",\"inLanguage\":\"pt-BR\",\"@id\":\"https:\/\/www.gaveanews.com\/index.php\/2022\/10\/02\/flamengo-x-athletico-pr-final-da-libertadores-sera-na-vespera-do-2o-turno-entre-bolsonaro-e-lula\/#primaryimage\",\"url\":\"https:\/\/www.gaveanews.com\/wp-content\/uploads\/Time-titular-do-Flamengo-para-o-jogo-contra-o-Corinthians-pela-Libertadores.webp\",\"contentUrl\":\"https:\/\/www.gaveanews.com\/wp-content\/uploads\/Time-titular-do-Flamengo-para-o-jogo-contra-o-Corinthians-pela-Libertadores.webp\",\"width\":799,\"height\":533,\"caption\":\"Time titular do Flamengo para o jogo contra o Corinthians pela Libertadores (Foto: Alexandre Vidal\/Flamengo)\"},{\"@type\":\"BreadcrumbList\",\"@id\":\"https:\/\/www.gaveanews.com\/index.php\/2022\/10\/02\/flamengo-x-athletico-pr-final-da-libertadores-sera-na-vespera-do-2o-turno-entre-bolsonaro-e-lula\/#breadcrumb\",\"itemListElement\":[{\"@type\":\"ListItem\",\"position\":1,\"name\":\"Home\",\"item\":\"https:\/\/www.gaveanews.com\/\"},{\"@type\":\"ListItem\",\"position\":2,\"name\":\"Flamengo x Athletico-PR: Final da Libertadores ser\u00e1 na v\u00e9spera do 2\u00ba turno entre Bolsonaro e Lula\"}]},{\"@type\":\"WebSite\",\"@id\":\"https:\/\/www.gaveanews.com\/#website\",\"url\":\"https:\/\/www.gaveanews.com\/\",\"name\":\"G\u00e1vea News\",\"description\":\"Veja todas as not\u00edcias sobre o Flamengo: Contrata\u00e7\u00f5es, categorias de base, resultados das partidas, tabela de classifica\u00e7\u00e3o, pr\u00f3ximos jogos!\",\"potentialAction\":[{\"@type\":\"SearchAction\",\"target\":{\"@type\":\"EntryPoint\",\"urlTemplate\":\"https:\/\/www.gaveanews.com\/?s={search_term_string}\"},\"query-input\":{\"@type\":\"PropertyValueSpecification\",\"valueRequired\":true,\"valueName\":\"search_term_string\"}}],\"inLanguage\":\"pt-BR\"},{\"@type\":\"Person\",\"@id\":\"https:\/\/www.gaveanews.com\/#\/schema\/person\/2ec14f73fb96be2caf28f91afb14749d\",\"name\":\"Equipe G\u00e1vea News\",\"image\":{\"@type\":\"ImageObject\",\"inLanguage\":\"pt-BR\",\"@id\":\"https:\/\/www.gaveanews.com\/#\/schema\/person\/image\/\",\"url\":\"https:\/\/secure.gravatar.com\/avatar\/1e1956f1facbffd3f8fa53a326721950116b3b9dc9bd44939c01180fd4a745a9?s=96&d=mm&r=g\",\"contentUrl\":\"https:\/\/secure.gravatar.com\/avatar\/1e1956f1facbffd3f8fa53a326721950116b3b9dc9bd44939c01180fd4a745a9?s=96&d=mm&r=g\",\"caption\":\"Equipe G\u00e1vea News\"}}]}<\/script>\n<!-- \/ Yoast SEO Premium plugin. -->","yoast_head_json":{"title":"Flamengo x Athletico-PR: Final da Libertadores ser\u00e1 na v\u00e9spera do 2\u00ba turno entre Bolsonaro e Lula","robots":{"index":"index","follow":"follow","max-snippet":"max-snippet:-1","max-image-preview":"max-image-preview:large","max-video-preview":"max-video-preview:-1"},"canonical":"https:\/\/www.gaveanews.com\/index.php\/2022\/10\/02\/flamengo-x-athletico-pr-final-da-libertadores-sera-na-vespera-do-2o-turno-entre-bolsonaro-e-lula\/","og_locale":"pt_BR","og_type":"article","og_title":"Flamengo x Athletico-PR: Final da Libertadores ser\u00e1 na v\u00e9spera do 2\u00ba turno entre Bolsonaro e Lula","og_description":"O \u00faltimo fim de semana de outubro promete parar o Brasil, seja pela quest\u00e3o pol\u00edtica quanto na futebol\u00edstica. No dia 29, Athletico-PR e Flamengo disputam a final da Copa Libertadores em Guayaquil (EQU) e, no dia seguinte, acontecer\u00e1 o segundo turno das elei\u00e7\u00f5es brasileiras. Entre os Estados envolvidos nesta decis\u00e3o, ao menos para o Governo [&hellip;]","og_url":"https:\/\/www.gaveanews.com\/index.php\/2022\/10\/02\/flamengo-x-athletico-pr-final-da-libertadores-sera-na-vespera-do-2o-turno-entre-bolsonaro-e-lula\/","og_site_name":"G\u00e1vea News","article_publisher":"https:\/\/facebook.com\/gaveaNews\/","article_published_time":"2022-10-03T00:45:05+00:00","article_modified_time":"2022-10-03T00:45:08+00:00","og_image":[{"width":799,"height":533,"url":"https:\/\/www.gaveanews.com\/wp-content\/uploads\/Time-titular-do-Flamengo-para-o-jogo-contra-o-Corinthians-pela-Libertadores.webp","type":"image\/jpeg"}],"author":"Equipe G\u00e1vea News","twitter_card":"summary_large_image","twitter_misc":{"Escrito por":"Equipe G\u00e1vea News","Est. tempo de leitura":"2 minutos"},"schema":{"@context":"https:\/\/schema.org","@graph":[{"@type":"NewsArticle","@id":"https:\/\/www.gaveanews.com\/index.php\/2022\/10\/02\/flamengo-x-athletico-pr-final-da-libertadores-sera-na-vespera-do-2o-turno-entre-bolsonaro-e-lula\/#article","isPartOf":{"@id":"https:\/\/www.gaveanews.com\/index.php\/2022\/10\/02\/flamengo-x-athletico-pr-final-da-libertadores-sera-na-vespera-do-2o-turno-entre-bolsonaro-e-lula\/"},"author":{"name":"Equipe G\u00e1vea News","@id":"https:\/\/www.gaveanews.com\/#\/schema\/person\/2ec14f73fb96be2caf28f91afb14749d"},"headline":"Flamengo x Athletico-PR: Final da Libertadores ser\u00e1 na v\u00e9spera do 2\u00ba turno entre Bolsonaro e Lula","datePublished":"2022-10-03T00:45:05+00:00","dateModified":"2022-10-03T00:45:08+00:00","mainEntityOfPage":{"@id":"https:\/\/www.gaveanews.com\/index.php\/2022\/10\/02\/flamengo-x-athletico-pr-final-da-libertadores-sera-na-vespera-do-2o-turno-entre-bolsonaro-e-lula\/"},"wordCount":320,"commentCount":0,"image":{"@id":"https:\/\/www.gaveanews.com\/index.php\/2022\/10\/02\/flamengo-x-athletico-pr-final-da-libertadores-sera-na-vespera-do-2o-turno-entre-bolsonaro-e-lula\/#primaryimage"},"thumbnailUrl":"https:\/\/www.gaveanews.com\/wp-content\/uploads\/Time-titular-do-Flamengo-para-o-jogo-contra-o-Corinthians-pela-Libertadores.webp","articleSection":["Flamengo"],"inLanguage":"pt-BR","potentialAction":[{"@type":"CommentAction","name":"Comment","target":["https:\/\/www.gaveanews.com\/index.php\/2022\/10\/02\/flamengo-x-athletico-pr-final-da-libertadores-sera-na-vespera-do-2o-turno-entre-bolsonaro-e-lula\/#respond"]}],"copyrightYear":"2022","copyrightHolder":{"@id":"https:\/\/www.gaveanews.com\/#organization"}},{"@type":"WebPage","@id":"https:\/\/www.gaveanews.com\/index.php\/2022\/10\/02\/flamengo-x-athletico-pr-final-da-libertadores-sera-na-vespera-do-2o-turno-entre-bolsonaro-e-lula\/","url":"https:\/\/www.gaveanews.com\/index.php\/2022\/10\/02\/flamengo-x-athletico-pr-final-da-libertadores-sera-na-vespera-do-2o-turno-entre-bolsonaro-e-lula\/","name":"Flamengo x Athletico-PR: Final da Libertadores ser\u00e1 na v\u00e9spera do 2\u00ba turno entre Bolsonaro e Lula","isPartOf":{"@id":"https:\/\/www.gaveanews.com\/#website"},"primaryImageOfPage":{"@id":"https:\/\/www.gaveanews.com\/index.php\/2022\/10\/02\/flamengo-x-athletico-pr-final-da-libertadores-sera-na-vespera-do-2o-turno-entre-bolsonaro-e-lula\/#primaryimage"},"image":{"@id":"https:\/\/www.gaveanews.com\/index.php\/2022\/10\/02\/flamengo-x-athletico-pr-final-da-libertadores-sera-na-vespera-do-2o-turno-entre-bolsonaro-e-lula\/#primaryimage"},"thumbnailUrl":"https:\/\/www.gaveanews.com\/wp-content\/uploads\/Time-titular-do-Flamengo-para-o-jogo-contra-o-Corinthians-pela-Libertadores.webp","datePublished":"2022-10-03T00:45:05+00:00","dateModified":"2022-10-03T00:45:08+00:00","author":{"@id":"https:\/\/www.gaveanews.com\/#\/schema\/person\/2ec14f73fb96be2caf28f91afb14749d"},"breadcrumb":{"@id":"https:\/\/www.gaveanews.com\/index.php\/2022\/10\/02\/flamengo-x-athletico-pr-final-da-libertadores-sera-na-vespera-do-2o-turno-entre-bolsonaro-e-lula\/#breadcrumb"},"inLanguage":"pt-BR","potentialAction":[{"@type":"ReadAction","target":["https:\/\/www.gaveanews.com\/index.php\/2022\/10\/02\/flamengo-x-athletico-pr-final-da-libertadores-sera-na-vespera-do-2o-turno-entre-bolsonaro-e-lula\/"]}]},{"@type":"ImageObject","inLanguage":"pt-BR","@id":"https:\/\/www.gaveanews.com\/index.php\/2022\/10\/02\/flamengo-x-athletico-pr-final-da-libertadores-sera-na-vespera-do-2o-turno-entre-bolsonaro-e-lula\/#primaryimage","url":"https:\/\/www.gaveanews.com\/wp-content\/uploads\/Time-titular-do-Flamengo-para-o-jogo-contra-o-Corinthians-pela-Libertadores.webp","contentUrl":"https:\/\/www.gaveanews.com\/wp-content\/uploads\/Time-titular-do-Flamengo-para-o-jogo-contra-o-Corinthians-pela-Libertadores.webp","width":799,"height":533,"caption":"Time titular do Flamengo para o jogo contra o Corinthians pela Libertadores (Foto: Alexandre Vidal\/Flamengo)"},{"@type":"BreadcrumbList","@id":"https:\/\/www.gaveanews.com\/index.php\/2022\/10\/02\/flamengo-x-athletico-pr-final-da-libertadores-sera-na-vespera-do-2o-turno-entre-bolsonaro-e-lula\/#breadcrumb","itemListElement":[{"@type":"ListItem","position":1,"name":"Home","item":"https:\/\/www.gaveanews.com\/"},{"@type":"ListItem","position":2,"name":"Flamengo x Athletico-PR: Final da Libertadores ser\u00e1 na v\u00e9spera do 2\u00ba turno entre Bolsonaro e Lula"}]},{"@type":"WebSite","@id":"https:\/\/www.gaveanews.com\/#website","url":"https:\/\/www.gaveanews.com\/","name":"G\u00e1vea News","description":"Veja todas as not\u00edcias sobre o Flamengo: Contrata\u00e7\u00f5es, categorias de base, resultados das partidas, tabela de classifica\u00e7\u00e3o, pr\u00f3ximos jogos!","potentialAction":[{"@type":"SearchAction","target":{"@type":"EntryPoint","urlTemplate":"https:\/\/www.gaveanews.com\/?s={search_term_string}"},"query-input":{"@type":"PropertyValueSpecification","valueRequired":true,"valueName":"search_term_string"}}],"inLanguage":"pt-BR"},{"@type":"Person","@id":"https:\/\/www.gaveanews.com\/#\/schema\/person\/2ec14f73fb96be2caf28f91afb14749d","name":"Equipe G\u00e1vea News","image":{"@type":"ImageObject","inLanguage":"pt-BR","@id":"https:\/\/www.gaveanews.com\/#\/schema\/person\/image\/","url":"https:\/\/secure.gravatar.com\/avatar\/1e1956f1facbffd3f8fa53a326721950116b3b9dc9bd44939c01180fd4a745a9?s=96&d=mm&r=g","contentUrl":"https:\/\/secure.gravatar.com\/avatar\/1e1956f1facbffd3f8fa53a326721950116b3b9dc9bd44939c01180fd4a745a9?s=96&d=mm&r=g","caption":"Equipe G\u00e1vea News"}}]}},"_links":{"self":[{"href":"https:\/\/www.gaveanews.com\/index.php\/wp-json\/wp\/v2\/posts\/88424","targetHints":{"allow":["GET"]}}],"collection":[{"href":"https:\/\/www.gaveanews.com\/index.php\/wp-json\/wp\/v2\/posts"}],"about":[{"href":"https:\/\/www.gaveanews.com\/index.php\/wp-json\/wp\/v2\/types\/post"}],"author":[{"embeddable":true,"href":"https:\/\/www.gaveanews.com\/index.php\/wp-json\/wp\/v2\/users\/1"}],"replies":[{"embeddable":true,"href":"https:\/\/www.gaveanews.com\/index.php\/wp-json\/wp\/v2\/comments?post=88424"}],"version-history":[{"count":0,"href":"https:\/\/www.gaveanews.com\/index.php\/wp-json\/wp\/v2\/posts\/88424\/revisions"}],"wp:featuredmedia":[{"embeddable":true,"href":"https:\/\/www.gaveanews.com\/index.php\/wp-json\/wp\/v2\/media\/85766"}],"wp:attachment":[{"href":"https:\/\/www.gaveanews.com\/index.php\/wp-json\/wp\/v2\/media?parent=88424"}],"wp:term":[{"taxonomy":"category","embeddable":true,"href":"https:\/\/www.gaveanews.com\/index.php\/wp-json\/wp\/v2\/categories?post=88424"},{"taxonomy":"post_tag","embeddable":true,"href":"https:\/\/www.gaveanews.com\/index.php\/wp-json\/wp\/v2\/tags?post=88424"}],"curies":[{"name":"wp","href":"https:\/\/api.w.org\/{rel}","templated":true}]}}