{"id":88427,"date":"2022-10-02T22:11:41","date_gmt":"2022-10-03T01:11:41","guid":{"rendered":"https:\/\/www.gaveanews.com\/?p=88427"},"modified":"2022-10-02T22:11:49","modified_gmt":"2022-10-03T01:11:49","slug":"pedro-e-gabigol-acirram-briga-por-artilharia-do-flamengo-em-2022","status":"publish","type":"post","link":"https:\/\/www.gaveanews.com\/index.php\/2022\/10\/02\/pedro-e-gabigol-acirram-briga-por-artilharia-do-flamengo-em-2022\/","title":{"rendered":"Pedro e Gabigol acirram briga por artilharia do Flamengo em 2022"},"content":{"rendered":"\n<p>O Flamengo voltou ao caminho das vit\u00f3rias com o 4 a 1 sobre o Red Bull Bragantino, neste s\u00e1bado. O triunfo foi comandado por Gabigol e Pedro, com tr\u00eas gols para o o camisa 21 e um para o 9. Com isso, a dupla acirra briga pela artilharia do Rubro-Negro na temporada.<\/p>\n\n\n\n<p>A partida diante do da equipe de Bragan\u00e7a Paulista foi mais uma prova do poderio ofensivo da dupla. Gabigol at\u00e9 chegou a perder um p\u00eanalti, logo no in\u00edcio do jogo, mas balan\u00e7ou as redes minutos depois. Al\u00e9m de ter assistido Gabi, Arrascaeta tamb\u00e9m serviu Pedro para o segundo do Rubro-Negro.<\/p>\n\n\n\n<p>Pedro queria mais e marcou outras duas vezes, para emplacar seu terceiro &#8220;hat-trick&#8221; com a camisa do Flamengo. E ao contr\u00e1rio do que aconteceu contra o V\u00e9lez, na Argentina, o artilheiro levou a bola para casa. Era o resultado esperado pelos mais de 45 mil rubro-negros no Maracan\u00e3.<\/p>\n\n\n\n<p>Gabi e Pedro combinam para 55 gols pelo Flamengo em 2022. Com os tr\u00eas deste s\u00e1bado, o camisa 21 encostou no 9 e chegou a marca dos 27. O 9, que \u00e9 um dos recordistas de jogos pelo Rubro-Negro na temporada, com 57 partidas, tem 28.<\/p>\n\n\n\n<p><strong>N\u00fameros de Gabigol pelo Flamengo em 2022:<\/strong><\/p>\n\n\n\n<ul class=\"wp-block-list\"><li>57 jogos<\/li><li>4465 minutos em campo<\/li><li>33 participa\u00e7\u00f5es em gol<\/li><li>0,57 m\u00e9dia de participa\u00e7\u00e3o<\/li><\/ul>\n\n\n\n<p><strong>N\u00fameros de Pedro pelo Flamengo em 2022:<\/strong><\/p>\n\n\n\n<ul class=\"wp-block-list\"><li>54 jogos<\/li><li>2832 minutos<\/li><li>34 participa\u00e7\u00f5es em gol<\/li><li>0,63 m\u00e9dia de participa\u00e7\u00e3o<\/li><\/ul>\n\n\n\n<p>Retirado de: Lance<\/p>\n","protected":false},"excerpt":{"rendered":"<p>O Flamengo voltou ao caminho das vit\u00f3rias com o 4 a 1 sobre o Red Bull Bragantino, neste s\u00e1bado. O triunfo foi comandado por Gabigol e Pedro, com tr\u00eas gols para o o camisa 21 e um para o 9. Com isso, a dupla acirra briga pela artilharia do Rubro-Negro na temporada. A partida diante [&hellip;]<\/p>\n","protected":false},"author":1,"featured_media":84422,"comment_status":"open","ping_status":"closed","sticky":false,"template":"","format":"standard","meta":{"footnotes":""},"categories":[1],"tags":[],"class_list":["post-88427","post","type-post","status-publish","format-standard","has-post-thumbnail","hentry","category-flamengo"],"yoast_head":"<!-- This site is optimized with the Yoast SEO Premium plugin v24.2 (Yoast SEO v26.9) - https:\/\/yoast.com\/product\/yoast-seo-premium-wordpress\/ -->\n<title>Pedro e Gabigol acirram briga por artilharia do Flamengo em 2022<\/title>\n<meta name=\"robots\" content=\"index, follow, max-snippet:-1, max-image-preview:large, max-video-preview:-1\" \/>\n<link rel=\"canonical\" href=\"https:\/\/www.gaveanews.com\/index.php\/2022\/10\/02\/pedro-e-gabigol-acirram-briga-por-artilharia-do-flamengo-em-2022\/\" \/>\n<meta property=\"og:locale\" content=\"pt_BR\" \/>\n<meta property=\"og:type\" content=\"article\" \/>\n<meta property=\"og:title\" content=\"Pedro e Gabigol acirram briga por artilharia do Flamengo em 2022\" \/>\n<meta property=\"og:description\" content=\"O Flamengo voltou ao caminho das vit\u00f3rias com o 4 a 1 sobre o Red Bull Bragantino, neste s\u00e1bado. O triunfo foi comandado por Gabigol e Pedro, com tr\u00eas gols para o o camisa 21 e um para o 9. Com isso, a dupla acirra briga pela artilharia do Rubro-Negro na temporada. A partida diante [&hellip;]\" \/>\n<meta property=\"og:url\" content=\"https:\/\/www.gaveanews.com\/index.php\/2022\/10\/02\/pedro-e-gabigol-acirram-briga-por-artilharia-do-flamengo-em-2022\/\" \/>\n<meta property=\"og:site_name\" content=\"G\u00e1vea News\" \/>\n<meta property=\"article:publisher\" content=\"https:\/\/facebook.com\/gaveaNews\/\" \/>\n<meta property=\"article:published_time\" content=\"2022-10-03T01:11:41+00:00\" \/>\n<meta property=\"article:modified_time\" content=\"2022-10-03T01:11:49+00:00\" \/>\n<meta property=\"og:image\" content=\"https:\/\/www.gaveanews.com\/wp-content\/uploads\/Pedro-e-Gabigol-em-goleada-do-Flamengo-sobre-o-Tolima-na-Libertadores-2022.webp\" \/>\n\t<meta property=\"og:image:width\" content=\"800\" \/>\n\t<meta property=\"og:image:height\" content=\"531\" \/>\n\t<meta property=\"og:image:type\" content=\"image\/jpeg\" \/>\n<meta name=\"author\" content=\"Equipe G\u00e1vea News\" \/>\n<meta name=\"twitter:card\" content=\"summary_large_image\" \/>\n<meta name=\"twitter:label1\" content=\"Escrito por\" \/>\n\t<meta name=\"twitter:data1\" content=\"Equipe G\u00e1vea News\" \/>\n\t<meta name=\"twitter:label2\" content=\"Est. tempo de leitura\" \/>\n\t<meta name=\"twitter:data2\" content=\"2 minutos\" \/>\n<script type=\"application\/ld+json\" class=\"yoast-schema-graph\">{\"@context\":\"https:\/\/schema.org\",\"@graph\":[{\"@type\":\"NewsArticle\",\"@id\":\"https:\/\/www.gaveanews.com\/index.php\/2022\/10\/02\/pedro-e-gabigol-acirram-briga-por-artilharia-do-flamengo-em-2022\/#article\",\"isPartOf\":{\"@id\":\"https:\/\/www.gaveanews.com\/index.php\/2022\/10\/02\/pedro-e-gabigol-acirram-briga-por-artilharia-do-flamengo-em-2022\/\"},\"author\":{\"name\":\"Equipe G\u00e1vea News\",\"@id\":\"https:\/\/www.gaveanews.com\/#\/schema\/person\/2ec14f73fb96be2caf28f91afb14749d\"},\"headline\":\"Pedro e Gabigol acirram briga por artilharia do Flamengo em 2022\",\"datePublished\":\"2022-10-03T01:11:41+00:00\",\"dateModified\":\"2022-10-03T01:11:49+00:00\",\"mainEntityOfPage\":{\"@id\":\"https:\/\/www.gaveanews.com\/index.php\/2022\/10\/02\/pedro-e-gabigol-acirram-briga-por-artilharia-do-flamengo-em-2022\/\"},\"wordCount\":246,\"commentCount\":0,\"image\":{\"@id\":\"https:\/\/www.gaveanews.com\/index.php\/2022\/10\/02\/pedro-e-gabigol-acirram-briga-por-artilharia-do-flamengo-em-2022\/#primaryimage\"},\"thumbnailUrl\":\"https:\/\/www.gaveanews.com\/wp-content\/uploads\/Pedro-e-Gabigol-em-goleada-do-Flamengo-sobre-o-Tolima-na-Libertadores-2022.webp\",\"articleSection\":[\"Flamengo\"],\"inLanguage\":\"pt-BR\",\"potentialAction\":[{\"@type\":\"CommentAction\",\"name\":\"Comment\",\"target\":[\"https:\/\/www.gaveanews.com\/index.php\/2022\/10\/02\/pedro-e-gabigol-acirram-briga-por-artilharia-do-flamengo-em-2022\/#respond\"]}],\"copyrightYear\":\"2022\",\"copyrightHolder\":{\"@id\":\"https:\/\/www.gaveanews.com\/#organization\"}},{\"@type\":\"WebPage\",\"@id\":\"https:\/\/www.gaveanews.com\/index.php\/2022\/10\/02\/pedro-e-gabigol-acirram-briga-por-artilharia-do-flamengo-em-2022\/\",\"url\":\"https:\/\/www.gaveanews.com\/index.php\/2022\/10\/02\/pedro-e-gabigol-acirram-briga-por-artilharia-do-flamengo-em-2022\/\",\"name\":\"Pedro e Gabigol acirram briga por artilharia do Flamengo em 2022\",\"isPartOf\":{\"@id\":\"https:\/\/www.gaveanews.com\/#website\"},\"primaryImageOfPage\":{\"@id\":\"https:\/\/www.gaveanews.com\/index.php\/2022\/10\/02\/pedro-e-gabigol-acirram-briga-por-artilharia-do-flamengo-em-2022\/#primaryimage\"},\"image\":{\"@id\":\"https:\/\/www.gaveanews.com\/index.php\/2022\/10\/02\/pedro-e-gabigol-acirram-briga-por-artilharia-do-flamengo-em-2022\/#primaryimage\"},\"thumbnailUrl\":\"https:\/\/www.gaveanews.com\/wp-content\/uploads\/Pedro-e-Gabigol-em-goleada-do-Flamengo-sobre-o-Tolima-na-Libertadores-2022.webp\",\"datePublished\":\"2022-10-03T01:11:41+00:00\",\"dateModified\":\"2022-10-03T01:11:49+00:00\",\"author\":{\"@id\":\"https:\/\/www.gaveanews.com\/#\/schema\/person\/2ec14f73fb96be2caf28f91afb14749d\"},\"breadcrumb\":{\"@id\":\"https:\/\/www.gaveanews.com\/index.php\/2022\/10\/02\/pedro-e-gabigol-acirram-briga-por-artilharia-do-flamengo-em-2022\/#breadcrumb\"},\"inLanguage\":\"pt-BR\",\"potentialAction\":[{\"@type\":\"ReadAction\",\"target\":[\"https:\/\/www.gaveanews.com\/index.php\/2022\/10\/02\/pedro-e-gabigol-acirram-briga-por-artilharia-do-flamengo-em-2022\/\"]}]},{\"@type\":\"ImageObject\",\"inLanguage\":\"pt-BR\",\"@id\":\"https:\/\/www.gaveanews.com\/index.php\/2022\/10\/02\/pedro-e-gabigol-acirram-briga-por-artilharia-do-flamengo-em-2022\/#primaryimage\",\"url\":\"https:\/\/www.gaveanews.com\/wp-content\/uploads\/Pedro-e-Gabigol-em-goleada-do-Flamengo-sobre-o-Tolima-na-Libertadores-2022.webp\",\"contentUrl\":\"https:\/\/www.gaveanews.com\/wp-content\/uploads\/Pedro-e-Gabigol-em-goleada-do-Flamengo-sobre-o-Tolima-na-Libertadores-2022.webp\",\"width\":800,\"height\":531,\"caption\":\"Pedro e Gabigol em goleada do Flamengo sobre o Tolima na Libertadores 2022 (Foto: Marcelo Cortes\/Flamengo)\"},{\"@type\":\"BreadcrumbList\",\"@id\":\"https:\/\/www.gaveanews.com\/index.php\/2022\/10\/02\/pedro-e-gabigol-acirram-briga-por-artilharia-do-flamengo-em-2022\/#breadcrumb\",\"itemListElement\":[{\"@type\":\"ListItem\",\"position\":1,\"name\":\"Home\",\"item\":\"https:\/\/www.gaveanews.com\/\"},{\"@type\":\"ListItem\",\"position\":2,\"name\":\"Pedro e Gabigol acirram briga por artilharia do Flamengo em 2022\"}]},{\"@type\":\"WebSite\",\"@id\":\"https:\/\/www.gaveanews.com\/#website\",\"url\":\"https:\/\/www.gaveanews.com\/\",\"name\":\"G\u00e1vea News\",\"description\":\"Veja todas as not\u00edcias sobre o Flamengo: Contrata\u00e7\u00f5es, categorias de base, resultados das partidas, tabela de classifica\u00e7\u00e3o, pr\u00f3ximos jogos!\",\"potentialAction\":[{\"@type\":\"SearchAction\",\"target\":{\"@type\":\"EntryPoint\",\"urlTemplate\":\"https:\/\/www.gaveanews.com\/?s={search_term_string}\"},\"query-input\":{\"@type\":\"PropertyValueSpecification\",\"valueRequired\":true,\"valueName\":\"search_term_string\"}}],\"inLanguage\":\"pt-BR\"},{\"@type\":\"Person\",\"@id\":\"https:\/\/www.gaveanews.com\/#\/schema\/person\/2ec14f73fb96be2caf28f91afb14749d\",\"name\":\"Equipe G\u00e1vea News\",\"image\":{\"@type\":\"ImageObject\",\"inLanguage\":\"pt-BR\",\"@id\":\"https:\/\/www.gaveanews.com\/#\/schema\/person\/image\/\",\"url\":\"https:\/\/secure.gravatar.com\/avatar\/1e1956f1facbffd3f8fa53a326721950116b3b9dc9bd44939c01180fd4a745a9?s=96&d=mm&r=g\",\"contentUrl\":\"https:\/\/secure.gravatar.com\/avatar\/1e1956f1facbffd3f8fa53a326721950116b3b9dc9bd44939c01180fd4a745a9?s=96&d=mm&r=g\",\"caption\":\"Equipe G\u00e1vea News\"}}]}<\/script>\n<!-- \/ Yoast SEO Premium plugin. -->","yoast_head_json":{"title":"Pedro e Gabigol acirram briga por artilharia do Flamengo em 2022","robots":{"index":"index","follow":"follow","max-snippet":"max-snippet:-1","max-image-preview":"max-image-preview:large","max-video-preview":"max-video-preview:-1"},"canonical":"https:\/\/www.gaveanews.com\/index.php\/2022\/10\/02\/pedro-e-gabigol-acirram-briga-por-artilharia-do-flamengo-em-2022\/","og_locale":"pt_BR","og_type":"article","og_title":"Pedro e Gabigol acirram briga por artilharia do Flamengo em 2022","og_description":"O Flamengo voltou ao caminho das vit\u00f3rias com o 4 a 1 sobre o Red Bull Bragantino, neste s\u00e1bado. O triunfo foi comandado por Gabigol e Pedro, com tr\u00eas gols para o o camisa 21 e um para o 9. Com isso, a dupla acirra briga pela artilharia do Rubro-Negro na temporada. A partida diante [&hellip;]","og_url":"https:\/\/www.gaveanews.com\/index.php\/2022\/10\/02\/pedro-e-gabigol-acirram-briga-por-artilharia-do-flamengo-em-2022\/","og_site_name":"G\u00e1vea News","article_publisher":"https:\/\/facebook.com\/gaveaNews\/","article_published_time":"2022-10-03T01:11:41+00:00","article_modified_time":"2022-10-03T01:11:49+00:00","og_image":[{"width":800,"height":531,"url":"https:\/\/www.gaveanews.com\/wp-content\/uploads\/Pedro-e-Gabigol-em-goleada-do-Flamengo-sobre-o-Tolima-na-Libertadores-2022.webp","type":"image\/jpeg"}],"author":"Equipe G\u00e1vea News","twitter_card":"summary_large_image","twitter_misc":{"Escrito por":"Equipe G\u00e1vea News","Est. tempo de leitura":"2 minutos"},"schema":{"@context":"https:\/\/schema.org","@graph":[{"@type":"NewsArticle","@id":"https:\/\/www.gaveanews.com\/index.php\/2022\/10\/02\/pedro-e-gabigol-acirram-briga-por-artilharia-do-flamengo-em-2022\/#article","isPartOf":{"@id":"https:\/\/www.gaveanews.com\/index.php\/2022\/10\/02\/pedro-e-gabigol-acirram-briga-por-artilharia-do-flamengo-em-2022\/"},"author":{"name":"Equipe G\u00e1vea News","@id":"https:\/\/www.gaveanews.com\/#\/schema\/person\/2ec14f73fb96be2caf28f91afb14749d"},"headline":"Pedro e Gabigol acirram briga por artilharia do Flamengo em 2022","datePublished":"2022-10-03T01:11:41+00:00","dateModified":"2022-10-03T01:11:49+00:00","mainEntityOfPage":{"@id":"https:\/\/www.gaveanews.com\/index.php\/2022\/10\/02\/pedro-e-gabigol-acirram-briga-por-artilharia-do-flamengo-em-2022\/"},"wordCount":246,"commentCount":0,"image":{"@id":"https:\/\/www.gaveanews.com\/index.php\/2022\/10\/02\/pedro-e-gabigol-acirram-briga-por-artilharia-do-flamengo-em-2022\/#primaryimage"},"thumbnailUrl":"https:\/\/www.gaveanews.com\/wp-content\/uploads\/Pedro-e-Gabigol-em-goleada-do-Flamengo-sobre-o-Tolima-na-Libertadores-2022.webp","articleSection":["Flamengo"],"inLanguage":"pt-BR","potentialAction":[{"@type":"CommentAction","name":"Comment","target":["https:\/\/www.gaveanews.com\/index.php\/2022\/10\/02\/pedro-e-gabigol-acirram-briga-por-artilharia-do-flamengo-em-2022\/#respond"]}],"copyrightYear":"2022","copyrightHolder":{"@id":"https:\/\/www.gaveanews.com\/#organization"}},{"@type":"WebPage","@id":"https:\/\/www.gaveanews.com\/index.php\/2022\/10\/02\/pedro-e-gabigol-acirram-briga-por-artilharia-do-flamengo-em-2022\/","url":"https:\/\/www.gaveanews.com\/index.php\/2022\/10\/02\/pedro-e-gabigol-acirram-briga-por-artilharia-do-flamengo-em-2022\/","name":"Pedro e Gabigol acirram briga por artilharia do Flamengo em 2022","isPartOf":{"@id":"https:\/\/www.gaveanews.com\/#website"},"primaryImageOfPage":{"@id":"https:\/\/www.gaveanews.com\/index.php\/2022\/10\/02\/pedro-e-gabigol-acirram-briga-por-artilharia-do-flamengo-em-2022\/#primaryimage"},"image":{"@id":"https:\/\/www.gaveanews.com\/index.php\/2022\/10\/02\/pedro-e-gabigol-acirram-briga-por-artilharia-do-flamengo-em-2022\/#primaryimage"},"thumbnailUrl":"https:\/\/www.gaveanews.com\/wp-content\/uploads\/Pedro-e-Gabigol-em-goleada-do-Flamengo-sobre-o-Tolima-na-Libertadores-2022.webp","datePublished":"2022-10-03T01:11:41+00:00","dateModified":"2022-10-03T01:11:49+00:00","author":{"@id":"https:\/\/www.gaveanews.com\/#\/schema\/person\/2ec14f73fb96be2caf28f91afb14749d"},"breadcrumb":{"@id":"https:\/\/www.gaveanews.com\/index.php\/2022\/10\/02\/pedro-e-gabigol-acirram-briga-por-artilharia-do-flamengo-em-2022\/#breadcrumb"},"inLanguage":"pt-BR","potentialAction":[{"@type":"ReadAction","target":["https:\/\/www.gaveanews.com\/index.php\/2022\/10\/02\/pedro-e-gabigol-acirram-briga-por-artilharia-do-flamengo-em-2022\/"]}]},{"@type":"ImageObject","inLanguage":"pt-BR","@id":"https:\/\/www.gaveanews.com\/index.php\/2022\/10\/02\/pedro-e-gabigol-acirram-briga-por-artilharia-do-flamengo-em-2022\/#primaryimage","url":"https:\/\/www.gaveanews.com\/wp-content\/uploads\/Pedro-e-Gabigol-em-goleada-do-Flamengo-sobre-o-Tolima-na-Libertadores-2022.webp","contentUrl":"https:\/\/www.gaveanews.com\/wp-content\/uploads\/Pedro-e-Gabigol-em-goleada-do-Flamengo-sobre-o-Tolima-na-Libertadores-2022.webp","width":800,"height":531,"caption":"Pedro e Gabigol em goleada do Flamengo sobre o Tolima na Libertadores 2022 (Foto: Marcelo Cortes\/Flamengo)"},{"@type":"BreadcrumbList","@id":"https:\/\/www.gaveanews.com\/index.php\/2022\/10\/02\/pedro-e-gabigol-acirram-briga-por-artilharia-do-flamengo-em-2022\/#breadcrumb","itemListElement":[{"@type":"ListItem","position":1,"name":"Home","item":"https:\/\/www.gaveanews.com\/"},{"@type":"ListItem","position":2,"name":"Pedro e Gabigol acirram briga por artilharia do Flamengo em 2022"}]},{"@type":"WebSite","@id":"https:\/\/www.gaveanews.com\/#website","url":"https:\/\/www.gaveanews.com\/","name":"G\u00e1vea News","description":"Veja todas as not\u00edcias sobre o Flamengo: Contrata\u00e7\u00f5es, categorias de base, resultados das partidas, tabela de classifica\u00e7\u00e3o, pr\u00f3ximos jogos!","potentialAction":[{"@type":"SearchAction","target":{"@type":"EntryPoint","urlTemplate":"https:\/\/www.gaveanews.com\/?s={search_term_string}"},"query-input":{"@type":"PropertyValueSpecification","valueRequired":true,"valueName":"search_term_string"}}],"inLanguage":"pt-BR"},{"@type":"Person","@id":"https:\/\/www.gaveanews.com\/#\/schema\/person\/2ec14f73fb96be2caf28f91afb14749d","name":"Equipe G\u00e1vea News","image":{"@type":"ImageObject","inLanguage":"pt-BR","@id":"https:\/\/www.gaveanews.com\/#\/schema\/person\/image\/","url":"https:\/\/secure.gravatar.com\/avatar\/1e1956f1facbffd3f8fa53a326721950116b3b9dc9bd44939c01180fd4a745a9?s=96&d=mm&r=g","contentUrl":"https:\/\/secure.gravatar.com\/avatar\/1e1956f1facbffd3f8fa53a326721950116b3b9dc9bd44939c01180fd4a745a9?s=96&d=mm&r=g","caption":"Equipe G\u00e1vea News"}}]}},"_links":{"self":[{"href":"https:\/\/www.gaveanews.com\/index.php\/wp-json\/wp\/v2\/posts\/88427","targetHints":{"allow":["GET"]}}],"collection":[{"href":"https:\/\/www.gaveanews.com\/index.php\/wp-json\/wp\/v2\/posts"}],"about":[{"href":"https:\/\/www.gaveanews.com\/index.php\/wp-json\/wp\/v2\/types\/post"}],"author":[{"embeddable":true,"href":"https:\/\/www.gaveanews.com\/index.php\/wp-json\/wp\/v2\/users\/1"}],"replies":[{"embeddable":true,"href":"https:\/\/www.gaveanews.com\/index.php\/wp-json\/wp\/v2\/comments?post=88427"}],"version-history":[{"count":0,"href":"https:\/\/www.gaveanews.com\/index.php\/wp-json\/wp\/v2\/posts\/88427\/revisions"}],"wp:featuredmedia":[{"embeddable":true,"href":"https:\/\/www.gaveanews.com\/index.php\/wp-json\/wp\/v2\/media\/84422"}],"wp:attachment":[{"href":"https:\/\/www.gaveanews.com\/index.php\/wp-json\/wp\/v2\/media?parent=88427"}],"wp:term":[{"taxonomy":"category","embeddable":true,"href":"https:\/\/www.gaveanews.com\/index.php\/wp-json\/wp\/v2\/categories?post=88427"},{"taxonomy":"post_tag","embeddable":true,"href":"https:\/\/www.gaveanews.com\/index.php\/wp-json\/wp\/v2\/tags?post=88427"}],"curies":[{"name":"wp","href":"https:\/\/api.w.org\/{rel}","templated":true}]}}