{"id":88431,"date":"2022-10-03T00:07:08","date_gmt":"2022-10-03T03:07:08","guid":{"rendered":"https:\/\/www.gaveanews.com\/?p=88431"},"modified":"2022-10-03T00:07:11","modified_gmt":"2022-10-03T03:07:11","slug":"jornalista-pede-titularidade-de-pedro-do-flamengo-na-selecao-brasileira-na-copa-do-mundo","status":"publish","type":"post","link":"https:\/\/www.gaveanews.com\/index.php\/2022\/10\/03\/jornalista-pede-titularidade-de-pedro-do-flamengo-na-selecao-brasileira-na-copa-do-mundo\/","title":{"rendered":"Jornalista pede titularidade de Pedro, do Flamengo, na sele\u00e7\u00e3o brasileira na Copa do Mundo"},"content":{"rendered":"\n<p>O atacante Pedro vem vivendo uma excelente fase vestindo a camisa do Flamengo. Inclusive, na noite deste s\u00e1bado, o centroavante marcou tr\u00eas gols na vit\u00f3ria por 4 a 1 do Flamengo sobre o Red Bull Bragantino, em duelo v\u00e1lido pela 29\u00aa rodada do Brasileir\u00e3o S\u00e9rie A.<\/p>\n\n\n\n<p>Diante disso, em seu blog no Uol, o jornalista Milton Neves rasgou elogios para Pedro, afirmando que o centroavante flamenguista \u00e9 o melhor jogador brasileiro em atividade e que este deve n\u00e3o s\u00f3 estar com a sele\u00e7\u00e3o brasileira na Copa do Mundo do Catar como tamb\u00e9m ser titular na competi\u00e7\u00e3o:<\/p>\n\n\n\n<p>\u201cDiante do Red Bull Bragantino, neste s\u00e1bado, pelo Brasileir\u00e3o, o Mengo fazia uma partida morna, sofrendo para vencer os paulistas mesmo com um jogador a mais. A impress\u00e3o era de que o time de Dorival estava \u201csem fome\u201d. Mas Pedro resolveu agir, e mostrou que est\u00e1 faminto! Foram tr\u00eas gols em um intervalo curt\u00edssimo de tempo e o centroavante resolveu o jogo sozinho. Al\u00f4, Tite, n\u00e3o tem conversa! Pedro precisa ser titular na Copa do Mundo! \u00c9 o atacante mais completo que temos! E faz gol de tudo quanto \u00e9 jeito. Hoje teve gol de oportunista, de peito, da entrada da \u00e1rea. N\u00e3o tem como esse menino n\u00e3o ter uma vaga entre os 11 titulares da sele\u00e7\u00e3o\u201d \u2013 declarou Milton Neves em sua coluna na Uol.<\/p>\n\n\n\n<h2 class=\"wp-block-heading\" id=\"h-flamengo-quebra-jejum-de-jogos-sem-vitorias\">Flamengo quebra jejum de jogos sem vit\u00f3rias<\/h2>\n\n\n\n<p>O Flamengo, enfim, quebrou a inc\u00f4moda s\u00e9rie de jogos sem vit\u00f3rias no Brasileir\u00e3o S\u00e9rie A, que j\u00e1 durava quatro jogos. O triunfo em casa diante do Red Bull Bragantino deixou o Rubro-Negro com 48 pontos, ocupando a 5\u00aa coloca\u00e7\u00e3o. Agora, a equipe de Dorival Junior e Pedro volta suas aten\u00e7\u00f5es para o duelo diante do Internacional, marcado para a pr\u00f3xima quarta-feira (5), \u00e0s 21h30, no gramado do est\u00e1dio Maracan\u00e3, em jogo v\u00e1lido pela 30\u00aa rodada da competi\u00e7\u00e3o.<\/p>\n\n\n\n<p>Al\u00e9m do Campeonato Brasileiro, o Flamengo disputa tamb\u00e9m neste m\u00eas de outubro da final da Copa do Brasil em jogos de ida e volta diante do Corinthians, como tamb\u00e9m a final da Libertadores em jogo \u00fanico diante do Athletico Paranaense.<\/p>\n\n\n\n<p>Retirado de: Torcedores<\/p>\n","protected":false},"excerpt":{"rendered":"<p>O atacante Pedro vem vivendo uma excelente fase vestindo a camisa do Flamengo. Inclusive, na noite deste s\u00e1bado, o centroavante marcou tr\u00eas gols na vit\u00f3ria por 4 a 1 do Flamengo sobre o Red Bull Bragantino, em duelo v\u00e1lido pela 29\u00aa rodada do Brasileir\u00e3o S\u00e9rie A. Diante disso, em seu blog no Uol, o jornalista [&hellip;]<\/p>\n","protected":false},"author":1,"featured_media":88204,"comment_status":"open","ping_status":"closed","sticky":false,"template":"","format":"standard","meta":{"footnotes":""},"categories":[1],"tags":[],"class_list":["post-88431","post","type-post","status-publish","format-standard","has-post-thumbnail","hentry","category-flamengo"],"yoast_head":"<!-- This site is optimized with the Yoast SEO Premium plugin v24.2 (Yoast SEO v26.9) - https:\/\/yoast.com\/product\/yoast-seo-premium-wordpress\/ -->\n<title>Jornalista pede titularidade de Pedro, do Flamengo, na sele\u00e7\u00e3o brasileira na Copa do Mundo<\/title>\n<meta name=\"robots\" content=\"index, follow, max-snippet:-1, max-image-preview:large, max-video-preview:-1\" \/>\n<link rel=\"canonical\" href=\"https:\/\/www.gaveanews.com\/index.php\/2022\/10\/03\/jornalista-pede-titularidade-de-pedro-do-flamengo-na-selecao-brasileira-na-copa-do-mundo\/\" \/>\n<meta property=\"og:locale\" content=\"pt_BR\" \/>\n<meta property=\"og:type\" content=\"article\" \/>\n<meta property=\"og:title\" content=\"Jornalista pede titularidade de Pedro, do Flamengo, na sele\u00e7\u00e3o brasileira na Copa do Mundo\" \/>\n<meta property=\"og:description\" content=\"O atacante Pedro vem vivendo uma excelente fase vestindo a camisa do Flamengo. Inclusive, na noite deste s\u00e1bado, o centroavante marcou tr\u00eas gols na vit\u00f3ria por 4 a 1 do Flamengo sobre o Red Bull Bragantino, em duelo v\u00e1lido pela 29\u00aa rodada do Brasileir\u00e3o S\u00e9rie A. Diante disso, em seu blog no Uol, o jornalista [&hellip;]\" \/>\n<meta property=\"og:url\" content=\"https:\/\/www.gaveanews.com\/index.php\/2022\/10\/03\/jornalista-pede-titularidade-de-pedro-do-flamengo-na-selecao-brasileira-na-copa-do-mundo\/\" \/>\n<meta property=\"og:site_name\" content=\"G\u00e1vea News\" \/>\n<meta property=\"article:publisher\" content=\"https:\/\/facebook.com\/gaveaNews\/\" \/>\n<meta property=\"article:published_time\" content=\"2022-10-03T03:07:08+00:00\" \/>\n<meta property=\"article:modified_time\" content=\"2022-10-03T03:07:11+00:00\" \/>\n<meta property=\"og:image\" content=\"https:\/\/www.gaveanews.com\/wp-content\/uploads\/Pedro-comemora-gol-marcado-pela-Selecao-Brasileira.webp\" \/>\n\t<meta property=\"og:image:width\" content=\"900\" \/>\n\t<meta property=\"og:image:height\" content=\"506\" \/>\n\t<meta property=\"og:image:type\" content=\"image\/png\" \/>\n<meta name=\"author\" content=\"Equipe G\u00e1vea News\" \/>\n<meta name=\"twitter:card\" content=\"summary_large_image\" \/>\n<meta name=\"twitter:label1\" content=\"Escrito por\" \/>\n\t<meta name=\"twitter:data1\" content=\"Equipe G\u00e1vea News\" \/>\n\t<meta name=\"twitter:label2\" content=\"Est. tempo de leitura\" \/>\n\t<meta name=\"twitter:data2\" content=\"2 minutos\" \/>\n<script type=\"application\/ld+json\" class=\"yoast-schema-graph\">{\"@context\":\"https:\/\/schema.org\",\"@graph\":[{\"@type\":\"NewsArticle\",\"@id\":\"https:\/\/www.gaveanews.com\/index.php\/2022\/10\/03\/jornalista-pede-titularidade-de-pedro-do-flamengo-na-selecao-brasileira-na-copa-do-mundo\/#article\",\"isPartOf\":{\"@id\":\"https:\/\/www.gaveanews.com\/index.php\/2022\/10\/03\/jornalista-pede-titularidade-de-pedro-do-flamengo-na-selecao-brasileira-na-copa-do-mundo\/\"},\"author\":{\"name\":\"Equipe G\u00e1vea News\",\"@id\":\"https:\/\/www.gaveanews.com\/#\/schema\/person\/2ec14f73fb96be2caf28f91afb14749d\"},\"headline\":\"Jornalista pede titularidade de Pedro, do Flamengo, na sele\u00e7\u00e3o brasileira na Copa do Mundo\",\"datePublished\":\"2022-10-03T03:07:08+00:00\",\"dateModified\":\"2022-10-03T03:07:11+00:00\",\"mainEntityOfPage\":{\"@id\":\"https:\/\/www.gaveanews.com\/index.php\/2022\/10\/03\/jornalista-pede-titularidade-de-pedro-do-flamengo-na-selecao-brasileira-na-copa-do-mundo\/\"},\"wordCount\":387,\"commentCount\":0,\"image\":{\"@id\":\"https:\/\/www.gaveanews.com\/index.php\/2022\/10\/03\/jornalista-pede-titularidade-de-pedro-do-flamengo-na-selecao-brasileira-na-copa-do-mundo\/#primaryimage\"},\"thumbnailUrl\":\"https:\/\/www.gaveanews.com\/wp-content\/uploads\/Pedro-comemora-gol-marcado-pela-Selecao-Brasileira.webp\",\"articleSection\":[\"Flamengo\"],\"inLanguage\":\"pt-BR\",\"potentialAction\":[{\"@type\":\"CommentAction\",\"name\":\"Comment\",\"target\":[\"https:\/\/www.gaveanews.com\/index.php\/2022\/10\/03\/jornalista-pede-titularidade-de-pedro-do-flamengo-na-selecao-brasileira-na-copa-do-mundo\/#respond\"]}],\"copyrightYear\":\"2022\",\"copyrightHolder\":{\"@id\":\"https:\/\/www.gaveanews.com\/#organization\"}},{\"@type\":\"WebPage\",\"@id\":\"https:\/\/www.gaveanews.com\/index.php\/2022\/10\/03\/jornalista-pede-titularidade-de-pedro-do-flamengo-na-selecao-brasileira-na-copa-do-mundo\/\",\"url\":\"https:\/\/www.gaveanews.com\/index.php\/2022\/10\/03\/jornalista-pede-titularidade-de-pedro-do-flamengo-na-selecao-brasileira-na-copa-do-mundo\/\",\"name\":\"Jornalista pede titularidade de Pedro, do Flamengo, na sele\u00e7\u00e3o brasileira na Copa do Mundo\",\"isPartOf\":{\"@id\":\"https:\/\/www.gaveanews.com\/#website\"},\"primaryImageOfPage\":{\"@id\":\"https:\/\/www.gaveanews.com\/index.php\/2022\/10\/03\/jornalista-pede-titularidade-de-pedro-do-flamengo-na-selecao-brasileira-na-copa-do-mundo\/#primaryimage\"},\"image\":{\"@id\":\"https:\/\/www.gaveanews.com\/index.php\/2022\/10\/03\/jornalista-pede-titularidade-de-pedro-do-flamengo-na-selecao-brasileira-na-copa-do-mundo\/#primaryimage\"},\"thumbnailUrl\":\"https:\/\/www.gaveanews.com\/wp-content\/uploads\/Pedro-comemora-gol-marcado-pela-Selecao-Brasileira.webp\",\"datePublished\":\"2022-10-03T03:07:08+00:00\",\"dateModified\":\"2022-10-03T03:07:11+00:00\",\"author\":{\"@id\":\"https:\/\/www.gaveanews.com\/#\/schema\/person\/2ec14f73fb96be2caf28f91afb14749d\"},\"breadcrumb\":{\"@id\":\"https:\/\/www.gaveanews.com\/index.php\/2022\/10\/03\/jornalista-pede-titularidade-de-pedro-do-flamengo-na-selecao-brasileira-na-copa-do-mundo\/#breadcrumb\"},\"inLanguage\":\"pt-BR\",\"potentialAction\":[{\"@type\":\"ReadAction\",\"target\":[\"https:\/\/www.gaveanews.com\/index.php\/2022\/10\/03\/jornalista-pede-titularidade-de-pedro-do-flamengo-na-selecao-brasileira-na-copa-do-mundo\/\"]}]},{\"@type\":\"ImageObject\",\"inLanguage\":\"pt-BR\",\"@id\":\"https:\/\/www.gaveanews.com\/index.php\/2022\/10\/03\/jornalista-pede-titularidade-de-pedro-do-flamengo-na-selecao-brasileira-na-copa-do-mundo\/#primaryimage\",\"url\":\"https:\/\/www.gaveanews.com\/wp-content\/uploads\/Pedro-comemora-gol-marcado-pela-Selecao-Brasileira.webp\",\"contentUrl\":\"https:\/\/www.gaveanews.com\/wp-content\/uploads\/Pedro-comemora-gol-marcado-pela-Selecao-Brasileira.webp\",\"width\":900,\"height\":506,\"caption\":\"Pedro comemora gol marcado pela Sele\u00e7\u00e3o Brasileira (Foto: Lucas Figueiredo\/CBF)\"},{\"@type\":\"BreadcrumbList\",\"@id\":\"https:\/\/www.gaveanews.com\/index.php\/2022\/10\/03\/jornalista-pede-titularidade-de-pedro-do-flamengo-na-selecao-brasileira-na-copa-do-mundo\/#breadcrumb\",\"itemListElement\":[{\"@type\":\"ListItem\",\"position\":1,\"name\":\"Home\",\"item\":\"https:\/\/www.gaveanews.com\/\"},{\"@type\":\"ListItem\",\"position\":2,\"name\":\"Jornalista pede titularidade de Pedro, do Flamengo, na sele\u00e7\u00e3o brasileira na Copa do Mundo\"}]},{\"@type\":\"WebSite\",\"@id\":\"https:\/\/www.gaveanews.com\/#website\",\"url\":\"https:\/\/www.gaveanews.com\/\",\"name\":\"G\u00e1vea News\",\"description\":\"Veja todas as not\u00edcias sobre o Flamengo: Contrata\u00e7\u00f5es, categorias de base, resultados das partidas, tabela de classifica\u00e7\u00e3o, pr\u00f3ximos jogos!\",\"potentialAction\":[{\"@type\":\"SearchAction\",\"target\":{\"@type\":\"EntryPoint\",\"urlTemplate\":\"https:\/\/www.gaveanews.com\/?s={search_term_string}\"},\"query-input\":{\"@type\":\"PropertyValueSpecification\",\"valueRequired\":true,\"valueName\":\"search_term_string\"}}],\"inLanguage\":\"pt-BR\"},{\"@type\":\"Person\",\"@id\":\"https:\/\/www.gaveanews.com\/#\/schema\/person\/2ec14f73fb96be2caf28f91afb14749d\",\"name\":\"Equipe G\u00e1vea News\",\"image\":{\"@type\":\"ImageObject\",\"inLanguage\":\"pt-BR\",\"@id\":\"https:\/\/www.gaveanews.com\/#\/schema\/person\/image\/\",\"url\":\"https:\/\/secure.gravatar.com\/avatar\/1e1956f1facbffd3f8fa53a326721950116b3b9dc9bd44939c01180fd4a745a9?s=96&d=mm&r=g\",\"contentUrl\":\"https:\/\/secure.gravatar.com\/avatar\/1e1956f1facbffd3f8fa53a326721950116b3b9dc9bd44939c01180fd4a745a9?s=96&d=mm&r=g\",\"caption\":\"Equipe G\u00e1vea News\"}}]}<\/script>\n<!-- \/ Yoast SEO Premium plugin. -->","yoast_head_json":{"title":"Jornalista pede titularidade de Pedro, do Flamengo, na sele\u00e7\u00e3o brasileira na Copa do Mundo","robots":{"index":"index","follow":"follow","max-snippet":"max-snippet:-1","max-image-preview":"max-image-preview:large","max-video-preview":"max-video-preview:-1"},"canonical":"https:\/\/www.gaveanews.com\/index.php\/2022\/10\/03\/jornalista-pede-titularidade-de-pedro-do-flamengo-na-selecao-brasileira-na-copa-do-mundo\/","og_locale":"pt_BR","og_type":"article","og_title":"Jornalista pede titularidade de Pedro, do Flamengo, na sele\u00e7\u00e3o brasileira na Copa do Mundo","og_description":"O atacante Pedro vem vivendo uma excelente fase vestindo a camisa do Flamengo. Inclusive, na noite deste s\u00e1bado, o centroavante marcou tr\u00eas gols na vit\u00f3ria por 4 a 1 do Flamengo sobre o Red Bull Bragantino, em duelo v\u00e1lido pela 29\u00aa rodada do Brasileir\u00e3o S\u00e9rie A. Diante disso, em seu blog no Uol, o jornalista [&hellip;]","og_url":"https:\/\/www.gaveanews.com\/index.php\/2022\/10\/03\/jornalista-pede-titularidade-de-pedro-do-flamengo-na-selecao-brasileira-na-copa-do-mundo\/","og_site_name":"G\u00e1vea News","article_publisher":"https:\/\/facebook.com\/gaveaNews\/","article_published_time":"2022-10-03T03:07:08+00:00","article_modified_time":"2022-10-03T03:07:11+00:00","og_image":[{"width":900,"height":506,"url":"https:\/\/www.gaveanews.com\/wp-content\/uploads\/Pedro-comemora-gol-marcado-pela-Selecao-Brasileira.webp","type":"image\/png"}],"author":"Equipe G\u00e1vea News","twitter_card":"summary_large_image","twitter_misc":{"Escrito por":"Equipe G\u00e1vea News","Est. tempo de leitura":"2 minutos"},"schema":{"@context":"https:\/\/schema.org","@graph":[{"@type":"NewsArticle","@id":"https:\/\/www.gaveanews.com\/index.php\/2022\/10\/03\/jornalista-pede-titularidade-de-pedro-do-flamengo-na-selecao-brasileira-na-copa-do-mundo\/#article","isPartOf":{"@id":"https:\/\/www.gaveanews.com\/index.php\/2022\/10\/03\/jornalista-pede-titularidade-de-pedro-do-flamengo-na-selecao-brasileira-na-copa-do-mundo\/"},"author":{"name":"Equipe G\u00e1vea News","@id":"https:\/\/www.gaveanews.com\/#\/schema\/person\/2ec14f73fb96be2caf28f91afb14749d"},"headline":"Jornalista pede titularidade de Pedro, do Flamengo, na sele\u00e7\u00e3o brasileira na Copa do Mundo","datePublished":"2022-10-03T03:07:08+00:00","dateModified":"2022-10-03T03:07:11+00:00","mainEntityOfPage":{"@id":"https:\/\/www.gaveanews.com\/index.php\/2022\/10\/03\/jornalista-pede-titularidade-de-pedro-do-flamengo-na-selecao-brasileira-na-copa-do-mundo\/"},"wordCount":387,"commentCount":0,"image":{"@id":"https:\/\/www.gaveanews.com\/index.php\/2022\/10\/03\/jornalista-pede-titularidade-de-pedro-do-flamengo-na-selecao-brasileira-na-copa-do-mundo\/#primaryimage"},"thumbnailUrl":"https:\/\/www.gaveanews.com\/wp-content\/uploads\/Pedro-comemora-gol-marcado-pela-Selecao-Brasileira.webp","articleSection":["Flamengo"],"inLanguage":"pt-BR","potentialAction":[{"@type":"CommentAction","name":"Comment","target":["https:\/\/www.gaveanews.com\/index.php\/2022\/10\/03\/jornalista-pede-titularidade-de-pedro-do-flamengo-na-selecao-brasileira-na-copa-do-mundo\/#respond"]}],"copyrightYear":"2022","copyrightHolder":{"@id":"https:\/\/www.gaveanews.com\/#organization"}},{"@type":"WebPage","@id":"https:\/\/www.gaveanews.com\/index.php\/2022\/10\/03\/jornalista-pede-titularidade-de-pedro-do-flamengo-na-selecao-brasileira-na-copa-do-mundo\/","url":"https:\/\/www.gaveanews.com\/index.php\/2022\/10\/03\/jornalista-pede-titularidade-de-pedro-do-flamengo-na-selecao-brasileira-na-copa-do-mundo\/","name":"Jornalista pede titularidade de Pedro, do Flamengo, na sele\u00e7\u00e3o brasileira na Copa do Mundo","isPartOf":{"@id":"https:\/\/www.gaveanews.com\/#website"},"primaryImageOfPage":{"@id":"https:\/\/www.gaveanews.com\/index.php\/2022\/10\/03\/jornalista-pede-titularidade-de-pedro-do-flamengo-na-selecao-brasileira-na-copa-do-mundo\/#primaryimage"},"image":{"@id":"https:\/\/www.gaveanews.com\/index.php\/2022\/10\/03\/jornalista-pede-titularidade-de-pedro-do-flamengo-na-selecao-brasileira-na-copa-do-mundo\/#primaryimage"},"thumbnailUrl":"https:\/\/www.gaveanews.com\/wp-content\/uploads\/Pedro-comemora-gol-marcado-pela-Selecao-Brasileira.webp","datePublished":"2022-10-03T03:07:08+00:00","dateModified":"2022-10-03T03:07:11+00:00","author":{"@id":"https:\/\/www.gaveanews.com\/#\/schema\/person\/2ec14f73fb96be2caf28f91afb14749d"},"breadcrumb":{"@id":"https:\/\/www.gaveanews.com\/index.php\/2022\/10\/03\/jornalista-pede-titularidade-de-pedro-do-flamengo-na-selecao-brasileira-na-copa-do-mundo\/#breadcrumb"},"inLanguage":"pt-BR","potentialAction":[{"@type":"ReadAction","target":["https:\/\/www.gaveanews.com\/index.php\/2022\/10\/03\/jornalista-pede-titularidade-de-pedro-do-flamengo-na-selecao-brasileira-na-copa-do-mundo\/"]}]},{"@type":"ImageObject","inLanguage":"pt-BR","@id":"https:\/\/www.gaveanews.com\/index.php\/2022\/10\/03\/jornalista-pede-titularidade-de-pedro-do-flamengo-na-selecao-brasileira-na-copa-do-mundo\/#primaryimage","url":"https:\/\/www.gaveanews.com\/wp-content\/uploads\/Pedro-comemora-gol-marcado-pela-Selecao-Brasileira.webp","contentUrl":"https:\/\/www.gaveanews.com\/wp-content\/uploads\/Pedro-comemora-gol-marcado-pela-Selecao-Brasileira.webp","width":900,"height":506,"caption":"Pedro comemora gol marcado pela Sele\u00e7\u00e3o Brasileira (Foto: Lucas Figueiredo\/CBF)"},{"@type":"BreadcrumbList","@id":"https:\/\/www.gaveanews.com\/index.php\/2022\/10\/03\/jornalista-pede-titularidade-de-pedro-do-flamengo-na-selecao-brasileira-na-copa-do-mundo\/#breadcrumb","itemListElement":[{"@type":"ListItem","position":1,"name":"Home","item":"https:\/\/www.gaveanews.com\/"},{"@type":"ListItem","position":2,"name":"Jornalista pede titularidade de Pedro, do Flamengo, na sele\u00e7\u00e3o brasileira na Copa do Mundo"}]},{"@type":"WebSite","@id":"https:\/\/www.gaveanews.com\/#website","url":"https:\/\/www.gaveanews.com\/","name":"G\u00e1vea News","description":"Veja todas as not\u00edcias sobre o Flamengo: Contrata\u00e7\u00f5es, categorias de base, resultados das partidas, tabela de classifica\u00e7\u00e3o, pr\u00f3ximos jogos!","potentialAction":[{"@type":"SearchAction","target":{"@type":"EntryPoint","urlTemplate":"https:\/\/www.gaveanews.com\/?s={search_term_string}"},"query-input":{"@type":"PropertyValueSpecification","valueRequired":true,"valueName":"search_term_string"}}],"inLanguage":"pt-BR"},{"@type":"Person","@id":"https:\/\/www.gaveanews.com\/#\/schema\/person\/2ec14f73fb96be2caf28f91afb14749d","name":"Equipe G\u00e1vea News","image":{"@type":"ImageObject","inLanguage":"pt-BR","@id":"https:\/\/www.gaveanews.com\/#\/schema\/person\/image\/","url":"https:\/\/secure.gravatar.com\/avatar\/1e1956f1facbffd3f8fa53a326721950116b3b9dc9bd44939c01180fd4a745a9?s=96&d=mm&r=g","contentUrl":"https:\/\/secure.gravatar.com\/avatar\/1e1956f1facbffd3f8fa53a326721950116b3b9dc9bd44939c01180fd4a745a9?s=96&d=mm&r=g","caption":"Equipe G\u00e1vea News"}}]}},"_links":{"self":[{"href":"https:\/\/www.gaveanews.com\/index.php\/wp-json\/wp\/v2\/posts\/88431","targetHints":{"allow":["GET"]}}],"collection":[{"href":"https:\/\/www.gaveanews.com\/index.php\/wp-json\/wp\/v2\/posts"}],"about":[{"href":"https:\/\/www.gaveanews.com\/index.php\/wp-json\/wp\/v2\/types\/post"}],"author":[{"embeddable":true,"href":"https:\/\/www.gaveanews.com\/index.php\/wp-json\/wp\/v2\/users\/1"}],"replies":[{"embeddable":true,"href":"https:\/\/www.gaveanews.com\/index.php\/wp-json\/wp\/v2\/comments?post=88431"}],"version-history":[{"count":0,"href":"https:\/\/www.gaveanews.com\/index.php\/wp-json\/wp\/v2\/posts\/88431\/revisions"}],"wp:featuredmedia":[{"embeddable":true,"href":"https:\/\/www.gaveanews.com\/index.php\/wp-json\/wp\/v2\/media\/88204"}],"wp:attachment":[{"href":"https:\/\/www.gaveanews.com\/index.php\/wp-json\/wp\/v2\/media?parent=88431"}],"wp:term":[{"taxonomy":"category","embeddable":true,"href":"https:\/\/www.gaveanews.com\/index.php\/wp-json\/wp\/v2\/categories?post=88431"},{"taxonomy":"post_tag","embeddable":true,"href":"https:\/\/www.gaveanews.com\/index.php\/wp-json\/wp\/v2\/tags?post=88431"}],"curies":[{"name":"wp","href":"https:\/\/api.w.org\/{rel}","templated":true}]}}