{"id":88433,"date":"2022-10-03T00:22:30","date_gmt":"2022-10-03T03:22:30","guid":{"rendered":"https:\/\/www.gaveanews.com\/?p=88433"},"modified":"2022-10-03T00:22:43","modified_gmt":"2022-10-03T03:22:43","slug":"chilenos-manifestam-torcida-pelo-flamengo-na-final-da-copa-libertadores","status":"publish","type":"post","link":"https:\/\/www.gaveanews.com\/index.php\/2022\/10\/03\/chilenos-manifestam-torcida-pelo-flamengo-na-final-da-copa-libertadores\/","title":{"rendered":"V\u00eddeo: Chilenos manifestam torcida pelo Flamengo na final da Copa Libertadores"},"content":{"rendered":"\n<p>A final da Copa Libertadores da Am\u00e9rica est\u00e1 marcada somente para o dia 29 deste m\u00eas de outubro mas o clima e a expectativa para a decis\u00e3o do torneio continental j\u00e1 est\u00e1 aquecido em solo chileno.<\/p>\n\n\n\n<p>O ciclista Diego Salgado faz pedaladas pelo continente sul-americano, com destino final em Guayaquil, palco da final, para sentir o clima e a atmosfera dos amantes do futebol.<\/p>\n\n\n\n<p>Na \u00faltima quinta-feira, dia 29, Diego passou pela cidade de Pozo Almonte, no Chile, e percebeu que a torcida da popula\u00e7\u00e3o local est\u00e1, em sua maioria, torcendo pelo Flamengo ao inv\u00e9s do Athletico Paranaense.<\/p>\n\n\n\n<figure class=\"wp-block-embed is-type-rich is-provider-twitter wp-block-embed-twitter\"><div class=\"wp-block-embed__wrapper\">\n<blockquote class=\"twitter-tweet\" data-width=\"550\" data-dnt=\"true\"><p lang=\"pt\" dir=\"ltr\">\ud83d\ude4c\u2b50\ufe0f \u00a1Falta 1\u20e3 mes para la <a href=\"https:\/\/twitter.com\/hashtag\/GloriaEterna?src=hash&amp;ref_src=twsrc%5Etfw\">#GloriaEterna<\/a>! <a href=\"https:\/\/twitter.com\/Flamengo?ref_src=twsrc%5Etfw\">@Flamengo<\/a> ya tiene hinchada especial en  Chile. \ud83c\udde8\ud83c\uddf1<br><br>\ud83d\udd1c Falta 1\u20e3 m\u00eas para a <a href=\"https:\/\/twitter.com\/hashtag\/GloriaEterna?src=hash&amp;ref_src=twsrc%5Etfw\">#GloriaEterna<\/a>! E o <a href=\"https:\/\/twitter.com\/Flamengo?ref_src=twsrc%5Etfw\">@Flamengo<\/a> j\u00e1 tem uma torcida especial no Chile. \ud83c\udde8\ud83c\uddf1<a href=\"https:\/\/twitter.com\/Libertadores?ref_src=twsrc%5Etfw\">@Libertadores<\/a> <a href=\"https:\/\/twitter.com\/LibertadoresBR?ref_src=twsrc%5Etfw\">@LibertadoresBR<\/a> <a href=\"https:\/\/t.co\/oSBDoqRrPn\">pic.twitter.com\/oSBDoqRrPn<\/a><\/p>&mdash; La Gloria Eterna (@GloriaEterna) <a href=\"https:\/\/twitter.com\/GloriaEterna\/status\/1575623925283037184?ref_src=twsrc%5Etfw\">September 29, 2022<\/a><\/blockquote><script async src=\"https:\/\/platform.twitter.com\/widgets.js\" charset=\"utf-8\"><\/script>\n<\/div><\/figure>\n\n\n\n<h2 class=\"wp-block-heading\" id=\"h-jogadores-do-flamengo\">Jogadores do Flamengo<\/h2>\n\n\n\n<p>Diego Salgado foi atr\u00e1s das raz\u00f5es das quais a popula\u00e7\u00e3o local escolheu o Fla como time para torcer na final da Libertadores. Em uma entrevista com um pedestre local, o atleta descobriu um dos motivos pois a pessoa disse:<\/p>\n\n\n\n<p>\u201cVou torcer pelos chilenos que est\u00e3o l\u00e1, ent\u00e3o apoio o Flamengo. Que Vidal e Pulgar sejam campe\u00f5es. \u00c9 a melhor equipe. Tem um bom hist\u00f3rico.\u201d<\/p>\n\n\n\n<p>Diego continuou entrevistando as pessoas nas ruas do Chile e recebeu esta resposta de outro torcedor:<\/p>\n\n\n\n<p>\u201cTem melhor qualidade e maior paix\u00e3o\u201d. Outro transeunte endossou a op\u00e7\u00e3o pelo Mais Querido: \u201cPorque \u00e9 um grande time, reconhecido aqui no Chile, time que conquistou muitas vit\u00f3rias, Recopa, Libertadores, Brasileir\u00e3o. Flamengo \u00e9 destaque para os chilenos porque \u00e9 muito fabuloso por causa do Arturo Vidal e Isla, e v\u00e1rios outros jogadores.\u201d<\/p>\n\n\n\n<p>Flamengo e Athletico Paranaense se enfrentam no dia 29 de outubro, no est\u00e1dio Monumental Isidro Romero Carbo, em Guayaquil, no Equador.<\/p>\n\n\n\n<p>Retirado de: Torcedores<\/p>\n","protected":false},"excerpt":{"rendered":"<p>A final da Copa Libertadores da Am\u00e9rica est\u00e1 marcada somente para o dia 29 deste m\u00eas de outubro mas o clima e a expectativa para a decis\u00e3o do torneio continental j\u00e1 est\u00e1 aquecido em solo chileno. O ciclista Diego Salgado faz pedaladas pelo continente sul-americano, com destino final em Guayaquil, palco da final, para sentir [&hellip;]<\/p>\n","protected":false},"author":1,"featured_media":87208,"comment_status":"open","ping_status":"closed","sticky":false,"template":"","format":"standard","meta":{"footnotes":""},"categories":[40],"tags":[],"class_list":["post-88433","post","type-post","status-publish","format-standard","has-post-thumbnail","hentry","category-video"],"yoast_head":"<!-- This site is optimized with the Yoast SEO Premium plugin v24.2 (Yoast SEO v26.9) - https:\/\/yoast.com\/product\/yoast-seo-premium-wordpress\/ -->\n<title>V\u00eddeo: Chilenos manifestam torcida pelo Flamengo na final da Copa Libertadores<\/title>\n<meta name=\"robots\" content=\"index, follow, max-snippet:-1, max-image-preview:large, max-video-preview:-1\" \/>\n<link rel=\"canonical\" href=\"https:\/\/www.gaveanews.com\/index.php\/2022\/10\/03\/chilenos-manifestam-torcida-pelo-flamengo-na-final-da-copa-libertadores\/\" \/>\n<meta property=\"og:locale\" content=\"pt_BR\" \/>\n<meta property=\"og:type\" content=\"article\" \/>\n<meta property=\"og:title\" content=\"V\u00eddeo: Chilenos manifestam torcida pelo Flamengo na final da Copa Libertadores\" \/>\n<meta property=\"og:description\" content=\"A final da Copa Libertadores da Am\u00e9rica est\u00e1 marcada somente para o dia 29 deste m\u00eas de outubro mas o clima e a expectativa para a decis\u00e3o do torneio continental j\u00e1 est\u00e1 aquecido em solo chileno. O ciclista Diego Salgado faz pedaladas pelo continente sul-americano, com destino final em Guayaquil, palco da final, para sentir [&hellip;]\" \/>\n<meta property=\"og:url\" content=\"https:\/\/www.gaveanews.com\/index.php\/2022\/10\/03\/chilenos-manifestam-torcida-pelo-flamengo-na-final-da-copa-libertadores\/\" \/>\n<meta property=\"og:site_name\" content=\"G\u00e1vea News\" \/>\n<meta property=\"article:publisher\" content=\"https:\/\/facebook.com\/gaveaNews\/\" \/>\n<meta property=\"article:published_time\" content=\"2022-10-03T03:22:30+00:00\" \/>\n<meta property=\"article:modified_time\" content=\"2022-10-03T03:22:43+00:00\" \/>\n<meta property=\"og:image\" content=\"https:\/\/www.gaveanews.com\/wp-content\/uploads\/Arturo-Vidal-em-jogo-do-Flamengo-contra-o-Goias.webp\" \/>\n\t<meta property=\"og:image:width\" content=\"799\" \/>\n\t<meta property=\"og:image:height\" content=\"533\" \/>\n\t<meta property=\"og:image:type\" content=\"image\/jpeg\" \/>\n<meta name=\"author\" content=\"Equipe G\u00e1vea News\" \/>\n<meta name=\"twitter:card\" content=\"summary_large_image\" \/>\n<meta name=\"twitter:label1\" content=\"Escrito por\" \/>\n\t<meta name=\"twitter:data1\" content=\"Equipe G\u00e1vea News\" \/>\n\t<meta name=\"twitter:label2\" content=\"Est. tempo de leitura\" \/>\n\t<meta name=\"twitter:data2\" content=\"2 minutos\" \/>\n<script type=\"application\/ld+json\" class=\"yoast-schema-graph\">{\"@context\":\"https:\/\/schema.org\",\"@graph\":[{\"@type\":\"NewsArticle\",\"@id\":\"https:\/\/www.gaveanews.com\/index.php\/2022\/10\/03\/chilenos-manifestam-torcida-pelo-flamengo-na-final-da-copa-libertadores\/#article\",\"isPartOf\":{\"@id\":\"https:\/\/www.gaveanews.com\/index.php\/2022\/10\/03\/chilenos-manifestam-torcida-pelo-flamengo-na-final-da-copa-libertadores\/\"},\"author\":{\"name\":\"Equipe G\u00e1vea News\",\"@id\":\"https:\/\/www.gaveanews.com\/#\/schema\/person\/2ec14f73fb96be2caf28f91afb14749d\"},\"headline\":\"V\u00eddeo: Chilenos manifestam torcida pelo Flamengo na final da Copa Libertadores\",\"datePublished\":\"2022-10-03T03:22:30+00:00\",\"dateModified\":\"2022-10-03T03:22:43+00:00\",\"mainEntityOfPage\":{\"@id\":\"https:\/\/www.gaveanews.com\/index.php\/2022\/10\/03\/chilenos-manifestam-torcida-pelo-flamengo-na-final-da-copa-libertadores\/\"},\"wordCount\":285,\"commentCount\":0,\"image\":{\"@id\":\"https:\/\/www.gaveanews.com\/index.php\/2022\/10\/03\/chilenos-manifestam-torcida-pelo-flamengo-na-final-da-copa-libertadores\/#primaryimage\"},\"thumbnailUrl\":\"https:\/\/www.gaveanews.com\/wp-content\/uploads\/Arturo-Vidal-em-jogo-do-Flamengo-contra-o-Goias.webp\",\"articleSection\":[\"V\u00eddeos\"],\"inLanguage\":\"pt-BR\",\"potentialAction\":[{\"@type\":\"CommentAction\",\"name\":\"Comment\",\"target\":[\"https:\/\/www.gaveanews.com\/index.php\/2022\/10\/03\/chilenos-manifestam-torcida-pelo-flamengo-na-final-da-copa-libertadores\/#respond\"]}],\"copyrightYear\":\"2022\",\"copyrightHolder\":{\"@id\":\"https:\/\/www.gaveanews.com\/#organization\"}},{\"@type\":\"WebPage\",\"@id\":\"https:\/\/www.gaveanews.com\/index.php\/2022\/10\/03\/chilenos-manifestam-torcida-pelo-flamengo-na-final-da-copa-libertadores\/\",\"url\":\"https:\/\/www.gaveanews.com\/index.php\/2022\/10\/03\/chilenos-manifestam-torcida-pelo-flamengo-na-final-da-copa-libertadores\/\",\"name\":\"V\u00eddeo: Chilenos manifestam torcida pelo Flamengo na final da Copa Libertadores\",\"isPartOf\":{\"@id\":\"https:\/\/www.gaveanews.com\/#website\"},\"primaryImageOfPage\":{\"@id\":\"https:\/\/www.gaveanews.com\/index.php\/2022\/10\/03\/chilenos-manifestam-torcida-pelo-flamengo-na-final-da-copa-libertadores\/#primaryimage\"},\"image\":{\"@id\":\"https:\/\/www.gaveanews.com\/index.php\/2022\/10\/03\/chilenos-manifestam-torcida-pelo-flamengo-na-final-da-copa-libertadores\/#primaryimage\"},\"thumbnailUrl\":\"https:\/\/www.gaveanews.com\/wp-content\/uploads\/Arturo-Vidal-em-jogo-do-Flamengo-contra-o-Goias.webp\",\"datePublished\":\"2022-10-03T03:22:30+00:00\",\"dateModified\":\"2022-10-03T03:22:43+00:00\",\"author\":{\"@id\":\"https:\/\/www.gaveanews.com\/#\/schema\/person\/2ec14f73fb96be2caf28f91afb14749d\"},\"breadcrumb\":{\"@id\":\"https:\/\/www.gaveanews.com\/index.php\/2022\/10\/03\/chilenos-manifestam-torcida-pelo-flamengo-na-final-da-copa-libertadores\/#breadcrumb\"},\"inLanguage\":\"pt-BR\",\"potentialAction\":[{\"@type\":\"ReadAction\",\"target\":[\"https:\/\/www.gaveanews.com\/index.php\/2022\/10\/03\/chilenos-manifestam-torcida-pelo-flamengo-na-final-da-copa-libertadores\/\"]}]},{\"@type\":\"ImageObject\",\"inLanguage\":\"pt-BR\",\"@id\":\"https:\/\/www.gaveanews.com\/index.php\/2022\/10\/03\/chilenos-manifestam-torcida-pelo-flamengo-na-final-da-copa-libertadores\/#primaryimage\",\"url\":\"https:\/\/www.gaveanews.com\/wp-content\/uploads\/Arturo-Vidal-em-jogo-do-Flamengo-contra-o-Goias.webp\",\"contentUrl\":\"https:\/\/www.gaveanews.com\/wp-content\/uploads\/Arturo-Vidal-em-jogo-do-Flamengo-contra-o-Goias.webp\",\"width\":799,\"height\":533,\"caption\":\"Arturo Vidal em jogo do Flamengo contra o Goi\u00e1s (Foto: Gilvan de Souza\/Flamengo)\"},{\"@type\":\"BreadcrumbList\",\"@id\":\"https:\/\/www.gaveanews.com\/index.php\/2022\/10\/03\/chilenos-manifestam-torcida-pelo-flamengo-na-final-da-copa-libertadores\/#breadcrumb\",\"itemListElement\":[{\"@type\":\"ListItem\",\"position\":1,\"name\":\"Home\",\"item\":\"https:\/\/www.gaveanews.com\/\"},{\"@type\":\"ListItem\",\"position\":2,\"name\":\"V\u00eddeo: Chilenos manifestam torcida pelo Flamengo na final da Copa Libertadores\"}]},{\"@type\":\"WebSite\",\"@id\":\"https:\/\/www.gaveanews.com\/#website\",\"url\":\"https:\/\/www.gaveanews.com\/\",\"name\":\"G\u00e1vea News\",\"description\":\"Veja todas as not\u00edcias sobre o Flamengo: Contrata\u00e7\u00f5es, categorias de base, resultados das partidas, tabela de classifica\u00e7\u00e3o, pr\u00f3ximos jogos!\",\"potentialAction\":[{\"@type\":\"SearchAction\",\"target\":{\"@type\":\"EntryPoint\",\"urlTemplate\":\"https:\/\/www.gaveanews.com\/?s={search_term_string}\"},\"query-input\":{\"@type\":\"PropertyValueSpecification\",\"valueRequired\":true,\"valueName\":\"search_term_string\"}}],\"inLanguage\":\"pt-BR\"},{\"@type\":\"Person\",\"@id\":\"https:\/\/www.gaveanews.com\/#\/schema\/person\/2ec14f73fb96be2caf28f91afb14749d\",\"name\":\"Equipe G\u00e1vea News\",\"image\":{\"@type\":\"ImageObject\",\"inLanguage\":\"pt-BR\",\"@id\":\"https:\/\/www.gaveanews.com\/#\/schema\/person\/image\/\",\"url\":\"https:\/\/secure.gravatar.com\/avatar\/1e1956f1facbffd3f8fa53a326721950116b3b9dc9bd44939c01180fd4a745a9?s=96&d=mm&r=g\",\"contentUrl\":\"https:\/\/secure.gravatar.com\/avatar\/1e1956f1facbffd3f8fa53a326721950116b3b9dc9bd44939c01180fd4a745a9?s=96&d=mm&r=g\",\"caption\":\"Equipe G\u00e1vea News\"}}]}<\/script>\n<!-- \/ Yoast SEO Premium plugin. -->","yoast_head_json":{"title":"V\u00eddeo: Chilenos manifestam torcida pelo Flamengo na final da Copa Libertadores","robots":{"index":"index","follow":"follow","max-snippet":"max-snippet:-1","max-image-preview":"max-image-preview:large","max-video-preview":"max-video-preview:-1"},"canonical":"https:\/\/www.gaveanews.com\/index.php\/2022\/10\/03\/chilenos-manifestam-torcida-pelo-flamengo-na-final-da-copa-libertadores\/","og_locale":"pt_BR","og_type":"article","og_title":"V\u00eddeo: Chilenos manifestam torcida pelo Flamengo na final da Copa Libertadores","og_description":"A final da Copa Libertadores da Am\u00e9rica est\u00e1 marcada somente para o dia 29 deste m\u00eas de outubro mas o clima e a expectativa para a decis\u00e3o do torneio continental j\u00e1 est\u00e1 aquecido em solo chileno. O ciclista Diego Salgado faz pedaladas pelo continente sul-americano, com destino final em Guayaquil, palco da final, para sentir [&hellip;]","og_url":"https:\/\/www.gaveanews.com\/index.php\/2022\/10\/03\/chilenos-manifestam-torcida-pelo-flamengo-na-final-da-copa-libertadores\/","og_site_name":"G\u00e1vea News","article_publisher":"https:\/\/facebook.com\/gaveaNews\/","article_published_time":"2022-10-03T03:22:30+00:00","article_modified_time":"2022-10-03T03:22:43+00:00","og_image":[{"width":799,"height":533,"url":"https:\/\/www.gaveanews.com\/wp-content\/uploads\/Arturo-Vidal-em-jogo-do-Flamengo-contra-o-Goias.webp","type":"image\/jpeg"}],"author":"Equipe G\u00e1vea News","twitter_card":"summary_large_image","twitter_misc":{"Escrito por":"Equipe G\u00e1vea News","Est. tempo de leitura":"2 minutos"},"schema":{"@context":"https:\/\/schema.org","@graph":[{"@type":"NewsArticle","@id":"https:\/\/www.gaveanews.com\/index.php\/2022\/10\/03\/chilenos-manifestam-torcida-pelo-flamengo-na-final-da-copa-libertadores\/#article","isPartOf":{"@id":"https:\/\/www.gaveanews.com\/index.php\/2022\/10\/03\/chilenos-manifestam-torcida-pelo-flamengo-na-final-da-copa-libertadores\/"},"author":{"name":"Equipe G\u00e1vea News","@id":"https:\/\/www.gaveanews.com\/#\/schema\/person\/2ec14f73fb96be2caf28f91afb14749d"},"headline":"V\u00eddeo: Chilenos manifestam torcida pelo Flamengo na final da Copa Libertadores","datePublished":"2022-10-03T03:22:30+00:00","dateModified":"2022-10-03T03:22:43+00:00","mainEntityOfPage":{"@id":"https:\/\/www.gaveanews.com\/index.php\/2022\/10\/03\/chilenos-manifestam-torcida-pelo-flamengo-na-final-da-copa-libertadores\/"},"wordCount":285,"commentCount":0,"image":{"@id":"https:\/\/www.gaveanews.com\/index.php\/2022\/10\/03\/chilenos-manifestam-torcida-pelo-flamengo-na-final-da-copa-libertadores\/#primaryimage"},"thumbnailUrl":"https:\/\/www.gaveanews.com\/wp-content\/uploads\/Arturo-Vidal-em-jogo-do-Flamengo-contra-o-Goias.webp","articleSection":["V\u00eddeos"],"inLanguage":"pt-BR","potentialAction":[{"@type":"CommentAction","name":"Comment","target":["https:\/\/www.gaveanews.com\/index.php\/2022\/10\/03\/chilenos-manifestam-torcida-pelo-flamengo-na-final-da-copa-libertadores\/#respond"]}],"copyrightYear":"2022","copyrightHolder":{"@id":"https:\/\/www.gaveanews.com\/#organization"}},{"@type":"WebPage","@id":"https:\/\/www.gaveanews.com\/index.php\/2022\/10\/03\/chilenos-manifestam-torcida-pelo-flamengo-na-final-da-copa-libertadores\/","url":"https:\/\/www.gaveanews.com\/index.php\/2022\/10\/03\/chilenos-manifestam-torcida-pelo-flamengo-na-final-da-copa-libertadores\/","name":"V\u00eddeo: Chilenos manifestam torcida pelo Flamengo na final da Copa Libertadores","isPartOf":{"@id":"https:\/\/www.gaveanews.com\/#website"},"primaryImageOfPage":{"@id":"https:\/\/www.gaveanews.com\/index.php\/2022\/10\/03\/chilenos-manifestam-torcida-pelo-flamengo-na-final-da-copa-libertadores\/#primaryimage"},"image":{"@id":"https:\/\/www.gaveanews.com\/index.php\/2022\/10\/03\/chilenos-manifestam-torcida-pelo-flamengo-na-final-da-copa-libertadores\/#primaryimage"},"thumbnailUrl":"https:\/\/www.gaveanews.com\/wp-content\/uploads\/Arturo-Vidal-em-jogo-do-Flamengo-contra-o-Goias.webp","datePublished":"2022-10-03T03:22:30+00:00","dateModified":"2022-10-03T03:22:43+00:00","author":{"@id":"https:\/\/www.gaveanews.com\/#\/schema\/person\/2ec14f73fb96be2caf28f91afb14749d"},"breadcrumb":{"@id":"https:\/\/www.gaveanews.com\/index.php\/2022\/10\/03\/chilenos-manifestam-torcida-pelo-flamengo-na-final-da-copa-libertadores\/#breadcrumb"},"inLanguage":"pt-BR","potentialAction":[{"@type":"ReadAction","target":["https:\/\/www.gaveanews.com\/index.php\/2022\/10\/03\/chilenos-manifestam-torcida-pelo-flamengo-na-final-da-copa-libertadores\/"]}]},{"@type":"ImageObject","inLanguage":"pt-BR","@id":"https:\/\/www.gaveanews.com\/index.php\/2022\/10\/03\/chilenos-manifestam-torcida-pelo-flamengo-na-final-da-copa-libertadores\/#primaryimage","url":"https:\/\/www.gaveanews.com\/wp-content\/uploads\/Arturo-Vidal-em-jogo-do-Flamengo-contra-o-Goias.webp","contentUrl":"https:\/\/www.gaveanews.com\/wp-content\/uploads\/Arturo-Vidal-em-jogo-do-Flamengo-contra-o-Goias.webp","width":799,"height":533,"caption":"Arturo Vidal em jogo do Flamengo contra o Goi\u00e1s (Foto: Gilvan de Souza\/Flamengo)"},{"@type":"BreadcrumbList","@id":"https:\/\/www.gaveanews.com\/index.php\/2022\/10\/03\/chilenos-manifestam-torcida-pelo-flamengo-na-final-da-copa-libertadores\/#breadcrumb","itemListElement":[{"@type":"ListItem","position":1,"name":"Home","item":"https:\/\/www.gaveanews.com\/"},{"@type":"ListItem","position":2,"name":"V\u00eddeo: Chilenos manifestam torcida pelo Flamengo na final da Copa Libertadores"}]},{"@type":"WebSite","@id":"https:\/\/www.gaveanews.com\/#website","url":"https:\/\/www.gaveanews.com\/","name":"G\u00e1vea News","description":"Veja todas as not\u00edcias sobre o Flamengo: Contrata\u00e7\u00f5es, categorias de base, resultados das partidas, tabela de classifica\u00e7\u00e3o, pr\u00f3ximos jogos!","potentialAction":[{"@type":"SearchAction","target":{"@type":"EntryPoint","urlTemplate":"https:\/\/www.gaveanews.com\/?s={search_term_string}"},"query-input":{"@type":"PropertyValueSpecification","valueRequired":true,"valueName":"search_term_string"}}],"inLanguage":"pt-BR"},{"@type":"Person","@id":"https:\/\/www.gaveanews.com\/#\/schema\/person\/2ec14f73fb96be2caf28f91afb14749d","name":"Equipe G\u00e1vea News","image":{"@type":"ImageObject","inLanguage":"pt-BR","@id":"https:\/\/www.gaveanews.com\/#\/schema\/person\/image\/","url":"https:\/\/secure.gravatar.com\/avatar\/1e1956f1facbffd3f8fa53a326721950116b3b9dc9bd44939c01180fd4a745a9?s=96&d=mm&r=g","contentUrl":"https:\/\/secure.gravatar.com\/avatar\/1e1956f1facbffd3f8fa53a326721950116b3b9dc9bd44939c01180fd4a745a9?s=96&d=mm&r=g","caption":"Equipe G\u00e1vea News"}}]}},"_links":{"self":[{"href":"https:\/\/www.gaveanews.com\/index.php\/wp-json\/wp\/v2\/posts\/88433","targetHints":{"allow":["GET"]}}],"collection":[{"href":"https:\/\/www.gaveanews.com\/index.php\/wp-json\/wp\/v2\/posts"}],"about":[{"href":"https:\/\/www.gaveanews.com\/index.php\/wp-json\/wp\/v2\/types\/post"}],"author":[{"embeddable":true,"href":"https:\/\/www.gaveanews.com\/index.php\/wp-json\/wp\/v2\/users\/1"}],"replies":[{"embeddable":true,"href":"https:\/\/www.gaveanews.com\/index.php\/wp-json\/wp\/v2\/comments?post=88433"}],"version-history":[{"count":0,"href":"https:\/\/www.gaveanews.com\/index.php\/wp-json\/wp\/v2\/posts\/88433\/revisions"}],"wp:featuredmedia":[{"embeddable":true,"href":"https:\/\/www.gaveanews.com\/index.php\/wp-json\/wp\/v2\/media\/87208"}],"wp:attachment":[{"href":"https:\/\/www.gaveanews.com\/index.php\/wp-json\/wp\/v2\/media?parent=88433"}],"wp:term":[{"taxonomy":"category","embeddable":true,"href":"https:\/\/www.gaveanews.com\/index.php\/wp-json\/wp\/v2\/categories?post=88433"},{"taxonomy":"post_tag","embeddable":true,"href":"https:\/\/www.gaveanews.com\/index.php\/wp-json\/wp\/v2\/tags?post=88433"}],"curies":[{"name":"wp","href":"https:\/\/api.w.org\/{rel}","templated":true}]}}