{"id":88439,"date":"2022-10-03T02:01:13","date_gmt":"2022-10-03T05:01:13","guid":{"rendered":"https:\/\/www.gaveanews.com\/?p=88439"},"modified":"2022-10-03T02:01:15","modified_gmt":"2022-10-03T05:01:15","slug":"dorival-junior-do-flamengo-e-questionado-sobre-o-time-que-jogara-a-final-da-copa-do-brasil-e-da-libertadores","status":"publish","type":"post","link":"https:\/\/www.gaveanews.com\/index.php\/2022\/10\/03\/dorival-junior-do-flamengo-e-questionado-sobre-o-time-que-jogara-a-final-da-copa-do-brasil-e-da-libertadores\/","title":{"rendered":"Dorival Junior, do Flamengo, \u00e9 questionado sobre o time que jogar\u00e1 a final da Copa do Brasil e da Libertadores"},"content":{"rendered":"\n<p>Depois de quatro jogos seguidos sem vit\u00f3ria no Brasileir\u00e3o, o Flamengo voltou a vencer neste s\u00e1bado e com maestria. O time de Dorival J\u00fanior goleou o Bragantino por 4 a 1, no Maracan\u00e3, e chegou aos 48 pontos, em quarto lugar. Para o treinador, ainda h\u00e1 como sonhar com uma melhor sorte no campeonato.<\/p>\n\n\n\n<p><em>\u2014 O time n\u00e3o deixou de ser focado em momento nenhum. Tivemos dois empates e duas derrotas que diminu\u00edram nossas possibilidades, mas n\u00e3o desistimos e nem pode ser dessa forma. Lutamos sempre pelos melhores resultados, e o campeonato est\u00e1 sendo dif\u00edcil para todos os times, especialmente para o Flamengo, que tem chegado na maioria das finais. Isso dificultou nossa caminhada no Brasileiro, porque era uma caminhada de recupera\u00e7\u00e3o e n\u00e3o poder\u00edamos mais errar.<\/em><\/p>\n\n\n\n<p><em>\u2014 N\u00f3s jogamos com a equipe principal e com uma equipe mesclada, mas fizemos isso o campeonato todo. Nunca deixamos de valorizar o campeonato e seguimos vivos, na expectativa de que algo melhor aconte\u00e7a em rela\u00e7\u00e3o \u00e0 nossa posi\u00e7\u00e3o. Pela entrega da equipe, isso pode melhorar at\u00e9 o fim da competi\u00e7\u00e3o<\/em> &#8211; afirmou Dorival.<\/p>\n\n\n\n<h2 class=\"wp-block-heading\" id=\"h-finais-da-copa-do-brasil-e-da-libertadores\">Finais da Copa do Brasil e da Libertadores<\/h2>\n\n\n\n<p>Motivo de ansiedade para o torcedor do Flamengo, as finais da Copa do Brasil e da Libertadores tamb\u00e9m foram tema na coletiva deste s\u00e1bado. Dorival disse que o time que entrar\u00e1 em campo nas decis\u00f5es ainda n\u00e3o est\u00e1 definido.<\/p>\n\n\n\n<p><em>\u2014 Est\u00e1 em aberto, n\u00e3o est\u00e1 definido. Vamos dar a mesma import\u00e2ncia que temos feito. N\u00e3o \u00e9 porque tivemos quatro jogos que n\u00e3o era o resultado que esper\u00e1vamos que tudo que vem sendo determinado e definido por uma equipe &#8211; logicamente que a \u00faltima palavra \u00e9 do treinador, mas ou\u00e7o todos os departamentos do clube para que em momentos importantes eu possa tomar decis\u00f5es. Acho que num clube se trabalha dessa forma. O presidente nos d\u00e1 toda a possibilidade e toda condi\u00e7\u00e3o poss\u00edvel, comandando pelo executivo de futebol, sua diretoria e aqueles que est\u00e3o diretamente conosco no campo como Fabinho e Juan, que est\u00e3o nas decis\u00f5es internas. E fazem com que a gente fortale\u00e7a o trabalho.<\/em><\/p>\n\n\n\n<p><em>\u2014 Ent\u00e3o, quando se fala que vamos entrar com determinada equipe, tem muito daquilo que foi definido e determinado pelos departamentos. Ent\u00e3o quando tra\u00e7amos um plano, n\u00e3o mudamos. Pode acontecer o que for. Podemos ter uma brisa suave, um pequeno terremoto, que n\u00e3o vamos mudar. Porque temos consci\u00eancia do que representam tr\u00eas datas importantes j\u00e1 definidas como uma decis\u00e3o por merecimento e chegada da nossa equipe. E sabemos que isso \u00e9 o que temos de real no momento. Por isso que n\u00e3o abrimos m\u00e3o do planejamento inicial em raz\u00e3o de um ou outro resultado, pelo contr\u00e1rio, fortaleceu aquilo que j\u00e1 imagin\u00e1vamos. N\u00e3o queremos perder nunca uma partida, mas podem surgir momentos oportunos que podem servir como um alerta importante para jogos sequenciais e que ser\u00e3o decisivos para todos n\u00f3s.<\/em><\/p>\n\n\n\n<p>Retirado de: Globo Esporte<\/p>\n","protected":false},"excerpt":{"rendered":"<p>Depois de quatro jogos seguidos sem vit\u00f3ria no Brasileir\u00e3o, o Flamengo voltou a vencer neste s\u00e1bado e com maestria. O time de Dorival J\u00fanior goleou o Bragantino por 4 a 1, no Maracan\u00e3, e chegou aos 48 pontos, em quarto lugar. Para o treinador, ainda h\u00e1 como sonhar com uma melhor sorte no campeonato. \u2014 [&hellip;]<\/p>\n","protected":false},"author":1,"featured_media":84790,"comment_status":"open","ping_status":"closed","sticky":false,"template":"","format":"standard","meta":{"footnotes":""},"categories":[1],"tags":[],"class_list":["post-88439","post","type-post","status-publish","format-standard","has-post-thumbnail","hentry","category-flamengo"],"yoast_head":"<!-- This site is optimized with the Yoast SEO Premium plugin v24.2 (Yoast SEO v26.9) - https:\/\/yoast.com\/product\/yoast-seo-premium-wordpress\/ -->\n<title>Dorival Junior, do Flamengo, \u00e9 questionado sobre o time que jogar\u00e1 a final da Copa do Brasil e da Libertadores<\/title>\n<meta name=\"robots\" content=\"index, follow, max-snippet:-1, max-image-preview:large, max-video-preview:-1\" \/>\n<link rel=\"canonical\" href=\"https:\/\/www.gaveanews.com\/index.php\/2022\/10\/03\/dorival-junior-do-flamengo-e-questionado-sobre-o-time-que-jogara-a-final-da-copa-do-brasil-e-da-libertadores\/\" \/>\n<meta property=\"og:locale\" content=\"pt_BR\" \/>\n<meta property=\"og:type\" content=\"article\" \/>\n<meta property=\"og:title\" content=\"Dorival Junior, do Flamengo, \u00e9 questionado sobre o time que jogar\u00e1 a final da Copa do Brasil e da Libertadores\" \/>\n<meta property=\"og:description\" content=\"Depois de quatro jogos seguidos sem vit\u00f3ria no Brasileir\u00e3o, o Flamengo voltou a vencer neste s\u00e1bado e com maestria. O time de Dorival J\u00fanior goleou o Bragantino por 4 a 1, no Maracan\u00e3, e chegou aos 48 pontos, em quarto lugar. Para o treinador, ainda h\u00e1 como sonhar com uma melhor sorte no campeonato. \u2014 [&hellip;]\" \/>\n<meta property=\"og:url\" content=\"https:\/\/www.gaveanews.com\/index.php\/2022\/10\/03\/dorival-junior-do-flamengo-e-questionado-sobre-o-time-que-jogara-a-final-da-copa-do-brasil-e-da-libertadores\/\" \/>\n<meta property=\"og:site_name\" content=\"G\u00e1vea News\" \/>\n<meta property=\"article:publisher\" content=\"https:\/\/facebook.com\/gaveaNews\/\" \/>\n<meta property=\"article:published_time\" content=\"2022-10-03T05:01:13+00:00\" \/>\n<meta property=\"article:modified_time\" content=\"2022-10-03T05:01:15+00:00\" \/>\n<meta property=\"og:image\" content=\"https:\/\/www.gaveanews.com\/wp-content\/uploads\/Dorival-Junior-comanda-o-Flamengo-no-Maracana.webp\" \/>\n\t<meta property=\"og:image:width\" content=\"799\" \/>\n\t<meta property=\"og:image:height\" content=\"532\" \/>\n\t<meta property=\"og:image:type\" content=\"image\/jpeg\" \/>\n<meta name=\"author\" content=\"Equipe G\u00e1vea News\" \/>\n<meta name=\"twitter:card\" content=\"summary_large_image\" \/>\n<meta name=\"twitter:label1\" content=\"Escrito por\" \/>\n\t<meta name=\"twitter:data1\" content=\"Equipe G\u00e1vea News\" \/>\n\t<meta name=\"twitter:label2\" content=\"Est. tempo de leitura\" \/>\n\t<meta name=\"twitter:data2\" content=\"3 minutos\" \/>\n<script type=\"application\/ld+json\" class=\"yoast-schema-graph\">{\"@context\":\"https:\/\/schema.org\",\"@graph\":[{\"@type\":\"NewsArticle\",\"@id\":\"https:\/\/www.gaveanews.com\/index.php\/2022\/10\/03\/dorival-junior-do-flamengo-e-questionado-sobre-o-time-que-jogara-a-final-da-copa-do-brasil-e-da-libertadores\/#article\",\"isPartOf\":{\"@id\":\"https:\/\/www.gaveanews.com\/index.php\/2022\/10\/03\/dorival-junior-do-flamengo-e-questionado-sobre-o-time-que-jogara-a-final-da-copa-do-brasil-e-da-libertadores\/\"},\"author\":{\"name\":\"Equipe G\u00e1vea News\",\"@id\":\"https:\/\/www.gaveanews.com\/#\/schema\/person\/2ec14f73fb96be2caf28f91afb14749d\"},\"headline\":\"Dorival Junior, do Flamengo, \u00e9 questionado sobre o time que jogar\u00e1 a final da Copa do Brasil e da Libertadores\",\"datePublished\":\"2022-10-03T05:01:13+00:00\",\"dateModified\":\"2022-10-03T05:01:15+00:00\",\"mainEntityOfPage\":{\"@id\":\"https:\/\/www.gaveanews.com\/index.php\/2022\/10\/03\/dorival-junior-do-flamengo-e-questionado-sobre-o-time-que-jogara-a-final-da-copa-do-brasil-e-da-libertadores\/\"},\"wordCount\":534,\"commentCount\":0,\"image\":{\"@id\":\"https:\/\/www.gaveanews.com\/index.php\/2022\/10\/03\/dorival-junior-do-flamengo-e-questionado-sobre-o-time-que-jogara-a-final-da-copa-do-brasil-e-da-libertadores\/#primaryimage\"},\"thumbnailUrl\":\"https:\/\/www.gaveanews.com\/wp-content\/uploads\/Dorival-Junior-comanda-o-Flamengo-no-Maracana.webp\",\"articleSection\":[\"Flamengo\"],\"inLanguage\":\"pt-BR\",\"potentialAction\":[{\"@type\":\"CommentAction\",\"name\":\"Comment\",\"target\":[\"https:\/\/www.gaveanews.com\/index.php\/2022\/10\/03\/dorival-junior-do-flamengo-e-questionado-sobre-o-time-que-jogara-a-final-da-copa-do-brasil-e-da-libertadores\/#respond\"]}],\"copyrightYear\":\"2022\",\"copyrightHolder\":{\"@id\":\"https:\/\/www.gaveanews.com\/#organization\"}},{\"@type\":\"WebPage\",\"@id\":\"https:\/\/www.gaveanews.com\/index.php\/2022\/10\/03\/dorival-junior-do-flamengo-e-questionado-sobre-o-time-que-jogara-a-final-da-copa-do-brasil-e-da-libertadores\/\",\"url\":\"https:\/\/www.gaveanews.com\/index.php\/2022\/10\/03\/dorival-junior-do-flamengo-e-questionado-sobre-o-time-que-jogara-a-final-da-copa-do-brasil-e-da-libertadores\/\",\"name\":\"Dorival Junior, do Flamengo, \u00e9 questionado sobre o time que jogar\u00e1 a final da Copa do Brasil e da Libertadores\",\"isPartOf\":{\"@id\":\"https:\/\/www.gaveanews.com\/#website\"},\"primaryImageOfPage\":{\"@id\":\"https:\/\/www.gaveanews.com\/index.php\/2022\/10\/03\/dorival-junior-do-flamengo-e-questionado-sobre-o-time-que-jogara-a-final-da-copa-do-brasil-e-da-libertadores\/#primaryimage\"},\"image\":{\"@id\":\"https:\/\/www.gaveanews.com\/index.php\/2022\/10\/03\/dorival-junior-do-flamengo-e-questionado-sobre-o-time-que-jogara-a-final-da-copa-do-brasil-e-da-libertadores\/#primaryimage\"},\"thumbnailUrl\":\"https:\/\/www.gaveanews.com\/wp-content\/uploads\/Dorival-Junior-comanda-o-Flamengo-no-Maracana.webp\",\"datePublished\":\"2022-10-03T05:01:13+00:00\",\"dateModified\":\"2022-10-03T05:01:15+00:00\",\"author\":{\"@id\":\"https:\/\/www.gaveanews.com\/#\/schema\/person\/2ec14f73fb96be2caf28f91afb14749d\"},\"breadcrumb\":{\"@id\":\"https:\/\/www.gaveanews.com\/index.php\/2022\/10\/03\/dorival-junior-do-flamengo-e-questionado-sobre-o-time-que-jogara-a-final-da-copa-do-brasil-e-da-libertadores\/#breadcrumb\"},\"inLanguage\":\"pt-BR\",\"potentialAction\":[{\"@type\":\"ReadAction\",\"target\":[\"https:\/\/www.gaveanews.com\/index.php\/2022\/10\/03\/dorival-junior-do-flamengo-e-questionado-sobre-o-time-que-jogara-a-final-da-copa-do-brasil-e-da-libertadores\/\"]}]},{\"@type\":\"ImageObject\",\"inLanguage\":\"pt-BR\",\"@id\":\"https:\/\/www.gaveanews.com\/index.php\/2022\/10\/03\/dorival-junior-do-flamengo-e-questionado-sobre-o-time-que-jogara-a-final-da-copa-do-brasil-e-da-libertadores\/#primaryimage\",\"url\":\"https:\/\/www.gaveanews.com\/wp-content\/uploads\/Dorival-Junior-comanda-o-Flamengo-no-Maracana.webp\",\"contentUrl\":\"https:\/\/www.gaveanews.com\/wp-content\/uploads\/Dorival-Junior-comanda-o-Flamengo-no-Maracana.webp\",\"width\":799,\"height\":532,\"caption\":\"Dorival J\u00fanior comanda o Flamengo no Maracan\u00e3 (Foto: Paula Reis\/Flamengo)\"},{\"@type\":\"BreadcrumbList\",\"@id\":\"https:\/\/www.gaveanews.com\/index.php\/2022\/10\/03\/dorival-junior-do-flamengo-e-questionado-sobre-o-time-que-jogara-a-final-da-copa-do-brasil-e-da-libertadores\/#breadcrumb\",\"itemListElement\":[{\"@type\":\"ListItem\",\"position\":1,\"name\":\"Home\",\"item\":\"https:\/\/www.gaveanews.com\/\"},{\"@type\":\"ListItem\",\"position\":2,\"name\":\"Dorival Junior, do Flamengo, \u00e9 questionado sobre o time que jogar\u00e1 a final da Copa do Brasil e da Libertadores\"}]},{\"@type\":\"WebSite\",\"@id\":\"https:\/\/www.gaveanews.com\/#website\",\"url\":\"https:\/\/www.gaveanews.com\/\",\"name\":\"G\u00e1vea News\",\"description\":\"Veja todas as not\u00edcias sobre o Flamengo: Contrata\u00e7\u00f5es, categorias de base, resultados das partidas, tabela de classifica\u00e7\u00e3o, pr\u00f3ximos jogos!\",\"potentialAction\":[{\"@type\":\"SearchAction\",\"target\":{\"@type\":\"EntryPoint\",\"urlTemplate\":\"https:\/\/www.gaveanews.com\/?s={search_term_string}\"},\"query-input\":{\"@type\":\"PropertyValueSpecification\",\"valueRequired\":true,\"valueName\":\"search_term_string\"}}],\"inLanguage\":\"pt-BR\"},{\"@type\":\"Person\",\"@id\":\"https:\/\/www.gaveanews.com\/#\/schema\/person\/2ec14f73fb96be2caf28f91afb14749d\",\"name\":\"Equipe G\u00e1vea News\",\"image\":{\"@type\":\"ImageObject\",\"inLanguage\":\"pt-BR\",\"@id\":\"https:\/\/www.gaveanews.com\/#\/schema\/person\/image\/\",\"url\":\"https:\/\/secure.gravatar.com\/avatar\/1e1956f1facbffd3f8fa53a326721950116b3b9dc9bd44939c01180fd4a745a9?s=96&d=mm&r=g\",\"contentUrl\":\"https:\/\/secure.gravatar.com\/avatar\/1e1956f1facbffd3f8fa53a326721950116b3b9dc9bd44939c01180fd4a745a9?s=96&d=mm&r=g\",\"caption\":\"Equipe G\u00e1vea News\"}}]}<\/script>\n<!-- \/ Yoast SEO Premium plugin. -->","yoast_head_json":{"title":"Dorival Junior, do Flamengo, \u00e9 questionado sobre o time que jogar\u00e1 a final da Copa do Brasil e da Libertadores","robots":{"index":"index","follow":"follow","max-snippet":"max-snippet:-1","max-image-preview":"max-image-preview:large","max-video-preview":"max-video-preview:-1"},"canonical":"https:\/\/www.gaveanews.com\/index.php\/2022\/10\/03\/dorival-junior-do-flamengo-e-questionado-sobre-o-time-que-jogara-a-final-da-copa-do-brasil-e-da-libertadores\/","og_locale":"pt_BR","og_type":"article","og_title":"Dorival Junior, do Flamengo, \u00e9 questionado sobre o time que jogar\u00e1 a final da Copa do Brasil e da Libertadores","og_description":"Depois de quatro jogos seguidos sem vit\u00f3ria no Brasileir\u00e3o, o Flamengo voltou a vencer neste s\u00e1bado e com maestria. O time de Dorival J\u00fanior goleou o Bragantino por 4 a 1, no Maracan\u00e3, e chegou aos 48 pontos, em quarto lugar. Para o treinador, ainda h\u00e1 como sonhar com uma melhor sorte no campeonato. \u2014 [&hellip;]","og_url":"https:\/\/www.gaveanews.com\/index.php\/2022\/10\/03\/dorival-junior-do-flamengo-e-questionado-sobre-o-time-que-jogara-a-final-da-copa-do-brasil-e-da-libertadores\/","og_site_name":"G\u00e1vea News","article_publisher":"https:\/\/facebook.com\/gaveaNews\/","article_published_time":"2022-10-03T05:01:13+00:00","article_modified_time":"2022-10-03T05:01:15+00:00","og_image":[{"width":799,"height":532,"url":"https:\/\/www.gaveanews.com\/wp-content\/uploads\/Dorival-Junior-comanda-o-Flamengo-no-Maracana.webp","type":"image\/jpeg"}],"author":"Equipe G\u00e1vea News","twitter_card":"summary_large_image","twitter_misc":{"Escrito por":"Equipe G\u00e1vea News","Est. tempo de leitura":"3 minutos"},"schema":{"@context":"https:\/\/schema.org","@graph":[{"@type":"NewsArticle","@id":"https:\/\/www.gaveanews.com\/index.php\/2022\/10\/03\/dorival-junior-do-flamengo-e-questionado-sobre-o-time-que-jogara-a-final-da-copa-do-brasil-e-da-libertadores\/#article","isPartOf":{"@id":"https:\/\/www.gaveanews.com\/index.php\/2022\/10\/03\/dorival-junior-do-flamengo-e-questionado-sobre-o-time-que-jogara-a-final-da-copa-do-brasil-e-da-libertadores\/"},"author":{"name":"Equipe G\u00e1vea News","@id":"https:\/\/www.gaveanews.com\/#\/schema\/person\/2ec14f73fb96be2caf28f91afb14749d"},"headline":"Dorival Junior, do Flamengo, \u00e9 questionado sobre o time que jogar\u00e1 a final da Copa do Brasil e da Libertadores","datePublished":"2022-10-03T05:01:13+00:00","dateModified":"2022-10-03T05:01:15+00:00","mainEntityOfPage":{"@id":"https:\/\/www.gaveanews.com\/index.php\/2022\/10\/03\/dorival-junior-do-flamengo-e-questionado-sobre-o-time-que-jogara-a-final-da-copa-do-brasil-e-da-libertadores\/"},"wordCount":534,"commentCount":0,"image":{"@id":"https:\/\/www.gaveanews.com\/index.php\/2022\/10\/03\/dorival-junior-do-flamengo-e-questionado-sobre-o-time-que-jogara-a-final-da-copa-do-brasil-e-da-libertadores\/#primaryimage"},"thumbnailUrl":"https:\/\/www.gaveanews.com\/wp-content\/uploads\/Dorival-Junior-comanda-o-Flamengo-no-Maracana.webp","articleSection":["Flamengo"],"inLanguage":"pt-BR","potentialAction":[{"@type":"CommentAction","name":"Comment","target":["https:\/\/www.gaveanews.com\/index.php\/2022\/10\/03\/dorival-junior-do-flamengo-e-questionado-sobre-o-time-que-jogara-a-final-da-copa-do-brasil-e-da-libertadores\/#respond"]}],"copyrightYear":"2022","copyrightHolder":{"@id":"https:\/\/www.gaveanews.com\/#organization"}},{"@type":"WebPage","@id":"https:\/\/www.gaveanews.com\/index.php\/2022\/10\/03\/dorival-junior-do-flamengo-e-questionado-sobre-o-time-que-jogara-a-final-da-copa-do-brasil-e-da-libertadores\/","url":"https:\/\/www.gaveanews.com\/index.php\/2022\/10\/03\/dorival-junior-do-flamengo-e-questionado-sobre-o-time-que-jogara-a-final-da-copa-do-brasil-e-da-libertadores\/","name":"Dorival Junior, do Flamengo, \u00e9 questionado sobre o time que jogar\u00e1 a final da Copa do Brasil e da Libertadores","isPartOf":{"@id":"https:\/\/www.gaveanews.com\/#website"},"primaryImageOfPage":{"@id":"https:\/\/www.gaveanews.com\/index.php\/2022\/10\/03\/dorival-junior-do-flamengo-e-questionado-sobre-o-time-que-jogara-a-final-da-copa-do-brasil-e-da-libertadores\/#primaryimage"},"image":{"@id":"https:\/\/www.gaveanews.com\/index.php\/2022\/10\/03\/dorival-junior-do-flamengo-e-questionado-sobre-o-time-que-jogara-a-final-da-copa-do-brasil-e-da-libertadores\/#primaryimage"},"thumbnailUrl":"https:\/\/www.gaveanews.com\/wp-content\/uploads\/Dorival-Junior-comanda-o-Flamengo-no-Maracana.webp","datePublished":"2022-10-03T05:01:13+00:00","dateModified":"2022-10-03T05:01:15+00:00","author":{"@id":"https:\/\/www.gaveanews.com\/#\/schema\/person\/2ec14f73fb96be2caf28f91afb14749d"},"breadcrumb":{"@id":"https:\/\/www.gaveanews.com\/index.php\/2022\/10\/03\/dorival-junior-do-flamengo-e-questionado-sobre-o-time-que-jogara-a-final-da-copa-do-brasil-e-da-libertadores\/#breadcrumb"},"inLanguage":"pt-BR","potentialAction":[{"@type":"ReadAction","target":["https:\/\/www.gaveanews.com\/index.php\/2022\/10\/03\/dorival-junior-do-flamengo-e-questionado-sobre-o-time-que-jogara-a-final-da-copa-do-brasil-e-da-libertadores\/"]}]},{"@type":"ImageObject","inLanguage":"pt-BR","@id":"https:\/\/www.gaveanews.com\/index.php\/2022\/10\/03\/dorival-junior-do-flamengo-e-questionado-sobre-o-time-que-jogara-a-final-da-copa-do-brasil-e-da-libertadores\/#primaryimage","url":"https:\/\/www.gaveanews.com\/wp-content\/uploads\/Dorival-Junior-comanda-o-Flamengo-no-Maracana.webp","contentUrl":"https:\/\/www.gaveanews.com\/wp-content\/uploads\/Dorival-Junior-comanda-o-Flamengo-no-Maracana.webp","width":799,"height":532,"caption":"Dorival J\u00fanior comanda o Flamengo no Maracan\u00e3 (Foto: Paula Reis\/Flamengo)"},{"@type":"BreadcrumbList","@id":"https:\/\/www.gaveanews.com\/index.php\/2022\/10\/03\/dorival-junior-do-flamengo-e-questionado-sobre-o-time-que-jogara-a-final-da-copa-do-brasil-e-da-libertadores\/#breadcrumb","itemListElement":[{"@type":"ListItem","position":1,"name":"Home","item":"https:\/\/www.gaveanews.com\/"},{"@type":"ListItem","position":2,"name":"Dorival Junior, do Flamengo, \u00e9 questionado sobre o time que jogar\u00e1 a final da Copa do Brasil e da Libertadores"}]},{"@type":"WebSite","@id":"https:\/\/www.gaveanews.com\/#website","url":"https:\/\/www.gaveanews.com\/","name":"G\u00e1vea News","description":"Veja todas as not\u00edcias sobre o Flamengo: Contrata\u00e7\u00f5es, categorias de base, resultados das partidas, tabela de classifica\u00e7\u00e3o, pr\u00f3ximos jogos!","potentialAction":[{"@type":"SearchAction","target":{"@type":"EntryPoint","urlTemplate":"https:\/\/www.gaveanews.com\/?s={search_term_string}"},"query-input":{"@type":"PropertyValueSpecification","valueRequired":true,"valueName":"search_term_string"}}],"inLanguage":"pt-BR"},{"@type":"Person","@id":"https:\/\/www.gaveanews.com\/#\/schema\/person\/2ec14f73fb96be2caf28f91afb14749d","name":"Equipe G\u00e1vea News","image":{"@type":"ImageObject","inLanguage":"pt-BR","@id":"https:\/\/www.gaveanews.com\/#\/schema\/person\/image\/","url":"https:\/\/secure.gravatar.com\/avatar\/1e1956f1facbffd3f8fa53a326721950116b3b9dc9bd44939c01180fd4a745a9?s=96&d=mm&r=g","contentUrl":"https:\/\/secure.gravatar.com\/avatar\/1e1956f1facbffd3f8fa53a326721950116b3b9dc9bd44939c01180fd4a745a9?s=96&d=mm&r=g","caption":"Equipe G\u00e1vea News"}}]}},"_links":{"self":[{"href":"https:\/\/www.gaveanews.com\/index.php\/wp-json\/wp\/v2\/posts\/88439","targetHints":{"allow":["GET"]}}],"collection":[{"href":"https:\/\/www.gaveanews.com\/index.php\/wp-json\/wp\/v2\/posts"}],"about":[{"href":"https:\/\/www.gaveanews.com\/index.php\/wp-json\/wp\/v2\/types\/post"}],"author":[{"embeddable":true,"href":"https:\/\/www.gaveanews.com\/index.php\/wp-json\/wp\/v2\/users\/1"}],"replies":[{"embeddable":true,"href":"https:\/\/www.gaveanews.com\/index.php\/wp-json\/wp\/v2\/comments?post=88439"}],"version-history":[{"count":0,"href":"https:\/\/www.gaveanews.com\/index.php\/wp-json\/wp\/v2\/posts\/88439\/revisions"}],"wp:featuredmedia":[{"embeddable":true,"href":"https:\/\/www.gaveanews.com\/index.php\/wp-json\/wp\/v2\/media\/84790"}],"wp:attachment":[{"href":"https:\/\/www.gaveanews.com\/index.php\/wp-json\/wp\/v2\/media?parent=88439"}],"wp:term":[{"taxonomy":"category","embeddable":true,"href":"https:\/\/www.gaveanews.com\/index.php\/wp-json\/wp\/v2\/categories?post=88439"},{"taxonomy":"post_tag","embeddable":true,"href":"https:\/\/www.gaveanews.com\/index.php\/wp-json\/wp\/v2\/tags?post=88439"}],"curies":[{"name":"wp","href":"https:\/\/api.w.org\/{rel}","templated":true}]}}