{"id":88496,"date":"2022-10-03T18:26:02","date_gmt":"2022-10-03T21:26:02","guid":{"rendered":"https:\/\/www.gaveanews.com\/?p=88496"},"modified":"2022-10-03T18:26:05","modified_gmt":"2022-10-03T21:26:05","slug":"que-dupla-pedro-e-gabigol-somam-200-gols-pelo-flamengo","status":"publish","type":"post","link":"https:\/\/www.gaveanews.com\/index.php\/2022\/10\/03\/que-dupla-pedro-e-gabigol-somam-200-gols-pelo-flamengo\/","title":{"rendered":"Que dupla! Pedro e Gabigol somam 200 gols pelo Flamengo"},"content":{"rendered":"\n<p>For\u00e7a e rever\u00eancia. Os gestos que traduzem o ataque do Flamengo e que personificam os atacantes. Gabriel Barbosa e Pedro Guilherme s\u00e3o os goleadores rubro-negros e juntos somam 200 gols, al\u00e9m das 56 assist\u00eancias.<\/p>\n\n\n\n<p>Na vit\u00f3ria por 4 a 1 em cima do Bragantino, a torcida rubro-negra viu Gabi abrir o placar e Pedro fazer o quarto hat-trick com a camisa do Flamengo. O camisa 9 chegou ao gol n\u00famero 132 no clube carioca &#8211; e o n\u00famero seria ainda melhor caso n\u00e3o tivesse desperdi\u00e7ado p\u00eanalti. Para Pedro s\u00e3o 68 tentos convertidos.<\/p>\n\n\n\n<p>Gabriel carrega ampla vantagem, visto que disputou uma temporada a mais que Pedro, que chegou ao Flamengo somente em 2020. No quesito assist\u00eancia, o camisa 9 concedeu 38 passes, enquanto o camisa 21 participou de 18.<\/p>\n\n\n\n<p>A vantagem hist\u00f3rica de Gabi n\u00e3o se reflete na temporada 2022. A disputa pela artilharia do elenco est\u00e1 acirrada. Pedro marcou 27 gols, um a menos que o companheiro de ataque. Juntos, no ano, balan\u00e7aram as redes 55 vezes e concederam 12 assist\u00eancias.<\/p>\n\n\n\n<p>O ano trouxe \u00e0 tona a parceria da dupla, que vai muito al\u00e9m de assist\u00eancia. A chegada de Dorival J\u00fanior mudou a configura\u00e7\u00e3o do ataque. Dos cinco que passaram de 2020 para c\u00e1, o atual t\u00e9cnico foi o que melhor escalou Pedro e Gabi como titulares. O camisa 9 ocupa cada vez mais o meio deixando o camisa 21 bem \u00e0 vontade na \u00e1rea.<\/p>\n\n\n\n<p>O primeiro de Pedro contra o Bragantino \u00e9 um retrato. O lance passa pelos p\u00e9s de Gabriel, que inicia a jogada no meio, encontra Cebolinha livre na esquerda para cruzar para o camisa 21 marcar.<\/p>\n\n\n\n<p>A m\u00e9dia de gols \u00e9 semelhante. Pedro soma 0.50 e Gabi 0.49. S\u00e3o 57 jogos para o camisa 9, com 4.465 minutos jogados, enquanto o camisa 21 entrou em campo por 2.832 minutos em 54 partidas.<\/p>\n\n\n\n<p>Esta \u00e9 a melhor temporada de Pedro na carreira. Gabi, por sua vez, precisa de 15 gols para igualar 2019, em que marcou 43 vezes.<\/p>\n\n\n\n<p>Finalistas nas Copas, Gabi e Pedro formaram o ataque titular do Flamengo 20 vezes no ano &#8211; sendo 14 com Dorival no comando. O aproveitamento \u00e9 superior a 88%. O retrospecto \u00e9 de 17 vit\u00f3rias, dois empates e apenas uma derrota.<\/p>\n\n\n\n<p>Neste per\u00edodo, foram nove gols e tr\u00eas assist\u00eancias de Gabi, al\u00e9m de 19 gols e quatro assist\u00eancias de Pedro.<\/p>\n\n\n\n<p>Al\u00e9m disso, a dupla foi a campo em oito jogos entre 2020 e 2021: cinco vit\u00f3rias, dois empates e uma derrota. Os dados apontados na mat\u00e9ria s\u00e3o do Espi\u00e3o Estat\u00edstico.<\/p>\n\n\n\n<ul class=\"wp-block-list\"><li><strong>Gols de Gabriel com assist\u00eancia de Pedro: 3<\/strong><ul><li>Boavista 1 x 2\u00a0Flamengo\u00a0&#8211; 2020<\/li><li>Flamengo\u00a04 x 1 Volta Redonda &#8211; 2021<\/li><li>Flamengo\u00a03 x 0 Am\u00e9rica-MG &#8211; 2022<\/li><\/ul><\/li><li><strong>Gols de Pedro com assist\u00eancia de Gabriel: 4<\/strong><ul><li>Flamengo\u00a04 x 0 Independiente del Valle &#8211; 2020<\/li><li>Flamengo\u00a05 x 0 Nova Igua\u00e7u &#8211; 2022<\/li><li>Talleres 2 x 2\u00a0Flamengo\u00a0&#8211; 2022<\/li><li>V\u00e9lez Sarsfield 0 x 4\u00a0Flamengo\u00a0&#8211; 2022<\/li><\/ul><\/li><\/ul>\n\n\n\n<p>O pr\u00f3ximo compromisso da dupla \u00e9 na quarta-feira, \u00e0s 21h30, no Maracan\u00e3, contra o Internacional, pela 30\u00aa rodada do Campeonato Brasileiro.<\/p>\n\n\n\n<p>Retirado de: Globo Esporte<\/p>\n","protected":false},"excerpt":{"rendered":"<p>For\u00e7a e rever\u00eancia. Os gestos que traduzem o ataque do Flamengo e que personificam os atacantes. Gabriel Barbosa e Pedro Guilherme s\u00e3o os goleadores rubro-negros e juntos somam 200 gols, al\u00e9m das 56 assist\u00eancias. Na vit\u00f3ria por 4 a 1 em cima do Bragantino, a torcida rubro-negra viu Gabi abrir o placar e Pedro fazer [&hellip;]<\/p>\n","protected":false},"author":1,"featured_media":88458,"comment_status":"open","ping_status":"closed","sticky":false,"template":"","format":"standard","meta":{"footnotes":""},"categories":[1],"tags":[],"class_list":["post-88496","post","type-post","status-publish","format-standard","has-post-thumbnail","hentry","category-flamengo"],"yoast_head":"<!-- This site is optimized with the Yoast SEO Premium plugin v24.2 (Yoast SEO v26.9) - https:\/\/yoast.com\/product\/yoast-seo-premium-wordpress\/ -->\n<title>Que dupla! Pedro e Gabigol somam 200 gols pelo Flamengo<\/title>\n<meta name=\"robots\" content=\"index, follow, max-snippet:-1, max-image-preview:large, max-video-preview:-1\" \/>\n<link rel=\"canonical\" href=\"https:\/\/www.gaveanews.com\/index.php\/2022\/10\/03\/que-dupla-pedro-e-gabigol-somam-200-gols-pelo-flamengo\/\" \/>\n<meta property=\"og:locale\" content=\"pt_BR\" \/>\n<meta property=\"og:type\" content=\"article\" \/>\n<meta property=\"og:title\" content=\"Que dupla! Pedro e Gabigol somam 200 gols pelo Flamengo\" \/>\n<meta property=\"og:description\" content=\"For\u00e7a e rever\u00eancia. Os gestos que traduzem o ataque do Flamengo e que personificam os atacantes. Gabriel Barbosa e Pedro Guilherme s\u00e3o os goleadores rubro-negros e juntos somam 200 gols, al\u00e9m das 56 assist\u00eancias. Na vit\u00f3ria por 4 a 1 em cima do Bragantino, a torcida rubro-negra viu Gabi abrir o placar e Pedro fazer [&hellip;]\" \/>\n<meta property=\"og:url\" content=\"https:\/\/www.gaveanews.com\/index.php\/2022\/10\/03\/que-dupla-pedro-e-gabigol-somam-200-gols-pelo-flamengo\/\" \/>\n<meta property=\"og:site_name\" content=\"G\u00e1vea News\" \/>\n<meta property=\"article:publisher\" content=\"https:\/\/facebook.com\/gaveaNews\/\" \/>\n<meta property=\"article:published_time\" content=\"2022-10-03T21:26:02+00:00\" \/>\n<meta property=\"article:modified_time\" content=\"2022-10-03T21:26:05+00:00\" \/>\n<meta property=\"og:image\" content=\"https:\/\/www.gaveanews.com\/wp-content\/uploads\/Pedro-e-Gabigol-1.webp\" \/>\n\t<meta property=\"og:image:width\" content=\"799\" \/>\n\t<meta property=\"og:image:height\" content=\"533\" \/>\n\t<meta property=\"og:image:type\" content=\"image\/jpeg\" \/>\n<meta name=\"author\" content=\"Equipe G\u00e1vea News\" \/>\n<meta name=\"twitter:card\" content=\"summary_large_image\" \/>\n<meta name=\"twitter:label1\" content=\"Escrito por\" \/>\n\t<meta name=\"twitter:data1\" content=\"Equipe G\u00e1vea News\" \/>\n\t<meta name=\"twitter:label2\" content=\"Est. tempo de leitura\" \/>\n\t<meta name=\"twitter:data2\" content=\"3 minutos\" \/>\n<script type=\"application\/ld+json\" class=\"yoast-schema-graph\">{\"@context\":\"https:\/\/schema.org\",\"@graph\":[{\"@type\":\"NewsArticle\",\"@id\":\"https:\/\/www.gaveanews.com\/index.php\/2022\/10\/03\/que-dupla-pedro-e-gabigol-somam-200-gols-pelo-flamengo\/#article\",\"isPartOf\":{\"@id\":\"https:\/\/www.gaveanews.com\/index.php\/2022\/10\/03\/que-dupla-pedro-e-gabigol-somam-200-gols-pelo-flamengo\/\"},\"author\":{\"name\":\"Equipe G\u00e1vea News\",\"@id\":\"https:\/\/www.gaveanews.com\/#\/schema\/person\/2ec14f73fb96be2caf28f91afb14749d\"},\"headline\":\"Que dupla! Pedro e Gabigol somam 200 gols pelo Flamengo\",\"datePublished\":\"2022-10-03T21:26:02+00:00\",\"dateModified\":\"2022-10-03T21:26:05+00:00\",\"mainEntityOfPage\":{\"@id\":\"https:\/\/www.gaveanews.com\/index.php\/2022\/10\/03\/que-dupla-pedro-e-gabigol-somam-200-gols-pelo-flamengo\/\"},\"wordCount\":498,\"commentCount\":0,\"image\":{\"@id\":\"https:\/\/www.gaveanews.com\/index.php\/2022\/10\/03\/que-dupla-pedro-e-gabigol-somam-200-gols-pelo-flamengo\/#primaryimage\"},\"thumbnailUrl\":\"https:\/\/www.gaveanews.com\/wp-content\/uploads\/Pedro-e-Gabigol-1.webp\",\"articleSection\":[\"Flamengo\"],\"inLanguage\":\"pt-BR\",\"potentialAction\":[{\"@type\":\"CommentAction\",\"name\":\"Comment\",\"target\":[\"https:\/\/www.gaveanews.com\/index.php\/2022\/10\/03\/que-dupla-pedro-e-gabigol-somam-200-gols-pelo-flamengo\/#respond\"]}],\"copyrightYear\":\"2022\",\"copyrightHolder\":{\"@id\":\"https:\/\/www.gaveanews.com\/#organization\"}},{\"@type\":\"WebPage\",\"@id\":\"https:\/\/www.gaveanews.com\/index.php\/2022\/10\/03\/que-dupla-pedro-e-gabigol-somam-200-gols-pelo-flamengo\/\",\"url\":\"https:\/\/www.gaveanews.com\/index.php\/2022\/10\/03\/que-dupla-pedro-e-gabigol-somam-200-gols-pelo-flamengo\/\",\"name\":\"Que dupla! Pedro e Gabigol somam 200 gols pelo Flamengo\",\"isPartOf\":{\"@id\":\"https:\/\/www.gaveanews.com\/#website\"},\"primaryImageOfPage\":{\"@id\":\"https:\/\/www.gaveanews.com\/index.php\/2022\/10\/03\/que-dupla-pedro-e-gabigol-somam-200-gols-pelo-flamengo\/#primaryimage\"},\"image\":{\"@id\":\"https:\/\/www.gaveanews.com\/index.php\/2022\/10\/03\/que-dupla-pedro-e-gabigol-somam-200-gols-pelo-flamengo\/#primaryimage\"},\"thumbnailUrl\":\"https:\/\/www.gaveanews.com\/wp-content\/uploads\/Pedro-e-Gabigol-1.webp\",\"datePublished\":\"2022-10-03T21:26:02+00:00\",\"dateModified\":\"2022-10-03T21:26:05+00:00\",\"author\":{\"@id\":\"https:\/\/www.gaveanews.com\/#\/schema\/person\/2ec14f73fb96be2caf28f91afb14749d\"},\"breadcrumb\":{\"@id\":\"https:\/\/www.gaveanews.com\/index.php\/2022\/10\/03\/que-dupla-pedro-e-gabigol-somam-200-gols-pelo-flamengo\/#breadcrumb\"},\"inLanguage\":\"pt-BR\",\"potentialAction\":[{\"@type\":\"ReadAction\",\"target\":[\"https:\/\/www.gaveanews.com\/index.php\/2022\/10\/03\/que-dupla-pedro-e-gabigol-somam-200-gols-pelo-flamengo\/\"]}]},{\"@type\":\"ImageObject\",\"inLanguage\":\"pt-BR\",\"@id\":\"https:\/\/www.gaveanews.com\/index.php\/2022\/10\/03\/que-dupla-pedro-e-gabigol-somam-200-gols-pelo-flamengo\/#primaryimage\",\"url\":\"https:\/\/www.gaveanews.com\/wp-content\/uploads\/Pedro-e-Gabigol-1.webp\",\"contentUrl\":\"https:\/\/www.gaveanews.com\/wp-content\/uploads\/Pedro-e-Gabigol-1.webp\",\"width\":799,\"height\":533,\"caption\":\"Pedro e Gabigol marcam pelo Flamengo contra o Bragantino (Foto: Gilvan de Souza\/Flamengo)\"},{\"@type\":\"BreadcrumbList\",\"@id\":\"https:\/\/www.gaveanews.com\/index.php\/2022\/10\/03\/que-dupla-pedro-e-gabigol-somam-200-gols-pelo-flamengo\/#breadcrumb\",\"itemListElement\":[{\"@type\":\"ListItem\",\"position\":1,\"name\":\"Home\",\"item\":\"https:\/\/www.gaveanews.com\/\"},{\"@type\":\"ListItem\",\"position\":2,\"name\":\"Que dupla! Pedro e Gabigol somam 200 gols pelo Flamengo\"}]},{\"@type\":\"WebSite\",\"@id\":\"https:\/\/www.gaveanews.com\/#website\",\"url\":\"https:\/\/www.gaveanews.com\/\",\"name\":\"G\u00e1vea News\",\"description\":\"Veja todas as not\u00edcias sobre o Flamengo: Contrata\u00e7\u00f5es, categorias de base, resultados das partidas, tabela de classifica\u00e7\u00e3o, pr\u00f3ximos jogos!\",\"potentialAction\":[{\"@type\":\"SearchAction\",\"target\":{\"@type\":\"EntryPoint\",\"urlTemplate\":\"https:\/\/www.gaveanews.com\/?s={search_term_string}\"},\"query-input\":{\"@type\":\"PropertyValueSpecification\",\"valueRequired\":true,\"valueName\":\"search_term_string\"}}],\"inLanguage\":\"pt-BR\"},{\"@type\":\"Person\",\"@id\":\"https:\/\/www.gaveanews.com\/#\/schema\/person\/2ec14f73fb96be2caf28f91afb14749d\",\"name\":\"Equipe G\u00e1vea News\",\"image\":{\"@type\":\"ImageObject\",\"inLanguage\":\"pt-BR\",\"@id\":\"https:\/\/www.gaveanews.com\/#\/schema\/person\/image\/\",\"url\":\"https:\/\/secure.gravatar.com\/avatar\/1e1956f1facbffd3f8fa53a326721950116b3b9dc9bd44939c01180fd4a745a9?s=96&d=mm&r=g\",\"contentUrl\":\"https:\/\/secure.gravatar.com\/avatar\/1e1956f1facbffd3f8fa53a326721950116b3b9dc9bd44939c01180fd4a745a9?s=96&d=mm&r=g\",\"caption\":\"Equipe G\u00e1vea News\"}}]}<\/script>\n<!-- \/ Yoast SEO Premium plugin. -->","yoast_head_json":{"title":"Que dupla! Pedro e Gabigol somam 200 gols pelo Flamengo","robots":{"index":"index","follow":"follow","max-snippet":"max-snippet:-1","max-image-preview":"max-image-preview:large","max-video-preview":"max-video-preview:-1"},"canonical":"https:\/\/www.gaveanews.com\/index.php\/2022\/10\/03\/que-dupla-pedro-e-gabigol-somam-200-gols-pelo-flamengo\/","og_locale":"pt_BR","og_type":"article","og_title":"Que dupla! Pedro e Gabigol somam 200 gols pelo Flamengo","og_description":"For\u00e7a e rever\u00eancia. Os gestos que traduzem o ataque do Flamengo e que personificam os atacantes. Gabriel Barbosa e Pedro Guilherme s\u00e3o os goleadores rubro-negros e juntos somam 200 gols, al\u00e9m das 56 assist\u00eancias. Na vit\u00f3ria por 4 a 1 em cima do Bragantino, a torcida rubro-negra viu Gabi abrir o placar e Pedro fazer [&hellip;]","og_url":"https:\/\/www.gaveanews.com\/index.php\/2022\/10\/03\/que-dupla-pedro-e-gabigol-somam-200-gols-pelo-flamengo\/","og_site_name":"G\u00e1vea News","article_publisher":"https:\/\/facebook.com\/gaveaNews\/","article_published_time":"2022-10-03T21:26:02+00:00","article_modified_time":"2022-10-03T21:26:05+00:00","og_image":[{"width":799,"height":533,"url":"https:\/\/www.gaveanews.com\/wp-content\/uploads\/Pedro-e-Gabigol-1.webp","type":"image\/jpeg"}],"author":"Equipe G\u00e1vea News","twitter_card":"summary_large_image","twitter_misc":{"Escrito por":"Equipe G\u00e1vea News","Est. tempo de leitura":"3 minutos"},"schema":{"@context":"https:\/\/schema.org","@graph":[{"@type":"NewsArticle","@id":"https:\/\/www.gaveanews.com\/index.php\/2022\/10\/03\/que-dupla-pedro-e-gabigol-somam-200-gols-pelo-flamengo\/#article","isPartOf":{"@id":"https:\/\/www.gaveanews.com\/index.php\/2022\/10\/03\/que-dupla-pedro-e-gabigol-somam-200-gols-pelo-flamengo\/"},"author":{"name":"Equipe G\u00e1vea News","@id":"https:\/\/www.gaveanews.com\/#\/schema\/person\/2ec14f73fb96be2caf28f91afb14749d"},"headline":"Que dupla! Pedro e Gabigol somam 200 gols pelo Flamengo","datePublished":"2022-10-03T21:26:02+00:00","dateModified":"2022-10-03T21:26:05+00:00","mainEntityOfPage":{"@id":"https:\/\/www.gaveanews.com\/index.php\/2022\/10\/03\/que-dupla-pedro-e-gabigol-somam-200-gols-pelo-flamengo\/"},"wordCount":498,"commentCount":0,"image":{"@id":"https:\/\/www.gaveanews.com\/index.php\/2022\/10\/03\/que-dupla-pedro-e-gabigol-somam-200-gols-pelo-flamengo\/#primaryimage"},"thumbnailUrl":"https:\/\/www.gaveanews.com\/wp-content\/uploads\/Pedro-e-Gabigol-1.webp","articleSection":["Flamengo"],"inLanguage":"pt-BR","potentialAction":[{"@type":"CommentAction","name":"Comment","target":["https:\/\/www.gaveanews.com\/index.php\/2022\/10\/03\/que-dupla-pedro-e-gabigol-somam-200-gols-pelo-flamengo\/#respond"]}],"copyrightYear":"2022","copyrightHolder":{"@id":"https:\/\/www.gaveanews.com\/#organization"}},{"@type":"WebPage","@id":"https:\/\/www.gaveanews.com\/index.php\/2022\/10\/03\/que-dupla-pedro-e-gabigol-somam-200-gols-pelo-flamengo\/","url":"https:\/\/www.gaveanews.com\/index.php\/2022\/10\/03\/que-dupla-pedro-e-gabigol-somam-200-gols-pelo-flamengo\/","name":"Que dupla! Pedro e Gabigol somam 200 gols pelo Flamengo","isPartOf":{"@id":"https:\/\/www.gaveanews.com\/#website"},"primaryImageOfPage":{"@id":"https:\/\/www.gaveanews.com\/index.php\/2022\/10\/03\/que-dupla-pedro-e-gabigol-somam-200-gols-pelo-flamengo\/#primaryimage"},"image":{"@id":"https:\/\/www.gaveanews.com\/index.php\/2022\/10\/03\/que-dupla-pedro-e-gabigol-somam-200-gols-pelo-flamengo\/#primaryimage"},"thumbnailUrl":"https:\/\/www.gaveanews.com\/wp-content\/uploads\/Pedro-e-Gabigol-1.webp","datePublished":"2022-10-03T21:26:02+00:00","dateModified":"2022-10-03T21:26:05+00:00","author":{"@id":"https:\/\/www.gaveanews.com\/#\/schema\/person\/2ec14f73fb96be2caf28f91afb14749d"},"breadcrumb":{"@id":"https:\/\/www.gaveanews.com\/index.php\/2022\/10\/03\/que-dupla-pedro-e-gabigol-somam-200-gols-pelo-flamengo\/#breadcrumb"},"inLanguage":"pt-BR","potentialAction":[{"@type":"ReadAction","target":["https:\/\/www.gaveanews.com\/index.php\/2022\/10\/03\/que-dupla-pedro-e-gabigol-somam-200-gols-pelo-flamengo\/"]}]},{"@type":"ImageObject","inLanguage":"pt-BR","@id":"https:\/\/www.gaveanews.com\/index.php\/2022\/10\/03\/que-dupla-pedro-e-gabigol-somam-200-gols-pelo-flamengo\/#primaryimage","url":"https:\/\/www.gaveanews.com\/wp-content\/uploads\/Pedro-e-Gabigol-1.webp","contentUrl":"https:\/\/www.gaveanews.com\/wp-content\/uploads\/Pedro-e-Gabigol-1.webp","width":799,"height":533,"caption":"Pedro e Gabigol marcam pelo Flamengo contra o Bragantino (Foto: Gilvan de Souza\/Flamengo)"},{"@type":"BreadcrumbList","@id":"https:\/\/www.gaveanews.com\/index.php\/2022\/10\/03\/que-dupla-pedro-e-gabigol-somam-200-gols-pelo-flamengo\/#breadcrumb","itemListElement":[{"@type":"ListItem","position":1,"name":"Home","item":"https:\/\/www.gaveanews.com\/"},{"@type":"ListItem","position":2,"name":"Que dupla! Pedro e Gabigol somam 200 gols pelo Flamengo"}]},{"@type":"WebSite","@id":"https:\/\/www.gaveanews.com\/#website","url":"https:\/\/www.gaveanews.com\/","name":"G\u00e1vea News","description":"Veja todas as not\u00edcias sobre o Flamengo: Contrata\u00e7\u00f5es, categorias de base, resultados das partidas, tabela de classifica\u00e7\u00e3o, pr\u00f3ximos jogos!","potentialAction":[{"@type":"SearchAction","target":{"@type":"EntryPoint","urlTemplate":"https:\/\/www.gaveanews.com\/?s={search_term_string}"},"query-input":{"@type":"PropertyValueSpecification","valueRequired":true,"valueName":"search_term_string"}}],"inLanguage":"pt-BR"},{"@type":"Person","@id":"https:\/\/www.gaveanews.com\/#\/schema\/person\/2ec14f73fb96be2caf28f91afb14749d","name":"Equipe G\u00e1vea News","image":{"@type":"ImageObject","inLanguage":"pt-BR","@id":"https:\/\/www.gaveanews.com\/#\/schema\/person\/image\/","url":"https:\/\/secure.gravatar.com\/avatar\/1e1956f1facbffd3f8fa53a326721950116b3b9dc9bd44939c01180fd4a745a9?s=96&d=mm&r=g","contentUrl":"https:\/\/secure.gravatar.com\/avatar\/1e1956f1facbffd3f8fa53a326721950116b3b9dc9bd44939c01180fd4a745a9?s=96&d=mm&r=g","caption":"Equipe G\u00e1vea News"}}]}},"_links":{"self":[{"href":"https:\/\/www.gaveanews.com\/index.php\/wp-json\/wp\/v2\/posts\/88496","targetHints":{"allow":["GET"]}}],"collection":[{"href":"https:\/\/www.gaveanews.com\/index.php\/wp-json\/wp\/v2\/posts"}],"about":[{"href":"https:\/\/www.gaveanews.com\/index.php\/wp-json\/wp\/v2\/types\/post"}],"author":[{"embeddable":true,"href":"https:\/\/www.gaveanews.com\/index.php\/wp-json\/wp\/v2\/users\/1"}],"replies":[{"embeddable":true,"href":"https:\/\/www.gaveanews.com\/index.php\/wp-json\/wp\/v2\/comments?post=88496"}],"version-history":[{"count":0,"href":"https:\/\/www.gaveanews.com\/index.php\/wp-json\/wp\/v2\/posts\/88496\/revisions"}],"wp:featuredmedia":[{"embeddable":true,"href":"https:\/\/www.gaveanews.com\/index.php\/wp-json\/wp\/v2\/media\/88458"}],"wp:attachment":[{"href":"https:\/\/www.gaveanews.com\/index.php\/wp-json\/wp\/v2\/media?parent=88496"}],"wp:term":[{"taxonomy":"category","embeddable":true,"href":"https:\/\/www.gaveanews.com\/index.php\/wp-json\/wp\/v2\/categories?post=88496"},{"taxonomy":"post_tag","embeddable":true,"href":"https:\/\/www.gaveanews.com\/index.php\/wp-json\/wp\/v2\/tags?post=88496"}],"curies":[{"name":"wp","href":"https:\/\/api.w.org\/{rel}","templated":true}]}}