{"id":88512,"date":"2022-10-04T00:17:51","date_gmt":"2022-10-04T03:17:51","guid":{"rendered":"https:\/\/www.gaveanews.com\/?p=88512"},"modified":"2022-10-04T00:17:54","modified_gmt":"2022-10-04T03:17:54","slug":"oscar-cita-situacao-de-andreas-pereira-no-flamengo-e-diz-por-que-e-f-de-jogar-no-brasil","status":"publish","type":"post","link":"https:\/\/www.gaveanews.com\/index.php\/2022\/10\/04\/oscar-cita-situacao-de-andreas-pereira-no-flamengo-e-diz-por-que-e-f-de-jogar-no-brasil\/","title":{"rendered":"Oscar cita situa\u00e7\u00e3o de Andreas Pereira no Flamengo e diz por que \u00e9 f* de jogar no Brasil"},"content":{"rendered":"\n<p>Oscar esteve pr\u00f3ximo de retornar ao futebol brasileiro neste \u00faltimo mercado de transfer\u00eancias. Ap\u00f3s forte campanha de boa parte da torcida do Flamengo nas redes sociais, o atleta negociou e chegou a um acordo com os cariocas.<\/p>\n\n\n\n<p>Mas, a transfer\u00eancia s\u00f3 n\u00e3o se concretizou por que Oscar n\u00e3o obteve a libera\u00e7\u00e3o por parte do Shanghai Port, da China, clube com o qual ainda tem contrato vigente at\u00e9 o final de 2024.<\/p>\n\n\n\n<p>Longe do futebol brasileiro h\u00e1 mais de uma d\u00e9cada, o craque contou durante entrevista ao podcast \u2018Fala, Bras\u00f3lho\u2019, que retornar ao pa\u00eds n\u00e3o \u00e9 uma situa\u00e7\u00e3o simples e apontou o \u00f3dio nas redes sociais como um dos grandes fatores que atrapalham o desempenho do atleta.<\/p>\n\n\n\n<p><em>\u2014 Esse neg\u00f3cio de jogar no Brasil, \u00e9 fod. Voc\u00ea vem, tem uma put de uma carreira, da\u00ed chega aqui, joga 10, 15 jogos, \u00e9 o melhor da temporada, mas a\u00ed voc\u00ea faz um jogo que d\u00e1 errado, uma final, sei l\u00e1, perde um p\u00eanalti, perde uma bola, como aconteceu com o menino do Flamengo (Andreas Pereira, na final da Libertadores)<\/em>, explicou o craque.<\/p>\n\n\n\n<p><em>\u2014 A\u00ed o cara fica marcado\u2026 \u00c9 o melhor do time, \u00e9 meio\u2026 Voc\u00ea tem que pensar muito bem se vale a pena. Antigamente n\u00e3o era t\u00e3o assim. Hoje, pelas m\u00eddias sociais, est\u00e1 mais pesado.<\/em><\/p>\n\n\n\n<p>Oscar sofreu com revolta de torcedores logo no in\u00edcio da carreira, em meados de 2010. Na \u00e9poca, o meio-campista revelado pelo S\u00e3o Paulo teve um imbr\u00f3glio com o Tricolor e se transferiu para o Internacional. O fato entristeceu alguns torcedores do time paulista, que at\u00e9 hoje n\u00e3o lidam bem com o adeus precoce de Oscar.<\/p>\n\n\n\n<p><em>\u2014 Quando eu vou na rua, tem uns (torcedores do S\u00e3o Paulo), a maioria fala: &#8216;Por que voc\u00ea n\u00e3o jogou? A gente gostava tanto de voc\u00ea&#8217;. Mas voc\u00ea acha um ou outro que fala: &#8216;\u00d4 ingrato&#8217;<\/em>.<\/p>\n\n\n\n<p><em>\u2014 Esses dias eu estava em um cart\u00f3rio, resolvendo coisas de um amigo, que estava casando, e passou um cara me chamando de ingrato. O cara estava com a mulher, com a filha. Eu falei: &#8216;Que isso, velho?! Pra que isso, cara?&#8217;. Expliquei pra ele, que pediu desculpa. Mas se voc\u00ea \u00e9 um esquentado\u2026<\/em>, finalizou.<\/p>\n\n\n\n<p>Retirado de: ESPN<\/p>\n","protected":false},"excerpt":{"rendered":"<p>Oscar esteve pr\u00f3ximo de retornar ao futebol brasileiro neste \u00faltimo mercado de transfer\u00eancias. Ap\u00f3s forte campanha de boa parte da torcida do Flamengo nas redes sociais, o atleta negociou e chegou a um acordo com os cariocas. Mas, a transfer\u00eancia s\u00f3 n\u00e3o se concretizou por que Oscar n\u00e3o obteve a libera\u00e7\u00e3o por parte do Shanghai [&hellip;]<\/p>\n","protected":false},"author":1,"featured_media":85514,"comment_status":"open","ping_status":"closed","sticky":false,"template":"","format":"standard","meta":{"footnotes":""},"categories":[47],"tags":[],"class_list":["post-88512","post","type-post","status-publish","format-standard","has-post-thumbnail","hentry","category-destaques"],"yoast_head":"<!-- This site is optimized with the Yoast SEO Premium plugin v24.2 (Yoast SEO v26.9) - https:\/\/yoast.com\/product\/yoast-seo-premium-wordpress\/ -->\n<title>Oscar cita situa\u00e7\u00e3o de Andreas Pereira no Flamengo e diz por que \u00e9 f* de jogar no Brasil<\/title>\n<meta name=\"robots\" content=\"index, follow, max-snippet:-1, max-image-preview:large, max-video-preview:-1\" \/>\n<link rel=\"canonical\" href=\"https:\/\/www.gaveanews.com\/index.php\/2022\/10\/04\/oscar-cita-situacao-de-andreas-pereira-no-flamengo-e-diz-por-que-e-f-de-jogar-no-brasil\/\" \/>\n<meta property=\"og:locale\" content=\"pt_BR\" \/>\n<meta property=\"og:type\" content=\"article\" \/>\n<meta property=\"og:title\" content=\"Oscar cita situa\u00e7\u00e3o de Andreas Pereira no Flamengo e diz por que \u00e9 f* de jogar no Brasil\" \/>\n<meta property=\"og:description\" content=\"Oscar esteve pr\u00f3ximo de retornar ao futebol brasileiro neste \u00faltimo mercado de transfer\u00eancias. Ap\u00f3s forte campanha de boa parte da torcida do Flamengo nas redes sociais, o atleta negociou e chegou a um acordo com os cariocas. Mas, a transfer\u00eancia s\u00f3 n\u00e3o se concretizou por que Oscar n\u00e3o obteve a libera\u00e7\u00e3o por parte do Shanghai [&hellip;]\" \/>\n<meta property=\"og:url\" content=\"https:\/\/www.gaveanews.com\/index.php\/2022\/10\/04\/oscar-cita-situacao-de-andreas-pereira-no-flamengo-e-diz-por-que-e-f-de-jogar-no-brasil\/\" \/>\n<meta property=\"og:site_name\" content=\"G\u00e1vea News\" \/>\n<meta property=\"article:publisher\" content=\"https:\/\/facebook.com\/gaveaNews\/\" \/>\n<meta property=\"article:published_time\" content=\"2022-10-04T03:17:51+00:00\" \/>\n<meta property=\"article:modified_time\" content=\"2022-10-04T03:17:54+00:00\" \/>\n<meta property=\"og:image\" content=\"https:\/\/www.gaveanews.com\/wp-content\/uploads\/oscar.webp\" \/>\n\t<meta property=\"og:image:width\" content=\"1000\" \/>\n\t<meta property=\"og:image:height\" content=\"667\" \/>\n\t<meta property=\"og:image:type\" content=\"image\/webp\" \/>\n<meta name=\"author\" content=\"Equipe G\u00e1vea News\" \/>\n<meta name=\"twitter:card\" content=\"summary_large_image\" \/>\n<meta name=\"twitter:label1\" content=\"Escrito por\" \/>\n\t<meta name=\"twitter:data1\" content=\"Equipe G\u00e1vea News\" \/>\n\t<meta name=\"twitter:label2\" content=\"Est. tempo de leitura\" \/>\n\t<meta name=\"twitter:data2\" content=\"2 minutos\" \/>\n<script type=\"application\/ld+json\" class=\"yoast-schema-graph\">{\"@context\":\"https:\/\/schema.org\",\"@graph\":[{\"@type\":\"NewsArticle\",\"@id\":\"https:\/\/www.gaveanews.com\/index.php\/2022\/10\/04\/oscar-cita-situacao-de-andreas-pereira-no-flamengo-e-diz-por-que-e-f-de-jogar-no-brasil\/#article\",\"isPartOf\":{\"@id\":\"https:\/\/www.gaveanews.com\/index.php\/2022\/10\/04\/oscar-cita-situacao-de-andreas-pereira-no-flamengo-e-diz-por-que-e-f-de-jogar-no-brasil\/\"},\"author\":{\"name\":\"Equipe G\u00e1vea News\",\"@id\":\"https:\/\/www.gaveanews.com\/#\/schema\/person\/2ec14f73fb96be2caf28f91afb14749d\"},\"headline\":\"Oscar cita situa\u00e7\u00e3o de Andreas Pereira no Flamengo e diz por que \u00e9 f* de jogar no Brasil\",\"datePublished\":\"2022-10-04T03:17:51+00:00\",\"dateModified\":\"2022-10-04T03:17:54+00:00\",\"mainEntityOfPage\":{\"@id\":\"https:\/\/www.gaveanews.com\/index.php\/2022\/10\/04\/oscar-cita-situacao-de-andreas-pereira-no-flamengo-e-diz-por-que-e-f-de-jogar-no-brasil\/\"},\"wordCount\":391,\"commentCount\":0,\"image\":{\"@id\":\"https:\/\/www.gaveanews.com\/index.php\/2022\/10\/04\/oscar-cita-situacao-de-andreas-pereira-no-flamengo-e-diz-por-que-e-f-de-jogar-no-brasil\/#primaryimage\"},\"thumbnailUrl\":\"https:\/\/www.gaveanews.com\/wp-content\/uploads\/oscar.webp\",\"articleSection\":[\"Destaques\"],\"inLanguage\":\"pt-BR\",\"potentialAction\":[{\"@type\":\"CommentAction\",\"name\":\"Comment\",\"target\":[\"https:\/\/www.gaveanews.com\/index.php\/2022\/10\/04\/oscar-cita-situacao-de-andreas-pereira-no-flamengo-e-diz-por-que-e-f-de-jogar-no-brasil\/#respond\"]}],\"copyrightYear\":\"2022\",\"copyrightHolder\":{\"@id\":\"https:\/\/www.gaveanews.com\/#organization\"}},{\"@type\":\"WebPage\",\"@id\":\"https:\/\/www.gaveanews.com\/index.php\/2022\/10\/04\/oscar-cita-situacao-de-andreas-pereira-no-flamengo-e-diz-por-que-e-f-de-jogar-no-brasil\/\",\"url\":\"https:\/\/www.gaveanews.com\/index.php\/2022\/10\/04\/oscar-cita-situacao-de-andreas-pereira-no-flamengo-e-diz-por-que-e-f-de-jogar-no-brasil\/\",\"name\":\"Oscar cita situa\u00e7\u00e3o de Andreas Pereira no Flamengo e diz por que \u00e9 f* de jogar no Brasil\",\"isPartOf\":{\"@id\":\"https:\/\/www.gaveanews.com\/#website\"},\"primaryImageOfPage\":{\"@id\":\"https:\/\/www.gaveanews.com\/index.php\/2022\/10\/04\/oscar-cita-situacao-de-andreas-pereira-no-flamengo-e-diz-por-que-e-f-de-jogar-no-brasil\/#primaryimage\"},\"image\":{\"@id\":\"https:\/\/www.gaveanews.com\/index.php\/2022\/10\/04\/oscar-cita-situacao-de-andreas-pereira-no-flamengo-e-diz-por-que-e-f-de-jogar-no-brasil\/#primaryimage\"},\"thumbnailUrl\":\"https:\/\/www.gaveanews.com\/wp-content\/uploads\/oscar.webp\",\"datePublished\":\"2022-10-04T03:17:51+00:00\",\"dateModified\":\"2022-10-04T03:17:54+00:00\",\"author\":{\"@id\":\"https:\/\/www.gaveanews.com\/#\/schema\/person\/2ec14f73fb96be2caf28f91afb14749d\"},\"breadcrumb\":{\"@id\":\"https:\/\/www.gaveanews.com\/index.php\/2022\/10\/04\/oscar-cita-situacao-de-andreas-pereira-no-flamengo-e-diz-por-que-e-f-de-jogar-no-brasil\/#breadcrumb\"},\"inLanguage\":\"pt-BR\",\"potentialAction\":[{\"@type\":\"ReadAction\",\"target\":[\"https:\/\/www.gaveanews.com\/index.php\/2022\/10\/04\/oscar-cita-situacao-de-andreas-pereira-no-flamengo-e-diz-por-que-e-f-de-jogar-no-brasil\/\"]}]},{\"@type\":\"ImageObject\",\"inLanguage\":\"pt-BR\",\"@id\":\"https:\/\/www.gaveanews.com\/index.php\/2022\/10\/04\/oscar-cita-situacao-de-andreas-pereira-no-flamengo-e-diz-por-que-e-f-de-jogar-no-brasil\/#primaryimage\",\"url\":\"https:\/\/www.gaveanews.com\/wp-content\/uploads\/oscar.webp\",\"contentUrl\":\"https:\/\/www.gaveanews.com\/wp-content\/uploads\/oscar.webp\",\"width\":1000,\"height\":667,\"caption\":\"Oscar, meia do Shanghai Port (Foto: Getty Images)\"},{\"@type\":\"BreadcrumbList\",\"@id\":\"https:\/\/www.gaveanews.com\/index.php\/2022\/10\/04\/oscar-cita-situacao-de-andreas-pereira-no-flamengo-e-diz-por-que-e-f-de-jogar-no-brasil\/#breadcrumb\",\"itemListElement\":[{\"@type\":\"ListItem\",\"position\":1,\"name\":\"Home\",\"item\":\"https:\/\/www.gaveanews.com\/\"},{\"@type\":\"ListItem\",\"position\":2,\"name\":\"Oscar cita situa\u00e7\u00e3o de Andreas Pereira no Flamengo e diz por que \u00e9 f* de jogar no Brasil\"}]},{\"@type\":\"WebSite\",\"@id\":\"https:\/\/www.gaveanews.com\/#website\",\"url\":\"https:\/\/www.gaveanews.com\/\",\"name\":\"G\u00e1vea News\",\"description\":\"Veja todas as not\u00edcias sobre o Flamengo: Contrata\u00e7\u00f5es, categorias de base, resultados das partidas, tabela de classifica\u00e7\u00e3o, pr\u00f3ximos jogos!\",\"potentialAction\":[{\"@type\":\"SearchAction\",\"target\":{\"@type\":\"EntryPoint\",\"urlTemplate\":\"https:\/\/www.gaveanews.com\/?s={search_term_string}\"},\"query-input\":{\"@type\":\"PropertyValueSpecification\",\"valueRequired\":true,\"valueName\":\"search_term_string\"}}],\"inLanguage\":\"pt-BR\"},{\"@type\":\"Person\",\"@id\":\"https:\/\/www.gaveanews.com\/#\/schema\/person\/2ec14f73fb96be2caf28f91afb14749d\",\"name\":\"Equipe G\u00e1vea News\",\"image\":{\"@type\":\"ImageObject\",\"inLanguage\":\"pt-BR\",\"@id\":\"https:\/\/www.gaveanews.com\/#\/schema\/person\/image\/\",\"url\":\"https:\/\/secure.gravatar.com\/avatar\/1e1956f1facbffd3f8fa53a326721950116b3b9dc9bd44939c01180fd4a745a9?s=96&d=mm&r=g\",\"contentUrl\":\"https:\/\/secure.gravatar.com\/avatar\/1e1956f1facbffd3f8fa53a326721950116b3b9dc9bd44939c01180fd4a745a9?s=96&d=mm&r=g\",\"caption\":\"Equipe G\u00e1vea News\"}}]}<\/script>\n<!-- \/ Yoast SEO Premium plugin. -->","yoast_head_json":{"title":"Oscar cita situa\u00e7\u00e3o de Andreas Pereira no Flamengo e diz por que \u00e9 f* de jogar no Brasil","robots":{"index":"index","follow":"follow","max-snippet":"max-snippet:-1","max-image-preview":"max-image-preview:large","max-video-preview":"max-video-preview:-1"},"canonical":"https:\/\/www.gaveanews.com\/index.php\/2022\/10\/04\/oscar-cita-situacao-de-andreas-pereira-no-flamengo-e-diz-por-que-e-f-de-jogar-no-brasil\/","og_locale":"pt_BR","og_type":"article","og_title":"Oscar cita situa\u00e7\u00e3o de Andreas Pereira no Flamengo e diz por que \u00e9 f* de jogar no Brasil","og_description":"Oscar esteve pr\u00f3ximo de retornar ao futebol brasileiro neste \u00faltimo mercado de transfer\u00eancias. Ap\u00f3s forte campanha de boa parte da torcida do Flamengo nas redes sociais, o atleta negociou e chegou a um acordo com os cariocas. Mas, a transfer\u00eancia s\u00f3 n\u00e3o se concretizou por que Oscar n\u00e3o obteve a libera\u00e7\u00e3o por parte do Shanghai [&hellip;]","og_url":"https:\/\/www.gaveanews.com\/index.php\/2022\/10\/04\/oscar-cita-situacao-de-andreas-pereira-no-flamengo-e-diz-por-que-e-f-de-jogar-no-brasil\/","og_site_name":"G\u00e1vea News","article_publisher":"https:\/\/facebook.com\/gaveaNews\/","article_published_time":"2022-10-04T03:17:51+00:00","article_modified_time":"2022-10-04T03:17:54+00:00","og_image":[{"width":1000,"height":667,"url":"https:\/\/www.gaveanews.com\/wp-content\/uploads\/oscar.webp","type":"image\/webp"}],"author":"Equipe G\u00e1vea News","twitter_card":"summary_large_image","twitter_misc":{"Escrito por":"Equipe G\u00e1vea News","Est. tempo de leitura":"2 minutos"},"schema":{"@context":"https:\/\/schema.org","@graph":[{"@type":"NewsArticle","@id":"https:\/\/www.gaveanews.com\/index.php\/2022\/10\/04\/oscar-cita-situacao-de-andreas-pereira-no-flamengo-e-diz-por-que-e-f-de-jogar-no-brasil\/#article","isPartOf":{"@id":"https:\/\/www.gaveanews.com\/index.php\/2022\/10\/04\/oscar-cita-situacao-de-andreas-pereira-no-flamengo-e-diz-por-que-e-f-de-jogar-no-brasil\/"},"author":{"name":"Equipe G\u00e1vea News","@id":"https:\/\/www.gaveanews.com\/#\/schema\/person\/2ec14f73fb96be2caf28f91afb14749d"},"headline":"Oscar cita situa\u00e7\u00e3o de Andreas Pereira no Flamengo e diz por que \u00e9 f* de jogar no Brasil","datePublished":"2022-10-04T03:17:51+00:00","dateModified":"2022-10-04T03:17:54+00:00","mainEntityOfPage":{"@id":"https:\/\/www.gaveanews.com\/index.php\/2022\/10\/04\/oscar-cita-situacao-de-andreas-pereira-no-flamengo-e-diz-por-que-e-f-de-jogar-no-brasil\/"},"wordCount":391,"commentCount":0,"image":{"@id":"https:\/\/www.gaveanews.com\/index.php\/2022\/10\/04\/oscar-cita-situacao-de-andreas-pereira-no-flamengo-e-diz-por-que-e-f-de-jogar-no-brasil\/#primaryimage"},"thumbnailUrl":"https:\/\/www.gaveanews.com\/wp-content\/uploads\/oscar.webp","articleSection":["Destaques"],"inLanguage":"pt-BR","potentialAction":[{"@type":"CommentAction","name":"Comment","target":["https:\/\/www.gaveanews.com\/index.php\/2022\/10\/04\/oscar-cita-situacao-de-andreas-pereira-no-flamengo-e-diz-por-que-e-f-de-jogar-no-brasil\/#respond"]}],"copyrightYear":"2022","copyrightHolder":{"@id":"https:\/\/www.gaveanews.com\/#organization"}},{"@type":"WebPage","@id":"https:\/\/www.gaveanews.com\/index.php\/2022\/10\/04\/oscar-cita-situacao-de-andreas-pereira-no-flamengo-e-diz-por-que-e-f-de-jogar-no-brasil\/","url":"https:\/\/www.gaveanews.com\/index.php\/2022\/10\/04\/oscar-cita-situacao-de-andreas-pereira-no-flamengo-e-diz-por-que-e-f-de-jogar-no-brasil\/","name":"Oscar cita situa\u00e7\u00e3o de Andreas Pereira no Flamengo e diz por que \u00e9 f* de jogar no Brasil","isPartOf":{"@id":"https:\/\/www.gaveanews.com\/#website"},"primaryImageOfPage":{"@id":"https:\/\/www.gaveanews.com\/index.php\/2022\/10\/04\/oscar-cita-situacao-de-andreas-pereira-no-flamengo-e-diz-por-que-e-f-de-jogar-no-brasil\/#primaryimage"},"image":{"@id":"https:\/\/www.gaveanews.com\/index.php\/2022\/10\/04\/oscar-cita-situacao-de-andreas-pereira-no-flamengo-e-diz-por-que-e-f-de-jogar-no-brasil\/#primaryimage"},"thumbnailUrl":"https:\/\/www.gaveanews.com\/wp-content\/uploads\/oscar.webp","datePublished":"2022-10-04T03:17:51+00:00","dateModified":"2022-10-04T03:17:54+00:00","author":{"@id":"https:\/\/www.gaveanews.com\/#\/schema\/person\/2ec14f73fb96be2caf28f91afb14749d"},"breadcrumb":{"@id":"https:\/\/www.gaveanews.com\/index.php\/2022\/10\/04\/oscar-cita-situacao-de-andreas-pereira-no-flamengo-e-diz-por-que-e-f-de-jogar-no-brasil\/#breadcrumb"},"inLanguage":"pt-BR","potentialAction":[{"@type":"ReadAction","target":["https:\/\/www.gaveanews.com\/index.php\/2022\/10\/04\/oscar-cita-situacao-de-andreas-pereira-no-flamengo-e-diz-por-que-e-f-de-jogar-no-brasil\/"]}]},{"@type":"ImageObject","inLanguage":"pt-BR","@id":"https:\/\/www.gaveanews.com\/index.php\/2022\/10\/04\/oscar-cita-situacao-de-andreas-pereira-no-flamengo-e-diz-por-que-e-f-de-jogar-no-brasil\/#primaryimage","url":"https:\/\/www.gaveanews.com\/wp-content\/uploads\/oscar.webp","contentUrl":"https:\/\/www.gaveanews.com\/wp-content\/uploads\/oscar.webp","width":1000,"height":667,"caption":"Oscar, meia do Shanghai Port (Foto: Getty Images)"},{"@type":"BreadcrumbList","@id":"https:\/\/www.gaveanews.com\/index.php\/2022\/10\/04\/oscar-cita-situacao-de-andreas-pereira-no-flamengo-e-diz-por-que-e-f-de-jogar-no-brasil\/#breadcrumb","itemListElement":[{"@type":"ListItem","position":1,"name":"Home","item":"https:\/\/www.gaveanews.com\/"},{"@type":"ListItem","position":2,"name":"Oscar cita situa\u00e7\u00e3o de Andreas Pereira no Flamengo e diz por que \u00e9 f* de jogar no Brasil"}]},{"@type":"WebSite","@id":"https:\/\/www.gaveanews.com\/#website","url":"https:\/\/www.gaveanews.com\/","name":"G\u00e1vea News","description":"Veja todas as not\u00edcias sobre o Flamengo: Contrata\u00e7\u00f5es, categorias de base, resultados das partidas, tabela de classifica\u00e7\u00e3o, pr\u00f3ximos jogos!","potentialAction":[{"@type":"SearchAction","target":{"@type":"EntryPoint","urlTemplate":"https:\/\/www.gaveanews.com\/?s={search_term_string}"},"query-input":{"@type":"PropertyValueSpecification","valueRequired":true,"valueName":"search_term_string"}}],"inLanguage":"pt-BR"},{"@type":"Person","@id":"https:\/\/www.gaveanews.com\/#\/schema\/person\/2ec14f73fb96be2caf28f91afb14749d","name":"Equipe G\u00e1vea News","image":{"@type":"ImageObject","inLanguage":"pt-BR","@id":"https:\/\/www.gaveanews.com\/#\/schema\/person\/image\/","url":"https:\/\/secure.gravatar.com\/avatar\/1e1956f1facbffd3f8fa53a326721950116b3b9dc9bd44939c01180fd4a745a9?s=96&d=mm&r=g","contentUrl":"https:\/\/secure.gravatar.com\/avatar\/1e1956f1facbffd3f8fa53a326721950116b3b9dc9bd44939c01180fd4a745a9?s=96&d=mm&r=g","caption":"Equipe G\u00e1vea News"}}]}},"_links":{"self":[{"href":"https:\/\/www.gaveanews.com\/index.php\/wp-json\/wp\/v2\/posts\/88512","targetHints":{"allow":["GET"]}}],"collection":[{"href":"https:\/\/www.gaveanews.com\/index.php\/wp-json\/wp\/v2\/posts"}],"about":[{"href":"https:\/\/www.gaveanews.com\/index.php\/wp-json\/wp\/v2\/types\/post"}],"author":[{"embeddable":true,"href":"https:\/\/www.gaveanews.com\/index.php\/wp-json\/wp\/v2\/users\/1"}],"replies":[{"embeddable":true,"href":"https:\/\/www.gaveanews.com\/index.php\/wp-json\/wp\/v2\/comments?post=88512"}],"version-history":[{"count":0,"href":"https:\/\/www.gaveanews.com\/index.php\/wp-json\/wp\/v2\/posts\/88512\/revisions"}],"wp:featuredmedia":[{"embeddable":true,"href":"https:\/\/www.gaveanews.com\/index.php\/wp-json\/wp\/v2\/media\/85514"}],"wp:attachment":[{"href":"https:\/\/www.gaveanews.com\/index.php\/wp-json\/wp\/v2\/media?parent=88512"}],"wp:term":[{"taxonomy":"category","embeddable":true,"href":"https:\/\/www.gaveanews.com\/index.php\/wp-json\/wp\/v2\/categories?post=88512"},{"taxonomy":"post_tag","embeddable":true,"href":"https:\/\/www.gaveanews.com\/index.php\/wp-json\/wp\/v2\/tags?post=88512"}],"curies":[{"name":"wp","href":"https:\/\/api.w.org\/{rel}","templated":true}]}}