{"id":88567,"date":"2022-10-04T22:54:40","date_gmt":"2022-10-05T01:54:40","guid":{"rendered":"https:\/\/www.gaveanews.com\/?p=88567"},"modified":"2022-10-04T22:54:47","modified_gmt":"2022-10-05T01:54:47","slug":"flamengo-tem-bom-retrospecto-contra-times-de-mano-menezes-adversario-desta-quarta","status":"publish","type":"post","link":"https:\/\/www.gaveanews.com\/index.php\/2022\/10\/04\/flamengo-tem-bom-retrospecto-contra-times-de-mano-menezes-adversario-desta-quarta\/","title":{"rendered":"Flamengo tem bom retrospecto contra times de Mano Menezes, advers\u00e1rio desta quarta"},"content":{"rendered":"\n<p>Ap\u00f3s a goleada por 4 a 1 sobre o Bragantino, no \u00faltimo s\u00e1bado, o Flamengo tentar\u00e1 engatar sua segunda vit\u00f3ria seguida no Brasileir\u00e3o nesta quarta-feira, contra o Internacional, \u00e0s 21h30, no Maracan\u00e3. Nesta partida, o Rubro-Negro ter\u00e1 pela frente um time comandado pelo t\u00e9cnico Mano Menezes, algo que costuma ser positivo para o clube carioca.<\/p>\n\n\n\n<p>Ao longo de sua carreira, Mano enfrentou o Flamengo em 22 oportunidades. No entanto, o hist\u00f3rico conta com 14 vit\u00f3rias do Rubro-Negro, tr\u00eas empates e apenas cinco vit\u00f3rias do treinador, o que d\u00e1 ao time da G\u00e1vea um aproveitamento de 68,2%.<\/p>\n\n\n\n<p>Curiosamente, uma das poucas vit\u00f3rias de Mano contra o Flamengo foi no \u00faltimo encontro entre os dois. No primeiro turno do Brasileir\u00e3o deste ano, o Internacional venceu o Flamengo por 3 a 1, no Beira-Rio, em partida que marcou a estreia de Dorival J\u00fanior no comando do clube carioca.<\/p>\n\n\n\n<p>Vale destacar que, apesar dos n\u00fameros, Mano Menezes costuma levar a melhor contra o Flamengo em confrontos eliminat\u00f3rios. Quando comandava o Cruzeiro, o treinador conquistou o t\u00edtulo da Copa do Brasil, em 2017, nos p\u00eanaltis, ap\u00f3s dois empates no tempo normal, e eliminou o Rubro-Negro nas oitavas de final da Libertadores, em 2018.<\/p>\n\n\n\n<h2 class=\"wp-block-heading\" id=\"h-veja-os-duelos-entre-flamengo-e-os-times-de-mano-menezes\">Veja os duelos entre Flamengo e os times de Mano Menezes:<\/h2>\n\n\n\n<ul class=\"wp-block-list\"><li>Gr\u00eamio 1 x 0 Flamengo (Brasileiro 2007)<\/li><li>Flamengo 2 x 0 Gr\u00eamio (Brasileiro 2007)<\/li><li>Flamengo 1 x 0 Corinthians (Brasileiro 2009)<\/li><li>Corinthians 0 x 2 Flamengo (Brasileiro 2009)<\/li><li>Flamengo 1 x 0 Corinthians (Libertadores 2010)<\/li><li>Corinthians 2 x 1 Flamengo (Libertadores 2010)<\/li><li>Corinthians 2 x 0 Flamengo (Brasileiro 2014)<\/li><li>Flamengo 1 x 0 Corinthians (Brasileiro 2014)<\/li><li>Flamengo 2 x 0 Cruzeiro (Brasileiro 2015)<\/li><li>Flamengo 2 x 1 Cruzeiro (Brasileiro 2016)<\/li><li>Cruzeiro 1 x 1 Flamengo (Brasileiro 2017)<\/li><li>Flamengo 1 x 1 Cruzeiro (Copa do Brasil 2017)<\/li><li>Cruzeiro 0 x 0 Flamengo (Copa do Brasil 2017)<\/li><li>Flamengo 2 x 0 Cruzeiro (Brasileiro 2017)<\/li><li>Flamengo 0 x 2 Cruzeiro (Libertadores 2018)<\/li><li>Flamengo 1 x 0 Cruzeiro (Brasileiro 2018)<\/li><li>Cruzeiro 0 x 1 Flamengo (Libertadores 2018)<\/li><li>Cruzeiro 0 x 2 Flamengo (Brasileiro 2018)<\/li><li>Flamengo 3 x 1 Cruzeiro (Brasileiro 2019)<\/li><li>Palmeiras 1 x 3 Flamengo (Brasileiro 2019)<\/li><li>Flamengo 4 x 3 Bahia (Brasileiro 2020)<\/li><li>Internacional 3 x 1 Flamengo (Brasileiro 2022)<\/li><\/ul>\n\n\n\n<p>Retirado de: O Dia<\/p>\n","protected":false},"excerpt":{"rendered":"<p>Ap\u00f3s a goleada por 4 a 1 sobre o Bragantino, no \u00faltimo s\u00e1bado, o Flamengo tentar\u00e1 engatar sua segunda vit\u00f3ria seguida no Brasileir\u00e3o nesta quarta-feira, contra o Internacional, \u00e0s 21h30, no Maracan\u00e3. Nesta partida, o Rubro-Negro ter\u00e1 pela frente um time comandado pelo t\u00e9cnico Mano Menezes, algo que costuma ser positivo para o clube carioca. [&hellip;]<\/p>\n","protected":false},"author":1,"featured_media":88472,"comment_status":"open","ping_status":"closed","sticky":false,"template":"","format":"standard","meta":{"footnotes":""},"categories":[1],"tags":[],"class_list":["post-88567","post","type-post","status-publish","format-standard","has-post-thumbnail","hentry","category-flamengo"],"yoast_head":"<!-- This site is optimized with the Yoast SEO Premium plugin v24.2 (Yoast SEO v26.9) - https:\/\/yoast.com\/product\/yoast-seo-premium-wordpress\/ -->\n<title>Flamengo tem bom retrospecto contra times de Mano Menezes, advers\u00e1rio desta quarta<\/title>\n<meta name=\"robots\" content=\"index, follow, max-snippet:-1, max-image-preview:large, max-video-preview:-1\" \/>\n<link rel=\"canonical\" href=\"https:\/\/www.gaveanews.com\/index.php\/2022\/10\/04\/flamengo-tem-bom-retrospecto-contra-times-de-mano-menezes-adversario-desta-quarta\/\" \/>\n<meta property=\"og:locale\" content=\"pt_BR\" \/>\n<meta property=\"og:type\" content=\"article\" \/>\n<meta property=\"og:title\" content=\"Flamengo tem bom retrospecto contra times de Mano Menezes, advers\u00e1rio desta quarta\" \/>\n<meta property=\"og:description\" content=\"Ap\u00f3s a goleada por 4 a 1 sobre o Bragantino, no \u00faltimo s\u00e1bado, o Flamengo tentar\u00e1 engatar sua segunda vit\u00f3ria seguida no Brasileir\u00e3o nesta quarta-feira, contra o Internacional, \u00e0s 21h30, no Maracan\u00e3. Nesta partida, o Rubro-Negro ter\u00e1 pela frente um time comandado pelo t\u00e9cnico Mano Menezes, algo que costuma ser positivo para o clube carioca. [&hellip;]\" \/>\n<meta property=\"og:url\" content=\"https:\/\/www.gaveanews.com\/index.php\/2022\/10\/04\/flamengo-tem-bom-retrospecto-contra-times-de-mano-menezes-adversario-desta-quarta\/\" \/>\n<meta property=\"og:site_name\" content=\"G\u00e1vea News\" \/>\n<meta property=\"article:publisher\" content=\"https:\/\/facebook.com\/gaveaNews\/\" \/>\n<meta property=\"article:published_time\" content=\"2022-10-05T01:54:40+00:00\" \/>\n<meta property=\"article:modified_time\" content=\"2022-10-05T01:54:47+00:00\" \/>\n<meta property=\"og:image\" content=\"https:\/\/www.gaveanews.com\/wp-content\/uploads\/Elenco-Internacional.webp\" \/>\n\t<meta property=\"og:image:width\" content=\"799\" \/>\n\t<meta property=\"og:image:height\" content=\"532\" \/>\n\t<meta property=\"og:image:type\" content=\"image\/webp\" \/>\n<meta name=\"author\" content=\"Equipe G\u00e1vea News\" \/>\n<meta name=\"twitter:card\" content=\"summary_large_image\" \/>\n<meta name=\"twitter:label1\" content=\"Escrito por\" \/>\n\t<meta name=\"twitter:data1\" content=\"Equipe G\u00e1vea News\" \/>\n\t<meta name=\"twitter:label2\" content=\"Est. tempo de leitura\" \/>\n\t<meta name=\"twitter:data2\" content=\"3 minutos\" \/>\n<script type=\"application\/ld+json\" class=\"yoast-schema-graph\">{\"@context\":\"https:\/\/schema.org\",\"@graph\":[{\"@type\":\"NewsArticle\",\"@id\":\"https:\/\/www.gaveanews.com\/index.php\/2022\/10\/04\/flamengo-tem-bom-retrospecto-contra-times-de-mano-menezes-adversario-desta-quarta\/#article\",\"isPartOf\":{\"@id\":\"https:\/\/www.gaveanews.com\/index.php\/2022\/10\/04\/flamengo-tem-bom-retrospecto-contra-times-de-mano-menezes-adversario-desta-quarta\/\"},\"author\":{\"name\":\"Equipe G\u00e1vea News\",\"@id\":\"https:\/\/www.gaveanews.com\/#\/schema\/person\/2ec14f73fb96be2caf28f91afb14749d\"},\"headline\":\"Flamengo tem bom retrospecto contra times de Mano Menezes, advers\u00e1rio desta quarta\",\"datePublished\":\"2022-10-05T01:54:40+00:00\",\"dateModified\":\"2022-10-05T01:54:47+00:00\",\"mainEntityOfPage\":{\"@id\":\"https:\/\/www.gaveanews.com\/index.php\/2022\/10\/04\/flamengo-tem-bom-retrospecto-contra-times-de-mano-menezes-adversario-desta-quarta\/\"},\"wordCount\":329,\"commentCount\":0,\"image\":{\"@id\":\"https:\/\/www.gaveanews.com\/index.php\/2022\/10\/04\/flamengo-tem-bom-retrospecto-contra-times-de-mano-menezes-adversario-desta-quarta\/#primaryimage\"},\"thumbnailUrl\":\"https:\/\/www.gaveanews.com\/wp-content\/uploads\/Elenco-Internacional.webp\",\"articleSection\":[\"Flamengo\"],\"inLanguage\":\"pt-BR\",\"potentialAction\":[{\"@type\":\"CommentAction\",\"name\":\"Comment\",\"target\":[\"https:\/\/www.gaveanews.com\/index.php\/2022\/10\/04\/flamengo-tem-bom-retrospecto-contra-times-de-mano-menezes-adversario-desta-quarta\/#respond\"]}],\"copyrightYear\":\"2022\",\"copyrightHolder\":{\"@id\":\"https:\/\/www.gaveanews.com\/#organization\"}},{\"@type\":\"WebPage\",\"@id\":\"https:\/\/www.gaveanews.com\/index.php\/2022\/10\/04\/flamengo-tem-bom-retrospecto-contra-times-de-mano-menezes-adversario-desta-quarta\/\",\"url\":\"https:\/\/www.gaveanews.com\/index.php\/2022\/10\/04\/flamengo-tem-bom-retrospecto-contra-times-de-mano-menezes-adversario-desta-quarta\/\",\"name\":\"Flamengo tem bom retrospecto contra times de Mano Menezes, advers\u00e1rio desta quarta\",\"isPartOf\":{\"@id\":\"https:\/\/www.gaveanews.com\/#website\"},\"primaryImageOfPage\":{\"@id\":\"https:\/\/www.gaveanews.com\/index.php\/2022\/10\/04\/flamengo-tem-bom-retrospecto-contra-times-de-mano-menezes-adversario-desta-quarta\/#primaryimage\"},\"image\":{\"@id\":\"https:\/\/www.gaveanews.com\/index.php\/2022\/10\/04\/flamengo-tem-bom-retrospecto-contra-times-de-mano-menezes-adversario-desta-quarta\/#primaryimage\"},\"thumbnailUrl\":\"https:\/\/www.gaveanews.com\/wp-content\/uploads\/Elenco-Internacional.webp\",\"datePublished\":\"2022-10-05T01:54:40+00:00\",\"dateModified\":\"2022-10-05T01:54:47+00:00\",\"author\":{\"@id\":\"https:\/\/www.gaveanews.com\/#\/schema\/person\/2ec14f73fb96be2caf28f91afb14749d\"},\"breadcrumb\":{\"@id\":\"https:\/\/www.gaveanews.com\/index.php\/2022\/10\/04\/flamengo-tem-bom-retrospecto-contra-times-de-mano-menezes-adversario-desta-quarta\/#breadcrumb\"},\"inLanguage\":\"pt-BR\",\"potentialAction\":[{\"@type\":\"ReadAction\",\"target\":[\"https:\/\/www.gaveanews.com\/index.php\/2022\/10\/04\/flamengo-tem-bom-retrospecto-contra-times-de-mano-menezes-adversario-desta-quarta\/\"]}]},{\"@type\":\"ImageObject\",\"inLanguage\":\"pt-BR\",\"@id\":\"https:\/\/www.gaveanews.com\/index.php\/2022\/10\/04\/flamengo-tem-bom-retrospecto-contra-times-de-mano-menezes-adversario-desta-quarta\/#primaryimage\",\"url\":\"https:\/\/www.gaveanews.com\/wp-content\/uploads\/Elenco-Internacional.webp\",\"contentUrl\":\"https:\/\/www.gaveanews.com\/wp-content\/uploads\/Elenco-Internacional.webp\",\"width\":799,\"height\":532,\"caption\":\"Elenco do Internacional antes de partida (Foto: Divulga\u00e7\u00e3o\/Internacional)\"},{\"@type\":\"BreadcrumbList\",\"@id\":\"https:\/\/www.gaveanews.com\/index.php\/2022\/10\/04\/flamengo-tem-bom-retrospecto-contra-times-de-mano-menezes-adversario-desta-quarta\/#breadcrumb\",\"itemListElement\":[{\"@type\":\"ListItem\",\"position\":1,\"name\":\"Home\",\"item\":\"https:\/\/www.gaveanews.com\/\"},{\"@type\":\"ListItem\",\"position\":2,\"name\":\"Flamengo tem bom retrospecto contra times de Mano Menezes, advers\u00e1rio desta quarta\"}]},{\"@type\":\"WebSite\",\"@id\":\"https:\/\/www.gaveanews.com\/#website\",\"url\":\"https:\/\/www.gaveanews.com\/\",\"name\":\"G\u00e1vea News\",\"description\":\"Veja todas as not\u00edcias sobre o Flamengo: Contrata\u00e7\u00f5es, categorias de base, resultados das partidas, tabela de classifica\u00e7\u00e3o, pr\u00f3ximos jogos!\",\"potentialAction\":[{\"@type\":\"SearchAction\",\"target\":{\"@type\":\"EntryPoint\",\"urlTemplate\":\"https:\/\/www.gaveanews.com\/?s={search_term_string}\"},\"query-input\":{\"@type\":\"PropertyValueSpecification\",\"valueRequired\":true,\"valueName\":\"search_term_string\"}}],\"inLanguage\":\"pt-BR\"},{\"@type\":\"Person\",\"@id\":\"https:\/\/www.gaveanews.com\/#\/schema\/person\/2ec14f73fb96be2caf28f91afb14749d\",\"name\":\"Equipe G\u00e1vea News\",\"image\":{\"@type\":\"ImageObject\",\"inLanguage\":\"pt-BR\",\"@id\":\"https:\/\/www.gaveanews.com\/#\/schema\/person\/image\/\",\"url\":\"https:\/\/secure.gravatar.com\/avatar\/1e1956f1facbffd3f8fa53a326721950116b3b9dc9bd44939c01180fd4a745a9?s=96&d=mm&r=g\",\"contentUrl\":\"https:\/\/secure.gravatar.com\/avatar\/1e1956f1facbffd3f8fa53a326721950116b3b9dc9bd44939c01180fd4a745a9?s=96&d=mm&r=g\",\"caption\":\"Equipe G\u00e1vea News\"}}]}<\/script>\n<!-- \/ Yoast SEO Premium plugin. -->","yoast_head_json":{"title":"Flamengo tem bom retrospecto contra times de Mano Menezes, advers\u00e1rio desta quarta","robots":{"index":"index","follow":"follow","max-snippet":"max-snippet:-1","max-image-preview":"max-image-preview:large","max-video-preview":"max-video-preview:-1"},"canonical":"https:\/\/www.gaveanews.com\/index.php\/2022\/10\/04\/flamengo-tem-bom-retrospecto-contra-times-de-mano-menezes-adversario-desta-quarta\/","og_locale":"pt_BR","og_type":"article","og_title":"Flamengo tem bom retrospecto contra times de Mano Menezes, advers\u00e1rio desta quarta","og_description":"Ap\u00f3s a goleada por 4 a 1 sobre o Bragantino, no \u00faltimo s\u00e1bado, o Flamengo tentar\u00e1 engatar sua segunda vit\u00f3ria seguida no Brasileir\u00e3o nesta quarta-feira, contra o Internacional, \u00e0s 21h30, no Maracan\u00e3. Nesta partida, o Rubro-Negro ter\u00e1 pela frente um time comandado pelo t\u00e9cnico Mano Menezes, algo que costuma ser positivo para o clube carioca. [&hellip;]","og_url":"https:\/\/www.gaveanews.com\/index.php\/2022\/10\/04\/flamengo-tem-bom-retrospecto-contra-times-de-mano-menezes-adversario-desta-quarta\/","og_site_name":"G\u00e1vea News","article_publisher":"https:\/\/facebook.com\/gaveaNews\/","article_published_time":"2022-10-05T01:54:40+00:00","article_modified_time":"2022-10-05T01:54:47+00:00","og_image":[{"width":799,"height":532,"url":"https:\/\/www.gaveanews.com\/wp-content\/uploads\/Elenco-Internacional.webp","type":"image\/webp"}],"author":"Equipe G\u00e1vea News","twitter_card":"summary_large_image","twitter_misc":{"Escrito por":"Equipe G\u00e1vea News","Est. tempo de leitura":"3 minutos"},"schema":{"@context":"https:\/\/schema.org","@graph":[{"@type":"NewsArticle","@id":"https:\/\/www.gaveanews.com\/index.php\/2022\/10\/04\/flamengo-tem-bom-retrospecto-contra-times-de-mano-menezes-adversario-desta-quarta\/#article","isPartOf":{"@id":"https:\/\/www.gaveanews.com\/index.php\/2022\/10\/04\/flamengo-tem-bom-retrospecto-contra-times-de-mano-menezes-adversario-desta-quarta\/"},"author":{"name":"Equipe G\u00e1vea News","@id":"https:\/\/www.gaveanews.com\/#\/schema\/person\/2ec14f73fb96be2caf28f91afb14749d"},"headline":"Flamengo tem bom retrospecto contra times de Mano Menezes, advers\u00e1rio desta quarta","datePublished":"2022-10-05T01:54:40+00:00","dateModified":"2022-10-05T01:54:47+00:00","mainEntityOfPage":{"@id":"https:\/\/www.gaveanews.com\/index.php\/2022\/10\/04\/flamengo-tem-bom-retrospecto-contra-times-de-mano-menezes-adversario-desta-quarta\/"},"wordCount":329,"commentCount":0,"image":{"@id":"https:\/\/www.gaveanews.com\/index.php\/2022\/10\/04\/flamengo-tem-bom-retrospecto-contra-times-de-mano-menezes-adversario-desta-quarta\/#primaryimage"},"thumbnailUrl":"https:\/\/www.gaveanews.com\/wp-content\/uploads\/Elenco-Internacional.webp","articleSection":["Flamengo"],"inLanguage":"pt-BR","potentialAction":[{"@type":"CommentAction","name":"Comment","target":["https:\/\/www.gaveanews.com\/index.php\/2022\/10\/04\/flamengo-tem-bom-retrospecto-contra-times-de-mano-menezes-adversario-desta-quarta\/#respond"]}],"copyrightYear":"2022","copyrightHolder":{"@id":"https:\/\/www.gaveanews.com\/#organization"}},{"@type":"WebPage","@id":"https:\/\/www.gaveanews.com\/index.php\/2022\/10\/04\/flamengo-tem-bom-retrospecto-contra-times-de-mano-menezes-adversario-desta-quarta\/","url":"https:\/\/www.gaveanews.com\/index.php\/2022\/10\/04\/flamengo-tem-bom-retrospecto-contra-times-de-mano-menezes-adversario-desta-quarta\/","name":"Flamengo tem bom retrospecto contra times de Mano Menezes, advers\u00e1rio desta quarta","isPartOf":{"@id":"https:\/\/www.gaveanews.com\/#website"},"primaryImageOfPage":{"@id":"https:\/\/www.gaveanews.com\/index.php\/2022\/10\/04\/flamengo-tem-bom-retrospecto-contra-times-de-mano-menezes-adversario-desta-quarta\/#primaryimage"},"image":{"@id":"https:\/\/www.gaveanews.com\/index.php\/2022\/10\/04\/flamengo-tem-bom-retrospecto-contra-times-de-mano-menezes-adversario-desta-quarta\/#primaryimage"},"thumbnailUrl":"https:\/\/www.gaveanews.com\/wp-content\/uploads\/Elenco-Internacional.webp","datePublished":"2022-10-05T01:54:40+00:00","dateModified":"2022-10-05T01:54:47+00:00","author":{"@id":"https:\/\/www.gaveanews.com\/#\/schema\/person\/2ec14f73fb96be2caf28f91afb14749d"},"breadcrumb":{"@id":"https:\/\/www.gaveanews.com\/index.php\/2022\/10\/04\/flamengo-tem-bom-retrospecto-contra-times-de-mano-menezes-adversario-desta-quarta\/#breadcrumb"},"inLanguage":"pt-BR","potentialAction":[{"@type":"ReadAction","target":["https:\/\/www.gaveanews.com\/index.php\/2022\/10\/04\/flamengo-tem-bom-retrospecto-contra-times-de-mano-menezes-adversario-desta-quarta\/"]}]},{"@type":"ImageObject","inLanguage":"pt-BR","@id":"https:\/\/www.gaveanews.com\/index.php\/2022\/10\/04\/flamengo-tem-bom-retrospecto-contra-times-de-mano-menezes-adversario-desta-quarta\/#primaryimage","url":"https:\/\/www.gaveanews.com\/wp-content\/uploads\/Elenco-Internacional.webp","contentUrl":"https:\/\/www.gaveanews.com\/wp-content\/uploads\/Elenco-Internacional.webp","width":799,"height":532,"caption":"Elenco do Internacional antes de partida (Foto: Divulga\u00e7\u00e3o\/Internacional)"},{"@type":"BreadcrumbList","@id":"https:\/\/www.gaveanews.com\/index.php\/2022\/10\/04\/flamengo-tem-bom-retrospecto-contra-times-de-mano-menezes-adversario-desta-quarta\/#breadcrumb","itemListElement":[{"@type":"ListItem","position":1,"name":"Home","item":"https:\/\/www.gaveanews.com\/"},{"@type":"ListItem","position":2,"name":"Flamengo tem bom retrospecto contra times de Mano Menezes, advers\u00e1rio desta quarta"}]},{"@type":"WebSite","@id":"https:\/\/www.gaveanews.com\/#website","url":"https:\/\/www.gaveanews.com\/","name":"G\u00e1vea News","description":"Veja todas as not\u00edcias sobre o Flamengo: Contrata\u00e7\u00f5es, categorias de base, resultados das partidas, tabela de classifica\u00e7\u00e3o, pr\u00f3ximos jogos!","potentialAction":[{"@type":"SearchAction","target":{"@type":"EntryPoint","urlTemplate":"https:\/\/www.gaveanews.com\/?s={search_term_string}"},"query-input":{"@type":"PropertyValueSpecification","valueRequired":true,"valueName":"search_term_string"}}],"inLanguage":"pt-BR"},{"@type":"Person","@id":"https:\/\/www.gaveanews.com\/#\/schema\/person\/2ec14f73fb96be2caf28f91afb14749d","name":"Equipe G\u00e1vea News","image":{"@type":"ImageObject","inLanguage":"pt-BR","@id":"https:\/\/www.gaveanews.com\/#\/schema\/person\/image\/","url":"https:\/\/secure.gravatar.com\/avatar\/1e1956f1facbffd3f8fa53a326721950116b3b9dc9bd44939c01180fd4a745a9?s=96&d=mm&r=g","contentUrl":"https:\/\/secure.gravatar.com\/avatar\/1e1956f1facbffd3f8fa53a326721950116b3b9dc9bd44939c01180fd4a745a9?s=96&d=mm&r=g","caption":"Equipe G\u00e1vea News"}}]}},"_links":{"self":[{"href":"https:\/\/www.gaveanews.com\/index.php\/wp-json\/wp\/v2\/posts\/88567","targetHints":{"allow":["GET"]}}],"collection":[{"href":"https:\/\/www.gaveanews.com\/index.php\/wp-json\/wp\/v2\/posts"}],"about":[{"href":"https:\/\/www.gaveanews.com\/index.php\/wp-json\/wp\/v2\/types\/post"}],"author":[{"embeddable":true,"href":"https:\/\/www.gaveanews.com\/index.php\/wp-json\/wp\/v2\/users\/1"}],"replies":[{"embeddable":true,"href":"https:\/\/www.gaveanews.com\/index.php\/wp-json\/wp\/v2\/comments?post=88567"}],"version-history":[{"count":0,"href":"https:\/\/www.gaveanews.com\/index.php\/wp-json\/wp\/v2\/posts\/88567\/revisions"}],"wp:featuredmedia":[{"embeddable":true,"href":"https:\/\/www.gaveanews.com\/index.php\/wp-json\/wp\/v2\/media\/88472"}],"wp:attachment":[{"href":"https:\/\/www.gaveanews.com\/index.php\/wp-json\/wp\/v2\/media?parent=88567"}],"wp:term":[{"taxonomy":"category","embeddable":true,"href":"https:\/\/www.gaveanews.com\/index.php\/wp-json\/wp\/v2\/categories?post=88567"},{"taxonomy":"post_tag","embeddable":true,"href":"https:\/\/www.gaveanews.com\/index.php\/wp-json\/wp\/v2\/tags?post=88567"}],"curies":[{"name":"wp","href":"https:\/\/api.w.org\/{rel}","templated":true}]}}