{"id":88571,"date":"2022-10-05T00:00:39","date_gmt":"2022-10-05T03:00:39","guid":{"rendered":"https:\/\/www.gaveanews.com\/?p=88571"},"modified":"2022-10-05T00:00:42","modified_gmt":"2022-10-05T03:00:42","slug":"com-clima-leve-apos-vitoria-flamengo-inicia-mes-de-astral-renovado-e-foco-nas-finais","status":"publish","type":"post","link":"https:\/\/www.gaveanews.com\/index.php\/2022\/10\/05\/com-clima-leve-apos-vitoria-flamengo-inicia-mes-de-astral-renovado-e-foco-nas-finais\/","title":{"rendered":"Com clima leve ap\u00f3s vit\u00f3ria, Flamengo inicia m\u00eas de astral renovado e foco nas finais"},"content":{"rendered":"\n<p>A goleada por 4 a 1 em cima do Bragantino trouxe um clima leve para o Flamengo come\u00e7ar o m\u00eas decisivo da temporada. O elenco rubro-negro se reapresentou na \u00faltima segunda e, enquanto se prepara para mais uma rodada de Brasileir\u00e3o, j\u00e1 come\u00e7ou a sentir o astral da Libertadores.<\/p>\n\n\n\n<p>Os jogadores seguiram o planejamento e fizeram atividade interna na academia, al\u00e9m do treinamento em campo. A exce\u00e7\u00e3o foi o volante Erick Pulgar que est\u00e1 sob os cuidados do Departamento M\u00e9dico ap\u00f3s entorse no tornozelo esquerdo e ser\u00e1 desfalque contra o Internacional.<\/p>\n\n\n\n<p>A vit\u00f3ria ap\u00f3s duas derrotas no Brasileir\u00e3o aliviou a tens\u00e3o no in\u00edcio do m\u00eas de outubro, em que o Rubro-Negro disputar\u00e1 as finais da Copa do Brasil &#8211; dia 12 e 19, contra o Corinthians &#8211; e da Libertadores &#8211; dia 29, contra o Athletico.<\/p>\n\n\n\n<p>O astral renovado se esbarra j\u00e1 com o clima de Libertadores mesmo faltando 26 dias para a decis\u00e3o em Guayaquil. A \u00faltima segunda foi o &#8216;Media Day&#8217; do Flamengo, ou seja, o dia em que a Conmebol produz os conte\u00fados para a final. Fotos, v\u00eddeos e entrevistas aconteceram no CT.<\/p>\n\n\n\n<p>Mesmo com os olhos nas finais, o Flamengo se mant\u00e9m atento no Brasileiro e encara o Internacional, na quarta, \u00e0s 21h30, no Maracan\u00e3. O jogo \u00e9 v\u00e1lido pela 30\u00aa rodada e o clube carioca precisa da vit\u00f3ria para retornar ao G4.<\/p>\n\n\n\n<p>Retirado de: Globo Esporte<\/p>\n","protected":false},"excerpt":{"rendered":"<p>A goleada por 4 a 1 em cima do Bragantino trouxe um clima leve para o Flamengo come\u00e7ar o m\u00eas decisivo da temporada. O elenco rubro-negro se reapresentou na \u00faltima segunda e, enquanto se prepara para mais uma rodada de Brasileir\u00e3o, j\u00e1 come\u00e7ou a sentir o astral da Libertadores. Os jogadores seguiram o planejamento e [&hellip;]<\/p>\n","protected":false},"author":1,"featured_media":81251,"comment_status":"open","ping_status":"closed","sticky":false,"template":"","format":"standard","meta":{"footnotes":""},"categories":[1],"tags":[],"class_list":["post-88571","post","type-post","status-publish","format-standard","has-post-thumbnail","hentry","category-flamengo"],"yoast_head":"<!-- This site is optimized with the Yoast SEO Premium plugin v24.2 (Yoast SEO v26.9) - https:\/\/yoast.com\/product\/yoast-seo-premium-wordpress\/ -->\n<title>Com clima leve ap\u00f3s vit\u00f3ria, Flamengo inicia m\u00eas de astral renovado e foco nas finais<\/title>\n<meta name=\"robots\" content=\"index, follow, max-snippet:-1, max-image-preview:large, max-video-preview:-1\" \/>\n<link rel=\"canonical\" href=\"https:\/\/www.gaveanews.com\/index.php\/2022\/10\/05\/com-clima-leve-apos-vitoria-flamengo-inicia-mes-de-astral-renovado-e-foco-nas-finais\/\" \/>\n<meta property=\"og:locale\" content=\"pt_BR\" \/>\n<meta property=\"og:type\" content=\"article\" \/>\n<meta property=\"og:title\" content=\"Com clima leve ap\u00f3s vit\u00f3ria, Flamengo inicia m\u00eas de astral renovado e foco nas finais\" \/>\n<meta property=\"og:description\" content=\"A goleada por 4 a 1 em cima do Bragantino trouxe um clima leve para o Flamengo come\u00e7ar o m\u00eas decisivo da temporada. O elenco rubro-negro se reapresentou na \u00faltima segunda e, enquanto se prepara para mais uma rodada de Brasileir\u00e3o, j\u00e1 come\u00e7ou a sentir o astral da Libertadores. Os jogadores seguiram o planejamento e [&hellip;]\" \/>\n<meta property=\"og:url\" content=\"https:\/\/www.gaveanews.com\/index.php\/2022\/10\/05\/com-clima-leve-apos-vitoria-flamengo-inicia-mes-de-astral-renovado-e-foco-nas-finais\/\" \/>\n<meta property=\"og:site_name\" content=\"G\u00e1vea News\" \/>\n<meta property=\"article:publisher\" content=\"https:\/\/facebook.com\/gaveaNews\/\" \/>\n<meta property=\"article:published_time\" content=\"2022-10-05T03:00:39+00:00\" \/>\n<meta property=\"article:modified_time\" content=\"2022-10-05T03:00:42+00:00\" \/>\n<meta property=\"og:image\" content=\"https:\/\/www.gaveanews.com\/wp-content\/uploads\/Elenco-do-Flamengo-em-treino-no-Ninho-do-Urubu.webp\" \/>\n\t<meta property=\"og:image:width\" content=\"800\" \/>\n\t<meta property=\"og:image:height\" content=\"533\" \/>\n\t<meta property=\"og:image:type\" content=\"image\/jpeg\" \/>\n<meta name=\"author\" content=\"Equipe G\u00e1vea News\" \/>\n<meta name=\"twitter:card\" content=\"summary_large_image\" \/>\n<meta name=\"twitter:label1\" content=\"Escrito por\" \/>\n\t<meta name=\"twitter:data1\" content=\"Equipe G\u00e1vea News\" \/>\n\t<meta name=\"twitter:label2\" content=\"Est. tempo de leitura\" \/>\n\t<meta name=\"twitter:data2\" content=\"2 minutos\" \/>\n<script type=\"application\/ld+json\" class=\"yoast-schema-graph\">{\"@context\":\"https:\/\/schema.org\",\"@graph\":[{\"@type\":\"NewsArticle\",\"@id\":\"https:\/\/www.gaveanews.com\/index.php\/2022\/10\/05\/com-clima-leve-apos-vitoria-flamengo-inicia-mes-de-astral-renovado-e-foco-nas-finais\/#article\",\"isPartOf\":{\"@id\":\"https:\/\/www.gaveanews.com\/index.php\/2022\/10\/05\/com-clima-leve-apos-vitoria-flamengo-inicia-mes-de-astral-renovado-e-foco-nas-finais\/\"},\"author\":{\"name\":\"Equipe G\u00e1vea News\",\"@id\":\"https:\/\/www.gaveanews.com\/#\/schema\/person\/2ec14f73fb96be2caf28f91afb14749d\"},\"headline\":\"Com clima leve ap\u00f3s vit\u00f3ria, Flamengo inicia m\u00eas de astral renovado e foco nas finais\",\"datePublished\":\"2022-10-05T03:00:39+00:00\",\"dateModified\":\"2022-10-05T03:00:42+00:00\",\"mainEntityOfPage\":{\"@id\":\"https:\/\/www.gaveanews.com\/index.php\/2022\/10\/05\/com-clima-leve-apos-vitoria-flamengo-inicia-mes-de-astral-renovado-e-foco-nas-finais\/\"},\"wordCount\":261,\"commentCount\":0,\"image\":{\"@id\":\"https:\/\/www.gaveanews.com\/index.php\/2022\/10\/05\/com-clima-leve-apos-vitoria-flamengo-inicia-mes-de-astral-renovado-e-foco-nas-finais\/#primaryimage\"},\"thumbnailUrl\":\"https:\/\/www.gaveanews.com\/wp-content\/uploads\/Elenco-do-Flamengo-em-treino-no-Ninho-do-Urubu.webp\",\"articleSection\":[\"Flamengo\"],\"inLanguage\":\"pt-BR\",\"potentialAction\":[{\"@type\":\"CommentAction\",\"name\":\"Comment\",\"target\":[\"https:\/\/www.gaveanews.com\/index.php\/2022\/10\/05\/com-clima-leve-apos-vitoria-flamengo-inicia-mes-de-astral-renovado-e-foco-nas-finais\/#respond\"]}],\"copyrightYear\":\"2022\",\"copyrightHolder\":{\"@id\":\"https:\/\/www.gaveanews.com\/#organization\"}},{\"@type\":\"WebPage\",\"@id\":\"https:\/\/www.gaveanews.com\/index.php\/2022\/10\/05\/com-clima-leve-apos-vitoria-flamengo-inicia-mes-de-astral-renovado-e-foco-nas-finais\/\",\"url\":\"https:\/\/www.gaveanews.com\/index.php\/2022\/10\/05\/com-clima-leve-apos-vitoria-flamengo-inicia-mes-de-astral-renovado-e-foco-nas-finais\/\",\"name\":\"Com clima leve ap\u00f3s vit\u00f3ria, Flamengo inicia m\u00eas de astral renovado e foco nas finais\",\"isPartOf\":{\"@id\":\"https:\/\/www.gaveanews.com\/#website\"},\"primaryImageOfPage\":{\"@id\":\"https:\/\/www.gaveanews.com\/index.php\/2022\/10\/05\/com-clima-leve-apos-vitoria-flamengo-inicia-mes-de-astral-renovado-e-foco-nas-finais\/#primaryimage\"},\"image\":{\"@id\":\"https:\/\/www.gaveanews.com\/index.php\/2022\/10\/05\/com-clima-leve-apos-vitoria-flamengo-inicia-mes-de-astral-renovado-e-foco-nas-finais\/#primaryimage\"},\"thumbnailUrl\":\"https:\/\/www.gaveanews.com\/wp-content\/uploads\/Elenco-do-Flamengo-em-treino-no-Ninho-do-Urubu.webp\",\"datePublished\":\"2022-10-05T03:00:39+00:00\",\"dateModified\":\"2022-10-05T03:00:42+00:00\",\"author\":{\"@id\":\"https:\/\/www.gaveanews.com\/#\/schema\/person\/2ec14f73fb96be2caf28f91afb14749d\"},\"breadcrumb\":{\"@id\":\"https:\/\/www.gaveanews.com\/index.php\/2022\/10\/05\/com-clima-leve-apos-vitoria-flamengo-inicia-mes-de-astral-renovado-e-foco-nas-finais\/#breadcrumb\"},\"inLanguage\":\"pt-BR\",\"potentialAction\":[{\"@type\":\"ReadAction\",\"target\":[\"https:\/\/www.gaveanews.com\/index.php\/2022\/10\/05\/com-clima-leve-apos-vitoria-flamengo-inicia-mes-de-astral-renovado-e-foco-nas-finais\/\"]}]},{\"@type\":\"ImageObject\",\"inLanguage\":\"pt-BR\",\"@id\":\"https:\/\/www.gaveanews.com\/index.php\/2022\/10\/05\/com-clima-leve-apos-vitoria-flamengo-inicia-mes-de-astral-renovado-e-foco-nas-finais\/#primaryimage\",\"url\":\"https:\/\/www.gaveanews.com\/wp-content\/uploads\/Elenco-do-Flamengo-em-treino-no-Ninho-do-Urubu.webp\",\"contentUrl\":\"https:\/\/www.gaveanews.com\/wp-content\/uploads\/Elenco-do-Flamengo-em-treino-no-Ninho-do-Urubu.webp\",\"width\":800,\"height\":533,\"caption\":\"Elenco do Flamengo em treino no Ninho do Urubu (Foto: Marcelo Cortes\/Flamengo)\"},{\"@type\":\"BreadcrumbList\",\"@id\":\"https:\/\/www.gaveanews.com\/index.php\/2022\/10\/05\/com-clima-leve-apos-vitoria-flamengo-inicia-mes-de-astral-renovado-e-foco-nas-finais\/#breadcrumb\",\"itemListElement\":[{\"@type\":\"ListItem\",\"position\":1,\"name\":\"Home\",\"item\":\"https:\/\/www.gaveanews.com\/\"},{\"@type\":\"ListItem\",\"position\":2,\"name\":\"Com clima leve ap\u00f3s vit\u00f3ria, Flamengo inicia m\u00eas de astral renovado e foco nas finais\"}]},{\"@type\":\"WebSite\",\"@id\":\"https:\/\/www.gaveanews.com\/#website\",\"url\":\"https:\/\/www.gaveanews.com\/\",\"name\":\"G\u00e1vea News\",\"description\":\"Veja todas as not\u00edcias sobre o Flamengo: Contrata\u00e7\u00f5es, categorias de base, resultados das partidas, tabela de classifica\u00e7\u00e3o, pr\u00f3ximos jogos!\",\"potentialAction\":[{\"@type\":\"SearchAction\",\"target\":{\"@type\":\"EntryPoint\",\"urlTemplate\":\"https:\/\/www.gaveanews.com\/?s={search_term_string}\"},\"query-input\":{\"@type\":\"PropertyValueSpecification\",\"valueRequired\":true,\"valueName\":\"search_term_string\"}}],\"inLanguage\":\"pt-BR\"},{\"@type\":\"Person\",\"@id\":\"https:\/\/www.gaveanews.com\/#\/schema\/person\/2ec14f73fb96be2caf28f91afb14749d\",\"name\":\"Equipe G\u00e1vea News\",\"image\":{\"@type\":\"ImageObject\",\"inLanguage\":\"pt-BR\",\"@id\":\"https:\/\/www.gaveanews.com\/#\/schema\/person\/image\/\",\"url\":\"https:\/\/secure.gravatar.com\/avatar\/1e1956f1facbffd3f8fa53a326721950116b3b9dc9bd44939c01180fd4a745a9?s=96&d=mm&r=g\",\"contentUrl\":\"https:\/\/secure.gravatar.com\/avatar\/1e1956f1facbffd3f8fa53a326721950116b3b9dc9bd44939c01180fd4a745a9?s=96&d=mm&r=g\",\"caption\":\"Equipe G\u00e1vea News\"}}]}<\/script>\n<!-- \/ Yoast SEO Premium plugin. -->","yoast_head_json":{"title":"Com clima leve ap\u00f3s vit\u00f3ria, Flamengo inicia m\u00eas de astral renovado e foco nas finais","robots":{"index":"index","follow":"follow","max-snippet":"max-snippet:-1","max-image-preview":"max-image-preview:large","max-video-preview":"max-video-preview:-1"},"canonical":"https:\/\/www.gaveanews.com\/index.php\/2022\/10\/05\/com-clima-leve-apos-vitoria-flamengo-inicia-mes-de-astral-renovado-e-foco-nas-finais\/","og_locale":"pt_BR","og_type":"article","og_title":"Com clima leve ap\u00f3s vit\u00f3ria, Flamengo inicia m\u00eas de astral renovado e foco nas finais","og_description":"A goleada por 4 a 1 em cima do Bragantino trouxe um clima leve para o Flamengo come\u00e7ar o m\u00eas decisivo da temporada. O elenco rubro-negro se reapresentou na \u00faltima segunda e, enquanto se prepara para mais uma rodada de Brasileir\u00e3o, j\u00e1 come\u00e7ou a sentir o astral da Libertadores. Os jogadores seguiram o planejamento e [&hellip;]","og_url":"https:\/\/www.gaveanews.com\/index.php\/2022\/10\/05\/com-clima-leve-apos-vitoria-flamengo-inicia-mes-de-astral-renovado-e-foco-nas-finais\/","og_site_name":"G\u00e1vea News","article_publisher":"https:\/\/facebook.com\/gaveaNews\/","article_published_time":"2022-10-05T03:00:39+00:00","article_modified_time":"2022-10-05T03:00:42+00:00","og_image":[{"width":800,"height":533,"url":"https:\/\/www.gaveanews.com\/wp-content\/uploads\/Elenco-do-Flamengo-em-treino-no-Ninho-do-Urubu.webp","type":"image\/jpeg"}],"author":"Equipe G\u00e1vea News","twitter_card":"summary_large_image","twitter_misc":{"Escrito por":"Equipe G\u00e1vea News","Est. tempo de leitura":"2 minutos"},"schema":{"@context":"https:\/\/schema.org","@graph":[{"@type":"NewsArticle","@id":"https:\/\/www.gaveanews.com\/index.php\/2022\/10\/05\/com-clima-leve-apos-vitoria-flamengo-inicia-mes-de-astral-renovado-e-foco-nas-finais\/#article","isPartOf":{"@id":"https:\/\/www.gaveanews.com\/index.php\/2022\/10\/05\/com-clima-leve-apos-vitoria-flamengo-inicia-mes-de-astral-renovado-e-foco-nas-finais\/"},"author":{"name":"Equipe G\u00e1vea News","@id":"https:\/\/www.gaveanews.com\/#\/schema\/person\/2ec14f73fb96be2caf28f91afb14749d"},"headline":"Com clima leve ap\u00f3s vit\u00f3ria, Flamengo inicia m\u00eas de astral renovado e foco nas finais","datePublished":"2022-10-05T03:00:39+00:00","dateModified":"2022-10-05T03:00:42+00:00","mainEntityOfPage":{"@id":"https:\/\/www.gaveanews.com\/index.php\/2022\/10\/05\/com-clima-leve-apos-vitoria-flamengo-inicia-mes-de-astral-renovado-e-foco-nas-finais\/"},"wordCount":261,"commentCount":0,"image":{"@id":"https:\/\/www.gaveanews.com\/index.php\/2022\/10\/05\/com-clima-leve-apos-vitoria-flamengo-inicia-mes-de-astral-renovado-e-foco-nas-finais\/#primaryimage"},"thumbnailUrl":"https:\/\/www.gaveanews.com\/wp-content\/uploads\/Elenco-do-Flamengo-em-treino-no-Ninho-do-Urubu.webp","articleSection":["Flamengo"],"inLanguage":"pt-BR","potentialAction":[{"@type":"CommentAction","name":"Comment","target":["https:\/\/www.gaveanews.com\/index.php\/2022\/10\/05\/com-clima-leve-apos-vitoria-flamengo-inicia-mes-de-astral-renovado-e-foco-nas-finais\/#respond"]}],"copyrightYear":"2022","copyrightHolder":{"@id":"https:\/\/www.gaveanews.com\/#organization"}},{"@type":"WebPage","@id":"https:\/\/www.gaveanews.com\/index.php\/2022\/10\/05\/com-clima-leve-apos-vitoria-flamengo-inicia-mes-de-astral-renovado-e-foco-nas-finais\/","url":"https:\/\/www.gaveanews.com\/index.php\/2022\/10\/05\/com-clima-leve-apos-vitoria-flamengo-inicia-mes-de-astral-renovado-e-foco-nas-finais\/","name":"Com clima leve ap\u00f3s vit\u00f3ria, Flamengo inicia m\u00eas de astral renovado e foco nas finais","isPartOf":{"@id":"https:\/\/www.gaveanews.com\/#website"},"primaryImageOfPage":{"@id":"https:\/\/www.gaveanews.com\/index.php\/2022\/10\/05\/com-clima-leve-apos-vitoria-flamengo-inicia-mes-de-astral-renovado-e-foco-nas-finais\/#primaryimage"},"image":{"@id":"https:\/\/www.gaveanews.com\/index.php\/2022\/10\/05\/com-clima-leve-apos-vitoria-flamengo-inicia-mes-de-astral-renovado-e-foco-nas-finais\/#primaryimage"},"thumbnailUrl":"https:\/\/www.gaveanews.com\/wp-content\/uploads\/Elenco-do-Flamengo-em-treino-no-Ninho-do-Urubu.webp","datePublished":"2022-10-05T03:00:39+00:00","dateModified":"2022-10-05T03:00:42+00:00","author":{"@id":"https:\/\/www.gaveanews.com\/#\/schema\/person\/2ec14f73fb96be2caf28f91afb14749d"},"breadcrumb":{"@id":"https:\/\/www.gaveanews.com\/index.php\/2022\/10\/05\/com-clima-leve-apos-vitoria-flamengo-inicia-mes-de-astral-renovado-e-foco-nas-finais\/#breadcrumb"},"inLanguage":"pt-BR","potentialAction":[{"@type":"ReadAction","target":["https:\/\/www.gaveanews.com\/index.php\/2022\/10\/05\/com-clima-leve-apos-vitoria-flamengo-inicia-mes-de-astral-renovado-e-foco-nas-finais\/"]}]},{"@type":"ImageObject","inLanguage":"pt-BR","@id":"https:\/\/www.gaveanews.com\/index.php\/2022\/10\/05\/com-clima-leve-apos-vitoria-flamengo-inicia-mes-de-astral-renovado-e-foco-nas-finais\/#primaryimage","url":"https:\/\/www.gaveanews.com\/wp-content\/uploads\/Elenco-do-Flamengo-em-treino-no-Ninho-do-Urubu.webp","contentUrl":"https:\/\/www.gaveanews.com\/wp-content\/uploads\/Elenco-do-Flamengo-em-treino-no-Ninho-do-Urubu.webp","width":800,"height":533,"caption":"Elenco do Flamengo em treino no Ninho do Urubu (Foto: Marcelo Cortes\/Flamengo)"},{"@type":"BreadcrumbList","@id":"https:\/\/www.gaveanews.com\/index.php\/2022\/10\/05\/com-clima-leve-apos-vitoria-flamengo-inicia-mes-de-astral-renovado-e-foco-nas-finais\/#breadcrumb","itemListElement":[{"@type":"ListItem","position":1,"name":"Home","item":"https:\/\/www.gaveanews.com\/"},{"@type":"ListItem","position":2,"name":"Com clima leve ap\u00f3s vit\u00f3ria, Flamengo inicia m\u00eas de astral renovado e foco nas finais"}]},{"@type":"WebSite","@id":"https:\/\/www.gaveanews.com\/#website","url":"https:\/\/www.gaveanews.com\/","name":"G\u00e1vea News","description":"Veja todas as not\u00edcias sobre o Flamengo: Contrata\u00e7\u00f5es, categorias de base, resultados das partidas, tabela de classifica\u00e7\u00e3o, pr\u00f3ximos jogos!","potentialAction":[{"@type":"SearchAction","target":{"@type":"EntryPoint","urlTemplate":"https:\/\/www.gaveanews.com\/?s={search_term_string}"},"query-input":{"@type":"PropertyValueSpecification","valueRequired":true,"valueName":"search_term_string"}}],"inLanguage":"pt-BR"},{"@type":"Person","@id":"https:\/\/www.gaveanews.com\/#\/schema\/person\/2ec14f73fb96be2caf28f91afb14749d","name":"Equipe G\u00e1vea News","image":{"@type":"ImageObject","inLanguage":"pt-BR","@id":"https:\/\/www.gaveanews.com\/#\/schema\/person\/image\/","url":"https:\/\/secure.gravatar.com\/avatar\/1e1956f1facbffd3f8fa53a326721950116b3b9dc9bd44939c01180fd4a745a9?s=96&d=mm&r=g","contentUrl":"https:\/\/secure.gravatar.com\/avatar\/1e1956f1facbffd3f8fa53a326721950116b3b9dc9bd44939c01180fd4a745a9?s=96&d=mm&r=g","caption":"Equipe G\u00e1vea News"}}]}},"_links":{"self":[{"href":"https:\/\/www.gaveanews.com\/index.php\/wp-json\/wp\/v2\/posts\/88571","targetHints":{"allow":["GET"]}}],"collection":[{"href":"https:\/\/www.gaveanews.com\/index.php\/wp-json\/wp\/v2\/posts"}],"about":[{"href":"https:\/\/www.gaveanews.com\/index.php\/wp-json\/wp\/v2\/types\/post"}],"author":[{"embeddable":true,"href":"https:\/\/www.gaveanews.com\/index.php\/wp-json\/wp\/v2\/users\/1"}],"replies":[{"embeddable":true,"href":"https:\/\/www.gaveanews.com\/index.php\/wp-json\/wp\/v2\/comments?post=88571"}],"version-history":[{"count":0,"href":"https:\/\/www.gaveanews.com\/index.php\/wp-json\/wp\/v2\/posts\/88571\/revisions"}],"wp:featuredmedia":[{"embeddable":true,"href":"https:\/\/www.gaveanews.com\/index.php\/wp-json\/wp\/v2\/media\/81251"}],"wp:attachment":[{"href":"https:\/\/www.gaveanews.com\/index.php\/wp-json\/wp\/v2\/media?parent=88571"}],"wp:term":[{"taxonomy":"category","embeddable":true,"href":"https:\/\/www.gaveanews.com\/index.php\/wp-json\/wp\/v2\/categories?post=88571"},{"taxonomy":"post_tag","embeddable":true,"href":"https:\/\/www.gaveanews.com\/index.php\/wp-json\/wp\/v2\/tags?post=88571"}],"curies":[{"name":"wp","href":"https:\/\/api.w.org\/{rel}","templated":true}]}}