{"id":88595,"date":"2022-10-05T10:15:04","date_gmt":"2022-10-05T13:15:04","guid":{"rendered":"https:\/\/www.gaveanews.com\/?p=88595"},"modified":"2022-10-05T10:15:06","modified_gmt":"2022-10-05T13:15:06","slug":"dirigente-do-flamengo-e-sincero-ao-falar-sobre-o-clube-se-transformar-em-uma-saf","status":"publish","type":"post","link":"https:\/\/www.gaveanews.com\/index.php\/2022\/10\/05\/dirigente-do-flamengo-e-sincero-ao-falar-sobre-o-clube-se-transformar-em-uma-saf\/","title":{"rendered":"Dirigente do Flamengo \u00e9 sincero ao falar sobre o clube se transformar em uma SAF"},"content":{"rendered":"\n<p>Em meio \u00e0 nova fase do futebol brasileiro, com a chegada de investidores estrangeiros, o Flamengo segue, a princ\u00edpio, com o tradicional modelo associativo. Entretanto, para o vice-presidente do Rubro-Negro, Rodrigo Dunshee, a possibilidade no futuro de o clube virar SAF seria vi\u00e1vel.<\/p>\n\n\n\n<p>O dirigente fez a declara\u00e7\u00e3o no Twitter, em resposta a um torcedor. Dunshee explicou que seria poss\u00edvel o Flamengo vender uma pequena porcentagem da SAF para um investidor, mas ressaltou que fala em teoria, e n\u00e3o confirmou se h\u00e1 o interesse pelo novo modelo.<\/p>\n\n\n\n<p><em>\u2014 Isso \u00e9 totalmente vi\u00e1vel. Ser s\u00f3cio de um clube como o Flamengo seria um grande neg\u00f3cio. Ajustes na governan\u00e7a seriam necess\u00e1rios, mas seria poss\u00edvel. N\u00e3o que esteja confirmando nosso interesse nesse modelo, apenas falando em tese. Nesses assuntos quem fala \u00e9 o Landim (presidente)<\/em>, escreveu.<\/p>\n\n\n\n<figure class=\"wp-block-embed is-type-rich is-provider-twitter wp-block-embed-twitter\"><div class=\"wp-block-embed__wrapper\">\n<blockquote class=\"twitter-tweet\" data-width=\"550\" data-dnt=\"true\"><p lang=\"pt\" dir=\"ltr\">N\u00e3o fui eu, mas isso \u00e9 totalmente vi\u00e1vel. Ser s\u00f3cio de um clube como o Flamengo seria um gde neg\u00f3cio.  Ajustes na governan\u00e7a seriam necess\u00e1rios, mas seria poss\u00edvel. N\u00e3o q esteja confirmando nosso interesse nesse modelo, apenas falando em tese. Nesses assuntos quem fala \u00e9 o Landim<\/p>&mdash; Rodrigo Dunshee (@roddunshee) <a href=\"https:\/\/twitter.com\/roddunshee\/status\/1577434441726980096?ref_src=twsrc%5Etfw\">October 4, 2022<\/a><\/blockquote><script async src=\"https:\/\/platform.twitter.com\/widgets.js\" charset=\"utf-8\"><\/script>\n<\/div><\/figure>\n\n\n\n<p>Com receita que supera R$ 1 bilh\u00e3o e contas organizadas, o Flamengo, ao contr\u00e1rio de outros clubes que j\u00e1 viraram SAF, n\u00e3o tem a necessidade de buscar o novo modelo para conseguir sobreviver. Por isso, a discuss\u00e3o n\u00e3o \u00e9 prioridade dentro do clube.<\/p>\n\n\n\n<p>Retirado de: O Dia<\/p>\n","protected":false},"excerpt":{"rendered":"<p>Em meio \u00e0 nova fase do futebol brasileiro, com a chegada de investidores estrangeiros, o Flamengo segue, a princ\u00edpio, com o tradicional modelo associativo. Entretanto, para o vice-presidente do Rubro-Negro, Rodrigo Dunshee, a possibilidade no futuro de o clube virar SAF seria vi\u00e1vel. O dirigente fez a declara\u00e7\u00e3o no Twitter, em resposta a um torcedor. [&hellip;]<\/p>\n","protected":false},"author":1,"featured_media":82158,"comment_status":"open","ping_status":"closed","sticky":false,"template":"","format":"standard","meta":{"footnotes":""},"categories":[1],"tags":[],"class_list":["post-88595","post","type-post","status-publish","format-standard","has-post-thumbnail","hentry","category-flamengo"],"yoast_head":"<!-- This site is optimized with the Yoast SEO Premium plugin v24.2 (Yoast SEO v26.9) - https:\/\/yoast.com\/product\/yoast-seo-premium-wordpress\/ -->\n<title>Dirigente do Flamengo \u00e9 sincero ao falar sobre o clube se transformar em uma SAF<\/title>\n<meta name=\"robots\" content=\"index, follow, max-snippet:-1, max-image-preview:large, max-video-preview:-1\" \/>\n<link rel=\"canonical\" href=\"https:\/\/www.gaveanews.com\/index.php\/2022\/10\/05\/dirigente-do-flamengo-e-sincero-ao-falar-sobre-o-clube-se-transformar-em-uma-saf\/\" \/>\n<meta property=\"og:locale\" content=\"pt_BR\" \/>\n<meta property=\"og:type\" content=\"article\" \/>\n<meta property=\"og:title\" content=\"Dirigente do Flamengo \u00e9 sincero ao falar sobre o clube se transformar em uma SAF\" \/>\n<meta property=\"og:description\" content=\"Em meio \u00e0 nova fase do futebol brasileiro, com a chegada de investidores estrangeiros, o Flamengo segue, a princ\u00edpio, com o tradicional modelo associativo. Entretanto, para o vice-presidente do Rubro-Negro, Rodrigo Dunshee, a possibilidade no futuro de o clube virar SAF seria vi\u00e1vel. O dirigente fez a declara\u00e7\u00e3o no Twitter, em resposta a um torcedor. [&hellip;]\" \/>\n<meta property=\"og:url\" content=\"https:\/\/www.gaveanews.com\/index.php\/2022\/10\/05\/dirigente-do-flamengo-e-sincero-ao-falar-sobre-o-clube-se-transformar-em-uma-saf\/\" \/>\n<meta property=\"og:site_name\" content=\"G\u00e1vea News\" \/>\n<meta property=\"article:publisher\" content=\"https:\/\/facebook.com\/gaveaNews\/\" \/>\n<meta property=\"article:published_time\" content=\"2022-10-05T13:15:04+00:00\" \/>\n<meta property=\"article:modified_time\" content=\"2022-10-05T13:15:06+00:00\" \/>\n<meta property=\"og:image\" content=\"https:\/\/www.gaveanews.com\/wp-content\/uploads\/Rodrigo-Dunshee-e-Rodolfo-Landim.webp\" \/>\n\t<meta property=\"og:image:width\" content=\"1000\" \/>\n\t<meta property=\"og:image:height\" content=\"665\" \/>\n\t<meta property=\"og:image:type\" content=\"image\/webp\" \/>\n<meta name=\"author\" content=\"Equipe G\u00e1vea News\" \/>\n<meta name=\"twitter:card\" content=\"summary_large_image\" \/>\n<meta name=\"twitter:label1\" content=\"Escrito por\" \/>\n\t<meta name=\"twitter:data1\" content=\"Equipe G\u00e1vea News\" \/>\n\t<meta name=\"twitter:label2\" content=\"Est. tempo de leitura\" \/>\n\t<meta name=\"twitter:data2\" content=\"1 minuto\" \/>\n<script type=\"application\/ld+json\" class=\"yoast-schema-graph\">{\"@context\":\"https:\/\/schema.org\",\"@graph\":[{\"@type\":\"NewsArticle\",\"@id\":\"https:\/\/www.gaveanews.com\/index.php\/2022\/10\/05\/dirigente-do-flamengo-e-sincero-ao-falar-sobre-o-clube-se-transformar-em-uma-saf\/#article\",\"isPartOf\":{\"@id\":\"https:\/\/www.gaveanews.com\/index.php\/2022\/10\/05\/dirigente-do-flamengo-e-sincero-ao-falar-sobre-o-clube-se-transformar-em-uma-saf\/\"},\"author\":{\"name\":\"Equipe G\u00e1vea News\",\"@id\":\"https:\/\/www.gaveanews.com\/#\/schema\/person\/2ec14f73fb96be2caf28f91afb14749d\"},\"headline\":\"Dirigente do Flamengo \u00e9 sincero ao falar sobre o clube se transformar em uma SAF\",\"datePublished\":\"2022-10-05T13:15:04+00:00\",\"dateModified\":\"2022-10-05T13:15:06+00:00\",\"mainEntityOfPage\":{\"@id\":\"https:\/\/www.gaveanews.com\/index.php\/2022\/10\/05\/dirigente-do-flamengo-e-sincero-ao-falar-sobre-o-clube-se-transformar-em-uma-saf\/\"},\"wordCount\":210,\"commentCount\":0,\"image\":{\"@id\":\"https:\/\/www.gaveanews.com\/index.php\/2022\/10\/05\/dirigente-do-flamengo-e-sincero-ao-falar-sobre-o-clube-se-transformar-em-uma-saf\/#primaryimage\"},\"thumbnailUrl\":\"https:\/\/www.gaveanews.com\/wp-content\/uploads\/Rodrigo-Dunshee-e-Rodolfo-Landim.webp\",\"articleSection\":[\"Flamengo\"],\"inLanguage\":\"pt-BR\",\"potentialAction\":[{\"@type\":\"CommentAction\",\"name\":\"Comment\",\"target\":[\"https:\/\/www.gaveanews.com\/index.php\/2022\/10\/05\/dirigente-do-flamengo-e-sincero-ao-falar-sobre-o-clube-se-transformar-em-uma-saf\/#respond\"]}],\"copyrightYear\":\"2022\",\"copyrightHolder\":{\"@id\":\"https:\/\/www.gaveanews.com\/#organization\"}},{\"@type\":\"WebPage\",\"@id\":\"https:\/\/www.gaveanews.com\/index.php\/2022\/10\/05\/dirigente-do-flamengo-e-sincero-ao-falar-sobre-o-clube-se-transformar-em-uma-saf\/\",\"url\":\"https:\/\/www.gaveanews.com\/index.php\/2022\/10\/05\/dirigente-do-flamengo-e-sincero-ao-falar-sobre-o-clube-se-transformar-em-uma-saf\/\",\"name\":\"Dirigente do Flamengo \u00e9 sincero ao falar sobre o clube se transformar em uma SAF\",\"isPartOf\":{\"@id\":\"https:\/\/www.gaveanews.com\/#website\"},\"primaryImageOfPage\":{\"@id\":\"https:\/\/www.gaveanews.com\/index.php\/2022\/10\/05\/dirigente-do-flamengo-e-sincero-ao-falar-sobre-o-clube-se-transformar-em-uma-saf\/#primaryimage\"},\"image\":{\"@id\":\"https:\/\/www.gaveanews.com\/index.php\/2022\/10\/05\/dirigente-do-flamengo-e-sincero-ao-falar-sobre-o-clube-se-transformar-em-uma-saf\/#primaryimage\"},\"thumbnailUrl\":\"https:\/\/www.gaveanews.com\/wp-content\/uploads\/Rodrigo-Dunshee-e-Rodolfo-Landim.webp\",\"datePublished\":\"2022-10-05T13:15:04+00:00\",\"dateModified\":\"2022-10-05T13:15:06+00:00\",\"author\":{\"@id\":\"https:\/\/www.gaveanews.com\/#\/schema\/person\/2ec14f73fb96be2caf28f91afb14749d\"},\"breadcrumb\":{\"@id\":\"https:\/\/www.gaveanews.com\/index.php\/2022\/10\/05\/dirigente-do-flamengo-e-sincero-ao-falar-sobre-o-clube-se-transformar-em-uma-saf\/#breadcrumb\"},\"inLanguage\":\"pt-BR\",\"potentialAction\":[{\"@type\":\"ReadAction\",\"target\":[\"https:\/\/www.gaveanews.com\/index.php\/2022\/10\/05\/dirigente-do-flamengo-e-sincero-ao-falar-sobre-o-clube-se-transformar-em-uma-saf\/\"]}]},{\"@type\":\"ImageObject\",\"inLanguage\":\"pt-BR\",\"@id\":\"https:\/\/www.gaveanews.com\/index.php\/2022\/10\/05\/dirigente-do-flamengo-e-sincero-ao-falar-sobre-o-clube-se-transformar-em-uma-saf\/#primaryimage\",\"url\":\"https:\/\/www.gaveanews.com\/wp-content\/uploads\/Rodrigo-Dunshee-e-Rodolfo-Landim.webp\",\"contentUrl\":\"https:\/\/www.gaveanews.com\/wp-content\/uploads\/Rodrigo-Dunshee-e-Rodolfo-Landim.webp\",\"width\":1000,\"height\":665,\"caption\":\"Rodrigo Dunshee e Rodolfo Landim (Foto: Ag\u00eancia Foto BR)\"},{\"@type\":\"BreadcrumbList\",\"@id\":\"https:\/\/www.gaveanews.com\/index.php\/2022\/10\/05\/dirigente-do-flamengo-e-sincero-ao-falar-sobre-o-clube-se-transformar-em-uma-saf\/#breadcrumb\",\"itemListElement\":[{\"@type\":\"ListItem\",\"position\":1,\"name\":\"Home\",\"item\":\"https:\/\/www.gaveanews.com\/\"},{\"@type\":\"ListItem\",\"position\":2,\"name\":\"Dirigente do Flamengo \u00e9 sincero ao falar sobre o clube se transformar em uma SAF\"}]},{\"@type\":\"WebSite\",\"@id\":\"https:\/\/www.gaveanews.com\/#website\",\"url\":\"https:\/\/www.gaveanews.com\/\",\"name\":\"G\u00e1vea News\",\"description\":\"Veja todas as not\u00edcias sobre o Flamengo: Contrata\u00e7\u00f5es, categorias de base, resultados das partidas, tabela de classifica\u00e7\u00e3o, pr\u00f3ximos jogos!\",\"potentialAction\":[{\"@type\":\"SearchAction\",\"target\":{\"@type\":\"EntryPoint\",\"urlTemplate\":\"https:\/\/www.gaveanews.com\/?s={search_term_string}\"},\"query-input\":{\"@type\":\"PropertyValueSpecification\",\"valueRequired\":true,\"valueName\":\"search_term_string\"}}],\"inLanguage\":\"pt-BR\"},{\"@type\":\"Person\",\"@id\":\"https:\/\/www.gaveanews.com\/#\/schema\/person\/2ec14f73fb96be2caf28f91afb14749d\",\"name\":\"Equipe G\u00e1vea News\",\"image\":{\"@type\":\"ImageObject\",\"inLanguage\":\"pt-BR\",\"@id\":\"https:\/\/www.gaveanews.com\/#\/schema\/person\/image\/\",\"url\":\"https:\/\/secure.gravatar.com\/avatar\/1e1956f1facbffd3f8fa53a326721950116b3b9dc9bd44939c01180fd4a745a9?s=96&d=mm&r=g\",\"contentUrl\":\"https:\/\/secure.gravatar.com\/avatar\/1e1956f1facbffd3f8fa53a326721950116b3b9dc9bd44939c01180fd4a745a9?s=96&d=mm&r=g\",\"caption\":\"Equipe G\u00e1vea News\"}}]}<\/script>\n<!-- \/ Yoast SEO Premium plugin. -->","yoast_head_json":{"title":"Dirigente do Flamengo \u00e9 sincero ao falar sobre o clube se transformar em uma SAF","robots":{"index":"index","follow":"follow","max-snippet":"max-snippet:-1","max-image-preview":"max-image-preview:large","max-video-preview":"max-video-preview:-1"},"canonical":"https:\/\/www.gaveanews.com\/index.php\/2022\/10\/05\/dirigente-do-flamengo-e-sincero-ao-falar-sobre-o-clube-se-transformar-em-uma-saf\/","og_locale":"pt_BR","og_type":"article","og_title":"Dirigente do Flamengo \u00e9 sincero ao falar sobre o clube se transformar em uma SAF","og_description":"Em meio \u00e0 nova fase do futebol brasileiro, com a chegada de investidores estrangeiros, o Flamengo segue, a princ\u00edpio, com o tradicional modelo associativo. Entretanto, para o vice-presidente do Rubro-Negro, Rodrigo Dunshee, a possibilidade no futuro de o clube virar SAF seria vi\u00e1vel. O dirigente fez a declara\u00e7\u00e3o no Twitter, em resposta a um torcedor. [&hellip;]","og_url":"https:\/\/www.gaveanews.com\/index.php\/2022\/10\/05\/dirigente-do-flamengo-e-sincero-ao-falar-sobre-o-clube-se-transformar-em-uma-saf\/","og_site_name":"G\u00e1vea News","article_publisher":"https:\/\/facebook.com\/gaveaNews\/","article_published_time":"2022-10-05T13:15:04+00:00","article_modified_time":"2022-10-05T13:15:06+00:00","og_image":[{"width":1000,"height":665,"url":"https:\/\/www.gaveanews.com\/wp-content\/uploads\/Rodrigo-Dunshee-e-Rodolfo-Landim.webp","type":"image\/webp"}],"author":"Equipe G\u00e1vea News","twitter_card":"summary_large_image","twitter_misc":{"Escrito por":"Equipe G\u00e1vea News","Est. tempo de leitura":"1 minuto"},"schema":{"@context":"https:\/\/schema.org","@graph":[{"@type":"NewsArticle","@id":"https:\/\/www.gaveanews.com\/index.php\/2022\/10\/05\/dirigente-do-flamengo-e-sincero-ao-falar-sobre-o-clube-se-transformar-em-uma-saf\/#article","isPartOf":{"@id":"https:\/\/www.gaveanews.com\/index.php\/2022\/10\/05\/dirigente-do-flamengo-e-sincero-ao-falar-sobre-o-clube-se-transformar-em-uma-saf\/"},"author":{"name":"Equipe G\u00e1vea News","@id":"https:\/\/www.gaveanews.com\/#\/schema\/person\/2ec14f73fb96be2caf28f91afb14749d"},"headline":"Dirigente do Flamengo \u00e9 sincero ao falar sobre o clube se transformar em uma SAF","datePublished":"2022-10-05T13:15:04+00:00","dateModified":"2022-10-05T13:15:06+00:00","mainEntityOfPage":{"@id":"https:\/\/www.gaveanews.com\/index.php\/2022\/10\/05\/dirigente-do-flamengo-e-sincero-ao-falar-sobre-o-clube-se-transformar-em-uma-saf\/"},"wordCount":210,"commentCount":0,"image":{"@id":"https:\/\/www.gaveanews.com\/index.php\/2022\/10\/05\/dirigente-do-flamengo-e-sincero-ao-falar-sobre-o-clube-se-transformar-em-uma-saf\/#primaryimage"},"thumbnailUrl":"https:\/\/www.gaveanews.com\/wp-content\/uploads\/Rodrigo-Dunshee-e-Rodolfo-Landim.webp","articleSection":["Flamengo"],"inLanguage":"pt-BR","potentialAction":[{"@type":"CommentAction","name":"Comment","target":["https:\/\/www.gaveanews.com\/index.php\/2022\/10\/05\/dirigente-do-flamengo-e-sincero-ao-falar-sobre-o-clube-se-transformar-em-uma-saf\/#respond"]}],"copyrightYear":"2022","copyrightHolder":{"@id":"https:\/\/www.gaveanews.com\/#organization"}},{"@type":"WebPage","@id":"https:\/\/www.gaveanews.com\/index.php\/2022\/10\/05\/dirigente-do-flamengo-e-sincero-ao-falar-sobre-o-clube-se-transformar-em-uma-saf\/","url":"https:\/\/www.gaveanews.com\/index.php\/2022\/10\/05\/dirigente-do-flamengo-e-sincero-ao-falar-sobre-o-clube-se-transformar-em-uma-saf\/","name":"Dirigente do Flamengo \u00e9 sincero ao falar sobre o clube se transformar em uma SAF","isPartOf":{"@id":"https:\/\/www.gaveanews.com\/#website"},"primaryImageOfPage":{"@id":"https:\/\/www.gaveanews.com\/index.php\/2022\/10\/05\/dirigente-do-flamengo-e-sincero-ao-falar-sobre-o-clube-se-transformar-em-uma-saf\/#primaryimage"},"image":{"@id":"https:\/\/www.gaveanews.com\/index.php\/2022\/10\/05\/dirigente-do-flamengo-e-sincero-ao-falar-sobre-o-clube-se-transformar-em-uma-saf\/#primaryimage"},"thumbnailUrl":"https:\/\/www.gaveanews.com\/wp-content\/uploads\/Rodrigo-Dunshee-e-Rodolfo-Landim.webp","datePublished":"2022-10-05T13:15:04+00:00","dateModified":"2022-10-05T13:15:06+00:00","author":{"@id":"https:\/\/www.gaveanews.com\/#\/schema\/person\/2ec14f73fb96be2caf28f91afb14749d"},"breadcrumb":{"@id":"https:\/\/www.gaveanews.com\/index.php\/2022\/10\/05\/dirigente-do-flamengo-e-sincero-ao-falar-sobre-o-clube-se-transformar-em-uma-saf\/#breadcrumb"},"inLanguage":"pt-BR","potentialAction":[{"@type":"ReadAction","target":["https:\/\/www.gaveanews.com\/index.php\/2022\/10\/05\/dirigente-do-flamengo-e-sincero-ao-falar-sobre-o-clube-se-transformar-em-uma-saf\/"]}]},{"@type":"ImageObject","inLanguage":"pt-BR","@id":"https:\/\/www.gaveanews.com\/index.php\/2022\/10\/05\/dirigente-do-flamengo-e-sincero-ao-falar-sobre-o-clube-se-transformar-em-uma-saf\/#primaryimage","url":"https:\/\/www.gaveanews.com\/wp-content\/uploads\/Rodrigo-Dunshee-e-Rodolfo-Landim.webp","contentUrl":"https:\/\/www.gaveanews.com\/wp-content\/uploads\/Rodrigo-Dunshee-e-Rodolfo-Landim.webp","width":1000,"height":665,"caption":"Rodrigo Dunshee e Rodolfo Landim (Foto: Ag\u00eancia Foto BR)"},{"@type":"BreadcrumbList","@id":"https:\/\/www.gaveanews.com\/index.php\/2022\/10\/05\/dirigente-do-flamengo-e-sincero-ao-falar-sobre-o-clube-se-transformar-em-uma-saf\/#breadcrumb","itemListElement":[{"@type":"ListItem","position":1,"name":"Home","item":"https:\/\/www.gaveanews.com\/"},{"@type":"ListItem","position":2,"name":"Dirigente do Flamengo \u00e9 sincero ao falar sobre o clube se transformar em uma SAF"}]},{"@type":"WebSite","@id":"https:\/\/www.gaveanews.com\/#website","url":"https:\/\/www.gaveanews.com\/","name":"G\u00e1vea News","description":"Veja todas as not\u00edcias sobre o Flamengo: Contrata\u00e7\u00f5es, categorias de base, resultados das partidas, tabela de classifica\u00e7\u00e3o, pr\u00f3ximos jogos!","potentialAction":[{"@type":"SearchAction","target":{"@type":"EntryPoint","urlTemplate":"https:\/\/www.gaveanews.com\/?s={search_term_string}"},"query-input":{"@type":"PropertyValueSpecification","valueRequired":true,"valueName":"search_term_string"}}],"inLanguage":"pt-BR"},{"@type":"Person","@id":"https:\/\/www.gaveanews.com\/#\/schema\/person\/2ec14f73fb96be2caf28f91afb14749d","name":"Equipe G\u00e1vea News","image":{"@type":"ImageObject","inLanguage":"pt-BR","@id":"https:\/\/www.gaveanews.com\/#\/schema\/person\/image\/","url":"https:\/\/secure.gravatar.com\/avatar\/1e1956f1facbffd3f8fa53a326721950116b3b9dc9bd44939c01180fd4a745a9?s=96&d=mm&r=g","contentUrl":"https:\/\/secure.gravatar.com\/avatar\/1e1956f1facbffd3f8fa53a326721950116b3b9dc9bd44939c01180fd4a745a9?s=96&d=mm&r=g","caption":"Equipe G\u00e1vea News"}}]}},"_links":{"self":[{"href":"https:\/\/www.gaveanews.com\/index.php\/wp-json\/wp\/v2\/posts\/88595","targetHints":{"allow":["GET"]}}],"collection":[{"href":"https:\/\/www.gaveanews.com\/index.php\/wp-json\/wp\/v2\/posts"}],"about":[{"href":"https:\/\/www.gaveanews.com\/index.php\/wp-json\/wp\/v2\/types\/post"}],"author":[{"embeddable":true,"href":"https:\/\/www.gaveanews.com\/index.php\/wp-json\/wp\/v2\/users\/1"}],"replies":[{"embeddable":true,"href":"https:\/\/www.gaveanews.com\/index.php\/wp-json\/wp\/v2\/comments?post=88595"}],"version-history":[{"count":0,"href":"https:\/\/www.gaveanews.com\/index.php\/wp-json\/wp\/v2\/posts\/88595\/revisions"}],"wp:featuredmedia":[{"embeddable":true,"href":"https:\/\/www.gaveanews.com\/index.php\/wp-json\/wp\/v2\/media\/82158"}],"wp:attachment":[{"href":"https:\/\/www.gaveanews.com\/index.php\/wp-json\/wp\/v2\/media?parent=88595"}],"wp:term":[{"taxonomy":"category","embeddable":true,"href":"https:\/\/www.gaveanews.com\/index.php\/wp-json\/wp\/v2\/categories?post=88595"},{"taxonomy":"post_tag","embeddable":true,"href":"https:\/\/www.gaveanews.com\/index.php\/wp-json\/wp\/v2\/tags?post=88595"}],"curies":[{"name":"wp","href":"https:\/\/api.w.org\/{rel}","templated":true}]}}