{"id":88606,"date":"2022-10-05T14:26:19","date_gmt":"2022-10-05T17:26:19","guid":{"rendered":"https:\/\/www.gaveanews.com\/?p=88606"},"modified":"2022-10-05T14:26:22","modified_gmt":"2022-10-05T17:26:22","slug":"dirigente-do-flamengo-dispara-sobre-possibilidade-do-clube-se-tornar-saf","status":"publish","type":"post","link":"https:\/\/www.gaveanews.com\/index.php\/2022\/10\/05\/dirigente-do-flamengo-dispara-sobre-possibilidade-do-clube-se-tornar-saf\/","title":{"rendered":"Dirigente do Flamengo dispara sobre possibilidade do clube se tornar SAF"},"content":{"rendered":"\n<p>Com excelente estrutura material, capacita\u00e7\u00e3o de recursos e saneamento de d\u00edvidas, o Flamengo \u00e9 um dos poucos clubes do Brasil que n\u00e3o sonham em se tornar Sociedade An\u00f4nima de Futebol (SAF). Nas redes sociais, o vice-presidente geral e jur\u00eddico do Flamengo, Rodrigo Dunshee, deu a sua opini\u00e3o sobre o modelo de neg\u00f3cio mais comentado do futebol na atualidade.<\/p>\n\n\n\n<p>Ap\u00f3s rumores nas redes sociais sobre um suposto interesse de Nasser Al-Khelaifi, presidente do PSG, pela compra do Flamengo, a torcida rubro-negra comentou bastante sobre o assunto.<\/p>\n\n\n\n<p>Em um coment\u00e1rio espec\u00edfico no Twitter, um torcedor mencionou o vice-presidente geral e jur\u00eddico. Na discuss\u00e3o, se debatia sobre um modelo de neg\u00f3cio no qual o clube venderia uma fatia pequena de investimento, diferente da forma que os clubes v\u00eam sendo adquiridos por investidores no pa\u00eds. Participativo nas redes, Dunshee respondeu e surpreendeu a Na\u00e7\u00e3o Rubro-Negra.<\/p>\n\n\n\n<p><em>\u2014 Isso \u00e9 totalmente vi\u00e1vel. Ser s\u00f3cio de um clube como o Flamengo seria um grande neg\u00f3cio. Ajustes na governan\u00e7a seriam necess\u00e1rios, mas seria poss\u00edvel. N\u00e3o que esteja confirmando nosso interesse nesse modelo, apenas falando em tese. Nesses assuntos quem fala \u00e9 o Landim (presidente)<\/em> &#8211; contou.<\/p>\n\n\n\n<p>O coment\u00e1rio repercutiu e a torcida entendeu que o Flamengo estava, de fato, pensando na possibilidade de venda. Contudo, o dirigente voltou \u00e0s redes, nesta quarta, para explicar o que pensa sobre o tema.<\/p>\n\n\n\n<p><em>\u2014 Quero deixar registrado que sou contra a SAF para o Flamengo. Fiz um coment\u00e1rio te\u00f3rico de que seria um grande neg\u00f3cio algu\u00e9m ser s\u00f3cio minorit\u00e1rio do Flamengo, mas isso n\u00e3o significa que eu seja a favor, porque sou contra. N\u00e3o precisamos e a SAF faz o clube perder sua identidade<\/em> &#8211; disparou.<\/p>\n\n\n\n<p>Dunshee exaltou o clube e a grandiosidade constru\u00edda durante mais de um s\u00e9culo para fundamentar a sua opini\u00e3o. Para ele, uma venda para empresas estrangeiras n\u00e3o seria algo positivo na hist\u00f3ria do Flamengo.<\/p>\n\n\n\n<p><em>\u2014 Vender um clube nacional, centen\u00e1rio e hist\u00f3rico para empresas situadas no exterior faz o clube deixar de ser o que lhe fez chegar onde chegou. Respeito, mas sou totalmente contra. O esp\u00edrito rubro-negro tem q ser preservado. N\u00e3o atribuam a mim pensamentos que n\u00e3o tenho!<\/em> &#8211; finalizou o dirigente.<\/p>\n\n\n\n<p>O vice-presidente de futebol Marcos Braz tamb\u00e9m ressaltou, recentemente, que o neg\u00f3cio \u00e9 praticamente descartado nos bastidores do clube. A entrevista foi concedida ao &#8216;FlaZoeiro TV&#8217;, canal no Youtube.<\/p>\n\n\n\n<p><em>\u2014 \u00c9 uma piada. Da maneira que o Fla est\u00e1 estruturado, eu tenho certeza que o caminho do Flamengo n\u00e3o ser\u00e1 SAF, por pre\u00e7o de jogador? N\u00e3o quero saber o que pagou no Vasco, Cruzeiro ou Bahia.. Fla \u00e9 outra prateleira, n\u00e3o vou dizer patamar pra n\u00e3o copiar o Bruno Henrique<\/em> &#8211; alfinetou Braz.<\/p>\n\n\n\n<p>Retirado de: Lance<\/p>\n","protected":false},"excerpt":{"rendered":"<p>Com excelente estrutura material, capacita\u00e7\u00e3o de recursos e saneamento de d\u00edvidas, o Flamengo \u00e9 um dos poucos clubes do Brasil que n\u00e3o sonham em se tornar Sociedade An\u00f4nima de Futebol (SAF). Nas redes sociais, o vice-presidente geral e jur\u00eddico do Flamengo, Rodrigo Dunshee, deu a sua opini\u00e3o sobre o modelo de neg\u00f3cio mais comentado do [&hellip;]<\/p>\n","protected":false},"author":1,"featured_media":36697,"comment_status":"open","ping_status":"closed","sticky":false,"template":"","format":"standard","meta":{"footnotes":""},"categories":[1],"tags":[],"class_list":["post-88606","post","type-post","status-publish","format-standard","has-post-thumbnail","hentry","category-flamengo"],"yoast_head":"<!-- This site is optimized with the Yoast SEO Premium plugin v24.2 (Yoast SEO v26.9) - https:\/\/yoast.com\/product\/yoast-seo-premium-wordpress\/ -->\n<title>Dirigente do Flamengo dispara sobre possibilidade do clube se tornar SAF<\/title>\n<meta name=\"robots\" content=\"index, follow, max-snippet:-1, max-image-preview:large, max-video-preview:-1\" \/>\n<link rel=\"canonical\" href=\"https:\/\/www.gaveanews.com\/index.php\/2022\/10\/05\/dirigente-do-flamengo-dispara-sobre-possibilidade-do-clube-se-tornar-saf\/\" \/>\n<meta property=\"og:locale\" content=\"pt_BR\" \/>\n<meta property=\"og:type\" content=\"article\" \/>\n<meta property=\"og:title\" content=\"Dirigente do Flamengo dispara sobre possibilidade do clube se tornar SAF\" \/>\n<meta property=\"og:description\" content=\"Com excelente estrutura material, capacita\u00e7\u00e3o de recursos e saneamento de d\u00edvidas, o Flamengo \u00e9 um dos poucos clubes do Brasil que n\u00e3o sonham em se tornar Sociedade An\u00f4nima de Futebol (SAF). Nas redes sociais, o vice-presidente geral e jur\u00eddico do Flamengo, Rodrigo Dunshee, deu a sua opini\u00e3o sobre o modelo de neg\u00f3cio mais comentado do [&hellip;]\" \/>\n<meta property=\"og:url\" content=\"https:\/\/www.gaveanews.com\/index.php\/2022\/10\/05\/dirigente-do-flamengo-dispara-sobre-possibilidade-do-clube-se-tornar-saf\/\" \/>\n<meta property=\"og:site_name\" content=\"G\u00e1vea News\" \/>\n<meta property=\"article:publisher\" content=\"https:\/\/facebook.com\/gaveaNews\/\" \/>\n<meta property=\"article:published_time\" content=\"2022-10-05T17:26:19+00:00\" \/>\n<meta property=\"article:modified_time\" content=\"2022-10-05T17:26:22+00:00\" \/>\n<meta property=\"og:image\" content=\"https:\/\/www.gaveanews.com\/wp-content\/uploads\/Landim-e-Dunshee.webp\" \/>\n\t<meta property=\"og:image:width\" content=\"797\" \/>\n\t<meta property=\"og:image:height\" content=\"495\" \/>\n\t<meta property=\"og:image:type\" content=\"image\/png\" \/>\n<meta name=\"author\" content=\"Equipe G\u00e1vea News\" \/>\n<meta name=\"twitter:card\" content=\"summary_large_image\" \/>\n<meta name=\"twitter:label1\" content=\"Escrito por\" \/>\n\t<meta name=\"twitter:data1\" content=\"Equipe G\u00e1vea News\" \/>\n\t<meta name=\"twitter:label2\" content=\"Est. tempo de leitura\" \/>\n\t<meta name=\"twitter:data2\" content=\"3 minutos\" \/>\n<script type=\"application\/ld+json\" class=\"yoast-schema-graph\">{\"@context\":\"https:\/\/schema.org\",\"@graph\":[{\"@type\":\"NewsArticle\",\"@id\":\"https:\/\/www.gaveanews.com\/index.php\/2022\/10\/05\/dirigente-do-flamengo-dispara-sobre-possibilidade-do-clube-se-tornar-saf\/#article\",\"isPartOf\":{\"@id\":\"https:\/\/www.gaveanews.com\/index.php\/2022\/10\/05\/dirigente-do-flamengo-dispara-sobre-possibilidade-do-clube-se-tornar-saf\/\"},\"author\":{\"name\":\"Equipe G\u00e1vea News\",\"@id\":\"https:\/\/www.gaveanews.com\/#\/schema\/person\/2ec14f73fb96be2caf28f91afb14749d\"},\"headline\":\"Dirigente do Flamengo dispara sobre possibilidade do clube se tornar SAF\",\"datePublished\":\"2022-10-05T17:26:19+00:00\",\"dateModified\":\"2022-10-05T17:26:22+00:00\",\"mainEntityOfPage\":{\"@id\":\"https:\/\/www.gaveanews.com\/index.php\/2022\/10\/05\/dirigente-do-flamengo-dispara-sobre-possibilidade-do-clube-se-tornar-saf\/\"},\"wordCount\":494,\"commentCount\":0,\"image\":{\"@id\":\"https:\/\/www.gaveanews.com\/index.php\/2022\/10\/05\/dirigente-do-flamengo-dispara-sobre-possibilidade-do-clube-se-tornar-saf\/#primaryimage\"},\"thumbnailUrl\":\"https:\/\/www.gaveanews.com\/wp-content\/uploads\/Landim-e-Dunshee.webp\",\"articleSection\":[\"Flamengo\"],\"inLanguage\":\"pt-BR\",\"potentialAction\":[{\"@type\":\"CommentAction\",\"name\":\"Comment\",\"target\":[\"https:\/\/www.gaveanews.com\/index.php\/2022\/10\/05\/dirigente-do-flamengo-dispara-sobre-possibilidade-do-clube-se-tornar-saf\/#respond\"]}],\"copyrightYear\":\"2022\",\"copyrightHolder\":{\"@id\":\"https:\/\/www.gaveanews.com\/#organization\"}},{\"@type\":\"WebPage\",\"@id\":\"https:\/\/www.gaveanews.com\/index.php\/2022\/10\/05\/dirigente-do-flamengo-dispara-sobre-possibilidade-do-clube-se-tornar-saf\/\",\"url\":\"https:\/\/www.gaveanews.com\/index.php\/2022\/10\/05\/dirigente-do-flamengo-dispara-sobre-possibilidade-do-clube-se-tornar-saf\/\",\"name\":\"Dirigente do Flamengo dispara sobre possibilidade do clube se tornar SAF\",\"isPartOf\":{\"@id\":\"https:\/\/www.gaveanews.com\/#website\"},\"primaryImageOfPage\":{\"@id\":\"https:\/\/www.gaveanews.com\/index.php\/2022\/10\/05\/dirigente-do-flamengo-dispara-sobre-possibilidade-do-clube-se-tornar-saf\/#primaryimage\"},\"image\":{\"@id\":\"https:\/\/www.gaveanews.com\/index.php\/2022\/10\/05\/dirigente-do-flamengo-dispara-sobre-possibilidade-do-clube-se-tornar-saf\/#primaryimage\"},\"thumbnailUrl\":\"https:\/\/www.gaveanews.com\/wp-content\/uploads\/Landim-e-Dunshee.webp\",\"datePublished\":\"2022-10-05T17:26:19+00:00\",\"dateModified\":\"2022-10-05T17:26:22+00:00\",\"author\":{\"@id\":\"https:\/\/www.gaveanews.com\/#\/schema\/person\/2ec14f73fb96be2caf28f91afb14749d\"},\"breadcrumb\":{\"@id\":\"https:\/\/www.gaveanews.com\/index.php\/2022\/10\/05\/dirigente-do-flamengo-dispara-sobre-possibilidade-do-clube-se-tornar-saf\/#breadcrumb\"},\"inLanguage\":\"pt-BR\",\"potentialAction\":[{\"@type\":\"ReadAction\",\"target\":[\"https:\/\/www.gaveanews.com\/index.php\/2022\/10\/05\/dirigente-do-flamengo-dispara-sobre-possibilidade-do-clube-se-tornar-saf\/\"]}]},{\"@type\":\"ImageObject\",\"inLanguage\":\"pt-BR\",\"@id\":\"https:\/\/www.gaveanews.com\/index.php\/2022\/10\/05\/dirigente-do-flamengo-dispara-sobre-possibilidade-do-clube-se-tornar-saf\/#primaryimage\",\"url\":\"https:\/\/www.gaveanews.com\/wp-content\/uploads\/Landim-e-Dunshee.webp\",\"contentUrl\":\"https:\/\/www.gaveanews.com\/wp-content\/uploads\/Landim-e-Dunshee.webp\",\"width\":797,\"height\":495},{\"@type\":\"BreadcrumbList\",\"@id\":\"https:\/\/www.gaveanews.com\/index.php\/2022\/10\/05\/dirigente-do-flamengo-dispara-sobre-possibilidade-do-clube-se-tornar-saf\/#breadcrumb\",\"itemListElement\":[{\"@type\":\"ListItem\",\"position\":1,\"name\":\"Home\",\"item\":\"https:\/\/www.gaveanews.com\/\"},{\"@type\":\"ListItem\",\"position\":2,\"name\":\"Dirigente do Flamengo dispara sobre possibilidade do clube se tornar SAF\"}]},{\"@type\":\"WebSite\",\"@id\":\"https:\/\/www.gaveanews.com\/#website\",\"url\":\"https:\/\/www.gaveanews.com\/\",\"name\":\"G\u00e1vea News\",\"description\":\"Veja todas as not\u00edcias sobre o Flamengo: Contrata\u00e7\u00f5es, categorias de base, resultados das partidas, tabela de classifica\u00e7\u00e3o, pr\u00f3ximos jogos!\",\"potentialAction\":[{\"@type\":\"SearchAction\",\"target\":{\"@type\":\"EntryPoint\",\"urlTemplate\":\"https:\/\/www.gaveanews.com\/?s={search_term_string}\"},\"query-input\":{\"@type\":\"PropertyValueSpecification\",\"valueRequired\":true,\"valueName\":\"search_term_string\"}}],\"inLanguage\":\"pt-BR\"},{\"@type\":\"Person\",\"@id\":\"https:\/\/www.gaveanews.com\/#\/schema\/person\/2ec14f73fb96be2caf28f91afb14749d\",\"name\":\"Equipe G\u00e1vea News\",\"image\":{\"@type\":\"ImageObject\",\"inLanguage\":\"pt-BR\",\"@id\":\"https:\/\/www.gaveanews.com\/#\/schema\/person\/image\/\",\"url\":\"https:\/\/secure.gravatar.com\/avatar\/1e1956f1facbffd3f8fa53a326721950116b3b9dc9bd44939c01180fd4a745a9?s=96&d=mm&r=g\",\"contentUrl\":\"https:\/\/secure.gravatar.com\/avatar\/1e1956f1facbffd3f8fa53a326721950116b3b9dc9bd44939c01180fd4a745a9?s=96&d=mm&r=g\",\"caption\":\"Equipe G\u00e1vea News\"}}]}<\/script>\n<!-- \/ Yoast SEO Premium plugin. -->","yoast_head_json":{"title":"Dirigente do Flamengo dispara sobre possibilidade do clube se tornar SAF","robots":{"index":"index","follow":"follow","max-snippet":"max-snippet:-1","max-image-preview":"max-image-preview:large","max-video-preview":"max-video-preview:-1"},"canonical":"https:\/\/www.gaveanews.com\/index.php\/2022\/10\/05\/dirigente-do-flamengo-dispara-sobre-possibilidade-do-clube-se-tornar-saf\/","og_locale":"pt_BR","og_type":"article","og_title":"Dirigente do Flamengo dispara sobre possibilidade do clube se tornar SAF","og_description":"Com excelente estrutura material, capacita\u00e7\u00e3o de recursos e saneamento de d\u00edvidas, o Flamengo \u00e9 um dos poucos clubes do Brasil que n\u00e3o sonham em se tornar Sociedade An\u00f4nima de Futebol (SAF). Nas redes sociais, o vice-presidente geral e jur\u00eddico do Flamengo, Rodrigo Dunshee, deu a sua opini\u00e3o sobre o modelo de neg\u00f3cio mais comentado do [&hellip;]","og_url":"https:\/\/www.gaveanews.com\/index.php\/2022\/10\/05\/dirigente-do-flamengo-dispara-sobre-possibilidade-do-clube-se-tornar-saf\/","og_site_name":"G\u00e1vea News","article_publisher":"https:\/\/facebook.com\/gaveaNews\/","article_published_time":"2022-10-05T17:26:19+00:00","article_modified_time":"2022-10-05T17:26:22+00:00","og_image":[{"width":797,"height":495,"url":"https:\/\/www.gaveanews.com\/wp-content\/uploads\/Landim-e-Dunshee.webp","type":"image\/png"}],"author":"Equipe G\u00e1vea News","twitter_card":"summary_large_image","twitter_misc":{"Escrito por":"Equipe G\u00e1vea News","Est. tempo de leitura":"3 minutos"},"schema":{"@context":"https:\/\/schema.org","@graph":[{"@type":"NewsArticle","@id":"https:\/\/www.gaveanews.com\/index.php\/2022\/10\/05\/dirigente-do-flamengo-dispara-sobre-possibilidade-do-clube-se-tornar-saf\/#article","isPartOf":{"@id":"https:\/\/www.gaveanews.com\/index.php\/2022\/10\/05\/dirigente-do-flamengo-dispara-sobre-possibilidade-do-clube-se-tornar-saf\/"},"author":{"name":"Equipe G\u00e1vea News","@id":"https:\/\/www.gaveanews.com\/#\/schema\/person\/2ec14f73fb96be2caf28f91afb14749d"},"headline":"Dirigente do Flamengo dispara sobre possibilidade do clube se tornar SAF","datePublished":"2022-10-05T17:26:19+00:00","dateModified":"2022-10-05T17:26:22+00:00","mainEntityOfPage":{"@id":"https:\/\/www.gaveanews.com\/index.php\/2022\/10\/05\/dirigente-do-flamengo-dispara-sobre-possibilidade-do-clube-se-tornar-saf\/"},"wordCount":494,"commentCount":0,"image":{"@id":"https:\/\/www.gaveanews.com\/index.php\/2022\/10\/05\/dirigente-do-flamengo-dispara-sobre-possibilidade-do-clube-se-tornar-saf\/#primaryimage"},"thumbnailUrl":"https:\/\/www.gaveanews.com\/wp-content\/uploads\/Landim-e-Dunshee.webp","articleSection":["Flamengo"],"inLanguage":"pt-BR","potentialAction":[{"@type":"CommentAction","name":"Comment","target":["https:\/\/www.gaveanews.com\/index.php\/2022\/10\/05\/dirigente-do-flamengo-dispara-sobre-possibilidade-do-clube-se-tornar-saf\/#respond"]}],"copyrightYear":"2022","copyrightHolder":{"@id":"https:\/\/www.gaveanews.com\/#organization"}},{"@type":"WebPage","@id":"https:\/\/www.gaveanews.com\/index.php\/2022\/10\/05\/dirigente-do-flamengo-dispara-sobre-possibilidade-do-clube-se-tornar-saf\/","url":"https:\/\/www.gaveanews.com\/index.php\/2022\/10\/05\/dirigente-do-flamengo-dispara-sobre-possibilidade-do-clube-se-tornar-saf\/","name":"Dirigente do Flamengo dispara sobre possibilidade do clube se tornar SAF","isPartOf":{"@id":"https:\/\/www.gaveanews.com\/#website"},"primaryImageOfPage":{"@id":"https:\/\/www.gaveanews.com\/index.php\/2022\/10\/05\/dirigente-do-flamengo-dispara-sobre-possibilidade-do-clube-se-tornar-saf\/#primaryimage"},"image":{"@id":"https:\/\/www.gaveanews.com\/index.php\/2022\/10\/05\/dirigente-do-flamengo-dispara-sobre-possibilidade-do-clube-se-tornar-saf\/#primaryimage"},"thumbnailUrl":"https:\/\/www.gaveanews.com\/wp-content\/uploads\/Landim-e-Dunshee.webp","datePublished":"2022-10-05T17:26:19+00:00","dateModified":"2022-10-05T17:26:22+00:00","author":{"@id":"https:\/\/www.gaveanews.com\/#\/schema\/person\/2ec14f73fb96be2caf28f91afb14749d"},"breadcrumb":{"@id":"https:\/\/www.gaveanews.com\/index.php\/2022\/10\/05\/dirigente-do-flamengo-dispara-sobre-possibilidade-do-clube-se-tornar-saf\/#breadcrumb"},"inLanguage":"pt-BR","potentialAction":[{"@type":"ReadAction","target":["https:\/\/www.gaveanews.com\/index.php\/2022\/10\/05\/dirigente-do-flamengo-dispara-sobre-possibilidade-do-clube-se-tornar-saf\/"]}]},{"@type":"ImageObject","inLanguage":"pt-BR","@id":"https:\/\/www.gaveanews.com\/index.php\/2022\/10\/05\/dirigente-do-flamengo-dispara-sobre-possibilidade-do-clube-se-tornar-saf\/#primaryimage","url":"https:\/\/www.gaveanews.com\/wp-content\/uploads\/Landim-e-Dunshee.webp","contentUrl":"https:\/\/www.gaveanews.com\/wp-content\/uploads\/Landim-e-Dunshee.webp","width":797,"height":495},{"@type":"BreadcrumbList","@id":"https:\/\/www.gaveanews.com\/index.php\/2022\/10\/05\/dirigente-do-flamengo-dispara-sobre-possibilidade-do-clube-se-tornar-saf\/#breadcrumb","itemListElement":[{"@type":"ListItem","position":1,"name":"Home","item":"https:\/\/www.gaveanews.com\/"},{"@type":"ListItem","position":2,"name":"Dirigente do Flamengo dispara sobre possibilidade do clube se tornar SAF"}]},{"@type":"WebSite","@id":"https:\/\/www.gaveanews.com\/#website","url":"https:\/\/www.gaveanews.com\/","name":"G\u00e1vea News","description":"Veja todas as not\u00edcias sobre o Flamengo: Contrata\u00e7\u00f5es, categorias de base, resultados das partidas, tabela de classifica\u00e7\u00e3o, pr\u00f3ximos jogos!","potentialAction":[{"@type":"SearchAction","target":{"@type":"EntryPoint","urlTemplate":"https:\/\/www.gaveanews.com\/?s={search_term_string}"},"query-input":{"@type":"PropertyValueSpecification","valueRequired":true,"valueName":"search_term_string"}}],"inLanguage":"pt-BR"},{"@type":"Person","@id":"https:\/\/www.gaveanews.com\/#\/schema\/person\/2ec14f73fb96be2caf28f91afb14749d","name":"Equipe G\u00e1vea News","image":{"@type":"ImageObject","inLanguage":"pt-BR","@id":"https:\/\/www.gaveanews.com\/#\/schema\/person\/image\/","url":"https:\/\/secure.gravatar.com\/avatar\/1e1956f1facbffd3f8fa53a326721950116b3b9dc9bd44939c01180fd4a745a9?s=96&d=mm&r=g","contentUrl":"https:\/\/secure.gravatar.com\/avatar\/1e1956f1facbffd3f8fa53a326721950116b3b9dc9bd44939c01180fd4a745a9?s=96&d=mm&r=g","caption":"Equipe G\u00e1vea News"}}]}},"_links":{"self":[{"href":"https:\/\/www.gaveanews.com\/index.php\/wp-json\/wp\/v2\/posts\/88606","targetHints":{"allow":["GET"]}}],"collection":[{"href":"https:\/\/www.gaveanews.com\/index.php\/wp-json\/wp\/v2\/posts"}],"about":[{"href":"https:\/\/www.gaveanews.com\/index.php\/wp-json\/wp\/v2\/types\/post"}],"author":[{"embeddable":true,"href":"https:\/\/www.gaveanews.com\/index.php\/wp-json\/wp\/v2\/users\/1"}],"replies":[{"embeddable":true,"href":"https:\/\/www.gaveanews.com\/index.php\/wp-json\/wp\/v2\/comments?post=88606"}],"version-history":[{"count":0,"href":"https:\/\/www.gaveanews.com\/index.php\/wp-json\/wp\/v2\/posts\/88606\/revisions"}],"wp:featuredmedia":[{"embeddable":true,"href":"https:\/\/www.gaveanews.com\/index.php\/wp-json\/wp\/v2\/media\/36697"}],"wp:attachment":[{"href":"https:\/\/www.gaveanews.com\/index.php\/wp-json\/wp\/v2\/media?parent=88606"}],"wp:term":[{"taxonomy":"category","embeddable":true,"href":"https:\/\/www.gaveanews.com\/index.php\/wp-json\/wp\/v2\/categories?post=88606"},{"taxonomy":"post_tag","embeddable":true,"href":"https:\/\/www.gaveanews.com\/index.php\/wp-json\/wp\/v2\/tags?post=88606"}],"curies":[{"name":"wp","href":"https:\/\/api.w.org\/{rel}","templated":true}]}}