{"id":88614,"date":"2022-10-06T07:52:49","date_gmt":"2022-10-06T10:52:49","guid":{"rendered":"https:\/\/www.gaveanews.com\/?p=88614"},"modified":"2022-10-06T07:52:51","modified_gmt":"2022-10-06T10:52:51","slug":"cabe-no-flamengo-veja-5-destaques-do-independiente-del-valle-que-foram-campeoes-da-sul-americana","status":"publish","type":"post","link":"https:\/\/www.gaveanews.com\/index.php\/2022\/10\/06\/cabe-no-flamengo-veja-5-destaques-do-independiente-del-valle-que-foram-campeoes-da-sul-americana\/","title":{"rendered":"Cabe no Flamengo? Veja 5 destaques do Independiente del Valle que foram campe\u00f5es da Sul-Americana"},"content":{"rendered":"\n<p>A final da Copa Sul-Americana aconteceu no \u00faltimo s\u00e1bado (01), quando o S\u00e3o Paulo perdeu por 2 a 0 e acabou deixando o t\u00edtulo continental para o Independiente del Valle. O time equatoriano vem em uma crescente h\u00e1 alguns anos e est\u00e1 ganhando espa\u00e7o entre os clubes mais visados da Am\u00e9rica do Sul.<\/p>\n\n\n\n<p>A equipe conta com bons nomes em seu elenco, entre jogadores mais jovens e mais experientes. Destes atletas, cinco poderiam ser boas aquisi\u00e7\u00f5es para o Flamengo em 2023. O levantamento abaixo foi feito pelo portal <em>Mundo Rubro-Negro<\/em>.<\/p>\n\n\n\n<h2 class=\"wp-block-heading\" id=\"h-moises-ramirez\">Mois\u00e9s Ram\u00edrez<\/h2>\n\n\n\n<p>O goleiro de apenas 22 anos se firmou n\u00e3o somente no time do del Valle, mas tamb\u00e9m entre os convocados pela Sele\u00e7\u00e3o Equatoriana. O arqueiro, inclusive, deve ser um dos atletas selecionados para defender seu pa\u00eds na Copa do Mundo do Qatar.<\/p>\n\n\n\n<p>O jovem foi revelado pelas categorias de base do del Valle e tem como suas principais caracter\u00edsticas a frieza nas atua\u00e7\u00f5es e a grande velocidade de rea\u00e7\u00e3o. <\/p>\n\n\n\n<p>Ram\u00edrez foi eleito o melhor jogador da decis\u00e3o da Sul-Americana pelo Footstats (aplicativo de estat\u00edsticas). No decorrer de toda esta edi\u00e7\u00e3o da competi\u00e7\u00e3o, o atleta sofreu apenas dois gols.<\/p>\n\n\n\n<figure class=\"wp-block-embed is-type-video is-provider-youtube wp-block-embed-youtube wp-embed-aspect-16-9 wp-has-aspect-ratio\"><div class=\"wp-block-embed__wrapper\">\nhttps:\/\/youtu.be\/MsLfkfbmbZQ\n<\/div><\/figure>\n\n\n\n<h2 class=\"wp-block-heading\" id=\"h-jhoanner-chavez\">Jhoanner Ch\u00e1vez<\/h2>\n\n\n\n<p>Com passagens pela Sele\u00e7\u00e3o Sub-17 na carreira, Jhoanner Ch\u00e1vez \u00e9 um ala r\u00e1pido e com bastante for\u00e7a f\u00edsica. O jogador tem apenas 20 anos e \u00e9 uma das promessas da base do clube. Ele tamb\u00e9m possui versatilidade, podendo atuar tanto como lateral-esquerdo em uma linha de quatro ou como ala na linha de meio-campo.<\/p>\n\n\n\n<p>Com a perman\u00eancia de Ayrton Lucas ainda incerta, o equatoriano pode ser uma boa op\u00e7\u00e3o para a posi\u00e7\u00e3o que hoje conta apenas com duas op\u00e7\u00f5es, sendo a outra Filipe Lu\u00eds.<\/p>\n\n\n\n<figure class=\"wp-block-embed is-type-video is-provider-youtube wp-block-embed-youtube wp-embed-aspect-16-9 wp-has-aspect-ratio\"><div class=\"wp-block-embed__wrapper\">\nhttps:\/\/youtu.be\/Yquwdqh61SM\n<\/div><\/figure>\n\n\n\n<h2 class=\"wp-block-heading\" id=\"h-marco-angulo\">Marco Angulo<\/h2>\n\n\n\n<p>Mais um jogador de apenas 20 anos, Angulo tamb\u00e9m possui diversas convoca\u00e7\u00f5es para as categorias de base da Sele\u00e7\u00e3o Equatoriana no curr\u00edculo. O jovem \u00e9 um meia moderno, com \u00f3timo passe, chegada na \u00e1rea advers\u00e1ria, muita habilidade e potente chute de m\u00e9dia e longa dist\u00e2ncia.<\/p>\n\n\n\n<p>Al\u00e9m de ser bastante valorizado no atual elenco do del Valle, o jovem tamb\u00e9m \u00e9 considerado um forte candidato para assumir o protagonismo na Sele\u00e7\u00e3o Equatoriana nos pr\u00f3ximos anos.<\/p>\n\n\n\n<figure class=\"wp-block-embed is-type-video is-provider-youtube wp-block-embed-youtube wp-embed-aspect-16-9 wp-has-aspect-ratio\"><div class=\"wp-block-embed__wrapper\">\n<iframe loading=\"lazy\" title=\"\u26bd MARCO ANGULO | MEDIOCAMPISTA - MIDFIELDER | 2022 INDEPENDIENTE DEL VALLE\" width=\"640\" height=\"360\" src=\"https:\/\/www.youtube.com\/embed\/-pzQ6ATkQTw?feature=oembed\" frameborder=\"0\" allow=\"accelerometer; autoplay; clipboard-write; encrypted-media; gyroscope; picture-in-picture; web-share\" referrerpolicy=\"strict-origin-when-cross-origin\" allowfullscreen><\/iframe>\n<\/div><\/figure>\n\n\n\n<h2 class=\"wp-block-heading\" id=\"h-lorenzo-faravelli\">Lorenzo Faravelli<\/h2>\n\n\n\n<p>O mais experiente da lista, Lorenzo Faravelli, de 29 anos, \u00e9 mais um destaque do time equatoriano. O jogador marcou um gol e deu uma assist\u00eancia na final da Copa do Brasil, participando assim de todos os gols marcados contra o S\u00e3o Paulo.<\/p>\n\n\n\n<p>Faravelli \u00e9 um meia central, mas tem um grande\u00a0poder de infiltra\u00e7\u00e3o e capacidade de realizar passes verticais e invers\u00f5es de jogo. Assim, o atleta argentino chega muito no campo de ataque e marca diversos gols. O desempenho do jogador tem atra\u00eddo o interesse de diversos clubes sul-americanos de maior express\u00e3o, sendo especulado frequentemente em outras equipes.<\/p>\n\n\n\n<figure class=\"wp-block-embed is-type-video is-provider-youtube wp-block-embed-youtube wp-embed-aspect-16-9 wp-has-aspect-ratio\"><div class=\"wp-block-embed__wrapper\">\n<iframe loading=\"lazy\" title=\"Lorenzo Faravelli \u2022 Highlights \u2022 2022 | HD\" width=\"640\" height=\"360\" src=\"https:\/\/www.youtube.com\/embed\/iqGUhzrBKPg?feature=oembed\" frameborder=\"0\" allow=\"accelerometer; autoplay; clipboard-write; encrypted-media; gyroscope; picture-in-picture; web-share\" referrerpolicy=\"strict-origin-when-cross-origin\" allowfullscreen><\/iframe>\n<\/div><\/figure>\n\n\n\n<h2 class=\"wp-block-heading\" id=\"h-lautaro-diaz\">Lautaro D\u00edaz<\/h2>\n\n\n\n<p>Aos 24 anos, o atacante argentino vive um grande momento em sua carreira. Para se ter uma ideia, o atleta tem apenas pouco mais de tr\u00eas meses no time equatoriano, mas j\u00e1 conquistou a torcida e \u00e9 tratado como um \u00eddolo do clube.<\/p>\n\n\n\n<p>Atuando em conjunto com Faravelli pelo lado esquerdo, Lautaro D\u00edas tamb\u00e9m marcou um gol e deu uma assist\u00eancia, deixando a dupla como os principais respons\u00e1veis pelo novo t\u00edtulo da Sul-Americana conquistado pelo del Valle.<\/p>\n\n\n\n<p>O jogador tem um grande poder de finaliza\u00e7\u00e3o, intelig\u00eancia e movimenta\u00e7\u00e3o acima da m\u00e9dia, e \u00e9 bastante competitivo. O atacante atua no del Valle por meio de empr\u00e9stimo, que vai at\u00e9 junho de 2023, mas deve ser adquirido no final da cess\u00e3o.<\/p>\n\n\n\n<figure class=\"wp-block-embed is-type-video is-provider-youtube wp-block-embed-youtube wp-embed-aspect-16-9 wp-has-aspect-ratio\"><div class=\"wp-block-embed__wrapper\">\n<iframe loading=\"lazy\" title=\"Lautaro D\u00edaz \u25ba Independiente Del Valle \u25cf Skills &amp; Goals 2022 | HD\" width=\"640\" height=\"360\" src=\"https:\/\/www.youtube.com\/embed\/_ogCaLwAbm8?feature=oembed\" frameborder=\"0\" allow=\"accelerometer; autoplay; clipboard-write; encrypted-media; gyroscope; picture-in-picture; web-share\" referrerpolicy=\"strict-origin-when-cross-origin\" allowfullscreen><\/iframe>\n<\/div><\/figure>\n","protected":false},"excerpt":{"rendered":"<p>A final da Copa Sul-Americana aconteceu no \u00faltimo s\u00e1bado (01), quando o S\u00e3o Paulo perdeu por 2 a 0 e acabou deixando o t\u00edtulo continental para o Independiente del Valle. O time equatoriano vem em uma crescente h\u00e1 alguns anos e est\u00e1 ganhando espa\u00e7o entre os clubes mais visados da Am\u00e9rica do Sul. A equipe [&hellip;]<\/p>\n","protected":false},"author":4,"featured_media":88615,"comment_status":"open","ping_status":"closed","sticky":false,"template":"","format":"standard","meta":{"footnotes":""},"categories":[1],"tags":[],"class_list":["post-88614","post","type-post","status-publish","format-standard","has-post-thumbnail","hentry","category-flamengo"],"yoast_head":"<!-- This site is optimized with the Yoast SEO Premium plugin v24.2 (Yoast SEO v26.9) - https:\/\/yoast.com\/product\/yoast-seo-premium-wordpress\/ -->\n<title>Cabe no Flamengo? Veja 5 destaques do Independiente del Valle que foram campe\u00f5es da Sul-Americana<\/title>\n<meta name=\"robots\" content=\"index, follow, max-snippet:-1, max-image-preview:large, max-video-preview:-1\" \/>\n<link rel=\"canonical\" href=\"https:\/\/www.gaveanews.com\/index.php\/2022\/10\/06\/cabe-no-flamengo-veja-5-destaques-do-independiente-del-valle-que-foram-campeoes-da-sul-americana\/\" \/>\n<meta property=\"og:locale\" content=\"pt_BR\" \/>\n<meta property=\"og:type\" content=\"article\" \/>\n<meta property=\"og:title\" content=\"Cabe no Flamengo? Veja 5 destaques do Independiente del Valle que foram campe\u00f5es da Sul-Americana\" \/>\n<meta property=\"og:description\" content=\"A final da Copa Sul-Americana aconteceu no \u00faltimo s\u00e1bado (01), quando o S\u00e3o Paulo perdeu por 2 a 0 e acabou deixando o t\u00edtulo continental para o Independiente del Valle. O time equatoriano vem em uma crescente h\u00e1 alguns anos e est\u00e1 ganhando espa\u00e7o entre os clubes mais visados da Am\u00e9rica do Sul. A equipe [&hellip;]\" \/>\n<meta property=\"og:url\" content=\"https:\/\/www.gaveanews.com\/index.php\/2022\/10\/06\/cabe-no-flamengo-veja-5-destaques-do-independiente-del-valle-que-foram-campeoes-da-sul-americana\/\" \/>\n<meta property=\"og:site_name\" content=\"G\u00e1vea News\" \/>\n<meta property=\"article:publisher\" content=\"https:\/\/facebook.com\/gaveaNews\/\" \/>\n<meta property=\"article:published_time\" content=\"2022-10-06T10:52:49+00:00\" \/>\n<meta property=\"article:modified_time\" content=\"2022-10-06T10:52:51+00:00\" \/>\n<meta property=\"og:image\" content=\"https:\/\/www.gaveanews.com\/wp-content\/uploads\/jogadores-do-independiente-del-valle.webp\" \/>\n\t<meta property=\"og:image:width\" content=\"1024\" \/>\n\t<meta property=\"og:image:height\" content=\"682\" \/>\n\t<meta property=\"og:image:type\" content=\"image\/webp\" \/>\n<meta name=\"author\" content=\"Let\u00edcia Gerheim\" \/>\n<meta name=\"twitter:card\" content=\"summary_large_image\" \/>\n<meta name=\"twitter:label1\" content=\"Escrito por\" \/>\n\t<meta name=\"twitter:data1\" content=\"Let\u00edcia Gerheim\" \/>\n\t<meta name=\"twitter:label2\" content=\"Est. tempo de leitura\" \/>\n\t<meta name=\"twitter:data2\" content=\"4 minutos\" \/>\n<script type=\"application\/ld+json\" class=\"yoast-schema-graph\">{\"@context\":\"https:\/\/schema.org\",\"@graph\":[{\"@type\":\"NewsArticle\",\"@id\":\"https:\/\/www.gaveanews.com\/index.php\/2022\/10\/06\/cabe-no-flamengo-veja-5-destaques-do-independiente-del-valle-que-foram-campeoes-da-sul-americana\/#article\",\"isPartOf\":{\"@id\":\"https:\/\/www.gaveanews.com\/index.php\/2022\/10\/06\/cabe-no-flamengo-veja-5-destaques-do-independiente-del-valle-que-foram-campeoes-da-sul-americana\/\"},\"author\":{\"name\":\"Let\u00edcia Gerheim\",\"@id\":\"https:\/\/www.gaveanews.com\/#\/schema\/person\/714c67050b836198af2450ba1c142a67\"},\"headline\":\"Cabe no Flamengo? Veja 5 destaques do Independiente del Valle que foram campe\u00f5es da Sul-Americana\",\"datePublished\":\"2022-10-06T10:52:49+00:00\",\"dateModified\":\"2022-10-06T10:52:51+00:00\",\"mainEntityOfPage\":{\"@id\":\"https:\/\/www.gaveanews.com\/index.php\/2022\/10\/06\/cabe-no-flamengo-veja-5-destaques-do-independiente-del-valle-que-foram-campeoes-da-sul-americana\/\"},\"wordCount\":656,\"commentCount\":0,\"image\":{\"@id\":\"https:\/\/www.gaveanews.com\/index.php\/2022\/10\/06\/cabe-no-flamengo-veja-5-destaques-do-independiente-del-valle-que-foram-campeoes-da-sul-americana\/#primaryimage\"},\"thumbnailUrl\":\"https:\/\/www.gaveanews.com\/wp-content\/uploads\/jogadores-do-independiente-del-valle.webp\",\"articleSection\":[\"Flamengo\"],\"inLanguage\":\"pt-BR\",\"potentialAction\":[{\"@type\":\"CommentAction\",\"name\":\"Comment\",\"target\":[\"https:\/\/www.gaveanews.com\/index.php\/2022\/10\/06\/cabe-no-flamengo-veja-5-destaques-do-independiente-del-valle-que-foram-campeoes-da-sul-americana\/#respond\"]}],\"copyrightYear\":\"2022\",\"copyrightHolder\":{\"@id\":\"https:\/\/www.gaveanews.com\/#organization\"}},{\"@type\":\"WebPage\",\"@id\":\"https:\/\/www.gaveanews.com\/index.php\/2022\/10\/06\/cabe-no-flamengo-veja-5-destaques-do-independiente-del-valle-que-foram-campeoes-da-sul-americana\/\",\"url\":\"https:\/\/www.gaveanews.com\/index.php\/2022\/10\/06\/cabe-no-flamengo-veja-5-destaques-do-independiente-del-valle-que-foram-campeoes-da-sul-americana\/\",\"name\":\"Cabe no Flamengo? Veja 5 destaques do Independiente del Valle que foram campe\u00f5es da Sul-Americana\",\"isPartOf\":{\"@id\":\"https:\/\/www.gaveanews.com\/#website\"},\"primaryImageOfPage\":{\"@id\":\"https:\/\/www.gaveanews.com\/index.php\/2022\/10\/06\/cabe-no-flamengo-veja-5-destaques-do-independiente-del-valle-que-foram-campeoes-da-sul-americana\/#primaryimage\"},\"image\":{\"@id\":\"https:\/\/www.gaveanews.com\/index.php\/2022\/10\/06\/cabe-no-flamengo-veja-5-destaques-do-independiente-del-valle-que-foram-campeoes-da-sul-americana\/#primaryimage\"},\"thumbnailUrl\":\"https:\/\/www.gaveanews.com\/wp-content\/uploads\/jogadores-do-independiente-del-valle.webp\",\"datePublished\":\"2022-10-06T10:52:49+00:00\",\"dateModified\":\"2022-10-06T10:52:51+00:00\",\"author\":{\"@id\":\"https:\/\/www.gaveanews.com\/#\/schema\/person\/714c67050b836198af2450ba1c142a67\"},\"breadcrumb\":{\"@id\":\"https:\/\/www.gaveanews.com\/index.php\/2022\/10\/06\/cabe-no-flamengo-veja-5-destaques-do-independiente-del-valle-que-foram-campeoes-da-sul-americana\/#breadcrumb\"},\"inLanguage\":\"pt-BR\",\"potentialAction\":[{\"@type\":\"ReadAction\",\"target\":[\"https:\/\/www.gaveanews.com\/index.php\/2022\/10\/06\/cabe-no-flamengo-veja-5-destaques-do-independiente-del-valle-que-foram-campeoes-da-sul-americana\/\"]}]},{\"@type\":\"ImageObject\",\"inLanguage\":\"pt-BR\",\"@id\":\"https:\/\/www.gaveanews.com\/index.php\/2022\/10\/06\/cabe-no-flamengo-veja-5-destaques-do-independiente-del-valle-que-foram-campeoes-da-sul-americana\/#primaryimage\",\"url\":\"https:\/\/www.gaveanews.com\/wp-content\/uploads\/jogadores-do-independiente-del-valle.webp\",\"contentUrl\":\"https:\/\/www.gaveanews.com\/wp-content\/uploads\/jogadores-do-independiente-del-valle.webp\",\"width\":1024,\"height\":682,\"caption\":\"Jogadores do Independiente del Valle comemoram t\u00edtulo da Copa Sul-Americana (Foto: Hernan Cortez\/Getty Images)\"},{\"@type\":\"BreadcrumbList\",\"@id\":\"https:\/\/www.gaveanews.com\/index.php\/2022\/10\/06\/cabe-no-flamengo-veja-5-destaques-do-independiente-del-valle-que-foram-campeoes-da-sul-americana\/#breadcrumb\",\"itemListElement\":[{\"@type\":\"ListItem\",\"position\":1,\"name\":\"Home\",\"item\":\"https:\/\/www.gaveanews.com\/\"},{\"@type\":\"ListItem\",\"position\":2,\"name\":\"Cabe no Flamengo? Veja 5 destaques do Independiente del Valle que foram campe\u00f5es da Sul-Americana\"}]},{\"@type\":\"WebSite\",\"@id\":\"https:\/\/www.gaveanews.com\/#website\",\"url\":\"https:\/\/www.gaveanews.com\/\",\"name\":\"G\u00e1vea News\",\"description\":\"Veja todas as not\u00edcias sobre o Flamengo: Contrata\u00e7\u00f5es, categorias de base, resultados das partidas, tabela de classifica\u00e7\u00e3o, pr\u00f3ximos jogos!\",\"potentialAction\":[{\"@type\":\"SearchAction\",\"target\":{\"@type\":\"EntryPoint\",\"urlTemplate\":\"https:\/\/www.gaveanews.com\/?s={search_term_string}\"},\"query-input\":{\"@type\":\"PropertyValueSpecification\",\"valueRequired\":true,\"valueName\":\"search_term_string\"}}],\"inLanguage\":\"pt-BR\"},{\"@type\":\"Person\",\"@id\":\"https:\/\/www.gaveanews.com\/#\/schema\/person\/714c67050b836198af2450ba1c142a67\",\"name\":\"Let\u00edcia Gerheim\",\"image\":{\"@type\":\"ImageObject\",\"inLanguage\":\"pt-BR\",\"@id\":\"https:\/\/www.gaveanews.com\/#\/schema\/person\/image\/\",\"url\":\"https:\/\/secure.gravatar.com\/avatar\/60734739c50fcebfbac509e2a826ccd0ff405c019bc73aab9354f19ecad1dcb4?s=96&d=mm&r=g\",\"contentUrl\":\"https:\/\/secure.gravatar.com\/avatar\/60734739c50fcebfbac509e2a826ccd0ff405c019bc73aab9354f19ecad1dcb4?s=96&d=mm&r=g\",\"caption\":\"Let\u00edcia Gerheim\"}}]}<\/script>\n<!-- \/ Yoast SEO Premium plugin. -->","yoast_head_json":{"title":"Cabe no Flamengo? Veja 5 destaques do Independiente del Valle que foram campe\u00f5es da Sul-Americana","robots":{"index":"index","follow":"follow","max-snippet":"max-snippet:-1","max-image-preview":"max-image-preview:large","max-video-preview":"max-video-preview:-1"},"canonical":"https:\/\/www.gaveanews.com\/index.php\/2022\/10\/06\/cabe-no-flamengo-veja-5-destaques-do-independiente-del-valle-que-foram-campeoes-da-sul-americana\/","og_locale":"pt_BR","og_type":"article","og_title":"Cabe no Flamengo? Veja 5 destaques do Independiente del Valle que foram campe\u00f5es da Sul-Americana","og_description":"A final da Copa Sul-Americana aconteceu no \u00faltimo s\u00e1bado (01), quando o S\u00e3o Paulo perdeu por 2 a 0 e acabou deixando o t\u00edtulo continental para o Independiente del Valle. O time equatoriano vem em uma crescente h\u00e1 alguns anos e est\u00e1 ganhando espa\u00e7o entre os clubes mais visados da Am\u00e9rica do Sul. A equipe [&hellip;]","og_url":"https:\/\/www.gaveanews.com\/index.php\/2022\/10\/06\/cabe-no-flamengo-veja-5-destaques-do-independiente-del-valle-que-foram-campeoes-da-sul-americana\/","og_site_name":"G\u00e1vea News","article_publisher":"https:\/\/facebook.com\/gaveaNews\/","article_published_time":"2022-10-06T10:52:49+00:00","article_modified_time":"2022-10-06T10:52:51+00:00","og_image":[{"width":1024,"height":682,"url":"https:\/\/www.gaveanews.com\/wp-content\/uploads\/jogadores-do-independiente-del-valle.webp","type":"image\/webp"}],"author":"Let\u00edcia Gerheim","twitter_card":"summary_large_image","twitter_misc":{"Escrito por":"Let\u00edcia Gerheim","Est. tempo de leitura":"4 minutos"},"schema":{"@context":"https:\/\/schema.org","@graph":[{"@type":"NewsArticle","@id":"https:\/\/www.gaveanews.com\/index.php\/2022\/10\/06\/cabe-no-flamengo-veja-5-destaques-do-independiente-del-valle-que-foram-campeoes-da-sul-americana\/#article","isPartOf":{"@id":"https:\/\/www.gaveanews.com\/index.php\/2022\/10\/06\/cabe-no-flamengo-veja-5-destaques-do-independiente-del-valle-que-foram-campeoes-da-sul-americana\/"},"author":{"name":"Let\u00edcia Gerheim","@id":"https:\/\/www.gaveanews.com\/#\/schema\/person\/714c67050b836198af2450ba1c142a67"},"headline":"Cabe no Flamengo? Veja 5 destaques do Independiente del Valle que foram campe\u00f5es da Sul-Americana","datePublished":"2022-10-06T10:52:49+00:00","dateModified":"2022-10-06T10:52:51+00:00","mainEntityOfPage":{"@id":"https:\/\/www.gaveanews.com\/index.php\/2022\/10\/06\/cabe-no-flamengo-veja-5-destaques-do-independiente-del-valle-que-foram-campeoes-da-sul-americana\/"},"wordCount":656,"commentCount":0,"image":{"@id":"https:\/\/www.gaveanews.com\/index.php\/2022\/10\/06\/cabe-no-flamengo-veja-5-destaques-do-independiente-del-valle-que-foram-campeoes-da-sul-americana\/#primaryimage"},"thumbnailUrl":"https:\/\/www.gaveanews.com\/wp-content\/uploads\/jogadores-do-independiente-del-valle.webp","articleSection":["Flamengo"],"inLanguage":"pt-BR","potentialAction":[{"@type":"CommentAction","name":"Comment","target":["https:\/\/www.gaveanews.com\/index.php\/2022\/10\/06\/cabe-no-flamengo-veja-5-destaques-do-independiente-del-valle-que-foram-campeoes-da-sul-americana\/#respond"]}],"copyrightYear":"2022","copyrightHolder":{"@id":"https:\/\/www.gaveanews.com\/#organization"}},{"@type":"WebPage","@id":"https:\/\/www.gaveanews.com\/index.php\/2022\/10\/06\/cabe-no-flamengo-veja-5-destaques-do-independiente-del-valle-que-foram-campeoes-da-sul-americana\/","url":"https:\/\/www.gaveanews.com\/index.php\/2022\/10\/06\/cabe-no-flamengo-veja-5-destaques-do-independiente-del-valle-que-foram-campeoes-da-sul-americana\/","name":"Cabe no Flamengo? Veja 5 destaques do Independiente del Valle que foram campe\u00f5es da Sul-Americana","isPartOf":{"@id":"https:\/\/www.gaveanews.com\/#website"},"primaryImageOfPage":{"@id":"https:\/\/www.gaveanews.com\/index.php\/2022\/10\/06\/cabe-no-flamengo-veja-5-destaques-do-independiente-del-valle-que-foram-campeoes-da-sul-americana\/#primaryimage"},"image":{"@id":"https:\/\/www.gaveanews.com\/index.php\/2022\/10\/06\/cabe-no-flamengo-veja-5-destaques-do-independiente-del-valle-que-foram-campeoes-da-sul-americana\/#primaryimage"},"thumbnailUrl":"https:\/\/www.gaveanews.com\/wp-content\/uploads\/jogadores-do-independiente-del-valle.webp","datePublished":"2022-10-06T10:52:49+00:00","dateModified":"2022-10-06T10:52:51+00:00","author":{"@id":"https:\/\/www.gaveanews.com\/#\/schema\/person\/714c67050b836198af2450ba1c142a67"},"breadcrumb":{"@id":"https:\/\/www.gaveanews.com\/index.php\/2022\/10\/06\/cabe-no-flamengo-veja-5-destaques-do-independiente-del-valle-que-foram-campeoes-da-sul-americana\/#breadcrumb"},"inLanguage":"pt-BR","potentialAction":[{"@type":"ReadAction","target":["https:\/\/www.gaveanews.com\/index.php\/2022\/10\/06\/cabe-no-flamengo-veja-5-destaques-do-independiente-del-valle-que-foram-campeoes-da-sul-americana\/"]}]},{"@type":"ImageObject","inLanguage":"pt-BR","@id":"https:\/\/www.gaveanews.com\/index.php\/2022\/10\/06\/cabe-no-flamengo-veja-5-destaques-do-independiente-del-valle-que-foram-campeoes-da-sul-americana\/#primaryimage","url":"https:\/\/www.gaveanews.com\/wp-content\/uploads\/jogadores-do-independiente-del-valle.webp","contentUrl":"https:\/\/www.gaveanews.com\/wp-content\/uploads\/jogadores-do-independiente-del-valle.webp","width":1024,"height":682,"caption":"Jogadores do Independiente del Valle comemoram t\u00edtulo da Copa Sul-Americana (Foto: Hernan Cortez\/Getty Images)"},{"@type":"BreadcrumbList","@id":"https:\/\/www.gaveanews.com\/index.php\/2022\/10\/06\/cabe-no-flamengo-veja-5-destaques-do-independiente-del-valle-que-foram-campeoes-da-sul-americana\/#breadcrumb","itemListElement":[{"@type":"ListItem","position":1,"name":"Home","item":"https:\/\/www.gaveanews.com\/"},{"@type":"ListItem","position":2,"name":"Cabe no Flamengo? Veja 5 destaques do Independiente del Valle que foram campe\u00f5es da Sul-Americana"}]},{"@type":"WebSite","@id":"https:\/\/www.gaveanews.com\/#website","url":"https:\/\/www.gaveanews.com\/","name":"G\u00e1vea News","description":"Veja todas as not\u00edcias sobre o Flamengo: Contrata\u00e7\u00f5es, categorias de base, resultados das partidas, tabela de classifica\u00e7\u00e3o, pr\u00f3ximos jogos!","potentialAction":[{"@type":"SearchAction","target":{"@type":"EntryPoint","urlTemplate":"https:\/\/www.gaveanews.com\/?s={search_term_string}"},"query-input":{"@type":"PropertyValueSpecification","valueRequired":true,"valueName":"search_term_string"}}],"inLanguage":"pt-BR"},{"@type":"Person","@id":"https:\/\/www.gaveanews.com\/#\/schema\/person\/714c67050b836198af2450ba1c142a67","name":"Let\u00edcia Gerheim","image":{"@type":"ImageObject","inLanguage":"pt-BR","@id":"https:\/\/www.gaveanews.com\/#\/schema\/person\/image\/","url":"https:\/\/secure.gravatar.com\/avatar\/60734739c50fcebfbac509e2a826ccd0ff405c019bc73aab9354f19ecad1dcb4?s=96&d=mm&r=g","contentUrl":"https:\/\/secure.gravatar.com\/avatar\/60734739c50fcebfbac509e2a826ccd0ff405c019bc73aab9354f19ecad1dcb4?s=96&d=mm&r=g","caption":"Let\u00edcia Gerheim"}}]}},"_links":{"self":[{"href":"https:\/\/www.gaveanews.com\/index.php\/wp-json\/wp\/v2\/posts\/88614","targetHints":{"allow":["GET"]}}],"collection":[{"href":"https:\/\/www.gaveanews.com\/index.php\/wp-json\/wp\/v2\/posts"}],"about":[{"href":"https:\/\/www.gaveanews.com\/index.php\/wp-json\/wp\/v2\/types\/post"}],"author":[{"embeddable":true,"href":"https:\/\/www.gaveanews.com\/index.php\/wp-json\/wp\/v2\/users\/4"}],"replies":[{"embeddable":true,"href":"https:\/\/www.gaveanews.com\/index.php\/wp-json\/wp\/v2\/comments?post=88614"}],"version-history":[{"count":0,"href":"https:\/\/www.gaveanews.com\/index.php\/wp-json\/wp\/v2\/posts\/88614\/revisions"}],"wp:featuredmedia":[{"embeddable":true,"href":"https:\/\/www.gaveanews.com\/index.php\/wp-json\/wp\/v2\/media\/88615"}],"wp:attachment":[{"href":"https:\/\/www.gaveanews.com\/index.php\/wp-json\/wp\/v2\/media?parent=88614"}],"wp:term":[{"taxonomy":"category","embeddable":true,"href":"https:\/\/www.gaveanews.com\/index.php\/wp-json\/wp\/v2\/categories?post=88614"},{"taxonomy":"post_tag","embeddable":true,"href":"https:\/\/www.gaveanews.com\/index.php\/wp-json\/wp\/v2\/tags?post=88614"}],"curies":[{"name":"wp","href":"https:\/\/api.w.org\/{rel}","templated":true}]}}