{"id":88630,"date":"2022-10-05T22:27:09","date_gmt":"2022-10-06T01:27:09","guid":{"rendered":"https:\/\/www.gaveanews.com\/?p=88630"},"modified":"2022-10-05T22:27:11","modified_gmt":"2022-10-06T01:27:11","slug":"neto-revela-que-corinthians-pode-dar-chapeu-no-flamengo-por-meia-badalado","status":"publish","type":"post","link":"https:\/\/www.gaveanews.com\/index.php\/2022\/10\/05\/neto-revela-que-corinthians-pode-dar-chapeu-no-flamengo-por-meia-badalado\/","title":{"rendered":"Neto revela que Corinthians pode dar chap\u00e9u no Flamengo por meia badalado"},"content":{"rendered":"\n<p>O Flamengo pode ter um concorrente direto no sonho de contratar o meio-campista Oscar, que atualmente defende as cores do Shangai Port. De acordo com o ex-jogador Neto, o Corinthians fez uma sondagem ao jogador, ap\u00f3s pedido do t\u00e9cnico V\u00edtor Pereira, e cogita o investimento para a pr\u00f3xima temporada.<\/p>\n\n\n\n<p>\u2014 Eu fiquei sabendo ontem, que o Corinthians quer contratar o meia Oscar, por causa do Vitor Pereira, revelou Neto no programa Os Donos da Bola desta quarta-feira (5).<\/p>\n\n\n\n<p>Oscar est\u00e1 no Shangai Port deste 2017, depois de ter defendido o Chelsea, tendo acumulado desde ent\u00e3o 171 jogos, com 51 gols e 19 assist\u00eancias. O jogador brasileiro tem v\u00ednculo com o clube asi\u00e1tico at\u00e9 novembro de 2024, e j\u00e1 chegou a ser comandado pelo treinador portugu\u00eas na equipe. V\u00edtor esteve no time entre 2018 e 2020.<\/p>\n\n\n\n<p>Representado pelo famoso agente Giuliano Bertolucci, Oscar tem valor de mercado de 15 milh\u00f5es de euros (cerca de R$ 25,6 milh\u00f5es na cota\u00e7\u00e3o atual).<\/p>\n\n\n\n<p>Na \u00faltima abertura de janela no mercado da bola, o meia teve tratativas avan\u00e7adas para um acerto com o Flamengo. Apesar do avan\u00e7o nas conversas com o rubro-negro carioca, Oscar n\u00e3o conseguiu a libera\u00e7\u00e3o do Shangai Port, e o neg\u00f3cio foi encerrado, com vislumbre de um poss\u00edvel acordo futuro.<\/p>\n\n\n\n<p>Apesar do desfecho sem um \u201cfinal feliz\u201d, o jogador e a torcida do Flamengo j\u00e1 trocaram diversas intera\u00e7\u00f5es nas redes sociais, o que indica o desejo do atleta em defender as cores rubro-negras. O meia, inclusive, chegou a vestir a camisa do Flamengo e exaltar os torcedores rubro-negros.<\/p>\n\n\n\n<p><em>\u2014 Eu adoro o Inter, tive um carinho enorme. Tive um carinho enorme agora com a torcida do Flamengo. Eu sou parte do time hoje em dia\u2026 (risos). Todo flamenguista que me v\u00ea, fala: \u2018Ou, em janeiro voc\u00ea est\u00e1 a\u00ed, n\u00e9?!\u2019. O pessoal n\u00e3o sabe que fechou janela, n\u00e3o tem essa no\u00e7\u00e3o, \u00e9 muito engra\u00e7ado<\/em>, explicou o brasileiro em entrevista ao podcast \u201cFala, Braz\u00f3lho\u201d.<\/p>\n\n\n\n<p>Retirado de: Torcedores<\/p>\n","protected":false},"excerpt":{"rendered":"<p>O Flamengo pode ter um concorrente direto no sonho de contratar o meio-campista Oscar, que atualmente defende as cores do Shangai Port. De acordo com o ex-jogador Neto, o Corinthians fez uma sondagem ao jogador, ap\u00f3s pedido do t\u00e9cnico V\u00edtor Pereira, e cogita o investimento para a pr\u00f3xima temporada. \u2014 Eu fiquei sabendo ontem, que [&hellip;]<\/p>\n","protected":false},"author":1,"featured_media":71983,"comment_status":"open","ping_status":"closed","sticky":false,"template":"","format":"standard","meta":{"footnotes":""},"categories":[1],"tags":[],"class_list":["post-88630","post","type-post","status-publish","format-standard","has-post-thumbnail","hentry","category-flamengo"],"yoast_head":"<!-- This site is optimized with the Yoast SEO Premium plugin v24.2 (Yoast SEO v26.9) - https:\/\/yoast.com\/product\/yoast-seo-premium-wordpress\/ -->\n<title>Neto revela que Corinthians pode dar chap\u00e9u no Flamengo por meia badalado<\/title>\n<meta name=\"robots\" content=\"index, follow, max-snippet:-1, max-image-preview:large, max-video-preview:-1\" \/>\n<link rel=\"canonical\" href=\"https:\/\/www.gaveanews.com\/index.php\/2022\/10\/05\/neto-revela-que-corinthians-pode-dar-chapeu-no-flamengo-por-meia-badalado\/\" \/>\n<meta property=\"og:locale\" content=\"pt_BR\" \/>\n<meta property=\"og:type\" content=\"article\" \/>\n<meta property=\"og:title\" content=\"Neto revela que Corinthians pode dar chap\u00e9u no Flamengo por meia badalado\" \/>\n<meta property=\"og:description\" content=\"O Flamengo pode ter um concorrente direto no sonho de contratar o meio-campista Oscar, que atualmente defende as cores do Shangai Port. De acordo com o ex-jogador Neto, o Corinthians fez uma sondagem ao jogador, ap\u00f3s pedido do t\u00e9cnico V\u00edtor Pereira, e cogita o investimento para a pr\u00f3xima temporada. \u2014 Eu fiquei sabendo ontem, que [&hellip;]\" \/>\n<meta property=\"og:url\" content=\"https:\/\/www.gaveanews.com\/index.php\/2022\/10\/05\/neto-revela-que-corinthians-pode-dar-chapeu-no-flamengo-por-meia-badalado\/\" \/>\n<meta property=\"og:site_name\" content=\"G\u00e1vea News\" \/>\n<meta property=\"article:publisher\" content=\"https:\/\/facebook.com\/gaveaNews\/\" \/>\n<meta property=\"article:published_time\" content=\"2022-10-06T01:27:09+00:00\" \/>\n<meta property=\"article:modified_time\" content=\"2022-10-06T01:27:11+00:00\" \/>\n<meta property=\"og:image\" content=\"https:\/\/www.gaveanews.com\/wp-content\/uploads\/Comentarista-Neto-em-programa-da-Band.webp\" \/>\n\t<meta property=\"og:image:width\" content=\"846\" \/>\n\t<meta property=\"og:image:height\" content=\"476\" \/>\n\t<meta property=\"og:image:type\" content=\"image\/jpeg\" \/>\n<meta name=\"author\" content=\"Equipe G\u00e1vea News\" \/>\n<meta name=\"twitter:card\" content=\"summary_large_image\" \/>\n<meta name=\"twitter:label1\" content=\"Escrito por\" \/>\n\t<meta name=\"twitter:data1\" content=\"Equipe G\u00e1vea News\" \/>\n\t<meta name=\"twitter:label2\" content=\"Est. tempo de leitura\" \/>\n\t<meta name=\"twitter:data2\" content=\"2 minutos\" \/>\n<script type=\"application\/ld+json\" class=\"yoast-schema-graph\">{\"@context\":\"https:\/\/schema.org\",\"@graph\":[{\"@type\":\"NewsArticle\",\"@id\":\"https:\/\/www.gaveanews.com\/index.php\/2022\/10\/05\/neto-revela-que-corinthians-pode-dar-chapeu-no-flamengo-por-meia-badalado\/#article\",\"isPartOf\":{\"@id\":\"https:\/\/www.gaveanews.com\/index.php\/2022\/10\/05\/neto-revela-que-corinthians-pode-dar-chapeu-no-flamengo-por-meia-badalado\/\"},\"author\":{\"name\":\"Equipe G\u00e1vea News\",\"@id\":\"https:\/\/www.gaveanews.com\/#\/schema\/person\/2ec14f73fb96be2caf28f91afb14749d\"},\"headline\":\"Neto revela que Corinthians pode dar chap\u00e9u no Flamengo por meia badalado\",\"datePublished\":\"2022-10-06T01:27:09+00:00\",\"dateModified\":\"2022-10-06T01:27:11+00:00\",\"mainEntityOfPage\":{\"@id\":\"https:\/\/www.gaveanews.com\/index.php\/2022\/10\/05\/neto-revela-que-corinthians-pode-dar-chapeu-no-flamengo-por-meia-badalado\/\"},\"wordCount\":348,\"commentCount\":0,\"image\":{\"@id\":\"https:\/\/www.gaveanews.com\/index.php\/2022\/10\/05\/neto-revela-que-corinthians-pode-dar-chapeu-no-flamengo-por-meia-badalado\/#primaryimage\"},\"thumbnailUrl\":\"https:\/\/www.gaveanews.com\/wp-content\/uploads\/Comentarista-Neto-em-programa-da-Band.webp\",\"articleSection\":[\"Flamengo\"],\"inLanguage\":\"pt-BR\",\"potentialAction\":[{\"@type\":\"CommentAction\",\"name\":\"Comment\",\"target\":[\"https:\/\/www.gaveanews.com\/index.php\/2022\/10\/05\/neto-revela-que-corinthians-pode-dar-chapeu-no-flamengo-por-meia-badalado\/#respond\"]}],\"copyrightYear\":\"2022\",\"copyrightHolder\":{\"@id\":\"https:\/\/www.gaveanews.com\/#organization\"}},{\"@type\":\"WebPage\",\"@id\":\"https:\/\/www.gaveanews.com\/index.php\/2022\/10\/05\/neto-revela-que-corinthians-pode-dar-chapeu-no-flamengo-por-meia-badalado\/\",\"url\":\"https:\/\/www.gaveanews.com\/index.php\/2022\/10\/05\/neto-revela-que-corinthians-pode-dar-chapeu-no-flamengo-por-meia-badalado\/\",\"name\":\"Neto revela que Corinthians pode dar chap\u00e9u no Flamengo por meia badalado\",\"isPartOf\":{\"@id\":\"https:\/\/www.gaveanews.com\/#website\"},\"primaryImageOfPage\":{\"@id\":\"https:\/\/www.gaveanews.com\/index.php\/2022\/10\/05\/neto-revela-que-corinthians-pode-dar-chapeu-no-flamengo-por-meia-badalado\/#primaryimage\"},\"image\":{\"@id\":\"https:\/\/www.gaveanews.com\/index.php\/2022\/10\/05\/neto-revela-que-corinthians-pode-dar-chapeu-no-flamengo-por-meia-badalado\/#primaryimage\"},\"thumbnailUrl\":\"https:\/\/www.gaveanews.com\/wp-content\/uploads\/Comentarista-Neto-em-programa-da-Band.webp\",\"datePublished\":\"2022-10-06T01:27:09+00:00\",\"dateModified\":\"2022-10-06T01:27:11+00:00\",\"author\":{\"@id\":\"https:\/\/www.gaveanews.com\/#\/schema\/person\/2ec14f73fb96be2caf28f91afb14749d\"},\"breadcrumb\":{\"@id\":\"https:\/\/www.gaveanews.com\/index.php\/2022\/10\/05\/neto-revela-que-corinthians-pode-dar-chapeu-no-flamengo-por-meia-badalado\/#breadcrumb\"},\"inLanguage\":\"pt-BR\",\"potentialAction\":[{\"@type\":\"ReadAction\",\"target\":[\"https:\/\/www.gaveanews.com\/index.php\/2022\/10\/05\/neto-revela-que-corinthians-pode-dar-chapeu-no-flamengo-por-meia-badalado\/\"]}]},{\"@type\":\"ImageObject\",\"inLanguage\":\"pt-BR\",\"@id\":\"https:\/\/www.gaveanews.com\/index.php\/2022\/10\/05\/neto-revela-que-corinthians-pode-dar-chapeu-no-flamengo-por-meia-badalado\/#primaryimage\",\"url\":\"https:\/\/www.gaveanews.com\/wp-content\/uploads\/Comentarista-Neto-em-programa-da-Band.webp\",\"contentUrl\":\"https:\/\/www.gaveanews.com\/wp-content\/uploads\/Comentarista-Neto-em-programa-da-Band.webp\",\"width\":846,\"height\":476,\"caption\":\"Comentarista Neto em programa da Band (Foto: Reprodu\u00e7\u00e3o\/Band)\"},{\"@type\":\"BreadcrumbList\",\"@id\":\"https:\/\/www.gaveanews.com\/index.php\/2022\/10\/05\/neto-revela-que-corinthians-pode-dar-chapeu-no-flamengo-por-meia-badalado\/#breadcrumb\",\"itemListElement\":[{\"@type\":\"ListItem\",\"position\":1,\"name\":\"Home\",\"item\":\"https:\/\/www.gaveanews.com\/\"},{\"@type\":\"ListItem\",\"position\":2,\"name\":\"Neto revela que Corinthians pode dar chap\u00e9u no Flamengo por meia badalado\"}]},{\"@type\":\"WebSite\",\"@id\":\"https:\/\/www.gaveanews.com\/#website\",\"url\":\"https:\/\/www.gaveanews.com\/\",\"name\":\"G\u00e1vea News\",\"description\":\"Veja todas as not\u00edcias sobre o Flamengo: Contrata\u00e7\u00f5es, categorias de base, resultados das partidas, tabela de classifica\u00e7\u00e3o, pr\u00f3ximos jogos!\",\"potentialAction\":[{\"@type\":\"SearchAction\",\"target\":{\"@type\":\"EntryPoint\",\"urlTemplate\":\"https:\/\/www.gaveanews.com\/?s={search_term_string}\"},\"query-input\":{\"@type\":\"PropertyValueSpecification\",\"valueRequired\":true,\"valueName\":\"search_term_string\"}}],\"inLanguage\":\"pt-BR\"},{\"@type\":\"Person\",\"@id\":\"https:\/\/www.gaveanews.com\/#\/schema\/person\/2ec14f73fb96be2caf28f91afb14749d\",\"name\":\"Equipe G\u00e1vea News\",\"image\":{\"@type\":\"ImageObject\",\"inLanguage\":\"pt-BR\",\"@id\":\"https:\/\/www.gaveanews.com\/#\/schema\/person\/image\/\",\"url\":\"https:\/\/secure.gravatar.com\/avatar\/1e1956f1facbffd3f8fa53a326721950116b3b9dc9bd44939c01180fd4a745a9?s=96&d=mm&r=g\",\"contentUrl\":\"https:\/\/secure.gravatar.com\/avatar\/1e1956f1facbffd3f8fa53a326721950116b3b9dc9bd44939c01180fd4a745a9?s=96&d=mm&r=g\",\"caption\":\"Equipe G\u00e1vea News\"}}]}<\/script>\n<!-- \/ Yoast SEO Premium plugin. -->","yoast_head_json":{"title":"Neto revela que Corinthians pode dar chap\u00e9u no Flamengo por meia badalado","robots":{"index":"index","follow":"follow","max-snippet":"max-snippet:-1","max-image-preview":"max-image-preview:large","max-video-preview":"max-video-preview:-1"},"canonical":"https:\/\/www.gaveanews.com\/index.php\/2022\/10\/05\/neto-revela-que-corinthians-pode-dar-chapeu-no-flamengo-por-meia-badalado\/","og_locale":"pt_BR","og_type":"article","og_title":"Neto revela que Corinthians pode dar chap\u00e9u no Flamengo por meia badalado","og_description":"O Flamengo pode ter um concorrente direto no sonho de contratar o meio-campista Oscar, que atualmente defende as cores do Shangai Port. De acordo com o ex-jogador Neto, o Corinthians fez uma sondagem ao jogador, ap\u00f3s pedido do t\u00e9cnico V\u00edtor Pereira, e cogita o investimento para a pr\u00f3xima temporada. \u2014 Eu fiquei sabendo ontem, que [&hellip;]","og_url":"https:\/\/www.gaveanews.com\/index.php\/2022\/10\/05\/neto-revela-que-corinthians-pode-dar-chapeu-no-flamengo-por-meia-badalado\/","og_site_name":"G\u00e1vea News","article_publisher":"https:\/\/facebook.com\/gaveaNews\/","article_published_time":"2022-10-06T01:27:09+00:00","article_modified_time":"2022-10-06T01:27:11+00:00","og_image":[{"width":846,"height":476,"url":"https:\/\/www.gaveanews.com\/wp-content\/uploads\/Comentarista-Neto-em-programa-da-Band.webp","type":"image\/jpeg"}],"author":"Equipe G\u00e1vea News","twitter_card":"summary_large_image","twitter_misc":{"Escrito por":"Equipe G\u00e1vea News","Est. tempo de leitura":"2 minutos"},"schema":{"@context":"https:\/\/schema.org","@graph":[{"@type":"NewsArticle","@id":"https:\/\/www.gaveanews.com\/index.php\/2022\/10\/05\/neto-revela-que-corinthians-pode-dar-chapeu-no-flamengo-por-meia-badalado\/#article","isPartOf":{"@id":"https:\/\/www.gaveanews.com\/index.php\/2022\/10\/05\/neto-revela-que-corinthians-pode-dar-chapeu-no-flamengo-por-meia-badalado\/"},"author":{"name":"Equipe G\u00e1vea News","@id":"https:\/\/www.gaveanews.com\/#\/schema\/person\/2ec14f73fb96be2caf28f91afb14749d"},"headline":"Neto revela que Corinthians pode dar chap\u00e9u no Flamengo por meia badalado","datePublished":"2022-10-06T01:27:09+00:00","dateModified":"2022-10-06T01:27:11+00:00","mainEntityOfPage":{"@id":"https:\/\/www.gaveanews.com\/index.php\/2022\/10\/05\/neto-revela-que-corinthians-pode-dar-chapeu-no-flamengo-por-meia-badalado\/"},"wordCount":348,"commentCount":0,"image":{"@id":"https:\/\/www.gaveanews.com\/index.php\/2022\/10\/05\/neto-revela-que-corinthians-pode-dar-chapeu-no-flamengo-por-meia-badalado\/#primaryimage"},"thumbnailUrl":"https:\/\/www.gaveanews.com\/wp-content\/uploads\/Comentarista-Neto-em-programa-da-Band.webp","articleSection":["Flamengo"],"inLanguage":"pt-BR","potentialAction":[{"@type":"CommentAction","name":"Comment","target":["https:\/\/www.gaveanews.com\/index.php\/2022\/10\/05\/neto-revela-que-corinthians-pode-dar-chapeu-no-flamengo-por-meia-badalado\/#respond"]}],"copyrightYear":"2022","copyrightHolder":{"@id":"https:\/\/www.gaveanews.com\/#organization"}},{"@type":"WebPage","@id":"https:\/\/www.gaveanews.com\/index.php\/2022\/10\/05\/neto-revela-que-corinthians-pode-dar-chapeu-no-flamengo-por-meia-badalado\/","url":"https:\/\/www.gaveanews.com\/index.php\/2022\/10\/05\/neto-revela-que-corinthians-pode-dar-chapeu-no-flamengo-por-meia-badalado\/","name":"Neto revela que Corinthians pode dar chap\u00e9u no Flamengo por meia badalado","isPartOf":{"@id":"https:\/\/www.gaveanews.com\/#website"},"primaryImageOfPage":{"@id":"https:\/\/www.gaveanews.com\/index.php\/2022\/10\/05\/neto-revela-que-corinthians-pode-dar-chapeu-no-flamengo-por-meia-badalado\/#primaryimage"},"image":{"@id":"https:\/\/www.gaveanews.com\/index.php\/2022\/10\/05\/neto-revela-que-corinthians-pode-dar-chapeu-no-flamengo-por-meia-badalado\/#primaryimage"},"thumbnailUrl":"https:\/\/www.gaveanews.com\/wp-content\/uploads\/Comentarista-Neto-em-programa-da-Band.webp","datePublished":"2022-10-06T01:27:09+00:00","dateModified":"2022-10-06T01:27:11+00:00","author":{"@id":"https:\/\/www.gaveanews.com\/#\/schema\/person\/2ec14f73fb96be2caf28f91afb14749d"},"breadcrumb":{"@id":"https:\/\/www.gaveanews.com\/index.php\/2022\/10\/05\/neto-revela-que-corinthians-pode-dar-chapeu-no-flamengo-por-meia-badalado\/#breadcrumb"},"inLanguage":"pt-BR","potentialAction":[{"@type":"ReadAction","target":["https:\/\/www.gaveanews.com\/index.php\/2022\/10\/05\/neto-revela-que-corinthians-pode-dar-chapeu-no-flamengo-por-meia-badalado\/"]}]},{"@type":"ImageObject","inLanguage":"pt-BR","@id":"https:\/\/www.gaveanews.com\/index.php\/2022\/10\/05\/neto-revela-que-corinthians-pode-dar-chapeu-no-flamengo-por-meia-badalado\/#primaryimage","url":"https:\/\/www.gaveanews.com\/wp-content\/uploads\/Comentarista-Neto-em-programa-da-Band.webp","contentUrl":"https:\/\/www.gaveanews.com\/wp-content\/uploads\/Comentarista-Neto-em-programa-da-Band.webp","width":846,"height":476,"caption":"Comentarista Neto em programa da Band (Foto: Reprodu\u00e7\u00e3o\/Band)"},{"@type":"BreadcrumbList","@id":"https:\/\/www.gaveanews.com\/index.php\/2022\/10\/05\/neto-revela-que-corinthians-pode-dar-chapeu-no-flamengo-por-meia-badalado\/#breadcrumb","itemListElement":[{"@type":"ListItem","position":1,"name":"Home","item":"https:\/\/www.gaveanews.com\/"},{"@type":"ListItem","position":2,"name":"Neto revela que Corinthians pode dar chap\u00e9u no Flamengo por meia badalado"}]},{"@type":"WebSite","@id":"https:\/\/www.gaveanews.com\/#website","url":"https:\/\/www.gaveanews.com\/","name":"G\u00e1vea News","description":"Veja todas as not\u00edcias sobre o Flamengo: Contrata\u00e7\u00f5es, categorias de base, resultados das partidas, tabela de classifica\u00e7\u00e3o, pr\u00f3ximos jogos!","potentialAction":[{"@type":"SearchAction","target":{"@type":"EntryPoint","urlTemplate":"https:\/\/www.gaveanews.com\/?s={search_term_string}"},"query-input":{"@type":"PropertyValueSpecification","valueRequired":true,"valueName":"search_term_string"}}],"inLanguage":"pt-BR"},{"@type":"Person","@id":"https:\/\/www.gaveanews.com\/#\/schema\/person\/2ec14f73fb96be2caf28f91afb14749d","name":"Equipe G\u00e1vea News","image":{"@type":"ImageObject","inLanguage":"pt-BR","@id":"https:\/\/www.gaveanews.com\/#\/schema\/person\/image\/","url":"https:\/\/secure.gravatar.com\/avatar\/1e1956f1facbffd3f8fa53a326721950116b3b9dc9bd44939c01180fd4a745a9?s=96&d=mm&r=g","contentUrl":"https:\/\/secure.gravatar.com\/avatar\/1e1956f1facbffd3f8fa53a326721950116b3b9dc9bd44939c01180fd4a745a9?s=96&d=mm&r=g","caption":"Equipe G\u00e1vea News"}}]}},"_links":{"self":[{"href":"https:\/\/www.gaveanews.com\/index.php\/wp-json\/wp\/v2\/posts\/88630","targetHints":{"allow":["GET"]}}],"collection":[{"href":"https:\/\/www.gaveanews.com\/index.php\/wp-json\/wp\/v2\/posts"}],"about":[{"href":"https:\/\/www.gaveanews.com\/index.php\/wp-json\/wp\/v2\/types\/post"}],"author":[{"embeddable":true,"href":"https:\/\/www.gaveanews.com\/index.php\/wp-json\/wp\/v2\/users\/1"}],"replies":[{"embeddable":true,"href":"https:\/\/www.gaveanews.com\/index.php\/wp-json\/wp\/v2\/comments?post=88630"}],"version-history":[{"count":0,"href":"https:\/\/www.gaveanews.com\/index.php\/wp-json\/wp\/v2\/posts\/88630\/revisions"}],"wp:featuredmedia":[{"embeddable":true,"href":"https:\/\/www.gaveanews.com\/index.php\/wp-json\/wp\/v2\/media\/71983"}],"wp:attachment":[{"href":"https:\/\/www.gaveanews.com\/index.php\/wp-json\/wp\/v2\/media?parent=88630"}],"wp:term":[{"taxonomy":"category","embeddable":true,"href":"https:\/\/www.gaveanews.com\/index.php\/wp-json\/wp\/v2\/categories?post=88630"},{"taxonomy":"post_tag","embeddable":true,"href":"https:\/\/www.gaveanews.com\/index.php\/wp-json\/wp\/v2\/tags?post=88630"}],"curies":[{"name":"wp","href":"https:\/\/api.w.org\/{rel}","templated":true}]}}