{"id":88640,"date":"2022-10-06T01:35:53","date_gmt":"2022-10-06T04:35:53","guid":{"rendered":"https:\/\/www.gaveanews.com\/?p=88640"},"modified":"2022-10-06T01:35:56","modified_gmt":"2022-10-06T04:35:56","slug":"mano-menezes-do-internacional-fala-sobre-recado-direcionado-a-dorival-junior-do-flamengo","status":"publish","type":"post","link":"https:\/\/www.gaveanews.com\/index.php\/2022\/10\/06\/mano-menezes-do-internacional-fala-sobre-recado-direcionado-a-dorival-junior-do-flamengo\/","title":{"rendered":"Mano Menezes, do Internacional, fala sobre recado direcionado a Dorival J\u00fanior, do Flamengo"},"content":{"rendered":"\n<p>Flamengo e Internacional ficaram no empate em 0 a 0, pela 30\u00aa rodada do Campeonato Brasileiro. Ap\u00f3s o duelo no Maracan\u00e3, Mano Menezes, t\u00e9cnico do Inter, relembrou o recado direcionado a Dorival J\u00fanior na estreia do treinador pelo Fla, no duelo entre as equipes pelo primeiro turno, e ainda falou sobre a qualidade do elenco rubro-negro.<\/p>\n\n\n\n<p>Na \u00e9poca, o Flamengo vinha de resultados negativos e, no Beira-Rio, foi derrotado novamente. No entanto, o pr\u00f3prio Mano Menezes viu a luz no fim do t\u00fanel para o Rubro-Negro e apontou o melhor caminho para Dorival J\u00fanior dizendo &#8220;d\u00e1 para melhorar, o meu (time) estava esculhambado e deu\u201d. Atualmente, ambos colhem os frutos dos trabalhos.<\/p>\n\n\n\n<p><em>\u2014 Eu n\u00e3o contei tudo a ele, contei s\u00f3 uma parte. J\u00e1 conversamos e brincamos sobre isso. A frase n\u00e3o tinha import\u00e2ncia, era corriqueira, \u00e0s vezes se d\u00e1 import\u00e2ncia ao que n\u00e3o tem. O mais importante \u00e9 o que aconteceu com Inter e Flamengo. \u00c9 assim que se faz futebol, fica bem claro aqueles que t\u00eam compet\u00eancia para fazer crescer. Os dois elencos s\u00e3o de qualidade, mas \u00e0s vezes tem gente que com qualidade n\u00e3o faz <\/em>&#8211; disse.<\/p>\n\n\n\n<p>Mano Menezes e Dorival J\u00fanior v\u00eam de longa sequ\u00eancia no futebol brasileiro. O treinador do Colorado, inclusive, j\u00e1 foi garantido para a pr\u00f3xima temporada. J\u00e1 o rubro-negro, depende de resultados positivos nas finais da Copa do Brasil e da Libertadores.<\/p>\n\n\n\n<p>Retirado de: Lance<\/p>\n","protected":false},"excerpt":{"rendered":"<p>Flamengo e Internacional ficaram no empate em 0 a 0, pela 30\u00aa rodada do Campeonato Brasileiro. Ap\u00f3s o duelo no Maracan\u00e3, Mano Menezes, t\u00e9cnico do Inter, relembrou o recado direcionado a Dorival J\u00fanior na estreia do treinador pelo Fla, no duelo entre as equipes pelo primeiro turno, e ainda falou sobre a qualidade do elenco [&hellip;]<\/p>\n","protected":false},"author":1,"featured_media":86780,"comment_status":"open","ping_status":"closed","sticky":false,"template":"","format":"standard","meta":{"footnotes":""},"categories":[1],"tags":[],"class_list":["post-88640","post","type-post","status-publish","format-standard","has-post-thumbnail","hentry","category-flamengo"],"yoast_head":"<!-- This site is optimized with the Yoast SEO Premium plugin v24.2 (Yoast SEO v26.9) - https:\/\/yoast.com\/product\/yoast-seo-premium-wordpress\/ -->\n<title>Mano Menezes, do Internacional, fala sobre recado direcionado a Dorival J\u00fanior, do Flamengo<\/title>\n<meta name=\"robots\" content=\"index, follow, max-snippet:-1, max-image-preview:large, max-video-preview:-1\" \/>\n<link rel=\"canonical\" href=\"https:\/\/www.gaveanews.com\/index.php\/2022\/10\/06\/mano-menezes-do-internacional-fala-sobre-recado-direcionado-a-dorival-junior-do-flamengo\/\" \/>\n<meta property=\"og:locale\" content=\"pt_BR\" \/>\n<meta property=\"og:type\" content=\"article\" \/>\n<meta property=\"og:title\" content=\"Mano Menezes, do Internacional, fala sobre recado direcionado a Dorival J\u00fanior, do Flamengo\" \/>\n<meta property=\"og:description\" content=\"Flamengo e Internacional ficaram no empate em 0 a 0, pela 30\u00aa rodada do Campeonato Brasileiro. Ap\u00f3s o duelo no Maracan\u00e3, Mano Menezes, t\u00e9cnico do Inter, relembrou o recado direcionado a Dorival J\u00fanior na estreia do treinador pelo Fla, no duelo entre as equipes pelo primeiro turno, e ainda falou sobre a qualidade do elenco [&hellip;]\" \/>\n<meta property=\"og:url\" content=\"https:\/\/www.gaveanews.com\/index.php\/2022\/10\/06\/mano-menezes-do-internacional-fala-sobre-recado-direcionado-a-dorival-junior-do-flamengo\/\" \/>\n<meta property=\"og:site_name\" content=\"G\u00e1vea News\" \/>\n<meta property=\"article:publisher\" content=\"https:\/\/facebook.com\/gaveaNews\/\" \/>\n<meta property=\"article:published_time\" content=\"2022-10-06T04:35:53+00:00\" \/>\n<meta property=\"article:modified_time\" content=\"2022-10-06T04:35:56+00:00\" \/>\n<meta property=\"og:image\" content=\"https:\/\/www.gaveanews.com\/wp-content\/uploads\/Dorival-Junior-em-Velez-x-Flamengo-pela-Libertadores.webp\" \/>\n\t<meta property=\"og:image:width\" content=\"800\" \/>\n\t<meta property=\"og:image:height\" content=\"533\" \/>\n\t<meta property=\"og:image:type\" content=\"image\/jpeg\" \/>\n<meta name=\"author\" content=\"Equipe G\u00e1vea News\" \/>\n<meta name=\"twitter:card\" content=\"summary_large_image\" \/>\n<meta name=\"twitter:label1\" content=\"Escrito por\" \/>\n\t<meta name=\"twitter:data1\" content=\"Equipe G\u00e1vea News\" \/>\n\t<meta name=\"twitter:label2\" content=\"Est. tempo de leitura\" \/>\n\t<meta name=\"twitter:data2\" content=\"2 minutos\" \/>\n<script type=\"application\/ld+json\" class=\"yoast-schema-graph\">{\"@context\":\"https:\/\/schema.org\",\"@graph\":[{\"@type\":\"NewsArticle\",\"@id\":\"https:\/\/www.gaveanews.com\/index.php\/2022\/10\/06\/mano-menezes-do-internacional-fala-sobre-recado-direcionado-a-dorival-junior-do-flamengo\/#article\",\"isPartOf\":{\"@id\":\"https:\/\/www.gaveanews.com\/index.php\/2022\/10\/06\/mano-menezes-do-internacional-fala-sobre-recado-direcionado-a-dorival-junior-do-flamengo\/\"},\"author\":{\"name\":\"Equipe G\u00e1vea News\",\"@id\":\"https:\/\/www.gaveanews.com\/#\/schema\/person\/2ec14f73fb96be2caf28f91afb14749d\"},\"headline\":\"Mano Menezes, do Internacional, fala sobre recado direcionado a Dorival J\u00fanior, do Flamengo\",\"datePublished\":\"2022-10-06T04:35:53+00:00\",\"dateModified\":\"2022-10-06T04:35:56+00:00\",\"mainEntityOfPage\":{\"@id\":\"https:\/\/www.gaveanews.com\/index.php\/2022\/10\/06\/mano-menezes-do-internacional-fala-sobre-recado-direcionado-a-dorival-junior-do-flamengo\/\"},\"wordCount\":260,\"commentCount\":0,\"image\":{\"@id\":\"https:\/\/www.gaveanews.com\/index.php\/2022\/10\/06\/mano-menezes-do-internacional-fala-sobre-recado-direcionado-a-dorival-junior-do-flamengo\/#primaryimage\"},\"thumbnailUrl\":\"https:\/\/www.gaveanews.com\/wp-content\/uploads\/Dorival-Junior-em-Velez-x-Flamengo-pela-Libertadores.webp\",\"articleSection\":[\"Flamengo\"],\"inLanguage\":\"pt-BR\",\"potentialAction\":[{\"@type\":\"CommentAction\",\"name\":\"Comment\",\"target\":[\"https:\/\/www.gaveanews.com\/index.php\/2022\/10\/06\/mano-menezes-do-internacional-fala-sobre-recado-direcionado-a-dorival-junior-do-flamengo\/#respond\"]}],\"copyrightYear\":\"2022\",\"copyrightHolder\":{\"@id\":\"https:\/\/www.gaveanews.com\/#organization\"}},{\"@type\":\"WebPage\",\"@id\":\"https:\/\/www.gaveanews.com\/index.php\/2022\/10\/06\/mano-menezes-do-internacional-fala-sobre-recado-direcionado-a-dorival-junior-do-flamengo\/\",\"url\":\"https:\/\/www.gaveanews.com\/index.php\/2022\/10\/06\/mano-menezes-do-internacional-fala-sobre-recado-direcionado-a-dorival-junior-do-flamengo\/\",\"name\":\"Mano Menezes, do Internacional, fala sobre recado direcionado a Dorival J\u00fanior, do Flamengo\",\"isPartOf\":{\"@id\":\"https:\/\/www.gaveanews.com\/#website\"},\"primaryImageOfPage\":{\"@id\":\"https:\/\/www.gaveanews.com\/index.php\/2022\/10\/06\/mano-menezes-do-internacional-fala-sobre-recado-direcionado-a-dorival-junior-do-flamengo\/#primaryimage\"},\"image\":{\"@id\":\"https:\/\/www.gaveanews.com\/index.php\/2022\/10\/06\/mano-menezes-do-internacional-fala-sobre-recado-direcionado-a-dorival-junior-do-flamengo\/#primaryimage\"},\"thumbnailUrl\":\"https:\/\/www.gaveanews.com\/wp-content\/uploads\/Dorival-Junior-em-Velez-x-Flamengo-pela-Libertadores.webp\",\"datePublished\":\"2022-10-06T04:35:53+00:00\",\"dateModified\":\"2022-10-06T04:35:56+00:00\",\"author\":{\"@id\":\"https:\/\/www.gaveanews.com\/#\/schema\/person\/2ec14f73fb96be2caf28f91afb14749d\"},\"breadcrumb\":{\"@id\":\"https:\/\/www.gaveanews.com\/index.php\/2022\/10\/06\/mano-menezes-do-internacional-fala-sobre-recado-direcionado-a-dorival-junior-do-flamengo\/#breadcrumb\"},\"inLanguage\":\"pt-BR\",\"potentialAction\":[{\"@type\":\"ReadAction\",\"target\":[\"https:\/\/www.gaveanews.com\/index.php\/2022\/10\/06\/mano-menezes-do-internacional-fala-sobre-recado-direcionado-a-dorival-junior-do-flamengo\/\"]}]},{\"@type\":\"ImageObject\",\"inLanguage\":\"pt-BR\",\"@id\":\"https:\/\/www.gaveanews.com\/index.php\/2022\/10\/06\/mano-menezes-do-internacional-fala-sobre-recado-direcionado-a-dorival-junior-do-flamengo\/#primaryimage\",\"url\":\"https:\/\/www.gaveanews.com\/wp-content\/uploads\/Dorival-Junior-em-Velez-x-Flamengo-pela-Libertadores.webp\",\"contentUrl\":\"https:\/\/www.gaveanews.com\/wp-content\/uploads\/Dorival-Junior-em-Velez-x-Flamengo-pela-Libertadores.webp\",\"width\":800,\"height\":533,\"caption\":\"Dorival J\u00fanior em V\u00e9lez x Flamengo pela Libertadores (Foto: Marcelo Cortes\/Flamengo)\"},{\"@type\":\"BreadcrumbList\",\"@id\":\"https:\/\/www.gaveanews.com\/index.php\/2022\/10\/06\/mano-menezes-do-internacional-fala-sobre-recado-direcionado-a-dorival-junior-do-flamengo\/#breadcrumb\",\"itemListElement\":[{\"@type\":\"ListItem\",\"position\":1,\"name\":\"Home\",\"item\":\"https:\/\/www.gaveanews.com\/\"},{\"@type\":\"ListItem\",\"position\":2,\"name\":\"Mano Menezes, do Internacional, fala sobre recado direcionado a Dorival J\u00fanior, do Flamengo\"}]},{\"@type\":\"WebSite\",\"@id\":\"https:\/\/www.gaveanews.com\/#website\",\"url\":\"https:\/\/www.gaveanews.com\/\",\"name\":\"G\u00e1vea News\",\"description\":\"Veja todas as not\u00edcias sobre o Flamengo: Contrata\u00e7\u00f5es, categorias de base, resultados das partidas, tabela de classifica\u00e7\u00e3o, pr\u00f3ximos jogos!\",\"potentialAction\":[{\"@type\":\"SearchAction\",\"target\":{\"@type\":\"EntryPoint\",\"urlTemplate\":\"https:\/\/www.gaveanews.com\/?s={search_term_string}\"},\"query-input\":{\"@type\":\"PropertyValueSpecification\",\"valueRequired\":true,\"valueName\":\"search_term_string\"}}],\"inLanguage\":\"pt-BR\"},{\"@type\":\"Person\",\"@id\":\"https:\/\/www.gaveanews.com\/#\/schema\/person\/2ec14f73fb96be2caf28f91afb14749d\",\"name\":\"Equipe G\u00e1vea News\",\"image\":{\"@type\":\"ImageObject\",\"inLanguage\":\"pt-BR\",\"@id\":\"https:\/\/www.gaveanews.com\/#\/schema\/person\/image\/\",\"url\":\"https:\/\/secure.gravatar.com\/avatar\/1e1956f1facbffd3f8fa53a326721950116b3b9dc9bd44939c01180fd4a745a9?s=96&d=mm&r=g\",\"contentUrl\":\"https:\/\/secure.gravatar.com\/avatar\/1e1956f1facbffd3f8fa53a326721950116b3b9dc9bd44939c01180fd4a745a9?s=96&d=mm&r=g\",\"caption\":\"Equipe G\u00e1vea News\"}}]}<\/script>\n<!-- \/ Yoast SEO Premium plugin. -->","yoast_head_json":{"title":"Mano Menezes, do Internacional, fala sobre recado direcionado a Dorival J\u00fanior, do Flamengo","robots":{"index":"index","follow":"follow","max-snippet":"max-snippet:-1","max-image-preview":"max-image-preview:large","max-video-preview":"max-video-preview:-1"},"canonical":"https:\/\/www.gaveanews.com\/index.php\/2022\/10\/06\/mano-menezes-do-internacional-fala-sobre-recado-direcionado-a-dorival-junior-do-flamengo\/","og_locale":"pt_BR","og_type":"article","og_title":"Mano Menezes, do Internacional, fala sobre recado direcionado a Dorival J\u00fanior, do Flamengo","og_description":"Flamengo e Internacional ficaram no empate em 0 a 0, pela 30\u00aa rodada do Campeonato Brasileiro. Ap\u00f3s o duelo no Maracan\u00e3, Mano Menezes, t\u00e9cnico do Inter, relembrou o recado direcionado a Dorival J\u00fanior na estreia do treinador pelo Fla, no duelo entre as equipes pelo primeiro turno, e ainda falou sobre a qualidade do elenco [&hellip;]","og_url":"https:\/\/www.gaveanews.com\/index.php\/2022\/10\/06\/mano-menezes-do-internacional-fala-sobre-recado-direcionado-a-dorival-junior-do-flamengo\/","og_site_name":"G\u00e1vea News","article_publisher":"https:\/\/facebook.com\/gaveaNews\/","article_published_time":"2022-10-06T04:35:53+00:00","article_modified_time":"2022-10-06T04:35:56+00:00","og_image":[{"width":800,"height":533,"url":"https:\/\/www.gaveanews.com\/wp-content\/uploads\/Dorival-Junior-em-Velez-x-Flamengo-pela-Libertadores.webp","type":"image\/jpeg"}],"author":"Equipe G\u00e1vea News","twitter_card":"summary_large_image","twitter_misc":{"Escrito por":"Equipe G\u00e1vea News","Est. tempo de leitura":"2 minutos"},"schema":{"@context":"https:\/\/schema.org","@graph":[{"@type":"NewsArticle","@id":"https:\/\/www.gaveanews.com\/index.php\/2022\/10\/06\/mano-menezes-do-internacional-fala-sobre-recado-direcionado-a-dorival-junior-do-flamengo\/#article","isPartOf":{"@id":"https:\/\/www.gaveanews.com\/index.php\/2022\/10\/06\/mano-menezes-do-internacional-fala-sobre-recado-direcionado-a-dorival-junior-do-flamengo\/"},"author":{"name":"Equipe G\u00e1vea News","@id":"https:\/\/www.gaveanews.com\/#\/schema\/person\/2ec14f73fb96be2caf28f91afb14749d"},"headline":"Mano Menezes, do Internacional, fala sobre recado direcionado a Dorival J\u00fanior, do Flamengo","datePublished":"2022-10-06T04:35:53+00:00","dateModified":"2022-10-06T04:35:56+00:00","mainEntityOfPage":{"@id":"https:\/\/www.gaveanews.com\/index.php\/2022\/10\/06\/mano-menezes-do-internacional-fala-sobre-recado-direcionado-a-dorival-junior-do-flamengo\/"},"wordCount":260,"commentCount":0,"image":{"@id":"https:\/\/www.gaveanews.com\/index.php\/2022\/10\/06\/mano-menezes-do-internacional-fala-sobre-recado-direcionado-a-dorival-junior-do-flamengo\/#primaryimage"},"thumbnailUrl":"https:\/\/www.gaveanews.com\/wp-content\/uploads\/Dorival-Junior-em-Velez-x-Flamengo-pela-Libertadores.webp","articleSection":["Flamengo"],"inLanguage":"pt-BR","potentialAction":[{"@type":"CommentAction","name":"Comment","target":["https:\/\/www.gaveanews.com\/index.php\/2022\/10\/06\/mano-menezes-do-internacional-fala-sobre-recado-direcionado-a-dorival-junior-do-flamengo\/#respond"]}],"copyrightYear":"2022","copyrightHolder":{"@id":"https:\/\/www.gaveanews.com\/#organization"}},{"@type":"WebPage","@id":"https:\/\/www.gaveanews.com\/index.php\/2022\/10\/06\/mano-menezes-do-internacional-fala-sobre-recado-direcionado-a-dorival-junior-do-flamengo\/","url":"https:\/\/www.gaveanews.com\/index.php\/2022\/10\/06\/mano-menezes-do-internacional-fala-sobre-recado-direcionado-a-dorival-junior-do-flamengo\/","name":"Mano Menezes, do Internacional, fala sobre recado direcionado a Dorival J\u00fanior, do Flamengo","isPartOf":{"@id":"https:\/\/www.gaveanews.com\/#website"},"primaryImageOfPage":{"@id":"https:\/\/www.gaveanews.com\/index.php\/2022\/10\/06\/mano-menezes-do-internacional-fala-sobre-recado-direcionado-a-dorival-junior-do-flamengo\/#primaryimage"},"image":{"@id":"https:\/\/www.gaveanews.com\/index.php\/2022\/10\/06\/mano-menezes-do-internacional-fala-sobre-recado-direcionado-a-dorival-junior-do-flamengo\/#primaryimage"},"thumbnailUrl":"https:\/\/www.gaveanews.com\/wp-content\/uploads\/Dorival-Junior-em-Velez-x-Flamengo-pela-Libertadores.webp","datePublished":"2022-10-06T04:35:53+00:00","dateModified":"2022-10-06T04:35:56+00:00","author":{"@id":"https:\/\/www.gaveanews.com\/#\/schema\/person\/2ec14f73fb96be2caf28f91afb14749d"},"breadcrumb":{"@id":"https:\/\/www.gaveanews.com\/index.php\/2022\/10\/06\/mano-menezes-do-internacional-fala-sobre-recado-direcionado-a-dorival-junior-do-flamengo\/#breadcrumb"},"inLanguage":"pt-BR","potentialAction":[{"@type":"ReadAction","target":["https:\/\/www.gaveanews.com\/index.php\/2022\/10\/06\/mano-menezes-do-internacional-fala-sobre-recado-direcionado-a-dorival-junior-do-flamengo\/"]}]},{"@type":"ImageObject","inLanguage":"pt-BR","@id":"https:\/\/www.gaveanews.com\/index.php\/2022\/10\/06\/mano-menezes-do-internacional-fala-sobre-recado-direcionado-a-dorival-junior-do-flamengo\/#primaryimage","url":"https:\/\/www.gaveanews.com\/wp-content\/uploads\/Dorival-Junior-em-Velez-x-Flamengo-pela-Libertadores.webp","contentUrl":"https:\/\/www.gaveanews.com\/wp-content\/uploads\/Dorival-Junior-em-Velez-x-Flamengo-pela-Libertadores.webp","width":800,"height":533,"caption":"Dorival J\u00fanior em V\u00e9lez x Flamengo pela Libertadores (Foto: Marcelo Cortes\/Flamengo)"},{"@type":"BreadcrumbList","@id":"https:\/\/www.gaveanews.com\/index.php\/2022\/10\/06\/mano-menezes-do-internacional-fala-sobre-recado-direcionado-a-dorival-junior-do-flamengo\/#breadcrumb","itemListElement":[{"@type":"ListItem","position":1,"name":"Home","item":"https:\/\/www.gaveanews.com\/"},{"@type":"ListItem","position":2,"name":"Mano Menezes, do Internacional, fala sobre recado direcionado a Dorival J\u00fanior, do Flamengo"}]},{"@type":"WebSite","@id":"https:\/\/www.gaveanews.com\/#website","url":"https:\/\/www.gaveanews.com\/","name":"G\u00e1vea News","description":"Veja todas as not\u00edcias sobre o Flamengo: Contrata\u00e7\u00f5es, categorias de base, resultados das partidas, tabela de classifica\u00e7\u00e3o, pr\u00f3ximos jogos!","potentialAction":[{"@type":"SearchAction","target":{"@type":"EntryPoint","urlTemplate":"https:\/\/www.gaveanews.com\/?s={search_term_string}"},"query-input":{"@type":"PropertyValueSpecification","valueRequired":true,"valueName":"search_term_string"}}],"inLanguage":"pt-BR"},{"@type":"Person","@id":"https:\/\/www.gaveanews.com\/#\/schema\/person\/2ec14f73fb96be2caf28f91afb14749d","name":"Equipe G\u00e1vea News","image":{"@type":"ImageObject","inLanguage":"pt-BR","@id":"https:\/\/www.gaveanews.com\/#\/schema\/person\/image\/","url":"https:\/\/secure.gravatar.com\/avatar\/1e1956f1facbffd3f8fa53a326721950116b3b9dc9bd44939c01180fd4a745a9?s=96&d=mm&r=g","contentUrl":"https:\/\/secure.gravatar.com\/avatar\/1e1956f1facbffd3f8fa53a326721950116b3b9dc9bd44939c01180fd4a745a9?s=96&d=mm&r=g","caption":"Equipe G\u00e1vea News"}}]}},"_links":{"self":[{"href":"https:\/\/www.gaveanews.com\/index.php\/wp-json\/wp\/v2\/posts\/88640","targetHints":{"allow":["GET"]}}],"collection":[{"href":"https:\/\/www.gaveanews.com\/index.php\/wp-json\/wp\/v2\/posts"}],"about":[{"href":"https:\/\/www.gaveanews.com\/index.php\/wp-json\/wp\/v2\/types\/post"}],"author":[{"embeddable":true,"href":"https:\/\/www.gaveanews.com\/index.php\/wp-json\/wp\/v2\/users\/1"}],"replies":[{"embeddable":true,"href":"https:\/\/www.gaveanews.com\/index.php\/wp-json\/wp\/v2\/comments?post=88640"}],"version-history":[{"count":0,"href":"https:\/\/www.gaveanews.com\/index.php\/wp-json\/wp\/v2\/posts\/88640\/revisions"}],"wp:featuredmedia":[{"embeddable":true,"href":"https:\/\/www.gaveanews.com\/index.php\/wp-json\/wp\/v2\/media\/86780"}],"wp:attachment":[{"href":"https:\/\/www.gaveanews.com\/index.php\/wp-json\/wp\/v2\/media?parent=88640"}],"wp:term":[{"taxonomy":"category","embeddable":true,"href":"https:\/\/www.gaveanews.com\/index.php\/wp-json\/wp\/v2\/categories?post=88640"},{"taxonomy":"post_tag","embeddable":true,"href":"https:\/\/www.gaveanews.com\/index.php\/wp-json\/wp\/v2\/tags?post=88640"}],"curies":[{"name":"wp","href":"https:\/\/api.w.org\/{rel}","templated":true}]}}