{"id":88645,"date":"2022-10-06T09:28:32","date_gmt":"2022-10-06T12:28:32","guid":{"rendered":"https:\/\/www.gaveanews.com\/?p=88645"},"modified":"2022-10-06T09:28:33","modified_gmt":"2022-10-06T12:28:33","slug":"internacional-tenta-tirar-onda-com-o-empate-no-maracana-e-torcida-do-flamengo-debocha","status":"publish","type":"post","link":"https:\/\/www.gaveanews.com\/index.php\/2022\/10\/06\/internacional-tenta-tirar-onda-com-o-empate-no-maracana-e-torcida-do-flamengo-debocha\/","title":{"rendered":"Internacional tenta tirar onda com o empate no Maracan\u00e3, e torcida do Flamengo debocha"},"content":{"rendered":"\n<p>O Flamengo foi ao Maracan\u00e3 na \u00faltima quarta-feira (05) para receber o Internacional pelo segundo turno do Brasileir\u00e3o. Apesar das tentativas do ataque e de ter o controle do jogo, o Mais Querido n\u00e3o conseguiu marcar e o duelo terminou em um empate sem gols.<\/p>\n\n\n\n<p>Esta foi a \u00faltima atua\u00e7\u00e3o do time das copas antes das finais que disputar\u00e1 neste m\u00eas. Apesar de n\u00e3o ter conquistado a vit\u00f3ria, o jogo serviu como um bom treino e exp\u00f4s os pontos fortes e fracos da equipe.<\/p>\n\n\n\n<p>E como \u00e0s vezes tudo depende de perspectiva, enquanto o torcedor rubro-negro lamentava a oportunidade perdida de retornar ao G-4, o Internacional comemorou o fato de n\u00e3o ter sofrido um gol do Pedro.<\/p>\n\n\n\n<p>A publica\u00e7\u00e3o com uma tentativa de ironizar do camisa 21 da G\u00e1vea foi vista por diversos flamenguistas, que debocharam do Colorado por comemorar um empate.<\/p>\n\n\n\n<h2 class=\"wp-block-heading\" id=\"h-veja-a-publicacao-e-as-reacoes\">Veja a publica\u00e7\u00e3o e as rea\u00e7\u00f5es:<\/h2>\n\n\n\n<figure class=\"wp-block-embed is-type-rich is-provider-twitter wp-block-embed-twitter\"><div class=\"wp-block-embed__wrapper\">\n<blockquote class=\"twitter-tweet\" data-width=\"550\" data-dnt=\"true\"><p lang=\"und\" dir=\"ltr\">Kkkkkkkkkkkkkkkkkkkkkkkkkkk <a href=\"https:\/\/t.co\/KWWzSCKzcP\">pic.twitter.com\/KWWzSCKzcP<\/a><\/p>&mdash; Rodrigo_Fla\u1d9c\u02b3\u1da0 \ud83d\udd34\u26ab\ud83c\udfc6\ud83c\udfc6\ud83c\udfc6\ud83d\udcaa\ud83c\udffe\ud83d\udc4a\ud83c\udffe\u2764\ufe0f\ud83d\udda4 (@rodrigo_mengao) <a href=\"https:\/\/twitter.com\/rodrigo_mengao\/status\/1577854708387127296?ref_src=twsrc%5Etfw\">October 6, 2022<\/a><\/blockquote><script async src=\"https:\/\/platform.twitter.com\/widgets.js\" charset=\"utf-8\"><\/script>\n<\/div><\/figure>\n\n\n\n<blockquote class=\"twitter-tweet\" data-conversation=\"none\"><p lang=\"pt\" dir=\"ltr\">parab\u00e9ns pelo t\u00edtulo empatei com o flamengo<br><br>41 ANOSSSSSSSSSSSSSSSSSSS<br>OU SERIAM 43?<\/p>&mdash; Bruno\u1d9c\u02b3\u1da0 (@brunoestevaocrf) <a href=\"https:\/\/twitter.com\/brunoestevaocrf\/status\/1577850953927168006?ref_src=twsrc%5Etfw\">October 6, 2022<\/a><\/blockquote> <script async src=\"https:\/\/platform.twitter.com\/widgets.js\" charset=\"utf-8\"><\/script>\n\n\n\n<blockquote class=\"twitter-tweet\" data-conversation=\"none\"><p lang=\"und\" dir=\"ltr\">oiiiii <a href=\"https:\/\/t.co\/xlD7MtGuGq\">pic.twitter.com\/xlD7MtGuGq<\/a><\/p>&mdash; Polonio (@crfpolonio) <a href=\"https:\/\/twitter.com\/crfpolonio\/status\/1577857861870305281?ref_src=twsrc%5Etfw\">October 6, 2022<\/a><\/blockquote> <script async src=\"https:\/\/platform.twitter.com\/widgets.js\" charset=\"utf-8\"><\/script>\n\n\n\n<figure class=\"wp-block-embed is-type-rich is-provider-twitter wp-block-embed-twitter\"><div class=\"wp-block-embed__wrapper\">\n<blockquote class=\"twitter-tweet\" data-width=\"550\" data-dnt=\"true\"><p lang=\"pt\" dir=\"ltr\">Sei la  cara s\u00f3 tem maluco t\u00e3o feliz pq conseguiram n\u00e3o tomar gol do pedro \ud83e\udd37\u200d\u2642\ufe0f<\/p>&mdash; Flamengo 81\ud83c\udfc6 19\ud83c\udfc6 22\ud83c\udfc6 (@OMELHORZINHO11) <a href=\"https:\/\/twitter.com\/OMELHORZINHO11\/status\/1577855601773780993?ref_src=twsrc%5Etfw\">October 6, 2022<\/a><\/blockquote><script async src=\"https:\/\/platform.twitter.com\/widgets.js\" charset=\"utf-8\"><\/script>\n<\/div><\/figure>\n\n\n\n<blockquote class=\"twitter-tweet\" data-conversation=\"none\"><p lang=\"pt\" dir=\"ltr\">Quer um gol anulado? Preciso<br>Um jejum infinito? Peleja<br>Quarenta e um anos? Sem t\u00edtulo<br>Eu falo do e&#8230; DENILSON<\/p>&mdash; MENGO BRASENHA\ud83c\udde7\ud83c\uddf7\ud83c\udfc6 (@mengoresenha) <a href=\"https:\/\/twitter.com\/mengoresenha\/status\/1577866078478340096?ref_src=twsrc%5Etfw\">October 6, 2022<\/a><\/blockquote> <script async src=\"https:\/\/platform.twitter.com\/widgets.js\" charset=\"utf-8\"><\/script>\n\n\n\n<blockquote class=\"twitter-tweet\" data-conversation=\"none\"><p lang=\"pt\" dir=\"ltr\">Parab\u00e9ns por terem ganhado o t\u00edtulo de empatei com o Flamengo, agora vcs v\u00e3o jogar uma final com o Athl\u00e9tico pra ver quem \u00e9 o clube mais retranqueiro do Brasil<\/p>&mdash; Companheiro Asa 13 \ud83c\udde7\ud83c\uddf7 (@ocleyjunior) <a href=\"https:\/\/twitter.com\/ocleyjunior\/status\/1577877188879294466?ref_src=twsrc%5Etfw\">October 6, 2022<\/a><\/blockquote> <script async src=\"https:\/\/platform.twitter.com\/widgets.js\" charset=\"utf-8\"><\/script>\n\n\n\n<blockquote class=\"twitter-tweet\" data-conversation=\"none\"><p lang=\"pt\" dir=\"ltr\">Novo trof\u00e9u desbloqueado: n\u00e3o tomei gol do Pedro<\/p>&mdash; Diego Silva \u1d9c\u02b3\u1da0 (@Diiego_Silva89) <a href=\"https:\/\/twitter.com\/Diiego_Silva89\/status\/1577965434250448897?ref_src=twsrc%5Etfw\">October 6, 2022<\/a><\/blockquote> <script async src=\"https:\/\/platform.twitter.com\/widgets.js\" charset=\"utf-8\"><\/script>\n\n\n\n<blockquote class=\"twitter-tweet\" data-conversation=\"none\"><p lang=\"pt\" dir=\"ltr\">P\u00f4 a\u00ed voc\u00ea t\u00e1 levando pra eu cortar <a href=\"https:\/\/t.co\/xQ2zo2tjTm\">pic.twitter.com\/xQ2zo2tjTm<\/a><\/p>&mdash; FLA DA DEPRESS\u00c3O (@_FlaDaDepressao) <a href=\"https:\/\/twitter.com\/_FlaDaDepressao\/status\/1577865449609613315?ref_src=twsrc%5Etfw\">October 6, 2022<\/a><\/blockquote> <script async src=\"https:\/\/platform.twitter.com\/widgets.js\" charset=\"utf-8\"><\/script>\n\n\n\n<blockquote class=\"twitter-tweet\" data-conversation=\"none\"><p lang=\"pt\" dir=\"ltr\">Quando pensei que o Fluminense seria pat\u00e9tico por comemorar vit\u00f3ria como t\u00edtulo do ano, a\u00ed vem o Binter comemorar 0x0 &#8230; Realmente jogo contra o Flamengo \u00e9 final de copa ou campeonato&#8230;<\/p>&mdash; Jorge Andrade \u1d9c\u02b3\u1da0 (@kiboj) <a href=\"https:\/\/twitter.com\/kiboj\/status\/1577855486145298434?ref_src=twsrc%5Etfw\">October 6, 2022<\/a><\/blockquote> <script async src=\"https:\/\/platform.twitter.com\/widgets.js\" charset=\"utf-8\"><\/script>\n\n\n\n<blockquote class=\"twitter-tweet\" data-conversation=\"none\"><p lang=\"qme\" dir=\"ltr\"> <a href=\"https:\/\/t.co\/a2qjafji1W\">pic.twitter.com\/a2qjafji1W<\/a><\/p>&mdash; ARTHUR \u1d9c\u02b3\u1da0\ud83c\uddea\ud83c\udde8 (@o10efaixa_) <a href=\"https:\/\/twitter.com\/o10efaixa_\/status\/1577993549706035205?ref_src=twsrc%5Etfw\">October 6, 2022<\/a><\/blockquote> <script async src=\"https:\/\/platform.twitter.com\/widgets.js\" charset=\"utf-8\"><\/script>\n","protected":false},"excerpt":{"rendered":"<p>O Flamengo foi ao Maracan\u00e3 na \u00faltima quarta-feira (05) para receber o Internacional pelo segundo turno do Brasileir\u00e3o. Apesar das tentativas do ataque e de ter o controle do jogo, o Mais Querido n\u00e3o conseguiu marcar e o duelo terminou em um empate sem gols. Esta foi a \u00faltima atua\u00e7\u00e3o do time das copas antes [&hellip;]<\/p>\n","protected":false},"author":4,"featured_media":88646,"comment_status":"open","ping_status":"closed","sticky":false,"template":"","format":"standard","meta":{"footnotes":""},"categories":[1],"tags":[],"class_list":["post-88645","post","type-post","status-publish","format-standard","has-post-thumbnail","hentry","category-flamengo"],"yoast_head":"<!-- This site is optimized with the Yoast SEO Premium plugin v24.2 (Yoast SEO v26.9) - https:\/\/yoast.com\/product\/yoast-seo-premium-wordpress\/ -->\n<title>Internacional tenta tirar onda com o empate no Maracan\u00e3, e torcida do Flamengo debocha<\/title>\n<meta name=\"robots\" content=\"index, follow, max-snippet:-1, max-image-preview:large, max-video-preview:-1\" \/>\n<link rel=\"canonical\" href=\"https:\/\/www.gaveanews.com\/index.php\/2022\/10\/06\/internacional-tenta-tirar-onda-com-o-empate-no-maracana-e-torcida-do-flamengo-debocha\/\" \/>\n<meta property=\"og:locale\" content=\"pt_BR\" \/>\n<meta property=\"og:type\" content=\"article\" \/>\n<meta property=\"og:title\" content=\"Internacional tenta tirar onda com o empate no Maracan\u00e3, e torcida do Flamengo debocha\" \/>\n<meta property=\"og:description\" content=\"O Flamengo foi ao Maracan\u00e3 na \u00faltima quarta-feira (05) para receber o Internacional pelo segundo turno do Brasileir\u00e3o. Apesar das tentativas do ataque e de ter o controle do jogo, o Mais Querido n\u00e3o conseguiu marcar e o duelo terminou em um empate sem gols. Esta foi a \u00faltima atua\u00e7\u00e3o do time das copas antes [&hellip;]\" \/>\n<meta property=\"og:url\" content=\"https:\/\/www.gaveanews.com\/index.php\/2022\/10\/06\/internacional-tenta-tirar-onda-com-o-empate-no-maracana-e-torcida-do-flamengo-debocha\/\" \/>\n<meta property=\"og:site_name\" content=\"G\u00e1vea News\" \/>\n<meta property=\"article:publisher\" content=\"https:\/\/facebook.com\/gaveaNews\/\" \/>\n<meta property=\"article:published_time\" content=\"2022-10-06T12:28:32+00:00\" \/>\n<meta property=\"article:modified_time\" content=\"2022-10-06T12:28:33+00:00\" \/>\n<meta property=\"og:image\" content=\"https:\/\/www.gaveanews.com\/wp-content\/uploads\/Pedro-em-jogo-do-Flamengo-contra-o-Internacional.webp\" \/>\n\t<meta property=\"og:image:width\" content=\"800\" \/>\n\t<meta property=\"og:image:height\" content=\"533\" \/>\n\t<meta property=\"og:image:type\" content=\"image\/jpeg\" \/>\n<meta name=\"author\" content=\"Let\u00edcia Gerheim\" \/>\n<meta name=\"twitter:card\" content=\"summary_large_image\" \/>\n<meta name=\"twitter:label1\" content=\"Escrito por\" \/>\n\t<meta name=\"twitter:data1\" content=\"Let\u00edcia Gerheim\" \/>\n\t<meta name=\"twitter:label2\" content=\"Est. tempo de leitura\" \/>\n\t<meta name=\"twitter:data2\" content=\"2 minutos\" \/>\n<script type=\"application\/ld+json\" class=\"yoast-schema-graph\">{\"@context\":\"https:\/\/schema.org\",\"@graph\":[{\"@type\":\"NewsArticle\",\"@id\":\"https:\/\/www.gaveanews.com\/index.php\/2022\/10\/06\/internacional-tenta-tirar-onda-com-o-empate-no-maracana-e-torcida-do-flamengo-debocha\/#article\",\"isPartOf\":{\"@id\":\"https:\/\/www.gaveanews.com\/index.php\/2022\/10\/06\/internacional-tenta-tirar-onda-com-o-empate-no-maracana-e-torcida-do-flamengo-debocha\/\"},\"author\":{\"name\":\"Let\u00edcia Gerheim\",\"@id\":\"https:\/\/www.gaveanews.com\/#\/schema\/person\/714c67050b836198af2450ba1c142a67\"},\"headline\":\"Internacional tenta tirar onda com o empate no Maracan\u00e3, e torcida do Flamengo debocha\",\"datePublished\":\"2022-10-06T12:28:32+00:00\",\"dateModified\":\"2022-10-06T12:28:33+00:00\",\"mainEntityOfPage\":{\"@id\":\"https:\/\/www.gaveanews.com\/index.php\/2022\/10\/06\/internacional-tenta-tirar-onda-com-o-empate-no-maracana-e-torcida-do-flamengo-debocha\/\"},\"wordCount\":367,\"commentCount\":0,\"image\":{\"@id\":\"https:\/\/www.gaveanews.com\/index.php\/2022\/10\/06\/internacional-tenta-tirar-onda-com-o-empate-no-maracana-e-torcida-do-flamengo-debocha\/#primaryimage\"},\"thumbnailUrl\":\"https:\/\/www.gaveanews.com\/wp-content\/uploads\/Pedro-em-jogo-do-Flamengo-contra-o-Internacional.webp\",\"articleSection\":[\"Flamengo\"],\"inLanguage\":\"pt-BR\",\"potentialAction\":[{\"@type\":\"CommentAction\",\"name\":\"Comment\",\"target\":[\"https:\/\/www.gaveanews.com\/index.php\/2022\/10\/06\/internacional-tenta-tirar-onda-com-o-empate-no-maracana-e-torcida-do-flamengo-debocha\/#respond\"]}],\"copyrightYear\":\"2022\",\"copyrightHolder\":{\"@id\":\"https:\/\/www.gaveanews.com\/#organization\"}},{\"@type\":\"WebPage\",\"@id\":\"https:\/\/www.gaveanews.com\/index.php\/2022\/10\/06\/internacional-tenta-tirar-onda-com-o-empate-no-maracana-e-torcida-do-flamengo-debocha\/\",\"url\":\"https:\/\/www.gaveanews.com\/index.php\/2022\/10\/06\/internacional-tenta-tirar-onda-com-o-empate-no-maracana-e-torcida-do-flamengo-debocha\/\",\"name\":\"Internacional tenta tirar onda com o empate no Maracan\u00e3, e torcida do Flamengo debocha\",\"isPartOf\":{\"@id\":\"https:\/\/www.gaveanews.com\/#website\"},\"primaryImageOfPage\":{\"@id\":\"https:\/\/www.gaveanews.com\/index.php\/2022\/10\/06\/internacional-tenta-tirar-onda-com-o-empate-no-maracana-e-torcida-do-flamengo-debocha\/#primaryimage\"},\"image\":{\"@id\":\"https:\/\/www.gaveanews.com\/index.php\/2022\/10\/06\/internacional-tenta-tirar-onda-com-o-empate-no-maracana-e-torcida-do-flamengo-debocha\/#primaryimage\"},\"thumbnailUrl\":\"https:\/\/www.gaveanews.com\/wp-content\/uploads\/Pedro-em-jogo-do-Flamengo-contra-o-Internacional.webp\",\"datePublished\":\"2022-10-06T12:28:32+00:00\",\"dateModified\":\"2022-10-06T12:28:33+00:00\",\"author\":{\"@id\":\"https:\/\/www.gaveanews.com\/#\/schema\/person\/714c67050b836198af2450ba1c142a67\"},\"breadcrumb\":{\"@id\":\"https:\/\/www.gaveanews.com\/index.php\/2022\/10\/06\/internacional-tenta-tirar-onda-com-o-empate-no-maracana-e-torcida-do-flamengo-debocha\/#breadcrumb\"},\"inLanguage\":\"pt-BR\",\"potentialAction\":[{\"@type\":\"ReadAction\",\"target\":[\"https:\/\/www.gaveanews.com\/index.php\/2022\/10\/06\/internacional-tenta-tirar-onda-com-o-empate-no-maracana-e-torcida-do-flamengo-debocha\/\"]}]},{\"@type\":\"ImageObject\",\"inLanguage\":\"pt-BR\",\"@id\":\"https:\/\/www.gaveanews.com\/index.php\/2022\/10\/06\/internacional-tenta-tirar-onda-com-o-empate-no-maracana-e-torcida-do-flamengo-debocha\/#primaryimage\",\"url\":\"https:\/\/www.gaveanews.com\/wp-content\/uploads\/Pedro-em-jogo-do-Flamengo-contra-o-Internacional.webp\",\"contentUrl\":\"https:\/\/www.gaveanews.com\/wp-content\/uploads\/Pedro-em-jogo-do-Flamengo-contra-o-Internacional.webp\",\"width\":800,\"height\":533,\"caption\":\"Pedro em jogo do Flamengo contra o Internacional (Foto: Marcelo Cortes\/Flamengo)\"},{\"@type\":\"BreadcrumbList\",\"@id\":\"https:\/\/www.gaveanews.com\/index.php\/2022\/10\/06\/internacional-tenta-tirar-onda-com-o-empate-no-maracana-e-torcida-do-flamengo-debocha\/#breadcrumb\",\"itemListElement\":[{\"@type\":\"ListItem\",\"position\":1,\"name\":\"Home\",\"item\":\"https:\/\/www.gaveanews.com\/\"},{\"@type\":\"ListItem\",\"position\":2,\"name\":\"Internacional tenta tirar onda com o empate no Maracan\u00e3, e torcida do Flamengo debocha\"}]},{\"@type\":\"WebSite\",\"@id\":\"https:\/\/www.gaveanews.com\/#website\",\"url\":\"https:\/\/www.gaveanews.com\/\",\"name\":\"G\u00e1vea News\",\"description\":\"Veja todas as not\u00edcias sobre o Flamengo: Contrata\u00e7\u00f5es, categorias de base, resultados das partidas, tabela de classifica\u00e7\u00e3o, pr\u00f3ximos jogos!\",\"potentialAction\":[{\"@type\":\"SearchAction\",\"target\":{\"@type\":\"EntryPoint\",\"urlTemplate\":\"https:\/\/www.gaveanews.com\/?s={search_term_string}\"},\"query-input\":{\"@type\":\"PropertyValueSpecification\",\"valueRequired\":true,\"valueName\":\"search_term_string\"}}],\"inLanguage\":\"pt-BR\"},{\"@type\":\"Person\",\"@id\":\"https:\/\/www.gaveanews.com\/#\/schema\/person\/714c67050b836198af2450ba1c142a67\",\"name\":\"Let\u00edcia Gerheim\",\"image\":{\"@type\":\"ImageObject\",\"inLanguage\":\"pt-BR\",\"@id\":\"https:\/\/www.gaveanews.com\/#\/schema\/person\/image\/\",\"url\":\"https:\/\/secure.gravatar.com\/avatar\/60734739c50fcebfbac509e2a826ccd0ff405c019bc73aab9354f19ecad1dcb4?s=96&d=mm&r=g\",\"contentUrl\":\"https:\/\/secure.gravatar.com\/avatar\/60734739c50fcebfbac509e2a826ccd0ff405c019bc73aab9354f19ecad1dcb4?s=96&d=mm&r=g\",\"caption\":\"Let\u00edcia Gerheim\"}}]}<\/script>\n<!-- \/ Yoast SEO Premium plugin. -->","yoast_head_json":{"title":"Internacional tenta tirar onda com o empate no Maracan\u00e3, e torcida do Flamengo debocha","robots":{"index":"index","follow":"follow","max-snippet":"max-snippet:-1","max-image-preview":"max-image-preview:large","max-video-preview":"max-video-preview:-1"},"canonical":"https:\/\/www.gaveanews.com\/index.php\/2022\/10\/06\/internacional-tenta-tirar-onda-com-o-empate-no-maracana-e-torcida-do-flamengo-debocha\/","og_locale":"pt_BR","og_type":"article","og_title":"Internacional tenta tirar onda com o empate no Maracan\u00e3, e torcida do Flamengo debocha","og_description":"O Flamengo foi ao Maracan\u00e3 na \u00faltima quarta-feira (05) para receber o Internacional pelo segundo turno do Brasileir\u00e3o. Apesar das tentativas do ataque e de ter o controle do jogo, o Mais Querido n\u00e3o conseguiu marcar e o duelo terminou em um empate sem gols. Esta foi a \u00faltima atua\u00e7\u00e3o do time das copas antes [&hellip;]","og_url":"https:\/\/www.gaveanews.com\/index.php\/2022\/10\/06\/internacional-tenta-tirar-onda-com-o-empate-no-maracana-e-torcida-do-flamengo-debocha\/","og_site_name":"G\u00e1vea News","article_publisher":"https:\/\/facebook.com\/gaveaNews\/","article_published_time":"2022-10-06T12:28:32+00:00","article_modified_time":"2022-10-06T12:28:33+00:00","og_image":[{"width":800,"height":533,"url":"https:\/\/www.gaveanews.com\/wp-content\/uploads\/Pedro-em-jogo-do-Flamengo-contra-o-Internacional.webp","type":"image\/jpeg"}],"author":"Let\u00edcia Gerheim","twitter_card":"summary_large_image","twitter_misc":{"Escrito por":"Let\u00edcia Gerheim","Est. tempo de leitura":"2 minutos"},"schema":{"@context":"https:\/\/schema.org","@graph":[{"@type":"NewsArticle","@id":"https:\/\/www.gaveanews.com\/index.php\/2022\/10\/06\/internacional-tenta-tirar-onda-com-o-empate-no-maracana-e-torcida-do-flamengo-debocha\/#article","isPartOf":{"@id":"https:\/\/www.gaveanews.com\/index.php\/2022\/10\/06\/internacional-tenta-tirar-onda-com-o-empate-no-maracana-e-torcida-do-flamengo-debocha\/"},"author":{"name":"Let\u00edcia Gerheim","@id":"https:\/\/www.gaveanews.com\/#\/schema\/person\/714c67050b836198af2450ba1c142a67"},"headline":"Internacional tenta tirar onda com o empate no Maracan\u00e3, e torcida do Flamengo debocha","datePublished":"2022-10-06T12:28:32+00:00","dateModified":"2022-10-06T12:28:33+00:00","mainEntityOfPage":{"@id":"https:\/\/www.gaveanews.com\/index.php\/2022\/10\/06\/internacional-tenta-tirar-onda-com-o-empate-no-maracana-e-torcida-do-flamengo-debocha\/"},"wordCount":367,"commentCount":0,"image":{"@id":"https:\/\/www.gaveanews.com\/index.php\/2022\/10\/06\/internacional-tenta-tirar-onda-com-o-empate-no-maracana-e-torcida-do-flamengo-debocha\/#primaryimage"},"thumbnailUrl":"https:\/\/www.gaveanews.com\/wp-content\/uploads\/Pedro-em-jogo-do-Flamengo-contra-o-Internacional.webp","articleSection":["Flamengo"],"inLanguage":"pt-BR","potentialAction":[{"@type":"CommentAction","name":"Comment","target":["https:\/\/www.gaveanews.com\/index.php\/2022\/10\/06\/internacional-tenta-tirar-onda-com-o-empate-no-maracana-e-torcida-do-flamengo-debocha\/#respond"]}],"copyrightYear":"2022","copyrightHolder":{"@id":"https:\/\/www.gaveanews.com\/#organization"}},{"@type":"WebPage","@id":"https:\/\/www.gaveanews.com\/index.php\/2022\/10\/06\/internacional-tenta-tirar-onda-com-o-empate-no-maracana-e-torcida-do-flamengo-debocha\/","url":"https:\/\/www.gaveanews.com\/index.php\/2022\/10\/06\/internacional-tenta-tirar-onda-com-o-empate-no-maracana-e-torcida-do-flamengo-debocha\/","name":"Internacional tenta tirar onda com o empate no Maracan\u00e3, e torcida do Flamengo debocha","isPartOf":{"@id":"https:\/\/www.gaveanews.com\/#website"},"primaryImageOfPage":{"@id":"https:\/\/www.gaveanews.com\/index.php\/2022\/10\/06\/internacional-tenta-tirar-onda-com-o-empate-no-maracana-e-torcida-do-flamengo-debocha\/#primaryimage"},"image":{"@id":"https:\/\/www.gaveanews.com\/index.php\/2022\/10\/06\/internacional-tenta-tirar-onda-com-o-empate-no-maracana-e-torcida-do-flamengo-debocha\/#primaryimage"},"thumbnailUrl":"https:\/\/www.gaveanews.com\/wp-content\/uploads\/Pedro-em-jogo-do-Flamengo-contra-o-Internacional.webp","datePublished":"2022-10-06T12:28:32+00:00","dateModified":"2022-10-06T12:28:33+00:00","author":{"@id":"https:\/\/www.gaveanews.com\/#\/schema\/person\/714c67050b836198af2450ba1c142a67"},"breadcrumb":{"@id":"https:\/\/www.gaveanews.com\/index.php\/2022\/10\/06\/internacional-tenta-tirar-onda-com-o-empate-no-maracana-e-torcida-do-flamengo-debocha\/#breadcrumb"},"inLanguage":"pt-BR","potentialAction":[{"@type":"ReadAction","target":["https:\/\/www.gaveanews.com\/index.php\/2022\/10\/06\/internacional-tenta-tirar-onda-com-o-empate-no-maracana-e-torcida-do-flamengo-debocha\/"]}]},{"@type":"ImageObject","inLanguage":"pt-BR","@id":"https:\/\/www.gaveanews.com\/index.php\/2022\/10\/06\/internacional-tenta-tirar-onda-com-o-empate-no-maracana-e-torcida-do-flamengo-debocha\/#primaryimage","url":"https:\/\/www.gaveanews.com\/wp-content\/uploads\/Pedro-em-jogo-do-Flamengo-contra-o-Internacional.webp","contentUrl":"https:\/\/www.gaveanews.com\/wp-content\/uploads\/Pedro-em-jogo-do-Flamengo-contra-o-Internacional.webp","width":800,"height":533,"caption":"Pedro em jogo do Flamengo contra o Internacional (Foto: Marcelo Cortes\/Flamengo)"},{"@type":"BreadcrumbList","@id":"https:\/\/www.gaveanews.com\/index.php\/2022\/10\/06\/internacional-tenta-tirar-onda-com-o-empate-no-maracana-e-torcida-do-flamengo-debocha\/#breadcrumb","itemListElement":[{"@type":"ListItem","position":1,"name":"Home","item":"https:\/\/www.gaveanews.com\/"},{"@type":"ListItem","position":2,"name":"Internacional tenta tirar onda com o empate no Maracan\u00e3, e torcida do Flamengo debocha"}]},{"@type":"WebSite","@id":"https:\/\/www.gaveanews.com\/#website","url":"https:\/\/www.gaveanews.com\/","name":"G\u00e1vea News","description":"Veja todas as not\u00edcias sobre o Flamengo: Contrata\u00e7\u00f5es, categorias de base, resultados das partidas, tabela de classifica\u00e7\u00e3o, pr\u00f3ximos jogos!","potentialAction":[{"@type":"SearchAction","target":{"@type":"EntryPoint","urlTemplate":"https:\/\/www.gaveanews.com\/?s={search_term_string}"},"query-input":{"@type":"PropertyValueSpecification","valueRequired":true,"valueName":"search_term_string"}}],"inLanguage":"pt-BR"},{"@type":"Person","@id":"https:\/\/www.gaveanews.com\/#\/schema\/person\/714c67050b836198af2450ba1c142a67","name":"Let\u00edcia Gerheim","image":{"@type":"ImageObject","inLanguage":"pt-BR","@id":"https:\/\/www.gaveanews.com\/#\/schema\/person\/image\/","url":"https:\/\/secure.gravatar.com\/avatar\/60734739c50fcebfbac509e2a826ccd0ff405c019bc73aab9354f19ecad1dcb4?s=96&d=mm&r=g","contentUrl":"https:\/\/secure.gravatar.com\/avatar\/60734739c50fcebfbac509e2a826ccd0ff405c019bc73aab9354f19ecad1dcb4?s=96&d=mm&r=g","caption":"Let\u00edcia Gerheim"}}]}},"_links":{"self":[{"href":"https:\/\/www.gaveanews.com\/index.php\/wp-json\/wp\/v2\/posts\/88645","targetHints":{"allow":["GET"]}}],"collection":[{"href":"https:\/\/www.gaveanews.com\/index.php\/wp-json\/wp\/v2\/posts"}],"about":[{"href":"https:\/\/www.gaveanews.com\/index.php\/wp-json\/wp\/v2\/types\/post"}],"author":[{"embeddable":true,"href":"https:\/\/www.gaveanews.com\/index.php\/wp-json\/wp\/v2\/users\/4"}],"replies":[{"embeddable":true,"href":"https:\/\/www.gaveanews.com\/index.php\/wp-json\/wp\/v2\/comments?post=88645"}],"version-history":[{"count":0,"href":"https:\/\/www.gaveanews.com\/index.php\/wp-json\/wp\/v2\/posts\/88645\/revisions"}],"wp:featuredmedia":[{"embeddable":true,"href":"https:\/\/www.gaveanews.com\/index.php\/wp-json\/wp\/v2\/media\/88646"}],"wp:attachment":[{"href":"https:\/\/www.gaveanews.com\/index.php\/wp-json\/wp\/v2\/media?parent=88645"}],"wp:term":[{"taxonomy":"category","embeddable":true,"href":"https:\/\/www.gaveanews.com\/index.php\/wp-json\/wp\/v2\/categories?post=88645"},{"taxonomy":"post_tag","embeddable":true,"href":"https:\/\/www.gaveanews.com\/index.php\/wp-json\/wp\/v2\/tags?post=88645"}],"curies":[{"name":"wp","href":"https:\/\/api.w.org\/{rel}","templated":true}]}}