{"id":88715,"date":"2022-10-07T14:58:14","date_gmt":"2022-10-07T17:58:14","guid":{"rendered":"https:\/\/www.gaveanews.com\/?p=88715"},"modified":"2022-10-07T14:58:17","modified_gmt":"2022-10-07T17:58:17","slug":"meia-lamenta-falta-de-oportunidades-no-flamengo-propostas-do-brasil-e-exterior-estao-sendo-avaliadas","status":"publish","type":"post","link":"https:\/\/www.gaveanews.com\/index.php\/2022\/10\/07\/meia-lamenta-falta-de-oportunidades-no-flamengo-propostas-do-brasil-e-exterior-estao-sendo-avaliadas\/","title":{"rendered":"Meia lamenta falta de oportunidades no Flamengo; propostas do Brasil e exterior est\u00e3o sendo avaliadas"},"content":{"rendered":"\n<p>Com elenco recheado de estrelas, nem todos os jovens das categorias de base conseguem receber oportunidades no time principal do Flamengo. Um dos exemplos \u00e9 Yuri de Oliveira, promessa rubro-negra com passagem pela sele\u00e7\u00e3o de base, que deve deixar o clube no fim do ano.<\/p>\n\n\n\n<p>Yuri chegou ao Flamengo com 13 anos, em 2014. Conquistou t\u00edtulos como a Copa do Brasil sub-17, Brasileir\u00e3o sub-20 e Supercopa do Brasil sub-20, dividindo vesti\u00e1rio com nomes como os meias Jo\u00e3o Gomes e L\u00e1zaro, o zagueiro Natan, o atacante Rodrigo Muniz, entre outros.<\/p>\n\n\n\n<p>Diante do sucesso, ficou protegido por uma cl\u00e1usula de 45 milh\u00f5es de euros, cerca de R$ 230 milh\u00f5es. A quantia o colocava no patamar que o clube carioca vende Vinicius Jr. para o Real Madrid. Mesmo n\u00e3o tendo a sequ\u00eancia esperada no profissional, ele recordou grandes momentos vividos no clube.<\/p>\n\n\n\n<p><em>\u2014 Foram quase nove anos. Jogar no Flamengo foi um sonho realizado. Se tivesse que escolher dois momentos mais especiais, escolheria o gol contra o Palmeiras na Supercopa sub-20 em 2019, em um ano vitorioso, onde a gente tamb\u00e9m foi campe\u00e3o brasileiro. Fiz um gol bem bonito contra o Palmeiras, um dos mais bonitos da minha carreira<\/em>, relembrou.<\/p>\n\n\n\n<h2 class=\"wp-block-heading\" id=\"h-estreia-inesperada\">Estreia inesperada<\/h2>\n\n\n\n<p>Em 2020, Yuri estreou no elenco profissional de forma inusitada. Um surto de COVID-19 tirou 16 jogadores da partida e at\u00e9 o t\u00e9cnico Dom\u00e8nec Torrent.<\/p>\n\n\n\n<p>Ent\u00e3o, o time foi ao Allianz Parque recheado de garotos, e o jovem atleta entrou no segundo tempo da partida que terminou empatada em 1 a 1.<\/p>\n\n\n\n<p><em>\u2014 Fui campe\u00e3o brasileiro profissional, em 2020. Fiz minha estreia tamb\u00e9m contra o Palmeiras, no Allianz Parque, num jogo que surpreendeu muita gente por causa do surto de COVID, a gente entrou s\u00f3 com os mais jovens e fizemos um jogo pau a pau com o Palmeiras. Esses momentos me marcaram muito. N\u00e3o cito momentos negativos, se tornam aprendizado. Tenho muito a falar bem da comiss\u00e3o do Dome. Al\u00e9m de me dar oportunidades, foram muito profissionais, corretos, gostei da filosofia deles. Me identifiquei bastante<\/em>, disse.<\/p>\n\n\n\n<h2 class=\"wp-block-heading\" id=\"h-pouco-espaco-no-profissional\">Pouco espa\u00e7o no profissional<\/h2>\n\n\n\n<p>Ap\u00f3s a boa estreia em 2020, no entanto, Yuri n\u00e3o voltou a receber oportunidades junto com o elenco profissional. Em 2022, entrou em campo duas vezes no Campeonato Carioca, contra Portuguesa e Volta Redonda, mas a t\u00e3o sonhada sequ\u00eancia n\u00e3o aconteceu. O pr\u00f3prio admitiu que sequer teve contato com o t\u00e9cnico Paulo Sousa.<\/p>\n\n\n\n<p>Com v\u00ednculo at\u00e9 o fim do ano, o meia treina separado do time. O ciclo de sua passagem no Flamengo se aproxima do fim.<\/p>\n\n\n\n<p>Em julho de 2021, Yuri de Oliveira chamou aten\u00e7\u00e3o do New England Revolution, da Major League Soccer, que acenou com uma proposta de empr\u00e9stimo com op\u00e7\u00e3o de compra. No entanto, o Flamengo pediu 2 milh\u00f5es de d\u00f3lares, cerca de R$ 10 milh\u00f5es, pelo neg\u00f3cio, e o clube norte-americano recuou.<\/p>\n\n\n\n<p>Perto do fim do contrato, o meia recebeu contatos de rivais do Flamengo no Brasil para atuar nas equipes &#8220;B&#8221; e no sub-23, mas sem neg\u00f3cio fechado at\u00e9 o momento.<\/p>\n\n\n\n<p><em>\u2014 Tenho muita gratid\u00e3o pelo Flamengo. Se n\u00e3o me deram chances, tudo bem. Tenho que respeitar. O tempo vai dizer. Estamos estudando possibilidades. Fora e aqui no Brasil. Vamos ver o que vai ser melhor. Tenho o sonho de jogar na Europa, o maior centro de futebol hoje<\/em>, disse.<\/p>\n\n\n\n<p><em>\u2014 Alguns ciclos se fecham. A gente tem que entender. Meu contrato se encerra no final do ano. Eu ainda sou novo, minha carreira est\u00e1 come\u00e7ando. Estou prestes a ficar livre no mercado. J\u00e1 com olhar no pr\u00f3ximo desafio. N\u00e3o vou renovar. Estudando algumas possibilidades. Estou pronto para seguir minha carreira<\/em>, completou.<\/p>\n\n\n\n<h2 class=\"wp-block-heading\" id=\"h-olhar-sobre-vinicius-jr-na-base\">Olhar sobre Vinicius Jr. na base<\/h2>\n\n\n\n<p>Durante essa passagem pela base rubro-negra,\u00a0Yuri teve contato direto com Vinicius Jr., astro do Real Madrid. Tudo o que o camisa 20 do time espanhol vem colhendo \u00e9 algo que Yuri j\u00e1 imaginava l\u00e1 na base. E recordou algumas hist\u00f3rias em campo ao lado do Malvadeza.<\/p>\n\n\n\n<p><em>\u2014 Vini \u00e9 um jogador fora da curva. Todos j\u00e1 sabem. Eu tive alguns momentos pr\u00f3ximos dele. Estava sempre acima, avan\u00e7ado. Era dif\u00edcil de acompanhar. Sou muito f\u00e3. Ele sempre foi muito r\u00e1pido. Ele ficava brincando. Se destacava. Quando botava a bola na frente n\u00e3o tinha como chegar. Era uma qualidade diferente<\/em>, disse.<\/p>\n\n\n\n<h2 class=\"wp-block-heading\" id=\"h-aula-com-zico\">&#8216;Aula&#8217; com Zico<\/h2>\n\n\n\n<p>O brilho na base do Flamengo chegou at\u00e9 Zico, maior \u00eddolo da hist\u00f3ria do clube. Ap\u00f3s se destacar em cobran\u00e7as de falta, Yuri foi chamado pelo Galinho para participar de um curso de fundamentos do futebol ensinado pelo ex-jogador que brilhou na d\u00e9cada de 80 pelo Rubro-Negro.<\/p>\n\n\n\n<p><em>\u2014 Zico \u00e9 espetacular. Dispensa coment\u00e1rios, foi o maior camisa 10 da hist\u00f3ria do Flamengo, sempre fui f\u00e3. Conheci como pessoa, \u00e9 espetacular. Ele me chamou para um treino de falta com ele. Foi muito aprendizado. Era um v\u00eddeo para o canal dele, ele estava procurando um jogador que batia faltas no Flamengo, chegou a mim. Eu tamb\u00e9m tinha feito um gol de falta recentemente que repercutiu bastante. Ele foi muito atencioso, mostrou como batia faltas, onde ele olhava, a quantidade de passos que dava. Foi muito especial para mim<\/em>, afirmou.<\/p>\n\n\n\n<p>Retirado de: ESPN<\/p>\n","protected":false},"excerpt":{"rendered":"<p>Com elenco recheado de estrelas, nem todos os jovens das categorias de base conseguem receber oportunidades no time principal do Flamengo. Um dos exemplos \u00e9 Yuri de Oliveira, promessa rubro-negra com passagem pela sele\u00e7\u00e3o de base, que deve deixar o clube no fim do ano. Yuri chegou ao Flamengo com 13 anos, em 2014. Conquistou [&hellip;]<\/p>\n","protected":false},"author":1,"featured_media":27462,"comment_status":"open","ping_status":"closed","sticky":false,"template":"","format":"standard","meta":{"footnotes":""},"categories":[48],"tags":[],"class_list":["post-88715","post","type-post","status-publish","format-standard","has-post-thumbnail","hentry","category-negociacoes"],"yoast_head":"<!-- This site is optimized with the Yoast SEO Premium plugin v24.2 (Yoast SEO v26.9) - https:\/\/yoast.com\/product\/yoast-seo-premium-wordpress\/ -->\n<title>Meia lamenta falta de oportunidades no Flamengo; propostas do Brasil e exterior est\u00e3o sendo avaliadas<\/title>\n<meta name=\"robots\" content=\"index, follow, max-snippet:-1, max-image-preview:large, max-video-preview:-1\" \/>\n<link rel=\"canonical\" href=\"https:\/\/www.gaveanews.com\/index.php\/2022\/10\/07\/meia-lamenta-falta-de-oportunidades-no-flamengo-propostas-do-brasil-e-exterior-estao-sendo-avaliadas\/\" \/>\n<meta property=\"og:locale\" content=\"pt_BR\" \/>\n<meta property=\"og:type\" content=\"article\" \/>\n<meta property=\"og:title\" content=\"Meia lamenta falta de oportunidades no Flamengo; propostas do Brasil e exterior est\u00e3o sendo avaliadas\" \/>\n<meta property=\"og:description\" content=\"Com elenco recheado de estrelas, nem todos os jovens das categorias de base conseguem receber oportunidades no time principal do Flamengo. Um dos exemplos \u00e9 Yuri de Oliveira, promessa rubro-negra com passagem pela sele\u00e7\u00e3o de base, que deve deixar o clube no fim do ano. Yuri chegou ao Flamengo com 13 anos, em 2014. Conquistou [&hellip;]\" \/>\n<meta property=\"og:url\" content=\"https:\/\/www.gaveanews.com\/index.php\/2022\/10\/07\/meia-lamenta-falta-de-oportunidades-no-flamengo-propostas-do-brasil-e-exterior-estao-sendo-avaliadas\/\" \/>\n<meta property=\"og:site_name\" content=\"G\u00e1vea News\" \/>\n<meta property=\"article:publisher\" content=\"https:\/\/facebook.com\/gaveaNews\/\" \/>\n<meta property=\"article:published_time\" content=\"2022-10-07T17:58:14+00:00\" \/>\n<meta property=\"article:modified_time\" content=\"2022-10-07T17:58:17+00:00\" \/>\n<meta property=\"og:image\" content=\"https:\/\/www.gaveanews.com\/wp-content\/uploads\/Yuri-de-Oliveira-durante-treinamento-no-Ninho-do-Urubu.webp\" \/>\n\t<meta property=\"og:image:width\" content=\"640\" \/>\n\t<meta property=\"og:image:height\" content=\"401\" \/>\n\t<meta property=\"og:image:type\" content=\"image\/jpeg\" \/>\n<meta name=\"author\" content=\"Equipe G\u00e1vea News\" \/>\n<meta name=\"twitter:card\" content=\"summary_large_image\" \/>\n<meta name=\"twitter:label1\" content=\"Escrito por\" \/>\n\t<meta name=\"twitter:data1\" content=\"Equipe G\u00e1vea News\" \/>\n\t<meta name=\"twitter:label2\" content=\"Est. tempo de leitura\" \/>\n\t<meta name=\"twitter:data2\" content=\"5 minutos\" \/>\n<script type=\"application\/ld+json\" class=\"yoast-schema-graph\">{\"@context\":\"https:\/\/schema.org\",\"@graph\":[{\"@type\":\"NewsArticle\",\"@id\":\"https:\/\/www.gaveanews.com\/index.php\/2022\/10\/07\/meia-lamenta-falta-de-oportunidades-no-flamengo-propostas-do-brasil-e-exterior-estao-sendo-avaliadas\/#article\",\"isPartOf\":{\"@id\":\"https:\/\/www.gaveanews.com\/index.php\/2022\/10\/07\/meia-lamenta-falta-de-oportunidades-no-flamengo-propostas-do-brasil-e-exterior-estao-sendo-avaliadas\/\"},\"author\":{\"name\":\"Equipe G\u00e1vea News\",\"@id\":\"https:\/\/www.gaveanews.com\/#\/schema\/person\/2ec14f73fb96be2caf28f91afb14749d\"},\"headline\":\"Meia lamenta falta de oportunidades no Flamengo; propostas do Brasil e exterior est\u00e3o sendo avaliadas\",\"datePublished\":\"2022-10-07T17:58:14+00:00\",\"dateModified\":\"2022-10-07T17:58:17+00:00\",\"mainEntityOfPage\":{\"@id\":\"https:\/\/www.gaveanews.com\/index.php\/2022\/10\/07\/meia-lamenta-falta-de-oportunidades-no-flamengo-propostas-do-brasil-e-exterior-estao-sendo-avaliadas\/\"},\"wordCount\":891,\"commentCount\":0,\"image\":{\"@id\":\"https:\/\/www.gaveanews.com\/index.php\/2022\/10\/07\/meia-lamenta-falta-de-oportunidades-no-flamengo-propostas-do-brasil-e-exterior-estao-sendo-avaliadas\/#primaryimage\"},\"thumbnailUrl\":\"https:\/\/www.gaveanews.com\/wp-content\/uploads\/Yuri-de-Oliveira-durante-treinamento-no-Ninho-do-Urubu.webp\",\"articleSection\":[\"Negocia\u00e7\u00f5es\"],\"inLanguage\":\"pt-BR\",\"potentialAction\":[{\"@type\":\"CommentAction\",\"name\":\"Comment\",\"target\":[\"https:\/\/www.gaveanews.com\/index.php\/2022\/10\/07\/meia-lamenta-falta-de-oportunidades-no-flamengo-propostas-do-brasil-e-exterior-estao-sendo-avaliadas\/#respond\"]}],\"copyrightYear\":\"2022\",\"copyrightHolder\":{\"@id\":\"https:\/\/www.gaveanews.com\/#organization\"}},{\"@type\":\"WebPage\",\"@id\":\"https:\/\/www.gaveanews.com\/index.php\/2022\/10\/07\/meia-lamenta-falta-de-oportunidades-no-flamengo-propostas-do-brasil-e-exterior-estao-sendo-avaliadas\/\",\"url\":\"https:\/\/www.gaveanews.com\/index.php\/2022\/10\/07\/meia-lamenta-falta-de-oportunidades-no-flamengo-propostas-do-brasil-e-exterior-estao-sendo-avaliadas\/\",\"name\":\"Meia lamenta falta de oportunidades no Flamengo; propostas do Brasil e exterior est\u00e3o sendo avaliadas\",\"isPartOf\":{\"@id\":\"https:\/\/www.gaveanews.com\/#website\"},\"primaryImageOfPage\":{\"@id\":\"https:\/\/www.gaveanews.com\/index.php\/2022\/10\/07\/meia-lamenta-falta-de-oportunidades-no-flamengo-propostas-do-brasil-e-exterior-estao-sendo-avaliadas\/#primaryimage\"},\"image\":{\"@id\":\"https:\/\/www.gaveanews.com\/index.php\/2022\/10\/07\/meia-lamenta-falta-de-oportunidades-no-flamengo-propostas-do-brasil-e-exterior-estao-sendo-avaliadas\/#primaryimage\"},\"thumbnailUrl\":\"https:\/\/www.gaveanews.com\/wp-content\/uploads\/Yuri-de-Oliveira-durante-treinamento-no-Ninho-do-Urubu.webp\",\"datePublished\":\"2022-10-07T17:58:14+00:00\",\"dateModified\":\"2022-10-07T17:58:17+00:00\",\"author\":{\"@id\":\"https:\/\/www.gaveanews.com\/#\/schema\/person\/2ec14f73fb96be2caf28f91afb14749d\"},\"breadcrumb\":{\"@id\":\"https:\/\/www.gaveanews.com\/index.php\/2022\/10\/07\/meia-lamenta-falta-de-oportunidades-no-flamengo-propostas-do-brasil-e-exterior-estao-sendo-avaliadas\/#breadcrumb\"},\"inLanguage\":\"pt-BR\",\"potentialAction\":[{\"@type\":\"ReadAction\",\"target\":[\"https:\/\/www.gaveanews.com\/index.php\/2022\/10\/07\/meia-lamenta-falta-de-oportunidades-no-flamengo-propostas-do-brasil-e-exterior-estao-sendo-avaliadas\/\"]}]},{\"@type\":\"ImageObject\",\"inLanguage\":\"pt-BR\",\"@id\":\"https:\/\/www.gaveanews.com\/index.php\/2022\/10\/07\/meia-lamenta-falta-de-oportunidades-no-flamengo-propostas-do-brasil-e-exterior-estao-sendo-avaliadas\/#primaryimage\",\"url\":\"https:\/\/www.gaveanews.com\/wp-content\/uploads\/Yuri-de-Oliveira-durante-treinamento-no-Ninho-do-Urubu.webp\",\"contentUrl\":\"https:\/\/www.gaveanews.com\/wp-content\/uploads\/Yuri-de-Oliveira-durante-treinamento-no-Ninho-do-Urubu.webp\",\"width\":640,\"height\":401,\"caption\":\"Yuri de Oliveira durante treinamento no Ninho do Urubu (Foto: Alexandre Vidal\/Flamengo)\"},{\"@type\":\"BreadcrumbList\",\"@id\":\"https:\/\/www.gaveanews.com\/index.php\/2022\/10\/07\/meia-lamenta-falta-de-oportunidades-no-flamengo-propostas-do-brasil-e-exterior-estao-sendo-avaliadas\/#breadcrumb\",\"itemListElement\":[{\"@type\":\"ListItem\",\"position\":1,\"name\":\"Home\",\"item\":\"https:\/\/www.gaveanews.com\/\"},{\"@type\":\"ListItem\",\"position\":2,\"name\":\"Meia lamenta falta de oportunidades no Flamengo; propostas do Brasil e exterior est\u00e3o sendo avaliadas\"}]},{\"@type\":\"WebSite\",\"@id\":\"https:\/\/www.gaveanews.com\/#website\",\"url\":\"https:\/\/www.gaveanews.com\/\",\"name\":\"G\u00e1vea News\",\"description\":\"Veja todas as not\u00edcias sobre o Flamengo: Contrata\u00e7\u00f5es, categorias de base, resultados das partidas, tabela de classifica\u00e7\u00e3o, pr\u00f3ximos jogos!\",\"potentialAction\":[{\"@type\":\"SearchAction\",\"target\":{\"@type\":\"EntryPoint\",\"urlTemplate\":\"https:\/\/www.gaveanews.com\/?s={search_term_string}\"},\"query-input\":{\"@type\":\"PropertyValueSpecification\",\"valueRequired\":true,\"valueName\":\"search_term_string\"}}],\"inLanguage\":\"pt-BR\"},{\"@type\":\"Person\",\"@id\":\"https:\/\/www.gaveanews.com\/#\/schema\/person\/2ec14f73fb96be2caf28f91afb14749d\",\"name\":\"Equipe G\u00e1vea News\",\"image\":{\"@type\":\"ImageObject\",\"inLanguage\":\"pt-BR\",\"@id\":\"https:\/\/www.gaveanews.com\/#\/schema\/person\/image\/\",\"url\":\"https:\/\/secure.gravatar.com\/avatar\/1e1956f1facbffd3f8fa53a326721950116b3b9dc9bd44939c01180fd4a745a9?s=96&d=mm&r=g\",\"contentUrl\":\"https:\/\/secure.gravatar.com\/avatar\/1e1956f1facbffd3f8fa53a326721950116b3b9dc9bd44939c01180fd4a745a9?s=96&d=mm&r=g\",\"caption\":\"Equipe G\u00e1vea News\"}}]}<\/script>\n<!-- \/ Yoast SEO Premium plugin. -->","yoast_head_json":{"title":"Meia lamenta falta de oportunidades no Flamengo; propostas do Brasil e exterior est\u00e3o sendo avaliadas","robots":{"index":"index","follow":"follow","max-snippet":"max-snippet:-1","max-image-preview":"max-image-preview:large","max-video-preview":"max-video-preview:-1"},"canonical":"https:\/\/www.gaveanews.com\/index.php\/2022\/10\/07\/meia-lamenta-falta-de-oportunidades-no-flamengo-propostas-do-brasil-e-exterior-estao-sendo-avaliadas\/","og_locale":"pt_BR","og_type":"article","og_title":"Meia lamenta falta de oportunidades no Flamengo; propostas do Brasil e exterior est\u00e3o sendo avaliadas","og_description":"Com elenco recheado de estrelas, nem todos os jovens das categorias de base conseguem receber oportunidades no time principal do Flamengo. Um dos exemplos \u00e9 Yuri de Oliveira, promessa rubro-negra com passagem pela sele\u00e7\u00e3o de base, que deve deixar o clube no fim do ano. Yuri chegou ao Flamengo com 13 anos, em 2014. Conquistou [&hellip;]","og_url":"https:\/\/www.gaveanews.com\/index.php\/2022\/10\/07\/meia-lamenta-falta-de-oportunidades-no-flamengo-propostas-do-brasil-e-exterior-estao-sendo-avaliadas\/","og_site_name":"G\u00e1vea News","article_publisher":"https:\/\/facebook.com\/gaveaNews\/","article_published_time":"2022-10-07T17:58:14+00:00","article_modified_time":"2022-10-07T17:58:17+00:00","og_image":[{"width":640,"height":401,"url":"https:\/\/www.gaveanews.com\/wp-content\/uploads\/Yuri-de-Oliveira-durante-treinamento-no-Ninho-do-Urubu.webp","type":"image\/jpeg"}],"author":"Equipe G\u00e1vea News","twitter_card":"summary_large_image","twitter_misc":{"Escrito por":"Equipe G\u00e1vea News","Est. tempo de leitura":"5 minutos"},"schema":{"@context":"https:\/\/schema.org","@graph":[{"@type":"NewsArticle","@id":"https:\/\/www.gaveanews.com\/index.php\/2022\/10\/07\/meia-lamenta-falta-de-oportunidades-no-flamengo-propostas-do-brasil-e-exterior-estao-sendo-avaliadas\/#article","isPartOf":{"@id":"https:\/\/www.gaveanews.com\/index.php\/2022\/10\/07\/meia-lamenta-falta-de-oportunidades-no-flamengo-propostas-do-brasil-e-exterior-estao-sendo-avaliadas\/"},"author":{"name":"Equipe G\u00e1vea News","@id":"https:\/\/www.gaveanews.com\/#\/schema\/person\/2ec14f73fb96be2caf28f91afb14749d"},"headline":"Meia lamenta falta de oportunidades no Flamengo; propostas do Brasil e exterior est\u00e3o sendo avaliadas","datePublished":"2022-10-07T17:58:14+00:00","dateModified":"2022-10-07T17:58:17+00:00","mainEntityOfPage":{"@id":"https:\/\/www.gaveanews.com\/index.php\/2022\/10\/07\/meia-lamenta-falta-de-oportunidades-no-flamengo-propostas-do-brasil-e-exterior-estao-sendo-avaliadas\/"},"wordCount":891,"commentCount":0,"image":{"@id":"https:\/\/www.gaveanews.com\/index.php\/2022\/10\/07\/meia-lamenta-falta-de-oportunidades-no-flamengo-propostas-do-brasil-e-exterior-estao-sendo-avaliadas\/#primaryimage"},"thumbnailUrl":"https:\/\/www.gaveanews.com\/wp-content\/uploads\/Yuri-de-Oliveira-durante-treinamento-no-Ninho-do-Urubu.webp","articleSection":["Negocia\u00e7\u00f5es"],"inLanguage":"pt-BR","potentialAction":[{"@type":"CommentAction","name":"Comment","target":["https:\/\/www.gaveanews.com\/index.php\/2022\/10\/07\/meia-lamenta-falta-de-oportunidades-no-flamengo-propostas-do-brasil-e-exterior-estao-sendo-avaliadas\/#respond"]}],"copyrightYear":"2022","copyrightHolder":{"@id":"https:\/\/www.gaveanews.com\/#organization"}},{"@type":"WebPage","@id":"https:\/\/www.gaveanews.com\/index.php\/2022\/10\/07\/meia-lamenta-falta-de-oportunidades-no-flamengo-propostas-do-brasil-e-exterior-estao-sendo-avaliadas\/","url":"https:\/\/www.gaveanews.com\/index.php\/2022\/10\/07\/meia-lamenta-falta-de-oportunidades-no-flamengo-propostas-do-brasil-e-exterior-estao-sendo-avaliadas\/","name":"Meia lamenta falta de oportunidades no Flamengo; propostas do Brasil e exterior est\u00e3o sendo avaliadas","isPartOf":{"@id":"https:\/\/www.gaveanews.com\/#website"},"primaryImageOfPage":{"@id":"https:\/\/www.gaveanews.com\/index.php\/2022\/10\/07\/meia-lamenta-falta-de-oportunidades-no-flamengo-propostas-do-brasil-e-exterior-estao-sendo-avaliadas\/#primaryimage"},"image":{"@id":"https:\/\/www.gaveanews.com\/index.php\/2022\/10\/07\/meia-lamenta-falta-de-oportunidades-no-flamengo-propostas-do-brasil-e-exterior-estao-sendo-avaliadas\/#primaryimage"},"thumbnailUrl":"https:\/\/www.gaveanews.com\/wp-content\/uploads\/Yuri-de-Oliveira-durante-treinamento-no-Ninho-do-Urubu.webp","datePublished":"2022-10-07T17:58:14+00:00","dateModified":"2022-10-07T17:58:17+00:00","author":{"@id":"https:\/\/www.gaveanews.com\/#\/schema\/person\/2ec14f73fb96be2caf28f91afb14749d"},"breadcrumb":{"@id":"https:\/\/www.gaveanews.com\/index.php\/2022\/10\/07\/meia-lamenta-falta-de-oportunidades-no-flamengo-propostas-do-brasil-e-exterior-estao-sendo-avaliadas\/#breadcrumb"},"inLanguage":"pt-BR","potentialAction":[{"@type":"ReadAction","target":["https:\/\/www.gaveanews.com\/index.php\/2022\/10\/07\/meia-lamenta-falta-de-oportunidades-no-flamengo-propostas-do-brasil-e-exterior-estao-sendo-avaliadas\/"]}]},{"@type":"ImageObject","inLanguage":"pt-BR","@id":"https:\/\/www.gaveanews.com\/index.php\/2022\/10\/07\/meia-lamenta-falta-de-oportunidades-no-flamengo-propostas-do-brasil-e-exterior-estao-sendo-avaliadas\/#primaryimage","url":"https:\/\/www.gaveanews.com\/wp-content\/uploads\/Yuri-de-Oliveira-durante-treinamento-no-Ninho-do-Urubu.webp","contentUrl":"https:\/\/www.gaveanews.com\/wp-content\/uploads\/Yuri-de-Oliveira-durante-treinamento-no-Ninho-do-Urubu.webp","width":640,"height":401,"caption":"Yuri de Oliveira durante treinamento no Ninho do Urubu (Foto: Alexandre Vidal\/Flamengo)"},{"@type":"BreadcrumbList","@id":"https:\/\/www.gaveanews.com\/index.php\/2022\/10\/07\/meia-lamenta-falta-de-oportunidades-no-flamengo-propostas-do-brasil-e-exterior-estao-sendo-avaliadas\/#breadcrumb","itemListElement":[{"@type":"ListItem","position":1,"name":"Home","item":"https:\/\/www.gaveanews.com\/"},{"@type":"ListItem","position":2,"name":"Meia lamenta falta de oportunidades no Flamengo; propostas do Brasil e exterior est\u00e3o sendo avaliadas"}]},{"@type":"WebSite","@id":"https:\/\/www.gaveanews.com\/#website","url":"https:\/\/www.gaveanews.com\/","name":"G\u00e1vea News","description":"Veja todas as not\u00edcias sobre o Flamengo: Contrata\u00e7\u00f5es, categorias de base, resultados das partidas, tabela de classifica\u00e7\u00e3o, pr\u00f3ximos jogos!","potentialAction":[{"@type":"SearchAction","target":{"@type":"EntryPoint","urlTemplate":"https:\/\/www.gaveanews.com\/?s={search_term_string}"},"query-input":{"@type":"PropertyValueSpecification","valueRequired":true,"valueName":"search_term_string"}}],"inLanguage":"pt-BR"},{"@type":"Person","@id":"https:\/\/www.gaveanews.com\/#\/schema\/person\/2ec14f73fb96be2caf28f91afb14749d","name":"Equipe G\u00e1vea News","image":{"@type":"ImageObject","inLanguage":"pt-BR","@id":"https:\/\/www.gaveanews.com\/#\/schema\/person\/image\/","url":"https:\/\/secure.gravatar.com\/avatar\/1e1956f1facbffd3f8fa53a326721950116b3b9dc9bd44939c01180fd4a745a9?s=96&d=mm&r=g","contentUrl":"https:\/\/secure.gravatar.com\/avatar\/1e1956f1facbffd3f8fa53a326721950116b3b9dc9bd44939c01180fd4a745a9?s=96&d=mm&r=g","caption":"Equipe G\u00e1vea News"}}]}},"_links":{"self":[{"href":"https:\/\/www.gaveanews.com\/index.php\/wp-json\/wp\/v2\/posts\/88715","targetHints":{"allow":["GET"]}}],"collection":[{"href":"https:\/\/www.gaveanews.com\/index.php\/wp-json\/wp\/v2\/posts"}],"about":[{"href":"https:\/\/www.gaveanews.com\/index.php\/wp-json\/wp\/v2\/types\/post"}],"author":[{"embeddable":true,"href":"https:\/\/www.gaveanews.com\/index.php\/wp-json\/wp\/v2\/users\/1"}],"replies":[{"embeddable":true,"href":"https:\/\/www.gaveanews.com\/index.php\/wp-json\/wp\/v2\/comments?post=88715"}],"version-history":[{"count":0,"href":"https:\/\/www.gaveanews.com\/index.php\/wp-json\/wp\/v2\/posts\/88715\/revisions"}],"wp:featuredmedia":[{"embeddable":true,"href":"https:\/\/www.gaveanews.com\/index.php\/wp-json\/wp\/v2\/media\/27462"}],"wp:attachment":[{"href":"https:\/\/www.gaveanews.com\/index.php\/wp-json\/wp\/v2\/media?parent=88715"}],"wp:term":[{"taxonomy":"category","embeddable":true,"href":"https:\/\/www.gaveanews.com\/index.php\/wp-json\/wp\/v2\/categories?post=88715"},{"taxonomy":"post_tag","embeddable":true,"href":"https:\/\/www.gaveanews.com\/index.php\/wp-json\/wp\/v2\/tags?post=88715"}],"curies":[{"name":"wp","href":"https:\/\/api.w.org\/{rel}","templated":true}]}}