{"id":88817,"date":"2022-10-11T14:19:03","date_gmt":"2022-10-11T17:19:03","guid":{"rendered":"https:\/\/www.gaveanews.com\/?p=88817"},"modified":"2022-10-11T14:19:05","modified_gmt":"2022-10-11T17:19:05","slug":"corinthians-x-flamengo-veja-a-lista-de-relacionados-pelo-rubro-negro-para-o-jogo-de-ida-da-final-da-copa-do-brasil","status":"publish","type":"post","link":"https:\/\/www.gaveanews.com\/index.php\/2022\/10\/11\/corinthians-x-flamengo-veja-a-lista-de-relacionados-pelo-rubro-negro-para-o-jogo-de-ida-da-final-da-copa-do-brasil\/","title":{"rendered":"Corinthians x Flamengo: veja a lista de relacionados pelo Rubro-Negro para o jogo de ida da final da Copa do Brasil"},"content":{"rendered":"\n<p>Est\u00e1 chegando a hora! Nesta quarta-feira (12), Flamengo e Corinthians se encontram no primeiro confronto pela final da Copa do Brasil. O embarque do Mais Querido acontece na tarde desta ter\u00e7a (11).<\/p>\n\n\n\n<p>Com grande parte do elenco \u00e0 disposi\u00e7\u00e3o, Dorival J\u00fanior levar\u00e1 a delega\u00e7\u00e3o rubro-negra com diversas op\u00e7\u00f5es para acionar no decorrer da partida. Apesar de nem todos poderem entrar em campo, a equipe viajar\u00e1 completa para S\u00e3o Paulo.<\/p>\n\n\n\n<p>Rodrigo Caio, Bruno Henrique (se recuperam de cirurgias no joelho), Erick Pulgar e Guilhermo Varela (n\u00e3o est\u00e3o inscritos na competi\u00e7\u00e3o), apesar de n\u00e3o terem condi\u00e7\u00f5es de participar do confronto, comp\u00f5em a delega\u00e7\u00e3o rubro-negra.<\/p>\n\n\n\n<p>Antecipando as aus\u00eancias entre os que est\u00e3o aptos a jogar, Dorival tamb\u00e9m teve outros pontos a considerar em suas estrat\u00e9gias. O t\u00e9cnico ter\u00e1 que ter cautela ao acionar L\u00e9o Pereira, Jo\u00e3o Gomes, Everton Ribeiro e Gabigol, uma vez que os quatro est\u00e3o pendurados e podem ficar de fora do jogo de volta da final do torneio.<\/p>\n\n\n\n<p>O confronto acontecer\u00e1 nesta quarta-feira, \u00e0s 21h45 (hor\u00e1rio de Bras\u00edlia), em Itaquera. A partida decisiva, por sua vez, fica para a pr\u00f3xima quarta (19), neste mesmo hor\u00e1rio, no Maracan\u00e3.<\/p>\n\n\n\n<h2 class=\"wp-block-heading\" id=\"h-jogadores-relacionados-pelo-flamengo\">Jogadores relacionados pelo Flamengo:<\/h2>\n\n\n\n<ul><li><strong>Goleiros: <\/strong>Diego Alves, Hugo Souza, Matheus Cunha, Santos;<\/li><li><strong>Zagueiros: <\/strong>David Luiz, Fabr\u00edcio Bruno, L\u00e9o Pereira, Pablo, Rodrigo Caio;<\/li><li><strong>Laterais-direitos: <\/strong>Varela, Matheuzinho, Rodinei;<\/li><li><strong>Laterais-esquerdos: <\/strong>Ayrton Lucas, Filipe Lu\u00eds;<\/li><li><strong>Volantes: <\/strong>Erick Pulgar, Jo\u00e3o Gomes, Thiago Maia, Vidal;<\/li><li><strong>Meias: <\/strong>Arrascaeta, Diego Ribas, Everton Ribeiro, Matheus Fran\u00e7a, Victor Hugo, Daniel Cabral;<\/li><li><strong>Atacantes: <\/strong>Bruno Henrique, Everton Cebolinha, Gabigol, Marinho, Matheus\u00e3o, Pedro.<\/li><\/ul>\n","protected":false},"excerpt":{"rendered":"<p>Est\u00e1 chegando a hora! Nesta quarta-feira (12), Flamengo e Corinthians se encontram no primeiro confronto pela final da Copa do Brasil. O embarque do Mais Querido acontece na tarde desta ter\u00e7a (11). Com grande parte do elenco \u00e0 disposi\u00e7\u00e3o, Dorival J\u00fanior levar\u00e1 a delega\u00e7\u00e3o rubro-negra com diversas op\u00e7\u00f5es para acionar no decorrer da partida. Apesar [&hellip;]<\/p>\n","protected":false},"author":4,"featured_media":86401,"comment_status":"open","ping_status":"closed","sticky":false,"template":"","format":"standard","meta":{"footnotes":""},"categories":[1],"tags":[],"class_list":["post-88817","post","type-post","status-publish","format-standard","has-post-thumbnail","hentry","category-flamengo"],"yoast_head":"<!-- This site is optimized with the Yoast SEO Premium plugin v24.2 (Yoast SEO v26.9) - https:\/\/yoast.com\/product\/yoast-seo-premium-wordpress\/ -->\n<title>Corinthians x Flamengo: veja a lista de relacionados pelo Rubro-Negro para o jogo de ida da final da Copa do Brasil<\/title>\n<meta name=\"robots\" content=\"index, follow, max-snippet:-1, max-image-preview:large, max-video-preview:-1\" \/>\n<link rel=\"canonical\" href=\"https:\/\/www.gaveanews.com\/index.php\/2022\/10\/11\/corinthians-x-flamengo-veja-a-lista-de-relacionados-pelo-rubro-negro-para-o-jogo-de-ida-da-final-da-copa-do-brasil\/\" \/>\n<meta property=\"og:locale\" content=\"pt_BR\" \/>\n<meta property=\"og:type\" content=\"article\" \/>\n<meta property=\"og:title\" content=\"Corinthians x Flamengo: veja a lista de relacionados pelo Rubro-Negro para o jogo de ida da final da Copa do Brasil\" \/>\n<meta property=\"og:description\" content=\"Est\u00e1 chegando a hora! Nesta quarta-feira (12), Flamengo e Corinthians se encontram no primeiro confronto pela final da Copa do Brasil. O embarque do Mais Querido acontece na tarde desta ter\u00e7a (11). Com grande parte do elenco \u00e0 disposi\u00e7\u00e3o, Dorival J\u00fanior levar\u00e1 a delega\u00e7\u00e3o rubro-negra com diversas op\u00e7\u00f5es para acionar no decorrer da partida. Apesar [&hellip;]\" \/>\n<meta property=\"og:url\" content=\"https:\/\/www.gaveanews.com\/index.php\/2022\/10\/11\/corinthians-x-flamengo-veja-a-lista-de-relacionados-pelo-rubro-negro-para-o-jogo-de-ida-da-final-da-copa-do-brasil\/\" \/>\n<meta property=\"og:site_name\" content=\"G\u00e1vea News\" \/>\n<meta property=\"article:publisher\" content=\"https:\/\/facebook.com\/gaveaNews\/\" \/>\n<meta property=\"article:published_time\" content=\"2022-10-11T17:19:03+00:00\" \/>\n<meta property=\"article:modified_time\" content=\"2022-10-11T17:19:05+00:00\" \/>\n<meta property=\"og:image\" content=\"https:\/\/www.gaveanews.com\/wp-content\/uploads\/Leo-Pereira-em-jogo-do-Flamengo-contra-o-Sao-Paulo-pela-Copa-do-Brasil.webp\" \/>\n\t<meta property=\"og:image:width\" content=\"799\" \/>\n\t<meta property=\"og:image:height\" content=\"533\" \/>\n\t<meta property=\"og:image:type\" content=\"image\/jpeg\" \/>\n<meta name=\"author\" content=\"Let\u00edcia Gerheim\" \/>\n<meta name=\"twitter:card\" content=\"summary_large_image\" \/>\n<meta name=\"twitter:label1\" content=\"Escrito por\" \/>\n\t<meta name=\"twitter:data1\" content=\"Let\u00edcia Gerheim\" \/>\n\t<meta name=\"twitter:label2\" content=\"Est. tempo de leitura\" \/>\n\t<meta name=\"twitter:data2\" content=\"2 minutos\" \/>\n<script type=\"application\/ld+json\" class=\"yoast-schema-graph\">{\"@context\":\"https:\/\/schema.org\",\"@graph\":[{\"@type\":\"NewsArticle\",\"@id\":\"https:\/\/www.gaveanews.com\/index.php\/2022\/10\/11\/corinthians-x-flamengo-veja-a-lista-de-relacionados-pelo-rubro-negro-para-o-jogo-de-ida-da-final-da-copa-do-brasil\/#article\",\"isPartOf\":{\"@id\":\"https:\/\/www.gaveanews.com\/index.php\/2022\/10\/11\/corinthians-x-flamengo-veja-a-lista-de-relacionados-pelo-rubro-negro-para-o-jogo-de-ida-da-final-da-copa-do-brasil\/\"},\"author\":{\"name\":\"Let\u00edcia Gerheim\",\"@id\":\"https:\/\/www.gaveanews.com\/#\/schema\/person\/714c67050b836198af2450ba1c142a67\"},\"headline\":\"Corinthians x Flamengo: veja a lista de relacionados pelo Rubro-Negro para o jogo de ida da final da Copa do Brasil\",\"datePublished\":\"2022-10-11T17:19:03+00:00\",\"dateModified\":\"2022-10-11T17:19:05+00:00\",\"mainEntityOfPage\":{\"@id\":\"https:\/\/www.gaveanews.com\/index.php\/2022\/10\/11\/corinthians-x-flamengo-veja-a-lista-de-relacionados-pelo-rubro-negro-para-o-jogo-de-ida-da-final-da-copa-do-brasil\/\"},\"wordCount\":295,\"commentCount\":0,\"image\":{\"@id\":\"https:\/\/www.gaveanews.com\/index.php\/2022\/10\/11\/corinthians-x-flamengo-veja-a-lista-de-relacionados-pelo-rubro-negro-para-o-jogo-de-ida-da-final-da-copa-do-brasil\/#primaryimage\"},\"thumbnailUrl\":\"https:\/\/www.gaveanews.com\/wp-content\/uploads\/Leo-Pereira-em-jogo-do-Flamengo-contra-o-Sao-Paulo-pela-Copa-do-Brasil.webp\",\"articleSection\":[\"Flamengo\"],\"inLanguage\":\"pt-BR\",\"potentialAction\":[{\"@type\":\"CommentAction\",\"name\":\"Comment\",\"target\":[\"https:\/\/www.gaveanews.com\/index.php\/2022\/10\/11\/corinthians-x-flamengo-veja-a-lista-de-relacionados-pelo-rubro-negro-para-o-jogo-de-ida-da-final-da-copa-do-brasil\/#respond\"]}],\"copyrightYear\":\"2022\",\"copyrightHolder\":{\"@id\":\"https:\/\/www.gaveanews.com\/#organization\"}},{\"@type\":\"WebPage\",\"@id\":\"https:\/\/www.gaveanews.com\/index.php\/2022\/10\/11\/corinthians-x-flamengo-veja-a-lista-de-relacionados-pelo-rubro-negro-para-o-jogo-de-ida-da-final-da-copa-do-brasil\/\",\"url\":\"https:\/\/www.gaveanews.com\/index.php\/2022\/10\/11\/corinthians-x-flamengo-veja-a-lista-de-relacionados-pelo-rubro-negro-para-o-jogo-de-ida-da-final-da-copa-do-brasil\/\",\"name\":\"Corinthians x Flamengo: veja a lista de relacionados pelo Rubro-Negro para o jogo de ida da final da Copa do Brasil\",\"isPartOf\":{\"@id\":\"https:\/\/www.gaveanews.com\/#website\"},\"primaryImageOfPage\":{\"@id\":\"https:\/\/www.gaveanews.com\/index.php\/2022\/10\/11\/corinthians-x-flamengo-veja-a-lista-de-relacionados-pelo-rubro-negro-para-o-jogo-de-ida-da-final-da-copa-do-brasil\/#primaryimage\"},\"image\":{\"@id\":\"https:\/\/www.gaveanews.com\/index.php\/2022\/10\/11\/corinthians-x-flamengo-veja-a-lista-de-relacionados-pelo-rubro-negro-para-o-jogo-de-ida-da-final-da-copa-do-brasil\/#primaryimage\"},\"thumbnailUrl\":\"https:\/\/www.gaveanews.com\/wp-content\/uploads\/Leo-Pereira-em-jogo-do-Flamengo-contra-o-Sao-Paulo-pela-Copa-do-Brasil.webp\",\"datePublished\":\"2022-10-11T17:19:03+00:00\",\"dateModified\":\"2022-10-11T17:19:05+00:00\",\"author\":{\"@id\":\"https:\/\/www.gaveanews.com\/#\/schema\/person\/714c67050b836198af2450ba1c142a67\"},\"breadcrumb\":{\"@id\":\"https:\/\/www.gaveanews.com\/index.php\/2022\/10\/11\/corinthians-x-flamengo-veja-a-lista-de-relacionados-pelo-rubro-negro-para-o-jogo-de-ida-da-final-da-copa-do-brasil\/#breadcrumb\"},\"inLanguage\":\"pt-BR\",\"potentialAction\":[{\"@type\":\"ReadAction\",\"target\":[\"https:\/\/www.gaveanews.com\/index.php\/2022\/10\/11\/corinthians-x-flamengo-veja-a-lista-de-relacionados-pelo-rubro-negro-para-o-jogo-de-ida-da-final-da-copa-do-brasil\/\"]}]},{\"@type\":\"ImageObject\",\"inLanguage\":\"pt-BR\",\"@id\":\"https:\/\/www.gaveanews.com\/index.php\/2022\/10\/11\/corinthians-x-flamengo-veja-a-lista-de-relacionados-pelo-rubro-negro-para-o-jogo-de-ida-da-final-da-copa-do-brasil\/#primaryimage\",\"url\":\"https:\/\/www.gaveanews.com\/wp-content\/uploads\/Leo-Pereira-em-jogo-do-Flamengo-contra-o-Sao-Paulo-pela-Copa-do-Brasil.webp\",\"contentUrl\":\"https:\/\/www.gaveanews.com\/wp-content\/uploads\/Leo-Pereira-em-jogo-do-Flamengo-contra-o-Sao-Paulo-pela-Copa-do-Brasil.webp\",\"width\":799,\"height\":533,\"caption\":\"L\u00e9o Pereira em jogo do Flamengo contra o S\u00e3o Paulo pela Copa do Brasil (Foto: Gilvan de Souza\/ Flamengo)\"},{\"@type\":\"BreadcrumbList\",\"@id\":\"https:\/\/www.gaveanews.com\/index.php\/2022\/10\/11\/corinthians-x-flamengo-veja-a-lista-de-relacionados-pelo-rubro-negro-para-o-jogo-de-ida-da-final-da-copa-do-brasil\/#breadcrumb\",\"itemListElement\":[{\"@type\":\"ListItem\",\"position\":1,\"name\":\"Home\",\"item\":\"https:\/\/www.gaveanews.com\/\"},{\"@type\":\"ListItem\",\"position\":2,\"name\":\"Corinthians x Flamengo: veja a lista de relacionados pelo Rubro-Negro para o jogo de ida da final da Copa do Brasil\"}]},{\"@type\":\"WebSite\",\"@id\":\"https:\/\/www.gaveanews.com\/#website\",\"url\":\"https:\/\/www.gaveanews.com\/\",\"name\":\"G\u00e1vea News\",\"description\":\"Veja todas as not\u00edcias sobre o Flamengo: Contrata\u00e7\u00f5es, categorias de base, resultados das partidas, tabela de classifica\u00e7\u00e3o, pr\u00f3ximos jogos!\",\"potentialAction\":[{\"@type\":\"SearchAction\",\"target\":{\"@type\":\"EntryPoint\",\"urlTemplate\":\"https:\/\/www.gaveanews.com\/?s={search_term_string}\"},\"query-input\":{\"@type\":\"PropertyValueSpecification\",\"valueRequired\":true,\"valueName\":\"search_term_string\"}}],\"inLanguage\":\"pt-BR\"},{\"@type\":\"Person\",\"@id\":\"https:\/\/www.gaveanews.com\/#\/schema\/person\/714c67050b836198af2450ba1c142a67\",\"name\":\"Let\u00edcia Gerheim\",\"image\":{\"@type\":\"ImageObject\",\"inLanguage\":\"pt-BR\",\"@id\":\"https:\/\/www.gaveanews.com\/#\/schema\/person\/image\/\",\"url\":\"https:\/\/secure.gravatar.com\/avatar\/60734739c50fcebfbac509e2a826ccd0ff405c019bc73aab9354f19ecad1dcb4?s=96&d=mm&r=g\",\"contentUrl\":\"https:\/\/secure.gravatar.com\/avatar\/60734739c50fcebfbac509e2a826ccd0ff405c019bc73aab9354f19ecad1dcb4?s=96&d=mm&r=g\",\"caption\":\"Let\u00edcia Gerheim\"}}]}<\/script>\n<!-- \/ Yoast SEO Premium plugin. -->","yoast_head_json":{"title":"Corinthians x Flamengo: veja a lista de relacionados pelo Rubro-Negro para o jogo de ida da final da Copa do Brasil","robots":{"index":"index","follow":"follow","max-snippet":"max-snippet:-1","max-image-preview":"max-image-preview:large","max-video-preview":"max-video-preview:-1"},"canonical":"https:\/\/www.gaveanews.com\/index.php\/2022\/10\/11\/corinthians-x-flamengo-veja-a-lista-de-relacionados-pelo-rubro-negro-para-o-jogo-de-ida-da-final-da-copa-do-brasil\/","og_locale":"pt_BR","og_type":"article","og_title":"Corinthians x Flamengo: veja a lista de relacionados pelo Rubro-Negro para o jogo de ida da final da Copa do Brasil","og_description":"Est\u00e1 chegando a hora! Nesta quarta-feira (12), Flamengo e Corinthians se encontram no primeiro confronto pela final da Copa do Brasil. O embarque do Mais Querido acontece na tarde desta ter\u00e7a (11). Com grande parte do elenco \u00e0 disposi\u00e7\u00e3o, Dorival J\u00fanior levar\u00e1 a delega\u00e7\u00e3o rubro-negra com diversas op\u00e7\u00f5es para acionar no decorrer da partida. Apesar [&hellip;]","og_url":"https:\/\/www.gaveanews.com\/index.php\/2022\/10\/11\/corinthians-x-flamengo-veja-a-lista-de-relacionados-pelo-rubro-negro-para-o-jogo-de-ida-da-final-da-copa-do-brasil\/","og_site_name":"G\u00e1vea News","article_publisher":"https:\/\/facebook.com\/gaveaNews\/","article_published_time":"2022-10-11T17:19:03+00:00","article_modified_time":"2022-10-11T17:19:05+00:00","og_image":[{"width":799,"height":533,"url":"https:\/\/www.gaveanews.com\/wp-content\/uploads\/Leo-Pereira-em-jogo-do-Flamengo-contra-o-Sao-Paulo-pela-Copa-do-Brasil.webp","type":"image\/jpeg"}],"author":"Let\u00edcia Gerheim","twitter_card":"summary_large_image","twitter_misc":{"Escrito por":"Let\u00edcia Gerheim","Est. tempo de leitura":"2 minutos"},"schema":{"@context":"https:\/\/schema.org","@graph":[{"@type":"NewsArticle","@id":"https:\/\/www.gaveanews.com\/index.php\/2022\/10\/11\/corinthians-x-flamengo-veja-a-lista-de-relacionados-pelo-rubro-negro-para-o-jogo-de-ida-da-final-da-copa-do-brasil\/#article","isPartOf":{"@id":"https:\/\/www.gaveanews.com\/index.php\/2022\/10\/11\/corinthians-x-flamengo-veja-a-lista-de-relacionados-pelo-rubro-negro-para-o-jogo-de-ida-da-final-da-copa-do-brasil\/"},"author":{"name":"Let\u00edcia Gerheim","@id":"https:\/\/www.gaveanews.com\/#\/schema\/person\/714c67050b836198af2450ba1c142a67"},"headline":"Corinthians x Flamengo: veja a lista de relacionados pelo Rubro-Negro para o jogo de ida da final da Copa do Brasil","datePublished":"2022-10-11T17:19:03+00:00","dateModified":"2022-10-11T17:19:05+00:00","mainEntityOfPage":{"@id":"https:\/\/www.gaveanews.com\/index.php\/2022\/10\/11\/corinthians-x-flamengo-veja-a-lista-de-relacionados-pelo-rubro-negro-para-o-jogo-de-ida-da-final-da-copa-do-brasil\/"},"wordCount":295,"commentCount":0,"image":{"@id":"https:\/\/www.gaveanews.com\/index.php\/2022\/10\/11\/corinthians-x-flamengo-veja-a-lista-de-relacionados-pelo-rubro-negro-para-o-jogo-de-ida-da-final-da-copa-do-brasil\/#primaryimage"},"thumbnailUrl":"https:\/\/www.gaveanews.com\/wp-content\/uploads\/Leo-Pereira-em-jogo-do-Flamengo-contra-o-Sao-Paulo-pela-Copa-do-Brasil.webp","articleSection":["Flamengo"],"inLanguage":"pt-BR","potentialAction":[{"@type":"CommentAction","name":"Comment","target":["https:\/\/www.gaveanews.com\/index.php\/2022\/10\/11\/corinthians-x-flamengo-veja-a-lista-de-relacionados-pelo-rubro-negro-para-o-jogo-de-ida-da-final-da-copa-do-brasil\/#respond"]}],"copyrightYear":"2022","copyrightHolder":{"@id":"https:\/\/www.gaveanews.com\/#organization"}},{"@type":"WebPage","@id":"https:\/\/www.gaveanews.com\/index.php\/2022\/10\/11\/corinthians-x-flamengo-veja-a-lista-de-relacionados-pelo-rubro-negro-para-o-jogo-de-ida-da-final-da-copa-do-brasil\/","url":"https:\/\/www.gaveanews.com\/index.php\/2022\/10\/11\/corinthians-x-flamengo-veja-a-lista-de-relacionados-pelo-rubro-negro-para-o-jogo-de-ida-da-final-da-copa-do-brasil\/","name":"Corinthians x Flamengo: veja a lista de relacionados pelo Rubro-Negro para o jogo de ida da final da Copa do Brasil","isPartOf":{"@id":"https:\/\/www.gaveanews.com\/#website"},"primaryImageOfPage":{"@id":"https:\/\/www.gaveanews.com\/index.php\/2022\/10\/11\/corinthians-x-flamengo-veja-a-lista-de-relacionados-pelo-rubro-negro-para-o-jogo-de-ida-da-final-da-copa-do-brasil\/#primaryimage"},"image":{"@id":"https:\/\/www.gaveanews.com\/index.php\/2022\/10\/11\/corinthians-x-flamengo-veja-a-lista-de-relacionados-pelo-rubro-negro-para-o-jogo-de-ida-da-final-da-copa-do-brasil\/#primaryimage"},"thumbnailUrl":"https:\/\/www.gaveanews.com\/wp-content\/uploads\/Leo-Pereira-em-jogo-do-Flamengo-contra-o-Sao-Paulo-pela-Copa-do-Brasil.webp","datePublished":"2022-10-11T17:19:03+00:00","dateModified":"2022-10-11T17:19:05+00:00","author":{"@id":"https:\/\/www.gaveanews.com\/#\/schema\/person\/714c67050b836198af2450ba1c142a67"},"breadcrumb":{"@id":"https:\/\/www.gaveanews.com\/index.php\/2022\/10\/11\/corinthians-x-flamengo-veja-a-lista-de-relacionados-pelo-rubro-negro-para-o-jogo-de-ida-da-final-da-copa-do-brasil\/#breadcrumb"},"inLanguage":"pt-BR","potentialAction":[{"@type":"ReadAction","target":["https:\/\/www.gaveanews.com\/index.php\/2022\/10\/11\/corinthians-x-flamengo-veja-a-lista-de-relacionados-pelo-rubro-negro-para-o-jogo-de-ida-da-final-da-copa-do-brasil\/"]}]},{"@type":"ImageObject","inLanguage":"pt-BR","@id":"https:\/\/www.gaveanews.com\/index.php\/2022\/10\/11\/corinthians-x-flamengo-veja-a-lista-de-relacionados-pelo-rubro-negro-para-o-jogo-de-ida-da-final-da-copa-do-brasil\/#primaryimage","url":"https:\/\/www.gaveanews.com\/wp-content\/uploads\/Leo-Pereira-em-jogo-do-Flamengo-contra-o-Sao-Paulo-pela-Copa-do-Brasil.webp","contentUrl":"https:\/\/www.gaveanews.com\/wp-content\/uploads\/Leo-Pereira-em-jogo-do-Flamengo-contra-o-Sao-Paulo-pela-Copa-do-Brasil.webp","width":799,"height":533,"caption":"L\u00e9o Pereira em jogo do Flamengo contra o S\u00e3o Paulo pela Copa do Brasil (Foto: Gilvan de Souza\/ Flamengo)"},{"@type":"BreadcrumbList","@id":"https:\/\/www.gaveanews.com\/index.php\/2022\/10\/11\/corinthians-x-flamengo-veja-a-lista-de-relacionados-pelo-rubro-negro-para-o-jogo-de-ida-da-final-da-copa-do-brasil\/#breadcrumb","itemListElement":[{"@type":"ListItem","position":1,"name":"Home","item":"https:\/\/www.gaveanews.com\/"},{"@type":"ListItem","position":2,"name":"Corinthians x Flamengo: veja a lista de relacionados pelo Rubro-Negro para o jogo de ida da final da Copa do Brasil"}]},{"@type":"WebSite","@id":"https:\/\/www.gaveanews.com\/#website","url":"https:\/\/www.gaveanews.com\/","name":"G\u00e1vea News","description":"Veja todas as not\u00edcias sobre o Flamengo: Contrata\u00e7\u00f5es, categorias de base, resultados das partidas, tabela de classifica\u00e7\u00e3o, pr\u00f3ximos jogos!","potentialAction":[{"@type":"SearchAction","target":{"@type":"EntryPoint","urlTemplate":"https:\/\/www.gaveanews.com\/?s={search_term_string}"},"query-input":{"@type":"PropertyValueSpecification","valueRequired":true,"valueName":"search_term_string"}}],"inLanguage":"pt-BR"},{"@type":"Person","@id":"https:\/\/www.gaveanews.com\/#\/schema\/person\/714c67050b836198af2450ba1c142a67","name":"Let\u00edcia Gerheim","image":{"@type":"ImageObject","inLanguage":"pt-BR","@id":"https:\/\/www.gaveanews.com\/#\/schema\/person\/image\/","url":"https:\/\/secure.gravatar.com\/avatar\/60734739c50fcebfbac509e2a826ccd0ff405c019bc73aab9354f19ecad1dcb4?s=96&d=mm&r=g","contentUrl":"https:\/\/secure.gravatar.com\/avatar\/60734739c50fcebfbac509e2a826ccd0ff405c019bc73aab9354f19ecad1dcb4?s=96&d=mm&r=g","caption":"Let\u00edcia Gerheim"}}]}},"_links":{"self":[{"href":"https:\/\/www.gaveanews.com\/index.php\/wp-json\/wp\/v2\/posts\/88817","targetHints":{"allow":["GET"]}}],"collection":[{"href":"https:\/\/www.gaveanews.com\/index.php\/wp-json\/wp\/v2\/posts"}],"about":[{"href":"https:\/\/www.gaveanews.com\/index.php\/wp-json\/wp\/v2\/types\/post"}],"author":[{"embeddable":true,"href":"https:\/\/www.gaveanews.com\/index.php\/wp-json\/wp\/v2\/users\/4"}],"replies":[{"embeddable":true,"href":"https:\/\/www.gaveanews.com\/index.php\/wp-json\/wp\/v2\/comments?post=88817"}],"version-history":[{"count":0,"href":"https:\/\/www.gaveanews.com\/index.php\/wp-json\/wp\/v2\/posts\/88817\/revisions"}],"wp:featuredmedia":[{"embeddable":true,"href":"https:\/\/www.gaveanews.com\/index.php\/wp-json\/wp\/v2\/media\/86401"}],"wp:attachment":[{"href":"https:\/\/www.gaveanews.com\/index.php\/wp-json\/wp\/v2\/media?parent=88817"}],"wp:term":[{"taxonomy":"category","embeddable":true,"href":"https:\/\/www.gaveanews.com\/index.php\/wp-json\/wp\/v2\/categories?post=88817"},{"taxonomy":"post_tag","embeddable":true,"href":"https:\/\/www.gaveanews.com\/index.php\/wp-json\/wp\/v2\/tags?post=88817"}],"curies":[{"name":"wp","href":"https:\/\/api.w.org\/{rel}","templated":true}]}}