{"id":88826,"date":"2022-10-12T20:44:44","date_gmt":"2022-10-12T23:44:44","guid":{"rendered":"https:\/\/www.gaveanews.com\/?p=88826"},"modified":"2022-10-13T00:40:27","modified_gmt":"2022-10-13T03:40:27","slug":"saiu-veja-a-escalacao-do-flamengo-para-o-jogo-contra-o-corinthians-pela-final-da-copa-do-brasil","status":"publish","type":"post","link":"https:\/\/www.gaveanews.com\/index.php\/2022\/10\/12\/saiu-veja-a-escalacao-do-flamengo-para-o-jogo-contra-o-corinthians-pela-final-da-copa-do-brasil\/","title":{"rendered":"Saiu! Veja a escala\u00e7\u00e3o do Flamengo para o jogo contra o Corinthians pela final da Copa do Brasil"},"content":{"rendered":"\n<p>Nesta noite, Corinthians e Flamengo se encontram na Neo Qu\u00edmica Arena no jogo de ida pela final da Copa do Brasil. O confronto iniciar\u00e1 \u00e0s 21h45 (hor\u00e1rio de Bras\u00edlia).<\/p>\n\n\n\n<p>Ap\u00f3s passarem por Fluminense e S\u00e3o Paulo, as equipes se enfrentam nos primeiros 90 minutos da decis\u00e3o pela ta\u00e7a da competi\u00e7\u00e3o nacional. Como de costume, o <a href=\"http:\/\/gaveanews.com\">G\u00e1vea News<\/a> preparou um resum\u00e3o com as principais informa\u00e7\u00f5es do confronto.<\/p>\n\n\n\n<h2 class=\"wp-block-heading\" id=\"h-transmissao\">Transmiss\u00e3o:<\/h2>\n\n\n\n<p>O duelo ser\u00e1 transmitido pela TV Globo para todo o Brasil. O Premiere tamb\u00e9m disponibilizar\u00e1 o evento.<\/p>\n\n\n\n<h2 class=\"wp-block-heading\" id=\"h-situacao-do-corinthians\">Situa\u00e7\u00e3o do Corinthians:<\/h2>\n\n\n\n<p>Est\u00e1vel no Brasileir\u00e3o, o Alvinegro \u00e9 o atual terceiro colocado da tabela, com 54 pontos somados, apenas dois a mais que o Flamengo, que vem logo abaixo. O time paulista contar\u00e1 com o retorno de C\u00e1ssio, poupado na partida do final de semana por conta de um trauma no p\u00e9.<\/p>\n\n\n\n<h2 class=\"wp-block-heading\" id=\"h-desfalques\">Desfalques:<\/h2>\n\n\n\n<p>Rodrigo Caio e Bruno Henrique se recuperam de cirurgia no joelho; Varela e Pulgar n\u00e3o foram inscritos na competi\u00e7\u00e3o e n\u00e3o poder\u00e3o entrar em campo.<\/p>\n\n\n\n<h2 class=\"wp-block-heading\" id=\"h-pendurados\">Pendurados:<\/h2>\n\n\n\n<p>O&nbsp;Flamengo&nbsp;entra em campo com quatro jogadores a um cart\u00e3o amarelo de serem suspensos. S\u00e3o eles:&nbsp;L\u00e9o Pereira, Jo\u00e3o Gomes, Everton Ribeiro e Gabigol.<\/p>\n\n\n\n<h2 class=\"wp-block-heading\" id=\"h-escalacao-do-flamengo\">Escala\u00e7\u00e3o do Flamengo:<\/h2>\n\n\n\n<p>Santos, Rodinei, David Luiz, L\u00e9o Pereira e Filipe Lu\u00eds; Jo\u00e3o Gomes, Thiago Maia, Everton Ribeiro e Arrascaeta; Gabigol e Pedro.<\/p>\n\n\n\n<h2 class=\"wp-block-heading\" id=\"h-banco-de-reservas\">Banco de reservas:<\/h2>\n\n\n\n<p>Hugo, Matheuzinho, Fabricio Bruno, Pablo, Ayrton Lucas, Vidal, Diego Ribas, Victor Hugo, Matheus Fran\u00e7a, Everton Cebolinha, Marinho e Mateus\u00e3o.<\/p>\n\n\n\n<h2 class=\"wp-block-heading\" id=\"h-escalacao-do-corinthians\">Escala\u00e7\u00e3o do Corinthians:<\/h2>\n\n\n\n<p>C\u00e1ssio; Fagner, Gil, Balbuena e F\u00e1bio Santos; Fausto Vera, Du Queiroz, Renato Augusto e Adson; R\u00f3ger Guedes e Yuri Alberto.<\/p>\n\n\n\n<h2 class=\"wp-block-heading\" id=\"h-arbitragem\">Arbitragem:<\/h2>\n\n\n\n<ul class=\"wp-block-list\"><li><strong>\u00c1rbitro:<\/strong>&nbsp;Braulio da Silva Machado &#8211; SC (Fifa)<\/li><li><strong>Assistente 1:<\/strong>&nbsp;Kleber Lucio Gil &#8211; SC (Fifa)<\/li><li><strong>Assistente 2:<\/strong>&nbsp;Guilherme Dias Camilo &#8211; MG (Fifa)<\/li><li><strong>Quarto \u00c1rbitro:<\/strong> Jean Pierre Gon\u00e7alves Lima &#8211; RS<\/li><li><strong>VAR:<\/strong>&nbsp;Rodrigo D&#8217;Alonso Ferreira &#8211; SC<\/li><\/ul>\n\n\n\n<h2 class=\"wp-block-heading\" id=\"h-sua-opiniao\">Sua opini\u00e3o!<\/h2>\n\n\n\n<p>E a\u00ed, torcedor, curtiu da forma\u00e7\u00e3o feita por Dorival J\u00fanior para os primeiros 90 minutos desta decis\u00e3o? Conte sua opini\u00e3o sobre a escala\u00e7\u00e3o do Meng\u00e3o&nbsp;nos coment\u00e1rios abaixo!<\/p>\n","protected":false},"excerpt":{"rendered":"<p>Nesta noite, Corinthians e Flamengo se encontram na Neo Qu\u00edmica Arena no jogo de ida pela final da Copa do Brasil. O confronto iniciar\u00e1 \u00e0s 21h45 (hor\u00e1rio de Bras\u00edlia). Ap\u00f3s passarem por Fluminense e S\u00e3o Paulo, as equipes se enfrentam nos primeiros 90 minutos da decis\u00e3o pela ta\u00e7a da competi\u00e7\u00e3o nacional. Como de costume, o [&hellip;]<\/p>\n","protected":false},"author":4,"featured_media":83199,"comment_status":"open","ping_status":"closed","sticky":false,"template":"","format":"standard","meta":{"footnotes":""},"categories":[1],"tags":[],"class_list":["post-88826","post","type-post","status-publish","format-standard","has-post-thumbnail","hentry","category-flamengo"],"yoast_head":"<!-- This site is optimized with the Yoast SEO Premium plugin v24.2 (Yoast SEO v26.9) - https:\/\/yoast.com\/product\/yoast-seo-premium-wordpress\/ -->\n<title>Saiu! Veja a escala\u00e7\u00e3o do Flamengo para o jogo contra o Corinthians pela final da Copa do Brasil<\/title>\n<meta name=\"robots\" content=\"index, follow, max-snippet:-1, max-image-preview:large, max-video-preview:-1\" \/>\n<link rel=\"canonical\" href=\"https:\/\/www.gaveanews.com\/index.php\/2022\/10\/12\/saiu-veja-a-escalacao-do-flamengo-para-o-jogo-contra-o-corinthians-pela-final-da-copa-do-brasil\/\" \/>\n<meta property=\"og:locale\" content=\"pt_BR\" \/>\n<meta property=\"og:type\" content=\"article\" \/>\n<meta property=\"og:title\" content=\"Saiu! Veja a escala\u00e7\u00e3o do Flamengo para o jogo contra o Corinthians pela final da Copa do Brasil\" \/>\n<meta property=\"og:description\" content=\"Nesta noite, Corinthians e Flamengo se encontram na Neo Qu\u00edmica Arena no jogo de ida pela final da Copa do Brasil. O confronto iniciar\u00e1 \u00e0s 21h45 (hor\u00e1rio de Bras\u00edlia). Ap\u00f3s passarem por Fluminense e S\u00e3o Paulo, as equipes se enfrentam nos primeiros 90 minutos da decis\u00e3o pela ta\u00e7a da competi\u00e7\u00e3o nacional. Como de costume, o [&hellip;]\" \/>\n<meta property=\"og:url\" content=\"https:\/\/www.gaveanews.com\/index.php\/2022\/10\/12\/saiu-veja-a-escalacao-do-flamengo-para-o-jogo-contra-o-corinthians-pela-final-da-copa-do-brasil\/\" \/>\n<meta property=\"og:site_name\" content=\"G\u00e1vea News\" \/>\n<meta property=\"article:publisher\" content=\"https:\/\/facebook.com\/gaveaNews\/\" \/>\n<meta property=\"article:published_time\" content=\"2022-10-12T23:44:44+00:00\" \/>\n<meta property=\"article:modified_time\" content=\"2022-10-13T03:40:27+00:00\" \/>\n<meta property=\"og:image\" content=\"https:\/\/www.gaveanews.com\/wp-content\/uploads\/Escalacao-oficial-do-Flamengo.webp\" \/>\n\t<meta property=\"og:image:width\" content=\"2048\" \/>\n\t<meta property=\"og:image:height\" content=\"1363\" \/>\n\t<meta property=\"og:image:type\" content=\"image\/webp\" \/>\n<meta name=\"author\" content=\"Let\u00edcia Gerheim\" \/>\n<meta name=\"twitter:card\" content=\"summary_large_image\" \/>\n<meta name=\"twitter:label1\" content=\"Escrito por\" \/>\n\t<meta name=\"twitter:data1\" content=\"Let\u00edcia Gerheim\" \/>\n\t<meta name=\"twitter:label2\" content=\"Est. tempo de leitura\" \/>\n\t<meta name=\"twitter:data2\" content=\"2 minutos\" \/>\n<script type=\"application\/ld+json\" class=\"yoast-schema-graph\">{\"@context\":\"https:\/\/schema.org\",\"@graph\":[{\"@type\":\"NewsArticle\",\"@id\":\"https:\/\/www.gaveanews.com\/index.php\/2022\/10\/12\/saiu-veja-a-escalacao-do-flamengo-para-o-jogo-contra-o-corinthians-pela-final-da-copa-do-brasil\/#article\",\"isPartOf\":{\"@id\":\"https:\/\/www.gaveanews.com\/index.php\/2022\/10\/12\/saiu-veja-a-escalacao-do-flamengo-para-o-jogo-contra-o-corinthians-pela-final-da-copa-do-brasil\/\"},\"author\":{\"name\":\"Let\u00edcia Gerheim\",\"@id\":\"https:\/\/www.gaveanews.com\/#\/schema\/person\/714c67050b836198af2450ba1c142a67\"},\"headline\":\"Saiu! Veja a escala\u00e7\u00e3o do Flamengo para o jogo contra o Corinthians pela final da Copa do Brasil\",\"datePublished\":\"2022-10-12T23:44:44+00:00\",\"dateModified\":\"2022-10-13T03:40:27+00:00\",\"mainEntityOfPage\":{\"@id\":\"https:\/\/www.gaveanews.com\/index.php\/2022\/10\/12\/saiu-veja-a-escalacao-do-flamengo-para-o-jogo-contra-o-corinthians-pela-final-da-copa-do-brasil\/\"},\"wordCount\":392,\"commentCount\":0,\"image\":{\"@id\":\"https:\/\/www.gaveanews.com\/index.php\/2022\/10\/12\/saiu-veja-a-escalacao-do-flamengo-para-o-jogo-contra-o-corinthians-pela-final-da-copa-do-brasil\/#primaryimage\"},\"thumbnailUrl\":\"https:\/\/www.gaveanews.com\/wp-content\/uploads\/Escalacao-oficial-do-Flamengo.webp\",\"articleSection\":[\"Flamengo\"],\"inLanguage\":\"pt-BR\",\"potentialAction\":[{\"@type\":\"CommentAction\",\"name\":\"Comment\",\"target\":[\"https:\/\/www.gaveanews.com\/index.php\/2022\/10\/12\/saiu-veja-a-escalacao-do-flamengo-para-o-jogo-contra-o-corinthians-pela-final-da-copa-do-brasil\/#respond\"]}],\"copyrightYear\":\"2022\",\"copyrightHolder\":{\"@id\":\"https:\/\/www.gaveanews.com\/#organization\"}},{\"@type\":\"WebPage\",\"@id\":\"https:\/\/www.gaveanews.com\/index.php\/2022\/10\/12\/saiu-veja-a-escalacao-do-flamengo-para-o-jogo-contra-o-corinthians-pela-final-da-copa-do-brasil\/\",\"url\":\"https:\/\/www.gaveanews.com\/index.php\/2022\/10\/12\/saiu-veja-a-escalacao-do-flamengo-para-o-jogo-contra-o-corinthians-pela-final-da-copa-do-brasil\/\",\"name\":\"Saiu! Veja a escala\u00e7\u00e3o do Flamengo para o jogo contra o Corinthians pela final da Copa do Brasil\",\"isPartOf\":{\"@id\":\"https:\/\/www.gaveanews.com\/#website\"},\"primaryImageOfPage\":{\"@id\":\"https:\/\/www.gaveanews.com\/index.php\/2022\/10\/12\/saiu-veja-a-escalacao-do-flamengo-para-o-jogo-contra-o-corinthians-pela-final-da-copa-do-brasil\/#primaryimage\"},\"image\":{\"@id\":\"https:\/\/www.gaveanews.com\/index.php\/2022\/10\/12\/saiu-veja-a-escalacao-do-flamengo-para-o-jogo-contra-o-corinthians-pela-final-da-copa-do-brasil\/#primaryimage\"},\"thumbnailUrl\":\"https:\/\/www.gaveanews.com\/wp-content\/uploads\/Escalacao-oficial-do-Flamengo.webp\",\"datePublished\":\"2022-10-12T23:44:44+00:00\",\"dateModified\":\"2022-10-13T03:40:27+00:00\",\"author\":{\"@id\":\"https:\/\/www.gaveanews.com\/#\/schema\/person\/714c67050b836198af2450ba1c142a67\"},\"breadcrumb\":{\"@id\":\"https:\/\/www.gaveanews.com\/index.php\/2022\/10\/12\/saiu-veja-a-escalacao-do-flamengo-para-o-jogo-contra-o-corinthians-pela-final-da-copa-do-brasil\/#breadcrumb\"},\"inLanguage\":\"pt-BR\",\"potentialAction\":[{\"@type\":\"ReadAction\",\"target\":[\"https:\/\/www.gaveanews.com\/index.php\/2022\/10\/12\/saiu-veja-a-escalacao-do-flamengo-para-o-jogo-contra-o-corinthians-pela-final-da-copa-do-brasil\/\"]}]},{\"@type\":\"ImageObject\",\"inLanguage\":\"pt-BR\",\"@id\":\"https:\/\/www.gaveanews.com\/index.php\/2022\/10\/12\/saiu-veja-a-escalacao-do-flamengo-para-o-jogo-contra-o-corinthians-pela-final-da-copa-do-brasil\/#primaryimage\",\"url\":\"https:\/\/www.gaveanews.com\/wp-content\/uploads\/Escalacao-oficial-do-Flamengo.webp\",\"contentUrl\":\"https:\/\/www.gaveanews.com\/wp-content\/uploads\/Escalacao-oficial-do-Flamengo.webp\",\"width\":2048,\"height\":1363,\"caption\":\"Escala\u00e7\u00e3o oficial do Flamengo (Ilustra\u00e7\u00e3o: Editoria de Arte\/GaveaNews.com)\"},{\"@type\":\"BreadcrumbList\",\"@id\":\"https:\/\/www.gaveanews.com\/index.php\/2022\/10\/12\/saiu-veja-a-escalacao-do-flamengo-para-o-jogo-contra-o-corinthians-pela-final-da-copa-do-brasil\/#breadcrumb\",\"itemListElement\":[{\"@type\":\"ListItem\",\"position\":1,\"name\":\"Home\",\"item\":\"https:\/\/www.gaveanews.com\/\"},{\"@type\":\"ListItem\",\"position\":2,\"name\":\"Saiu! Veja a escala\u00e7\u00e3o do Flamengo para o jogo contra o Corinthians pela final da Copa do Brasil\"}]},{\"@type\":\"WebSite\",\"@id\":\"https:\/\/www.gaveanews.com\/#website\",\"url\":\"https:\/\/www.gaveanews.com\/\",\"name\":\"G\u00e1vea News\",\"description\":\"Veja todas as not\u00edcias sobre o Flamengo: Contrata\u00e7\u00f5es, categorias de base, resultados das partidas, tabela de classifica\u00e7\u00e3o, pr\u00f3ximos jogos!\",\"potentialAction\":[{\"@type\":\"SearchAction\",\"target\":{\"@type\":\"EntryPoint\",\"urlTemplate\":\"https:\/\/www.gaveanews.com\/?s={search_term_string}\"},\"query-input\":{\"@type\":\"PropertyValueSpecification\",\"valueRequired\":true,\"valueName\":\"search_term_string\"}}],\"inLanguage\":\"pt-BR\"},{\"@type\":\"Person\",\"@id\":\"https:\/\/www.gaveanews.com\/#\/schema\/person\/714c67050b836198af2450ba1c142a67\",\"name\":\"Let\u00edcia Gerheim\",\"image\":{\"@type\":\"ImageObject\",\"inLanguage\":\"pt-BR\",\"@id\":\"https:\/\/www.gaveanews.com\/#\/schema\/person\/image\/\",\"url\":\"https:\/\/secure.gravatar.com\/avatar\/60734739c50fcebfbac509e2a826ccd0ff405c019bc73aab9354f19ecad1dcb4?s=96&d=mm&r=g\",\"contentUrl\":\"https:\/\/secure.gravatar.com\/avatar\/60734739c50fcebfbac509e2a826ccd0ff405c019bc73aab9354f19ecad1dcb4?s=96&d=mm&r=g\",\"caption\":\"Let\u00edcia Gerheim\"}}]}<\/script>\n<!-- \/ Yoast SEO Premium plugin. -->","yoast_head_json":{"title":"Saiu! Veja a escala\u00e7\u00e3o do Flamengo para o jogo contra o Corinthians pela final da Copa do Brasil","robots":{"index":"index","follow":"follow","max-snippet":"max-snippet:-1","max-image-preview":"max-image-preview:large","max-video-preview":"max-video-preview:-1"},"canonical":"https:\/\/www.gaveanews.com\/index.php\/2022\/10\/12\/saiu-veja-a-escalacao-do-flamengo-para-o-jogo-contra-o-corinthians-pela-final-da-copa-do-brasil\/","og_locale":"pt_BR","og_type":"article","og_title":"Saiu! Veja a escala\u00e7\u00e3o do Flamengo para o jogo contra o Corinthians pela final da Copa do Brasil","og_description":"Nesta noite, Corinthians e Flamengo se encontram na Neo Qu\u00edmica Arena no jogo de ida pela final da Copa do Brasil. O confronto iniciar\u00e1 \u00e0s 21h45 (hor\u00e1rio de Bras\u00edlia). Ap\u00f3s passarem por Fluminense e S\u00e3o Paulo, as equipes se enfrentam nos primeiros 90 minutos da decis\u00e3o pela ta\u00e7a da competi\u00e7\u00e3o nacional. Como de costume, o [&hellip;]","og_url":"https:\/\/www.gaveanews.com\/index.php\/2022\/10\/12\/saiu-veja-a-escalacao-do-flamengo-para-o-jogo-contra-o-corinthians-pela-final-da-copa-do-brasil\/","og_site_name":"G\u00e1vea News","article_publisher":"https:\/\/facebook.com\/gaveaNews\/","article_published_time":"2022-10-12T23:44:44+00:00","article_modified_time":"2022-10-13T03:40:27+00:00","og_image":[{"width":2048,"height":1363,"url":"https:\/\/www.gaveanews.com\/wp-content\/uploads\/Escalacao-oficial-do-Flamengo.webp","type":"image\/webp"}],"author":"Let\u00edcia Gerheim","twitter_card":"summary_large_image","twitter_misc":{"Escrito por":"Let\u00edcia Gerheim","Est. tempo de leitura":"2 minutos"},"schema":{"@context":"https:\/\/schema.org","@graph":[{"@type":"NewsArticle","@id":"https:\/\/www.gaveanews.com\/index.php\/2022\/10\/12\/saiu-veja-a-escalacao-do-flamengo-para-o-jogo-contra-o-corinthians-pela-final-da-copa-do-brasil\/#article","isPartOf":{"@id":"https:\/\/www.gaveanews.com\/index.php\/2022\/10\/12\/saiu-veja-a-escalacao-do-flamengo-para-o-jogo-contra-o-corinthians-pela-final-da-copa-do-brasil\/"},"author":{"name":"Let\u00edcia Gerheim","@id":"https:\/\/www.gaveanews.com\/#\/schema\/person\/714c67050b836198af2450ba1c142a67"},"headline":"Saiu! Veja a escala\u00e7\u00e3o do Flamengo para o jogo contra o Corinthians pela final da Copa do Brasil","datePublished":"2022-10-12T23:44:44+00:00","dateModified":"2022-10-13T03:40:27+00:00","mainEntityOfPage":{"@id":"https:\/\/www.gaveanews.com\/index.php\/2022\/10\/12\/saiu-veja-a-escalacao-do-flamengo-para-o-jogo-contra-o-corinthians-pela-final-da-copa-do-brasil\/"},"wordCount":392,"commentCount":0,"image":{"@id":"https:\/\/www.gaveanews.com\/index.php\/2022\/10\/12\/saiu-veja-a-escalacao-do-flamengo-para-o-jogo-contra-o-corinthians-pela-final-da-copa-do-brasil\/#primaryimage"},"thumbnailUrl":"https:\/\/www.gaveanews.com\/wp-content\/uploads\/Escalacao-oficial-do-Flamengo.webp","articleSection":["Flamengo"],"inLanguage":"pt-BR","potentialAction":[{"@type":"CommentAction","name":"Comment","target":["https:\/\/www.gaveanews.com\/index.php\/2022\/10\/12\/saiu-veja-a-escalacao-do-flamengo-para-o-jogo-contra-o-corinthians-pela-final-da-copa-do-brasil\/#respond"]}],"copyrightYear":"2022","copyrightHolder":{"@id":"https:\/\/www.gaveanews.com\/#organization"}},{"@type":"WebPage","@id":"https:\/\/www.gaveanews.com\/index.php\/2022\/10\/12\/saiu-veja-a-escalacao-do-flamengo-para-o-jogo-contra-o-corinthians-pela-final-da-copa-do-brasil\/","url":"https:\/\/www.gaveanews.com\/index.php\/2022\/10\/12\/saiu-veja-a-escalacao-do-flamengo-para-o-jogo-contra-o-corinthians-pela-final-da-copa-do-brasil\/","name":"Saiu! Veja a escala\u00e7\u00e3o do Flamengo para o jogo contra o Corinthians pela final da Copa do Brasil","isPartOf":{"@id":"https:\/\/www.gaveanews.com\/#website"},"primaryImageOfPage":{"@id":"https:\/\/www.gaveanews.com\/index.php\/2022\/10\/12\/saiu-veja-a-escalacao-do-flamengo-para-o-jogo-contra-o-corinthians-pela-final-da-copa-do-brasil\/#primaryimage"},"image":{"@id":"https:\/\/www.gaveanews.com\/index.php\/2022\/10\/12\/saiu-veja-a-escalacao-do-flamengo-para-o-jogo-contra-o-corinthians-pela-final-da-copa-do-brasil\/#primaryimage"},"thumbnailUrl":"https:\/\/www.gaveanews.com\/wp-content\/uploads\/Escalacao-oficial-do-Flamengo.webp","datePublished":"2022-10-12T23:44:44+00:00","dateModified":"2022-10-13T03:40:27+00:00","author":{"@id":"https:\/\/www.gaveanews.com\/#\/schema\/person\/714c67050b836198af2450ba1c142a67"},"breadcrumb":{"@id":"https:\/\/www.gaveanews.com\/index.php\/2022\/10\/12\/saiu-veja-a-escalacao-do-flamengo-para-o-jogo-contra-o-corinthians-pela-final-da-copa-do-brasil\/#breadcrumb"},"inLanguage":"pt-BR","potentialAction":[{"@type":"ReadAction","target":["https:\/\/www.gaveanews.com\/index.php\/2022\/10\/12\/saiu-veja-a-escalacao-do-flamengo-para-o-jogo-contra-o-corinthians-pela-final-da-copa-do-brasil\/"]}]},{"@type":"ImageObject","inLanguage":"pt-BR","@id":"https:\/\/www.gaveanews.com\/index.php\/2022\/10\/12\/saiu-veja-a-escalacao-do-flamengo-para-o-jogo-contra-o-corinthians-pela-final-da-copa-do-brasil\/#primaryimage","url":"https:\/\/www.gaveanews.com\/wp-content\/uploads\/Escalacao-oficial-do-Flamengo.webp","contentUrl":"https:\/\/www.gaveanews.com\/wp-content\/uploads\/Escalacao-oficial-do-Flamengo.webp","width":2048,"height":1363,"caption":"Escala\u00e7\u00e3o oficial do Flamengo (Ilustra\u00e7\u00e3o: Editoria de Arte\/GaveaNews.com)"},{"@type":"BreadcrumbList","@id":"https:\/\/www.gaveanews.com\/index.php\/2022\/10\/12\/saiu-veja-a-escalacao-do-flamengo-para-o-jogo-contra-o-corinthians-pela-final-da-copa-do-brasil\/#breadcrumb","itemListElement":[{"@type":"ListItem","position":1,"name":"Home","item":"https:\/\/www.gaveanews.com\/"},{"@type":"ListItem","position":2,"name":"Saiu! Veja a escala\u00e7\u00e3o do Flamengo para o jogo contra o Corinthians pela final da Copa do Brasil"}]},{"@type":"WebSite","@id":"https:\/\/www.gaveanews.com\/#website","url":"https:\/\/www.gaveanews.com\/","name":"G\u00e1vea News","description":"Veja todas as not\u00edcias sobre o Flamengo: Contrata\u00e7\u00f5es, categorias de base, resultados das partidas, tabela de classifica\u00e7\u00e3o, pr\u00f3ximos jogos!","potentialAction":[{"@type":"SearchAction","target":{"@type":"EntryPoint","urlTemplate":"https:\/\/www.gaveanews.com\/?s={search_term_string}"},"query-input":{"@type":"PropertyValueSpecification","valueRequired":true,"valueName":"search_term_string"}}],"inLanguage":"pt-BR"},{"@type":"Person","@id":"https:\/\/www.gaveanews.com\/#\/schema\/person\/714c67050b836198af2450ba1c142a67","name":"Let\u00edcia Gerheim","image":{"@type":"ImageObject","inLanguage":"pt-BR","@id":"https:\/\/www.gaveanews.com\/#\/schema\/person\/image\/","url":"https:\/\/secure.gravatar.com\/avatar\/60734739c50fcebfbac509e2a826ccd0ff405c019bc73aab9354f19ecad1dcb4?s=96&d=mm&r=g","contentUrl":"https:\/\/secure.gravatar.com\/avatar\/60734739c50fcebfbac509e2a826ccd0ff405c019bc73aab9354f19ecad1dcb4?s=96&d=mm&r=g","caption":"Let\u00edcia Gerheim"}}]}},"_links":{"self":[{"href":"https:\/\/www.gaveanews.com\/index.php\/wp-json\/wp\/v2\/posts\/88826","targetHints":{"allow":["GET"]}}],"collection":[{"href":"https:\/\/www.gaveanews.com\/index.php\/wp-json\/wp\/v2\/posts"}],"about":[{"href":"https:\/\/www.gaveanews.com\/index.php\/wp-json\/wp\/v2\/types\/post"}],"author":[{"embeddable":true,"href":"https:\/\/www.gaveanews.com\/index.php\/wp-json\/wp\/v2\/users\/4"}],"replies":[{"embeddable":true,"href":"https:\/\/www.gaveanews.com\/index.php\/wp-json\/wp\/v2\/comments?post=88826"}],"version-history":[{"count":0,"href":"https:\/\/www.gaveanews.com\/index.php\/wp-json\/wp\/v2\/posts\/88826\/revisions"}],"wp:featuredmedia":[{"embeddable":true,"href":"https:\/\/www.gaveanews.com\/index.php\/wp-json\/wp\/v2\/media\/83199"}],"wp:attachment":[{"href":"https:\/\/www.gaveanews.com\/index.php\/wp-json\/wp\/v2\/media?parent=88826"}],"wp:term":[{"taxonomy":"category","embeddable":true,"href":"https:\/\/www.gaveanews.com\/index.php\/wp-json\/wp\/v2\/categories?post=88826"},{"taxonomy":"post_tag","embeddable":true,"href":"https:\/\/www.gaveanews.com\/index.php\/wp-json\/wp\/v2\/tags?post=88826"}],"curies":[{"name":"wp","href":"https:\/\/api.w.org\/{rel}","templated":true}]}}