{"id":88874,"date":"2022-10-12T18:17:07","date_gmt":"2022-10-12T21:17:07","guid":{"rendered":"https:\/\/www.gaveanews.com\/?p=88874"},"modified":"2022-10-12T18:17:09","modified_gmt":"2022-10-12T21:17:09","slug":"gerson-manda-recado-para-a-torcida-do-flamengo-confira-o-video","status":"publish","type":"post","link":"https:\/\/www.gaveanews.com\/index.php\/2022\/10\/12\/gerson-manda-recado-para-a-torcida-do-flamengo-confira-o-video\/","title":{"rendered":"Gerson manda recado para a torcida do Flamengo; confira o v\u00eddeo"},"content":{"rendered":"\n<p>O Flamengo contar\u00e1 com um torcedor especial para o primeiro jogo da final da Copa do Brasil, nesta quarta-feira, na Neo Qu\u00edmica Arena. Horas antes do duelo decisivo, o meia Gerson, atualmente no Olympique de Marselha-FRA, enviou uma mensagem de apoio ao Rubro-Negro.<\/p>\n\n\n\n<p><em>\u2014 Al\u00f4, Meng\u00e3o, al\u00f4, Na\u00e7\u00e3o. Coringa aqui passando para desejar uma boa Copa do Brasil, uma boa final para n\u00f3s. Que a gente possa sair campe\u00e3o. Tamo junto, e n\u00f3s na torcida sempre<\/em>, disse o jogador.<\/p>\n\n\n\n<figure class=\"wp-block-embed is-type-rich is-provider-twitter wp-block-embed-twitter\"><div class=\"wp-block-embed__wrapper\">\n<blockquote class=\"twitter-tweet\" data-width=\"550\" data-dnt=\"true\"><p lang=\"pt\" dir=\"ltr\">Torcedor e \u00eddolo, Gerson, do Olympique de Marseille, faz v\u00eddeo desejando boa sorte ao Flamengo na final da Copa do Brasil.<br><br>\ud83c\udfa5 <a href=\"https:\/\/twitter.com\/OM_Portugues?ref_src=twsrc%5Etfw\">@OM_Portugues<\/a> <br><br> <a href=\"https:\/\/t.co\/hPrEsutMzy\">pic.twitter.com\/hPrEsutMzy<\/a><\/p>&mdash; Planeta do Futebol \ud83c\udf0e (@futebol_info) <a href=\"https:\/\/twitter.com\/futebol_info\/status\/1580214049341460480?ref_src=twsrc%5Etfw\">October 12, 2022<\/a><\/blockquote><script async src=\"https:\/\/platform.twitter.com\/widgets.js\" charset=\"utf-8\"><\/script>\n<\/div><\/figure>\n\n\n\n<p>Gerson foi negociado pelo Flamengo com o Olympique em 2021. Com a camisa rubro-negra, conquistou sete t\u00edtulos: Libertadores (2019), Brasileir\u00e3o (2019 e 2020), Supercopa do Brasil (2020 e 2021), Recopa Sul-Americana (2020) e Campeonato Carioca (2020 e 2021).<\/p>\n\n\n\n<p>Retirado de: O Dia<\/p>\n","protected":false},"excerpt":{"rendered":"<p>O Flamengo contar\u00e1 com um torcedor especial para o primeiro jogo da final da Copa do Brasil, nesta quarta-feira, na Neo Qu\u00edmica Arena. Horas antes do duelo decisivo, o meia Gerson, atualmente no Olympique de Marselha-FRA, enviou uma mensagem de apoio ao Rubro-Negro. \u2014 Al\u00f4, Meng\u00e3o, al\u00f4, Na\u00e7\u00e3o. Coringa aqui passando para desejar uma boa [&hellip;]<\/p>\n","protected":false},"author":1,"featured_media":73149,"comment_status":"open","ping_status":"closed","sticky":false,"template":"","format":"standard","meta":{"footnotes":""},"categories":[40],"tags":[],"class_list":["post-88874","post","type-post","status-publish","format-standard","has-post-thumbnail","hentry","category-video"],"yoast_head":"<!-- This site is optimized with the Yoast SEO Premium plugin v24.2 (Yoast SEO v26.9) - https:\/\/yoast.com\/product\/yoast-seo-premium-wordpress\/ -->\n<title>Gerson manda recado para a torcida do Flamengo; confira o v\u00eddeo<\/title>\n<meta name=\"robots\" content=\"index, follow, max-snippet:-1, max-image-preview:large, max-video-preview:-1\" \/>\n<link rel=\"canonical\" href=\"https:\/\/www.gaveanews.com\/index.php\/2022\/10\/12\/gerson-manda-recado-para-a-torcida-do-flamengo-confira-o-video\/\" \/>\n<meta property=\"og:locale\" content=\"pt_BR\" \/>\n<meta property=\"og:type\" content=\"article\" \/>\n<meta property=\"og:title\" content=\"Gerson manda recado para a torcida do Flamengo; confira o v\u00eddeo\" \/>\n<meta property=\"og:description\" content=\"O Flamengo contar\u00e1 com um torcedor especial para o primeiro jogo da final da Copa do Brasil, nesta quarta-feira, na Neo Qu\u00edmica Arena. Horas antes do duelo decisivo, o meia Gerson, atualmente no Olympique de Marselha-FRA, enviou uma mensagem de apoio ao Rubro-Negro. \u2014 Al\u00f4, Meng\u00e3o, al\u00f4, Na\u00e7\u00e3o. Coringa aqui passando para desejar uma boa [&hellip;]\" \/>\n<meta property=\"og:url\" content=\"https:\/\/www.gaveanews.com\/index.php\/2022\/10\/12\/gerson-manda-recado-para-a-torcida-do-flamengo-confira-o-video\/\" \/>\n<meta property=\"og:site_name\" content=\"G\u00e1vea News\" \/>\n<meta property=\"article:publisher\" content=\"https:\/\/facebook.com\/gaveaNews\/\" \/>\n<meta property=\"article:published_time\" content=\"2022-10-12T21:17:07+00:00\" \/>\n<meta property=\"article:modified_time\" content=\"2022-10-12T21:17:09+00:00\" \/>\n<meta property=\"og:image\" content=\"https:\/\/www.gaveanews.com\/wp-content\/uploads\/Gerson-em-acao-pelo-Olympique-de-Marseille.webp\" \/>\n\t<meta property=\"og:image:width\" content=\"1920\" \/>\n\t<meta property=\"og:image:height\" content=\"1079\" \/>\n\t<meta property=\"og:image:type\" content=\"image\/jpeg\" \/>\n<meta name=\"author\" content=\"Equipe G\u00e1vea News\" \/>\n<meta name=\"twitter:card\" content=\"summary_large_image\" \/>\n<meta name=\"twitter:label1\" content=\"Escrito por\" \/>\n\t<meta name=\"twitter:data1\" content=\"Equipe G\u00e1vea News\" \/>\n\t<meta name=\"twitter:label2\" content=\"Est. tempo de leitura\" \/>\n\t<meta name=\"twitter:data2\" content=\"1 minuto\" \/>\n<script type=\"application\/ld+json\" class=\"yoast-schema-graph\">{\"@context\":\"https:\/\/schema.org\",\"@graph\":[{\"@type\":\"NewsArticle\",\"@id\":\"https:\/\/www.gaveanews.com\/index.php\/2022\/10\/12\/gerson-manda-recado-para-a-torcida-do-flamengo-confira-o-video\/#article\",\"isPartOf\":{\"@id\":\"https:\/\/www.gaveanews.com\/index.php\/2022\/10\/12\/gerson-manda-recado-para-a-torcida-do-flamengo-confira-o-video\/\"},\"author\":{\"name\":\"Equipe G\u00e1vea News\",\"@id\":\"https:\/\/www.gaveanews.com\/#\/schema\/person\/2ec14f73fb96be2caf28f91afb14749d\"},\"headline\":\"Gerson manda recado para a torcida do Flamengo; confira o v\u00eddeo\",\"datePublished\":\"2022-10-12T21:17:07+00:00\",\"dateModified\":\"2022-10-12T21:17:09+00:00\",\"mainEntityOfPage\":{\"@id\":\"https:\/\/www.gaveanews.com\/index.php\/2022\/10\/12\/gerson-manda-recado-para-a-torcida-do-flamengo-confira-o-video\/\"},\"wordCount\":137,\"commentCount\":0,\"image\":{\"@id\":\"https:\/\/www.gaveanews.com\/index.php\/2022\/10\/12\/gerson-manda-recado-para-a-torcida-do-flamengo-confira-o-video\/#primaryimage\"},\"thumbnailUrl\":\"https:\/\/www.gaveanews.com\/wp-content\/uploads\/Gerson-em-acao-pelo-Olympique-de-Marseille.webp\",\"articleSection\":[\"V\u00eddeos\"],\"inLanguage\":\"pt-BR\",\"potentialAction\":[{\"@type\":\"CommentAction\",\"name\":\"Comment\",\"target\":[\"https:\/\/www.gaveanews.com\/index.php\/2022\/10\/12\/gerson-manda-recado-para-a-torcida-do-flamengo-confira-o-video\/#respond\"]}],\"copyrightYear\":\"2022\",\"copyrightHolder\":{\"@id\":\"https:\/\/www.gaveanews.com\/#organization\"}},{\"@type\":\"WebPage\",\"@id\":\"https:\/\/www.gaveanews.com\/index.php\/2022\/10\/12\/gerson-manda-recado-para-a-torcida-do-flamengo-confira-o-video\/\",\"url\":\"https:\/\/www.gaveanews.com\/index.php\/2022\/10\/12\/gerson-manda-recado-para-a-torcida-do-flamengo-confira-o-video\/\",\"name\":\"Gerson manda recado para a torcida do Flamengo; confira o v\u00eddeo\",\"isPartOf\":{\"@id\":\"https:\/\/www.gaveanews.com\/#website\"},\"primaryImageOfPage\":{\"@id\":\"https:\/\/www.gaveanews.com\/index.php\/2022\/10\/12\/gerson-manda-recado-para-a-torcida-do-flamengo-confira-o-video\/#primaryimage\"},\"image\":{\"@id\":\"https:\/\/www.gaveanews.com\/index.php\/2022\/10\/12\/gerson-manda-recado-para-a-torcida-do-flamengo-confira-o-video\/#primaryimage\"},\"thumbnailUrl\":\"https:\/\/www.gaveanews.com\/wp-content\/uploads\/Gerson-em-acao-pelo-Olympique-de-Marseille.webp\",\"datePublished\":\"2022-10-12T21:17:07+00:00\",\"dateModified\":\"2022-10-12T21:17:09+00:00\",\"author\":{\"@id\":\"https:\/\/www.gaveanews.com\/#\/schema\/person\/2ec14f73fb96be2caf28f91afb14749d\"},\"breadcrumb\":{\"@id\":\"https:\/\/www.gaveanews.com\/index.php\/2022\/10\/12\/gerson-manda-recado-para-a-torcida-do-flamengo-confira-o-video\/#breadcrumb\"},\"inLanguage\":\"pt-BR\",\"potentialAction\":[{\"@type\":\"ReadAction\",\"target\":[\"https:\/\/www.gaveanews.com\/index.php\/2022\/10\/12\/gerson-manda-recado-para-a-torcida-do-flamengo-confira-o-video\/\"]}]},{\"@type\":\"ImageObject\",\"inLanguage\":\"pt-BR\",\"@id\":\"https:\/\/www.gaveanews.com\/index.php\/2022\/10\/12\/gerson-manda-recado-para-a-torcida-do-flamengo-confira-o-video\/#primaryimage\",\"url\":\"https:\/\/www.gaveanews.com\/wp-content\/uploads\/Gerson-em-acao-pelo-Olympique-de-Marseille.webp\",\"contentUrl\":\"https:\/\/www.gaveanews.com\/wp-content\/uploads\/Gerson-em-acao-pelo-Olympique-de-Marseille.webp\",\"width\":1920,\"height\":1079,\"caption\":\"Gerson em a\u00e7\u00e3o pelo Olympique de Marseille (Foto: Divulga\u00e7\u00e3o\/Olympique de Marseille)\"},{\"@type\":\"BreadcrumbList\",\"@id\":\"https:\/\/www.gaveanews.com\/index.php\/2022\/10\/12\/gerson-manda-recado-para-a-torcida-do-flamengo-confira-o-video\/#breadcrumb\",\"itemListElement\":[{\"@type\":\"ListItem\",\"position\":1,\"name\":\"Home\",\"item\":\"https:\/\/www.gaveanews.com\/\"},{\"@type\":\"ListItem\",\"position\":2,\"name\":\"Gerson manda recado para a torcida do Flamengo; confira o v\u00eddeo\"}]},{\"@type\":\"WebSite\",\"@id\":\"https:\/\/www.gaveanews.com\/#website\",\"url\":\"https:\/\/www.gaveanews.com\/\",\"name\":\"G\u00e1vea News\",\"description\":\"Veja todas as not\u00edcias sobre o Flamengo: Contrata\u00e7\u00f5es, categorias de base, resultados das partidas, tabela de classifica\u00e7\u00e3o, pr\u00f3ximos jogos!\",\"potentialAction\":[{\"@type\":\"SearchAction\",\"target\":{\"@type\":\"EntryPoint\",\"urlTemplate\":\"https:\/\/www.gaveanews.com\/?s={search_term_string}\"},\"query-input\":{\"@type\":\"PropertyValueSpecification\",\"valueRequired\":true,\"valueName\":\"search_term_string\"}}],\"inLanguage\":\"pt-BR\"},{\"@type\":\"Person\",\"@id\":\"https:\/\/www.gaveanews.com\/#\/schema\/person\/2ec14f73fb96be2caf28f91afb14749d\",\"name\":\"Equipe G\u00e1vea News\",\"image\":{\"@type\":\"ImageObject\",\"inLanguage\":\"pt-BR\",\"@id\":\"https:\/\/www.gaveanews.com\/#\/schema\/person\/image\/\",\"url\":\"https:\/\/secure.gravatar.com\/avatar\/1e1956f1facbffd3f8fa53a326721950116b3b9dc9bd44939c01180fd4a745a9?s=96&d=mm&r=g\",\"contentUrl\":\"https:\/\/secure.gravatar.com\/avatar\/1e1956f1facbffd3f8fa53a326721950116b3b9dc9bd44939c01180fd4a745a9?s=96&d=mm&r=g\",\"caption\":\"Equipe G\u00e1vea News\"}}]}<\/script>\n<!-- \/ Yoast SEO Premium plugin. -->","yoast_head_json":{"title":"Gerson manda recado para a torcida do Flamengo; confira o v\u00eddeo","robots":{"index":"index","follow":"follow","max-snippet":"max-snippet:-1","max-image-preview":"max-image-preview:large","max-video-preview":"max-video-preview:-1"},"canonical":"https:\/\/www.gaveanews.com\/index.php\/2022\/10\/12\/gerson-manda-recado-para-a-torcida-do-flamengo-confira-o-video\/","og_locale":"pt_BR","og_type":"article","og_title":"Gerson manda recado para a torcida do Flamengo; confira o v\u00eddeo","og_description":"O Flamengo contar\u00e1 com um torcedor especial para o primeiro jogo da final da Copa do Brasil, nesta quarta-feira, na Neo Qu\u00edmica Arena. Horas antes do duelo decisivo, o meia Gerson, atualmente no Olympique de Marselha-FRA, enviou uma mensagem de apoio ao Rubro-Negro. \u2014 Al\u00f4, Meng\u00e3o, al\u00f4, Na\u00e7\u00e3o. Coringa aqui passando para desejar uma boa [&hellip;]","og_url":"https:\/\/www.gaveanews.com\/index.php\/2022\/10\/12\/gerson-manda-recado-para-a-torcida-do-flamengo-confira-o-video\/","og_site_name":"G\u00e1vea News","article_publisher":"https:\/\/facebook.com\/gaveaNews\/","article_published_time":"2022-10-12T21:17:07+00:00","article_modified_time":"2022-10-12T21:17:09+00:00","og_image":[{"width":1920,"height":1079,"url":"https:\/\/www.gaveanews.com\/wp-content\/uploads\/Gerson-em-acao-pelo-Olympique-de-Marseille.webp","type":"image\/jpeg"}],"author":"Equipe G\u00e1vea News","twitter_card":"summary_large_image","twitter_misc":{"Escrito por":"Equipe G\u00e1vea News","Est. tempo de leitura":"1 minuto"},"schema":{"@context":"https:\/\/schema.org","@graph":[{"@type":"NewsArticle","@id":"https:\/\/www.gaveanews.com\/index.php\/2022\/10\/12\/gerson-manda-recado-para-a-torcida-do-flamengo-confira-o-video\/#article","isPartOf":{"@id":"https:\/\/www.gaveanews.com\/index.php\/2022\/10\/12\/gerson-manda-recado-para-a-torcida-do-flamengo-confira-o-video\/"},"author":{"name":"Equipe G\u00e1vea News","@id":"https:\/\/www.gaveanews.com\/#\/schema\/person\/2ec14f73fb96be2caf28f91afb14749d"},"headline":"Gerson manda recado para a torcida do Flamengo; confira o v\u00eddeo","datePublished":"2022-10-12T21:17:07+00:00","dateModified":"2022-10-12T21:17:09+00:00","mainEntityOfPage":{"@id":"https:\/\/www.gaveanews.com\/index.php\/2022\/10\/12\/gerson-manda-recado-para-a-torcida-do-flamengo-confira-o-video\/"},"wordCount":137,"commentCount":0,"image":{"@id":"https:\/\/www.gaveanews.com\/index.php\/2022\/10\/12\/gerson-manda-recado-para-a-torcida-do-flamengo-confira-o-video\/#primaryimage"},"thumbnailUrl":"https:\/\/www.gaveanews.com\/wp-content\/uploads\/Gerson-em-acao-pelo-Olympique-de-Marseille.webp","articleSection":["V\u00eddeos"],"inLanguage":"pt-BR","potentialAction":[{"@type":"CommentAction","name":"Comment","target":["https:\/\/www.gaveanews.com\/index.php\/2022\/10\/12\/gerson-manda-recado-para-a-torcida-do-flamengo-confira-o-video\/#respond"]}],"copyrightYear":"2022","copyrightHolder":{"@id":"https:\/\/www.gaveanews.com\/#organization"}},{"@type":"WebPage","@id":"https:\/\/www.gaveanews.com\/index.php\/2022\/10\/12\/gerson-manda-recado-para-a-torcida-do-flamengo-confira-o-video\/","url":"https:\/\/www.gaveanews.com\/index.php\/2022\/10\/12\/gerson-manda-recado-para-a-torcida-do-flamengo-confira-o-video\/","name":"Gerson manda recado para a torcida do Flamengo; confira o v\u00eddeo","isPartOf":{"@id":"https:\/\/www.gaveanews.com\/#website"},"primaryImageOfPage":{"@id":"https:\/\/www.gaveanews.com\/index.php\/2022\/10\/12\/gerson-manda-recado-para-a-torcida-do-flamengo-confira-o-video\/#primaryimage"},"image":{"@id":"https:\/\/www.gaveanews.com\/index.php\/2022\/10\/12\/gerson-manda-recado-para-a-torcida-do-flamengo-confira-o-video\/#primaryimage"},"thumbnailUrl":"https:\/\/www.gaveanews.com\/wp-content\/uploads\/Gerson-em-acao-pelo-Olympique-de-Marseille.webp","datePublished":"2022-10-12T21:17:07+00:00","dateModified":"2022-10-12T21:17:09+00:00","author":{"@id":"https:\/\/www.gaveanews.com\/#\/schema\/person\/2ec14f73fb96be2caf28f91afb14749d"},"breadcrumb":{"@id":"https:\/\/www.gaveanews.com\/index.php\/2022\/10\/12\/gerson-manda-recado-para-a-torcida-do-flamengo-confira-o-video\/#breadcrumb"},"inLanguage":"pt-BR","potentialAction":[{"@type":"ReadAction","target":["https:\/\/www.gaveanews.com\/index.php\/2022\/10\/12\/gerson-manda-recado-para-a-torcida-do-flamengo-confira-o-video\/"]}]},{"@type":"ImageObject","inLanguage":"pt-BR","@id":"https:\/\/www.gaveanews.com\/index.php\/2022\/10\/12\/gerson-manda-recado-para-a-torcida-do-flamengo-confira-o-video\/#primaryimage","url":"https:\/\/www.gaveanews.com\/wp-content\/uploads\/Gerson-em-acao-pelo-Olympique-de-Marseille.webp","contentUrl":"https:\/\/www.gaveanews.com\/wp-content\/uploads\/Gerson-em-acao-pelo-Olympique-de-Marseille.webp","width":1920,"height":1079,"caption":"Gerson em a\u00e7\u00e3o pelo Olympique de Marseille (Foto: Divulga\u00e7\u00e3o\/Olympique de Marseille)"},{"@type":"BreadcrumbList","@id":"https:\/\/www.gaveanews.com\/index.php\/2022\/10\/12\/gerson-manda-recado-para-a-torcida-do-flamengo-confira-o-video\/#breadcrumb","itemListElement":[{"@type":"ListItem","position":1,"name":"Home","item":"https:\/\/www.gaveanews.com\/"},{"@type":"ListItem","position":2,"name":"Gerson manda recado para a torcida do Flamengo; confira o v\u00eddeo"}]},{"@type":"WebSite","@id":"https:\/\/www.gaveanews.com\/#website","url":"https:\/\/www.gaveanews.com\/","name":"G\u00e1vea News","description":"Veja todas as not\u00edcias sobre o Flamengo: Contrata\u00e7\u00f5es, categorias de base, resultados das partidas, tabela de classifica\u00e7\u00e3o, pr\u00f3ximos jogos!","potentialAction":[{"@type":"SearchAction","target":{"@type":"EntryPoint","urlTemplate":"https:\/\/www.gaveanews.com\/?s={search_term_string}"},"query-input":{"@type":"PropertyValueSpecification","valueRequired":true,"valueName":"search_term_string"}}],"inLanguage":"pt-BR"},{"@type":"Person","@id":"https:\/\/www.gaveanews.com\/#\/schema\/person\/2ec14f73fb96be2caf28f91afb14749d","name":"Equipe G\u00e1vea News","image":{"@type":"ImageObject","inLanguage":"pt-BR","@id":"https:\/\/www.gaveanews.com\/#\/schema\/person\/image\/","url":"https:\/\/secure.gravatar.com\/avatar\/1e1956f1facbffd3f8fa53a326721950116b3b9dc9bd44939c01180fd4a745a9?s=96&d=mm&r=g","contentUrl":"https:\/\/secure.gravatar.com\/avatar\/1e1956f1facbffd3f8fa53a326721950116b3b9dc9bd44939c01180fd4a745a9?s=96&d=mm&r=g","caption":"Equipe G\u00e1vea News"}}]}},"_links":{"self":[{"href":"https:\/\/www.gaveanews.com\/index.php\/wp-json\/wp\/v2\/posts\/88874","targetHints":{"allow":["GET"]}}],"collection":[{"href":"https:\/\/www.gaveanews.com\/index.php\/wp-json\/wp\/v2\/posts"}],"about":[{"href":"https:\/\/www.gaveanews.com\/index.php\/wp-json\/wp\/v2\/types\/post"}],"author":[{"embeddable":true,"href":"https:\/\/www.gaveanews.com\/index.php\/wp-json\/wp\/v2\/users\/1"}],"replies":[{"embeddable":true,"href":"https:\/\/www.gaveanews.com\/index.php\/wp-json\/wp\/v2\/comments?post=88874"}],"version-history":[{"count":0,"href":"https:\/\/www.gaveanews.com\/index.php\/wp-json\/wp\/v2\/posts\/88874\/revisions"}],"wp:featuredmedia":[{"embeddable":true,"href":"https:\/\/www.gaveanews.com\/index.php\/wp-json\/wp\/v2\/media\/73149"}],"wp:attachment":[{"href":"https:\/\/www.gaveanews.com\/index.php\/wp-json\/wp\/v2\/media?parent=88874"}],"wp:term":[{"taxonomy":"category","embeddable":true,"href":"https:\/\/www.gaveanews.com\/index.php\/wp-json\/wp\/v2\/categories?post=88874"},{"taxonomy":"post_tag","embeddable":true,"href":"https:\/\/www.gaveanews.com\/index.php\/wp-json\/wp\/v2\/tags?post=88874"}],"curies":[{"name":"wp","href":"https:\/\/api.w.org\/{rel}","templated":true}]}}