{"id":88883,"date":"2022-10-12T19:49:28","date_gmt":"2022-10-12T22:49:28","guid":{"rendered":"https:\/\/www.gaveanews.com\/?p=88883"},"modified":"2022-10-12T19:49:31","modified_gmt":"2022-10-12T22:49:31","slug":"vale-a-pena-bayer-sinaliza-com-proposta-para-comprar-joao-gomes-do-flamengo","status":"publish","type":"post","link":"https:\/\/www.gaveanews.com\/index.php\/2022\/10\/12\/vale-a-pena-bayer-sinaliza-com-proposta-para-comprar-joao-gomes-do-flamengo\/","title":{"rendered":"Vale a pena? Bayer sinaliza com proposta para comprar Jo\u00e3o Gomes do Flamengo"},"content":{"rendered":"\n<p>De contrato rec\u00e9m-renovado com o Flamengo at\u00e9 2027, o meio-campista Jo\u00e3o Gomes \u00e9 alvo do Bayer Leverkusen, da Alemanha. Representantes do clube alem\u00e3o chegaram nos \u00faltimos dias no Rio de Janeiro e foram para S\u00e3o Paulo acompanhar a final da Copa do Brasil contra o Corinthians. Tamb\u00e9m v\u00e3o ao Maracan\u00e3 na partida contra o Atl\u00e9tico-MG e depois ficam para a decis\u00e3o contra os corintianos.<\/p>\n\n\n\n<p>No \u00faltimo m\u00eas, um scout do Leverkusen j\u00e1 havia assistido a partidas de Jo\u00e3o Gomes, de 21 anos, no Rio de Janeiro, como informado pelo jornal &#8220;O Dia&#8221;. A multa rescis\u00f3ria do jogador \u00e9 de 60 milh\u00f5es de euros para clubes do exterior.<\/p>\n\n\n\n<p>Os alem\u00e3es acenaram com proposta em torno de 15 milh\u00f5es de euros, mas o jogador s\u00f3 deixaria o Rubro-Negro, caso as conversas preliminares avancem, na janela do meio do ano para a Europa.<\/p>\n\n\n\n<p>A janela na Alemanha abre novamente durante janeiro, mas a sinaliza\u00e7\u00e3o do Flamengo \u00e9 de que qualquer chance de transfer\u00eancia, em caso de acordo em valores e termos da negocia\u00e7\u00e3o, s\u00f3 seria realizada na janela do meio do ano. Isto porque o Flamengo tamb\u00e9m pensa numa poss\u00edvel disputa do Mundial de clubes no in\u00edcio de 2023.<\/p>\n\n\n\n<p>Jo\u00e3o Gomes subiu para os profissionais em 2020 e se tornou titular absoluto no time de Dorival J\u00fanior que chegou \u00e0s finais da Libertadores e da Copa do Brasil na atual temporada.<\/p>\n\n\n\n<p>Retirado de: Globo Esporte<\/p>\n","protected":false},"excerpt":{"rendered":"<p>De contrato rec\u00e9m-renovado com o Flamengo at\u00e9 2027, o meio-campista Jo\u00e3o Gomes \u00e9 alvo do Bayer Leverkusen, da Alemanha. Representantes do clube alem\u00e3o chegaram nos \u00faltimos dias no Rio de Janeiro e foram para S\u00e3o Paulo acompanhar a final da Copa do Brasil contra o Corinthians. Tamb\u00e9m v\u00e3o ao Maracan\u00e3 na partida contra o Atl\u00e9tico-MG [&hellip;]<\/p>\n","protected":false},"author":1,"featured_media":83782,"comment_status":"open","ping_status":"closed","sticky":false,"template":"","format":"standard","meta":{"footnotes":""},"categories":[48],"tags":[],"class_list":["post-88883","post","type-post","status-publish","format-standard","has-post-thumbnail","hentry","category-negociacoes"],"yoast_head":"<!-- This site is optimized with the Yoast SEO Premium plugin v24.2 (Yoast SEO v26.9) - https:\/\/yoast.com\/product\/yoast-seo-premium-wordpress\/ -->\n<title>Vale a pena? Bayer sinaliza com proposta para comprar Jo\u00e3o Gomes do Flamengo<\/title>\n<meta name=\"robots\" content=\"index, follow, max-snippet:-1, max-image-preview:large, max-video-preview:-1\" \/>\n<link rel=\"canonical\" href=\"https:\/\/www.gaveanews.com\/index.php\/2022\/10\/12\/vale-a-pena-bayer-sinaliza-com-proposta-para-comprar-joao-gomes-do-flamengo\/\" \/>\n<meta property=\"og:locale\" content=\"pt_BR\" \/>\n<meta property=\"og:type\" content=\"article\" \/>\n<meta property=\"og:title\" content=\"Vale a pena? Bayer sinaliza com proposta para comprar Jo\u00e3o Gomes do Flamengo\" \/>\n<meta property=\"og:description\" content=\"De contrato rec\u00e9m-renovado com o Flamengo at\u00e9 2027, o meio-campista Jo\u00e3o Gomes \u00e9 alvo do Bayer Leverkusen, da Alemanha. Representantes do clube alem\u00e3o chegaram nos \u00faltimos dias no Rio de Janeiro e foram para S\u00e3o Paulo acompanhar a final da Copa do Brasil contra o Corinthians. Tamb\u00e9m v\u00e3o ao Maracan\u00e3 na partida contra o Atl\u00e9tico-MG [&hellip;]\" \/>\n<meta property=\"og:url\" content=\"https:\/\/www.gaveanews.com\/index.php\/2022\/10\/12\/vale-a-pena-bayer-sinaliza-com-proposta-para-comprar-joao-gomes-do-flamengo\/\" \/>\n<meta property=\"og:site_name\" content=\"G\u00e1vea News\" \/>\n<meta property=\"article:publisher\" content=\"https:\/\/facebook.com\/gaveaNews\/\" \/>\n<meta property=\"article:published_time\" content=\"2022-10-12T22:49:28+00:00\" \/>\n<meta property=\"article:modified_time\" content=\"2022-10-12T22:49:31+00:00\" \/>\n<meta property=\"og:image\" content=\"https:\/\/www.gaveanews.com\/wp-content\/uploads\/Joao-Gomes-em-acao-pelo-Flamengo-durante-o-jogo-contra-o-America-MG-pelo-Campeonato-Brasileiro-de-2022.webp\" \/>\n\t<meta property=\"og:image:width\" content=\"800\" \/>\n\t<meta property=\"og:image:height\" content=\"532\" \/>\n\t<meta property=\"og:image:type\" content=\"image\/jpeg\" \/>\n<meta name=\"author\" content=\"Equipe G\u00e1vea News\" \/>\n<meta name=\"twitter:card\" content=\"summary_large_image\" \/>\n<meta name=\"twitter:label1\" content=\"Escrito por\" \/>\n\t<meta name=\"twitter:data1\" content=\"Equipe G\u00e1vea News\" \/>\n\t<meta name=\"twitter:label2\" content=\"Est. tempo de leitura\" \/>\n\t<meta name=\"twitter:data2\" content=\"2 minutos\" \/>\n<script type=\"application\/ld+json\" class=\"yoast-schema-graph\">{\"@context\":\"https:\/\/schema.org\",\"@graph\":[{\"@type\":\"NewsArticle\",\"@id\":\"https:\/\/www.gaveanews.com\/index.php\/2022\/10\/12\/vale-a-pena-bayer-sinaliza-com-proposta-para-comprar-joao-gomes-do-flamengo\/#article\",\"isPartOf\":{\"@id\":\"https:\/\/www.gaveanews.com\/index.php\/2022\/10\/12\/vale-a-pena-bayer-sinaliza-com-proposta-para-comprar-joao-gomes-do-flamengo\/\"},\"author\":{\"name\":\"Equipe G\u00e1vea News\",\"@id\":\"https:\/\/www.gaveanews.com\/#\/schema\/person\/2ec14f73fb96be2caf28f91afb14749d\"},\"headline\":\"Vale a pena? Bayer sinaliza com proposta para comprar Jo\u00e3o Gomes do Flamengo\",\"datePublished\":\"2022-10-12T22:49:28+00:00\",\"dateModified\":\"2022-10-12T22:49:31+00:00\",\"mainEntityOfPage\":{\"@id\":\"https:\/\/www.gaveanews.com\/index.php\/2022\/10\/12\/vale-a-pena-bayer-sinaliza-com-proposta-para-comprar-joao-gomes-do-flamengo\/\"},\"wordCount\":259,\"commentCount\":0,\"image\":{\"@id\":\"https:\/\/www.gaveanews.com\/index.php\/2022\/10\/12\/vale-a-pena-bayer-sinaliza-com-proposta-para-comprar-joao-gomes-do-flamengo\/#primaryimage\"},\"thumbnailUrl\":\"https:\/\/www.gaveanews.com\/wp-content\/uploads\/Joao-Gomes-em-acao-pelo-Flamengo-durante-o-jogo-contra-o-America-MG-pelo-Campeonato-Brasileiro-de-2022.webp\",\"articleSection\":[\"Negocia\u00e7\u00f5es\"],\"inLanguage\":\"pt-BR\",\"potentialAction\":[{\"@type\":\"CommentAction\",\"name\":\"Comment\",\"target\":[\"https:\/\/www.gaveanews.com\/index.php\/2022\/10\/12\/vale-a-pena-bayer-sinaliza-com-proposta-para-comprar-joao-gomes-do-flamengo\/#respond\"]}],\"copyrightYear\":\"2022\",\"copyrightHolder\":{\"@id\":\"https:\/\/www.gaveanews.com\/#organization\"}},{\"@type\":\"WebPage\",\"@id\":\"https:\/\/www.gaveanews.com\/index.php\/2022\/10\/12\/vale-a-pena-bayer-sinaliza-com-proposta-para-comprar-joao-gomes-do-flamengo\/\",\"url\":\"https:\/\/www.gaveanews.com\/index.php\/2022\/10\/12\/vale-a-pena-bayer-sinaliza-com-proposta-para-comprar-joao-gomes-do-flamengo\/\",\"name\":\"Vale a pena? Bayer sinaliza com proposta para comprar Jo\u00e3o Gomes do Flamengo\",\"isPartOf\":{\"@id\":\"https:\/\/www.gaveanews.com\/#website\"},\"primaryImageOfPage\":{\"@id\":\"https:\/\/www.gaveanews.com\/index.php\/2022\/10\/12\/vale-a-pena-bayer-sinaliza-com-proposta-para-comprar-joao-gomes-do-flamengo\/#primaryimage\"},\"image\":{\"@id\":\"https:\/\/www.gaveanews.com\/index.php\/2022\/10\/12\/vale-a-pena-bayer-sinaliza-com-proposta-para-comprar-joao-gomes-do-flamengo\/#primaryimage\"},\"thumbnailUrl\":\"https:\/\/www.gaveanews.com\/wp-content\/uploads\/Joao-Gomes-em-acao-pelo-Flamengo-durante-o-jogo-contra-o-America-MG-pelo-Campeonato-Brasileiro-de-2022.webp\",\"datePublished\":\"2022-10-12T22:49:28+00:00\",\"dateModified\":\"2022-10-12T22:49:31+00:00\",\"author\":{\"@id\":\"https:\/\/www.gaveanews.com\/#\/schema\/person\/2ec14f73fb96be2caf28f91afb14749d\"},\"breadcrumb\":{\"@id\":\"https:\/\/www.gaveanews.com\/index.php\/2022\/10\/12\/vale-a-pena-bayer-sinaliza-com-proposta-para-comprar-joao-gomes-do-flamengo\/#breadcrumb\"},\"inLanguage\":\"pt-BR\",\"potentialAction\":[{\"@type\":\"ReadAction\",\"target\":[\"https:\/\/www.gaveanews.com\/index.php\/2022\/10\/12\/vale-a-pena-bayer-sinaliza-com-proposta-para-comprar-joao-gomes-do-flamengo\/\"]}]},{\"@type\":\"ImageObject\",\"inLanguage\":\"pt-BR\",\"@id\":\"https:\/\/www.gaveanews.com\/index.php\/2022\/10\/12\/vale-a-pena-bayer-sinaliza-com-proposta-para-comprar-joao-gomes-do-flamengo\/#primaryimage\",\"url\":\"https:\/\/www.gaveanews.com\/wp-content\/uploads\/Joao-Gomes-em-acao-pelo-Flamengo-durante-o-jogo-contra-o-America-MG-pelo-Campeonato-Brasileiro-de-2022.webp\",\"contentUrl\":\"https:\/\/www.gaveanews.com\/wp-content\/uploads\/Joao-Gomes-em-acao-pelo-Flamengo-durante-o-jogo-contra-o-America-MG-pelo-Campeonato-Brasileiro-de-2022.webp\",\"width\":800,\"height\":532,\"caption\":\"Jo\u00e3o Gomes em a\u00e7\u00e3o pelo Flamengo durante o jogo contra o Am\u00e9rica-MG pelo Campeonato Brasileiro de 2022 (Foto: Reprodu\u00e7\u00e3o\/Flamengo\/Flickr)\"},{\"@type\":\"BreadcrumbList\",\"@id\":\"https:\/\/www.gaveanews.com\/index.php\/2022\/10\/12\/vale-a-pena-bayer-sinaliza-com-proposta-para-comprar-joao-gomes-do-flamengo\/#breadcrumb\",\"itemListElement\":[{\"@type\":\"ListItem\",\"position\":1,\"name\":\"Home\",\"item\":\"https:\/\/www.gaveanews.com\/\"},{\"@type\":\"ListItem\",\"position\":2,\"name\":\"Vale a pena? Bayer sinaliza com proposta para comprar Jo\u00e3o Gomes do Flamengo\"}]},{\"@type\":\"WebSite\",\"@id\":\"https:\/\/www.gaveanews.com\/#website\",\"url\":\"https:\/\/www.gaveanews.com\/\",\"name\":\"G\u00e1vea News\",\"description\":\"Veja todas as not\u00edcias sobre o Flamengo: Contrata\u00e7\u00f5es, categorias de base, resultados das partidas, tabela de classifica\u00e7\u00e3o, pr\u00f3ximos jogos!\",\"potentialAction\":[{\"@type\":\"SearchAction\",\"target\":{\"@type\":\"EntryPoint\",\"urlTemplate\":\"https:\/\/www.gaveanews.com\/?s={search_term_string}\"},\"query-input\":{\"@type\":\"PropertyValueSpecification\",\"valueRequired\":true,\"valueName\":\"search_term_string\"}}],\"inLanguage\":\"pt-BR\"},{\"@type\":\"Person\",\"@id\":\"https:\/\/www.gaveanews.com\/#\/schema\/person\/2ec14f73fb96be2caf28f91afb14749d\",\"name\":\"Equipe G\u00e1vea News\",\"image\":{\"@type\":\"ImageObject\",\"inLanguage\":\"pt-BR\",\"@id\":\"https:\/\/www.gaveanews.com\/#\/schema\/person\/image\/\",\"url\":\"https:\/\/secure.gravatar.com\/avatar\/1e1956f1facbffd3f8fa53a326721950116b3b9dc9bd44939c01180fd4a745a9?s=96&d=mm&r=g\",\"contentUrl\":\"https:\/\/secure.gravatar.com\/avatar\/1e1956f1facbffd3f8fa53a326721950116b3b9dc9bd44939c01180fd4a745a9?s=96&d=mm&r=g\",\"caption\":\"Equipe G\u00e1vea News\"}}]}<\/script>\n<!-- \/ Yoast SEO Premium plugin. -->","yoast_head_json":{"title":"Vale a pena? Bayer sinaliza com proposta para comprar Jo\u00e3o Gomes do Flamengo","robots":{"index":"index","follow":"follow","max-snippet":"max-snippet:-1","max-image-preview":"max-image-preview:large","max-video-preview":"max-video-preview:-1"},"canonical":"https:\/\/www.gaveanews.com\/index.php\/2022\/10\/12\/vale-a-pena-bayer-sinaliza-com-proposta-para-comprar-joao-gomes-do-flamengo\/","og_locale":"pt_BR","og_type":"article","og_title":"Vale a pena? Bayer sinaliza com proposta para comprar Jo\u00e3o Gomes do Flamengo","og_description":"De contrato rec\u00e9m-renovado com o Flamengo at\u00e9 2027, o meio-campista Jo\u00e3o Gomes \u00e9 alvo do Bayer Leverkusen, da Alemanha. Representantes do clube alem\u00e3o chegaram nos \u00faltimos dias no Rio de Janeiro e foram para S\u00e3o Paulo acompanhar a final da Copa do Brasil contra o Corinthians. Tamb\u00e9m v\u00e3o ao Maracan\u00e3 na partida contra o Atl\u00e9tico-MG [&hellip;]","og_url":"https:\/\/www.gaveanews.com\/index.php\/2022\/10\/12\/vale-a-pena-bayer-sinaliza-com-proposta-para-comprar-joao-gomes-do-flamengo\/","og_site_name":"G\u00e1vea News","article_publisher":"https:\/\/facebook.com\/gaveaNews\/","article_published_time":"2022-10-12T22:49:28+00:00","article_modified_time":"2022-10-12T22:49:31+00:00","og_image":[{"width":800,"height":532,"url":"https:\/\/www.gaveanews.com\/wp-content\/uploads\/Joao-Gomes-em-acao-pelo-Flamengo-durante-o-jogo-contra-o-America-MG-pelo-Campeonato-Brasileiro-de-2022.webp","type":"image\/jpeg"}],"author":"Equipe G\u00e1vea News","twitter_card":"summary_large_image","twitter_misc":{"Escrito por":"Equipe G\u00e1vea News","Est. tempo de leitura":"2 minutos"},"schema":{"@context":"https:\/\/schema.org","@graph":[{"@type":"NewsArticle","@id":"https:\/\/www.gaveanews.com\/index.php\/2022\/10\/12\/vale-a-pena-bayer-sinaliza-com-proposta-para-comprar-joao-gomes-do-flamengo\/#article","isPartOf":{"@id":"https:\/\/www.gaveanews.com\/index.php\/2022\/10\/12\/vale-a-pena-bayer-sinaliza-com-proposta-para-comprar-joao-gomes-do-flamengo\/"},"author":{"name":"Equipe G\u00e1vea News","@id":"https:\/\/www.gaveanews.com\/#\/schema\/person\/2ec14f73fb96be2caf28f91afb14749d"},"headline":"Vale a pena? Bayer sinaliza com proposta para comprar Jo\u00e3o Gomes do Flamengo","datePublished":"2022-10-12T22:49:28+00:00","dateModified":"2022-10-12T22:49:31+00:00","mainEntityOfPage":{"@id":"https:\/\/www.gaveanews.com\/index.php\/2022\/10\/12\/vale-a-pena-bayer-sinaliza-com-proposta-para-comprar-joao-gomes-do-flamengo\/"},"wordCount":259,"commentCount":0,"image":{"@id":"https:\/\/www.gaveanews.com\/index.php\/2022\/10\/12\/vale-a-pena-bayer-sinaliza-com-proposta-para-comprar-joao-gomes-do-flamengo\/#primaryimage"},"thumbnailUrl":"https:\/\/www.gaveanews.com\/wp-content\/uploads\/Joao-Gomes-em-acao-pelo-Flamengo-durante-o-jogo-contra-o-America-MG-pelo-Campeonato-Brasileiro-de-2022.webp","articleSection":["Negocia\u00e7\u00f5es"],"inLanguage":"pt-BR","potentialAction":[{"@type":"CommentAction","name":"Comment","target":["https:\/\/www.gaveanews.com\/index.php\/2022\/10\/12\/vale-a-pena-bayer-sinaliza-com-proposta-para-comprar-joao-gomes-do-flamengo\/#respond"]}],"copyrightYear":"2022","copyrightHolder":{"@id":"https:\/\/www.gaveanews.com\/#organization"}},{"@type":"WebPage","@id":"https:\/\/www.gaveanews.com\/index.php\/2022\/10\/12\/vale-a-pena-bayer-sinaliza-com-proposta-para-comprar-joao-gomes-do-flamengo\/","url":"https:\/\/www.gaveanews.com\/index.php\/2022\/10\/12\/vale-a-pena-bayer-sinaliza-com-proposta-para-comprar-joao-gomes-do-flamengo\/","name":"Vale a pena? Bayer sinaliza com proposta para comprar Jo\u00e3o Gomes do Flamengo","isPartOf":{"@id":"https:\/\/www.gaveanews.com\/#website"},"primaryImageOfPage":{"@id":"https:\/\/www.gaveanews.com\/index.php\/2022\/10\/12\/vale-a-pena-bayer-sinaliza-com-proposta-para-comprar-joao-gomes-do-flamengo\/#primaryimage"},"image":{"@id":"https:\/\/www.gaveanews.com\/index.php\/2022\/10\/12\/vale-a-pena-bayer-sinaliza-com-proposta-para-comprar-joao-gomes-do-flamengo\/#primaryimage"},"thumbnailUrl":"https:\/\/www.gaveanews.com\/wp-content\/uploads\/Joao-Gomes-em-acao-pelo-Flamengo-durante-o-jogo-contra-o-America-MG-pelo-Campeonato-Brasileiro-de-2022.webp","datePublished":"2022-10-12T22:49:28+00:00","dateModified":"2022-10-12T22:49:31+00:00","author":{"@id":"https:\/\/www.gaveanews.com\/#\/schema\/person\/2ec14f73fb96be2caf28f91afb14749d"},"breadcrumb":{"@id":"https:\/\/www.gaveanews.com\/index.php\/2022\/10\/12\/vale-a-pena-bayer-sinaliza-com-proposta-para-comprar-joao-gomes-do-flamengo\/#breadcrumb"},"inLanguage":"pt-BR","potentialAction":[{"@type":"ReadAction","target":["https:\/\/www.gaveanews.com\/index.php\/2022\/10\/12\/vale-a-pena-bayer-sinaliza-com-proposta-para-comprar-joao-gomes-do-flamengo\/"]}]},{"@type":"ImageObject","inLanguage":"pt-BR","@id":"https:\/\/www.gaveanews.com\/index.php\/2022\/10\/12\/vale-a-pena-bayer-sinaliza-com-proposta-para-comprar-joao-gomes-do-flamengo\/#primaryimage","url":"https:\/\/www.gaveanews.com\/wp-content\/uploads\/Joao-Gomes-em-acao-pelo-Flamengo-durante-o-jogo-contra-o-America-MG-pelo-Campeonato-Brasileiro-de-2022.webp","contentUrl":"https:\/\/www.gaveanews.com\/wp-content\/uploads\/Joao-Gomes-em-acao-pelo-Flamengo-durante-o-jogo-contra-o-America-MG-pelo-Campeonato-Brasileiro-de-2022.webp","width":800,"height":532,"caption":"Jo\u00e3o Gomes em a\u00e7\u00e3o pelo Flamengo durante o jogo contra o Am\u00e9rica-MG pelo Campeonato Brasileiro de 2022 (Foto: Reprodu\u00e7\u00e3o\/Flamengo\/Flickr)"},{"@type":"BreadcrumbList","@id":"https:\/\/www.gaveanews.com\/index.php\/2022\/10\/12\/vale-a-pena-bayer-sinaliza-com-proposta-para-comprar-joao-gomes-do-flamengo\/#breadcrumb","itemListElement":[{"@type":"ListItem","position":1,"name":"Home","item":"https:\/\/www.gaveanews.com\/"},{"@type":"ListItem","position":2,"name":"Vale a pena? Bayer sinaliza com proposta para comprar Jo\u00e3o Gomes do Flamengo"}]},{"@type":"WebSite","@id":"https:\/\/www.gaveanews.com\/#website","url":"https:\/\/www.gaveanews.com\/","name":"G\u00e1vea News","description":"Veja todas as not\u00edcias sobre o Flamengo: Contrata\u00e7\u00f5es, categorias de base, resultados das partidas, tabela de classifica\u00e7\u00e3o, pr\u00f3ximos jogos!","potentialAction":[{"@type":"SearchAction","target":{"@type":"EntryPoint","urlTemplate":"https:\/\/www.gaveanews.com\/?s={search_term_string}"},"query-input":{"@type":"PropertyValueSpecification","valueRequired":true,"valueName":"search_term_string"}}],"inLanguage":"pt-BR"},{"@type":"Person","@id":"https:\/\/www.gaveanews.com\/#\/schema\/person\/2ec14f73fb96be2caf28f91afb14749d","name":"Equipe G\u00e1vea News","image":{"@type":"ImageObject","inLanguage":"pt-BR","@id":"https:\/\/www.gaveanews.com\/#\/schema\/person\/image\/","url":"https:\/\/secure.gravatar.com\/avatar\/1e1956f1facbffd3f8fa53a326721950116b3b9dc9bd44939c01180fd4a745a9?s=96&d=mm&r=g","contentUrl":"https:\/\/secure.gravatar.com\/avatar\/1e1956f1facbffd3f8fa53a326721950116b3b9dc9bd44939c01180fd4a745a9?s=96&d=mm&r=g","caption":"Equipe G\u00e1vea News"}}]}},"_links":{"self":[{"href":"https:\/\/www.gaveanews.com\/index.php\/wp-json\/wp\/v2\/posts\/88883","targetHints":{"allow":["GET"]}}],"collection":[{"href":"https:\/\/www.gaveanews.com\/index.php\/wp-json\/wp\/v2\/posts"}],"about":[{"href":"https:\/\/www.gaveanews.com\/index.php\/wp-json\/wp\/v2\/types\/post"}],"author":[{"embeddable":true,"href":"https:\/\/www.gaveanews.com\/index.php\/wp-json\/wp\/v2\/users\/1"}],"replies":[{"embeddable":true,"href":"https:\/\/www.gaveanews.com\/index.php\/wp-json\/wp\/v2\/comments?post=88883"}],"version-history":[{"count":0,"href":"https:\/\/www.gaveanews.com\/index.php\/wp-json\/wp\/v2\/posts\/88883\/revisions"}],"wp:featuredmedia":[{"embeddable":true,"href":"https:\/\/www.gaveanews.com\/index.php\/wp-json\/wp\/v2\/media\/83782"}],"wp:attachment":[{"href":"https:\/\/www.gaveanews.com\/index.php\/wp-json\/wp\/v2\/media?parent=88883"}],"wp:term":[{"taxonomy":"category","embeddable":true,"href":"https:\/\/www.gaveanews.com\/index.php\/wp-json\/wp\/v2\/categories?post=88883"},{"taxonomy":"post_tag","embeddable":true,"href":"https:\/\/www.gaveanews.com\/index.php\/wp-json\/wp\/v2\/tags?post=88883"}],"curies":[{"name":"wp","href":"https:\/\/api.w.org\/{rel}","templated":true}]}}