{"id":88924,"date":"2022-10-13T13:29:21","date_gmt":"2022-10-13T16:29:21","guid":{"rendered":"https:\/\/www.gaveanews.com\/?p=88924"},"modified":"2022-10-13T13:29:25","modified_gmt":"2022-10-13T16:29:25","slug":"arbitro-de-corinthians-x-flamengo-explica-por-que-aplicou-o-cartao-amarelo-para-joao-gomes","status":"publish","type":"post","link":"https:\/\/www.gaveanews.com\/index.php\/2022\/10\/13\/arbitro-de-corinthians-x-flamengo-explica-por-que-aplicou-o-cartao-amarelo-para-joao-gomes\/","title":{"rendered":"\u00c1rbitro de Corinthians x Flamengo explica por que aplicou o cart\u00e3o amarelo para Jo\u00e3o Gomes"},"content":{"rendered":"\n<p>O \u00e1rbitro Braulio da Silva Machado justificou o cart\u00e3o amarelo aplicado para Jo\u00e3o Gomes, do Flamengo, durante o jogo de ida da final da Copa do Brasil. Na s\u00famula, ele interpretou a entrada do volante em Fagner, do Corinthians, como &#8220;de maneira temer\u00e1ria&#8221;.<\/p>\n\n\n\n<p><em>\u2014 Dar uma entrada contra um advers\u00e1rio de maneira temer\u00e1ria na disputa da bola &#8211; Por dar uma entrada contra um advers\u00e1rio de maneira temer\u00e1ria na disputa de bola<\/em>, escreveu o \u00e1rbitro na s\u00famula da partida.<\/p>\n\n\n\n<p>Vale lembrar que Jo\u00e3o Gomes estava pendurado. Dessa forma, desfalcar\u00e1 o Rubro-Negro no confronto da volta. Nas redes sociais, tanto os torcedores quanto o pr\u00f3prio jogador ficaram na bronca com o \u00e1rbitro.<\/p>\n\n\n\n<p><em>\u2014 Horr\u00edvel, sem crit\u00e9rio, tendencioso e fraco. S\u00f3 deu cart\u00e3o porque caiu na press\u00e3o, isso monstra que n\u00e3o t\u00e1 preparado pra apitar uma final desse tipo. Impressionante a incompet\u00eancia e a irresponsabilidade de tirar um jogador da final<\/em>, escreveu Jo\u00e3o Gomes.<\/p>\n\n\n\n<p>Em tempo: sem o volante, o Flamengo volta a enfrentar o Corinthians na pr\u00f3xima quarta-feira, \u00e0s 21h45, no Maracan\u00e3. Como a partida de ida terminou em 0 a 0, qualquer novo empate for\u00e7ar\u00e1 a decis\u00e3o por p\u00eanaltis.<\/p>\n\n\n\n<p>Retirado de: O Dia<\/p>\n","protected":false},"excerpt":{"rendered":"<p>O \u00e1rbitro Braulio da Silva Machado justificou o cart\u00e3o amarelo aplicado para Jo\u00e3o Gomes, do Flamengo, durante o jogo de ida da final da Copa do Brasil. Na s\u00famula, ele interpretou a entrada do volante em Fagner, do Corinthians, como &#8220;de maneira temer\u00e1ria&#8221;. \u2014 Dar uma entrada contra um advers\u00e1rio de maneira temer\u00e1ria na disputa [&hellip;]<\/p>\n","protected":false},"author":1,"featured_media":84902,"comment_status":"open","ping_status":"closed","sticky":false,"template":"","format":"standard","meta":{"footnotes":""},"categories":[1],"tags":[],"class_list":["post-88924","post","type-post","status-publish","format-standard","has-post-thumbnail","hentry","category-flamengo"],"yoast_head":"<!-- This site is optimized with the Yoast SEO Premium plugin v24.2 (Yoast SEO v26.9) - https:\/\/yoast.com\/product\/yoast-seo-premium-wordpress\/ -->\n<title>\u00c1rbitro de Corinthians x Flamengo explica por que aplicou o cart\u00e3o amarelo para Jo\u00e3o Gomes<\/title>\n<meta name=\"robots\" content=\"index, follow, max-snippet:-1, max-image-preview:large, max-video-preview:-1\" \/>\n<link rel=\"canonical\" href=\"https:\/\/www.gaveanews.com\/index.php\/2022\/10\/13\/arbitro-de-corinthians-x-flamengo-explica-por-que-aplicou-o-cartao-amarelo-para-joao-gomes\/\" \/>\n<meta property=\"og:locale\" content=\"pt_BR\" \/>\n<meta property=\"og:type\" content=\"article\" \/>\n<meta property=\"og:title\" content=\"\u00c1rbitro de Corinthians x Flamengo explica por que aplicou o cart\u00e3o amarelo para Jo\u00e3o Gomes\" \/>\n<meta property=\"og:description\" content=\"O \u00e1rbitro Braulio da Silva Machado justificou o cart\u00e3o amarelo aplicado para Jo\u00e3o Gomes, do Flamengo, durante o jogo de ida da final da Copa do Brasil. Na s\u00famula, ele interpretou a entrada do volante em Fagner, do Corinthians, como &#8220;de maneira temer\u00e1ria&#8221;. \u2014 Dar uma entrada contra um advers\u00e1rio de maneira temer\u00e1ria na disputa [&hellip;]\" \/>\n<meta property=\"og:url\" content=\"https:\/\/www.gaveanews.com\/index.php\/2022\/10\/13\/arbitro-de-corinthians-x-flamengo-explica-por-que-aplicou-o-cartao-amarelo-para-joao-gomes\/\" \/>\n<meta property=\"og:site_name\" content=\"G\u00e1vea News\" \/>\n<meta property=\"article:publisher\" content=\"https:\/\/facebook.com\/gaveaNews\/\" \/>\n<meta property=\"article:published_time\" content=\"2022-10-13T16:29:21+00:00\" \/>\n<meta property=\"article:modified_time\" content=\"2022-10-13T16:29:25+00:00\" \/>\n<meta property=\"og:image\" content=\"https:\/\/www.gaveanews.com\/wp-content\/uploads\/Taca-da-Copa-do-Brasil.webp\" \/>\n\t<meta property=\"og:image:width\" content=\"800\" \/>\n\t<meta property=\"og:image:height\" content=\"400\" \/>\n\t<meta property=\"og:image:type\" content=\"image\/jpeg\" \/>\n<meta name=\"author\" content=\"Equipe G\u00e1vea News\" \/>\n<meta name=\"twitter:card\" content=\"summary_large_image\" \/>\n<meta name=\"twitter:label1\" content=\"Escrito por\" \/>\n\t<meta name=\"twitter:data1\" content=\"Equipe G\u00e1vea News\" \/>\n\t<meta name=\"twitter:label2\" content=\"Est. tempo de leitura\" \/>\n\t<meta name=\"twitter:data2\" content=\"2 minutos\" \/>\n<script type=\"application\/ld+json\" class=\"yoast-schema-graph\">{\"@context\":\"https:\/\/schema.org\",\"@graph\":[{\"@type\":\"NewsArticle\",\"@id\":\"https:\/\/www.gaveanews.com\/index.php\/2022\/10\/13\/arbitro-de-corinthians-x-flamengo-explica-por-que-aplicou-o-cartao-amarelo-para-joao-gomes\/#article\",\"isPartOf\":{\"@id\":\"https:\/\/www.gaveanews.com\/index.php\/2022\/10\/13\/arbitro-de-corinthians-x-flamengo-explica-por-que-aplicou-o-cartao-amarelo-para-joao-gomes\/\"},\"author\":{\"name\":\"Equipe G\u00e1vea News\",\"@id\":\"https:\/\/www.gaveanews.com\/#\/schema\/person\/2ec14f73fb96be2caf28f91afb14749d\"},\"headline\":\"\u00c1rbitro de Corinthians x Flamengo explica por que aplicou o cart\u00e3o amarelo para Jo\u00e3o Gomes\",\"datePublished\":\"2022-10-13T16:29:21+00:00\",\"dateModified\":\"2022-10-13T16:29:25+00:00\",\"mainEntityOfPage\":{\"@id\":\"https:\/\/www.gaveanews.com\/index.php\/2022\/10\/13\/arbitro-de-corinthians-x-flamengo-explica-por-que-aplicou-o-cartao-amarelo-para-joao-gomes\/\"},\"wordCount\":228,\"commentCount\":0,\"image\":{\"@id\":\"https:\/\/www.gaveanews.com\/index.php\/2022\/10\/13\/arbitro-de-corinthians-x-flamengo-explica-por-que-aplicou-o-cartao-amarelo-para-joao-gomes\/#primaryimage\"},\"thumbnailUrl\":\"https:\/\/www.gaveanews.com\/wp-content\/uploads\/Taca-da-Copa-do-Brasil.webp\",\"articleSection\":[\"Flamengo\"],\"inLanguage\":\"pt-BR\",\"potentialAction\":[{\"@type\":\"CommentAction\",\"name\":\"Comment\",\"target\":[\"https:\/\/www.gaveanews.com\/index.php\/2022\/10\/13\/arbitro-de-corinthians-x-flamengo-explica-por-que-aplicou-o-cartao-amarelo-para-joao-gomes\/#respond\"]}],\"copyrightYear\":\"2022\",\"copyrightHolder\":{\"@id\":\"https:\/\/www.gaveanews.com\/#organization\"}},{\"@type\":\"WebPage\",\"@id\":\"https:\/\/www.gaveanews.com\/index.php\/2022\/10\/13\/arbitro-de-corinthians-x-flamengo-explica-por-que-aplicou-o-cartao-amarelo-para-joao-gomes\/\",\"url\":\"https:\/\/www.gaveanews.com\/index.php\/2022\/10\/13\/arbitro-de-corinthians-x-flamengo-explica-por-que-aplicou-o-cartao-amarelo-para-joao-gomes\/\",\"name\":\"\u00c1rbitro de Corinthians x Flamengo explica por que aplicou o cart\u00e3o amarelo para Jo\u00e3o Gomes\",\"isPartOf\":{\"@id\":\"https:\/\/www.gaveanews.com\/#website\"},\"primaryImageOfPage\":{\"@id\":\"https:\/\/www.gaveanews.com\/index.php\/2022\/10\/13\/arbitro-de-corinthians-x-flamengo-explica-por-que-aplicou-o-cartao-amarelo-para-joao-gomes\/#primaryimage\"},\"image\":{\"@id\":\"https:\/\/www.gaveanews.com\/index.php\/2022\/10\/13\/arbitro-de-corinthians-x-flamengo-explica-por-que-aplicou-o-cartao-amarelo-para-joao-gomes\/#primaryimage\"},\"thumbnailUrl\":\"https:\/\/www.gaveanews.com\/wp-content\/uploads\/Taca-da-Copa-do-Brasil.webp\",\"datePublished\":\"2022-10-13T16:29:21+00:00\",\"dateModified\":\"2022-10-13T16:29:25+00:00\",\"author\":{\"@id\":\"https:\/\/www.gaveanews.com\/#\/schema\/person\/2ec14f73fb96be2caf28f91afb14749d\"},\"breadcrumb\":{\"@id\":\"https:\/\/www.gaveanews.com\/index.php\/2022\/10\/13\/arbitro-de-corinthians-x-flamengo-explica-por-que-aplicou-o-cartao-amarelo-para-joao-gomes\/#breadcrumb\"},\"inLanguage\":\"pt-BR\",\"potentialAction\":[{\"@type\":\"ReadAction\",\"target\":[\"https:\/\/www.gaveanews.com\/index.php\/2022\/10\/13\/arbitro-de-corinthians-x-flamengo-explica-por-que-aplicou-o-cartao-amarelo-para-joao-gomes\/\"]}]},{\"@type\":\"ImageObject\",\"inLanguage\":\"pt-BR\",\"@id\":\"https:\/\/www.gaveanews.com\/index.php\/2022\/10\/13\/arbitro-de-corinthians-x-flamengo-explica-por-que-aplicou-o-cartao-amarelo-para-joao-gomes\/#primaryimage\",\"url\":\"https:\/\/www.gaveanews.com\/wp-content\/uploads\/Taca-da-Copa-do-Brasil.webp\",\"contentUrl\":\"https:\/\/www.gaveanews.com\/wp-content\/uploads\/Taca-da-Copa-do-Brasil.webp\",\"width\":800,\"height\":400,\"caption\":\"Ta\u00e7a da Copa do Brasil (Foto: Lucas Figueiredo\/CBF)\"},{\"@type\":\"BreadcrumbList\",\"@id\":\"https:\/\/www.gaveanews.com\/index.php\/2022\/10\/13\/arbitro-de-corinthians-x-flamengo-explica-por-que-aplicou-o-cartao-amarelo-para-joao-gomes\/#breadcrumb\",\"itemListElement\":[{\"@type\":\"ListItem\",\"position\":1,\"name\":\"Home\",\"item\":\"https:\/\/www.gaveanews.com\/\"},{\"@type\":\"ListItem\",\"position\":2,\"name\":\"\u00c1rbitro de Corinthians x Flamengo explica por que aplicou o cart\u00e3o amarelo para Jo\u00e3o Gomes\"}]},{\"@type\":\"WebSite\",\"@id\":\"https:\/\/www.gaveanews.com\/#website\",\"url\":\"https:\/\/www.gaveanews.com\/\",\"name\":\"G\u00e1vea News\",\"description\":\"Veja todas as not\u00edcias sobre o Flamengo: Contrata\u00e7\u00f5es, categorias de base, resultados das partidas, tabela de classifica\u00e7\u00e3o, pr\u00f3ximos jogos!\",\"potentialAction\":[{\"@type\":\"SearchAction\",\"target\":{\"@type\":\"EntryPoint\",\"urlTemplate\":\"https:\/\/www.gaveanews.com\/?s={search_term_string}\"},\"query-input\":{\"@type\":\"PropertyValueSpecification\",\"valueRequired\":true,\"valueName\":\"search_term_string\"}}],\"inLanguage\":\"pt-BR\"},{\"@type\":\"Person\",\"@id\":\"https:\/\/www.gaveanews.com\/#\/schema\/person\/2ec14f73fb96be2caf28f91afb14749d\",\"name\":\"Equipe G\u00e1vea News\",\"image\":{\"@type\":\"ImageObject\",\"inLanguage\":\"pt-BR\",\"@id\":\"https:\/\/www.gaveanews.com\/#\/schema\/person\/image\/\",\"url\":\"https:\/\/secure.gravatar.com\/avatar\/1e1956f1facbffd3f8fa53a326721950116b3b9dc9bd44939c01180fd4a745a9?s=96&d=mm&r=g\",\"contentUrl\":\"https:\/\/secure.gravatar.com\/avatar\/1e1956f1facbffd3f8fa53a326721950116b3b9dc9bd44939c01180fd4a745a9?s=96&d=mm&r=g\",\"caption\":\"Equipe G\u00e1vea News\"}}]}<\/script>\n<!-- \/ Yoast SEO Premium plugin. -->","yoast_head_json":{"title":"\u00c1rbitro de Corinthians x Flamengo explica por que aplicou o cart\u00e3o amarelo para Jo\u00e3o Gomes","robots":{"index":"index","follow":"follow","max-snippet":"max-snippet:-1","max-image-preview":"max-image-preview:large","max-video-preview":"max-video-preview:-1"},"canonical":"https:\/\/www.gaveanews.com\/index.php\/2022\/10\/13\/arbitro-de-corinthians-x-flamengo-explica-por-que-aplicou-o-cartao-amarelo-para-joao-gomes\/","og_locale":"pt_BR","og_type":"article","og_title":"\u00c1rbitro de Corinthians x Flamengo explica por que aplicou o cart\u00e3o amarelo para Jo\u00e3o Gomes","og_description":"O \u00e1rbitro Braulio da Silva Machado justificou o cart\u00e3o amarelo aplicado para Jo\u00e3o Gomes, do Flamengo, durante o jogo de ida da final da Copa do Brasil. Na s\u00famula, ele interpretou a entrada do volante em Fagner, do Corinthians, como &#8220;de maneira temer\u00e1ria&#8221;. \u2014 Dar uma entrada contra um advers\u00e1rio de maneira temer\u00e1ria na disputa [&hellip;]","og_url":"https:\/\/www.gaveanews.com\/index.php\/2022\/10\/13\/arbitro-de-corinthians-x-flamengo-explica-por-que-aplicou-o-cartao-amarelo-para-joao-gomes\/","og_site_name":"G\u00e1vea News","article_publisher":"https:\/\/facebook.com\/gaveaNews\/","article_published_time":"2022-10-13T16:29:21+00:00","article_modified_time":"2022-10-13T16:29:25+00:00","og_image":[{"width":800,"height":400,"url":"https:\/\/www.gaveanews.com\/wp-content\/uploads\/Taca-da-Copa-do-Brasil.webp","type":"image\/jpeg"}],"author":"Equipe G\u00e1vea News","twitter_card":"summary_large_image","twitter_misc":{"Escrito por":"Equipe G\u00e1vea News","Est. tempo de leitura":"2 minutos"},"schema":{"@context":"https:\/\/schema.org","@graph":[{"@type":"NewsArticle","@id":"https:\/\/www.gaveanews.com\/index.php\/2022\/10\/13\/arbitro-de-corinthians-x-flamengo-explica-por-que-aplicou-o-cartao-amarelo-para-joao-gomes\/#article","isPartOf":{"@id":"https:\/\/www.gaveanews.com\/index.php\/2022\/10\/13\/arbitro-de-corinthians-x-flamengo-explica-por-que-aplicou-o-cartao-amarelo-para-joao-gomes\/"},"author":{"name":"Equipe G\u00e1vea News","@id":"https:\/\/www.gaveanews.com\/#\/schema\/person\/2ec14f73fb96be2caf28f91afb14749d"},"headline":"\u00c1rbitro de Corinthians x Flamengo explica por que aplicou o cart\u00e3o amarelo para Jo\u00e3o Gomes","datePublished":"2022-10-13T16:29:21+00:00","dateModified":"2022-10-13T16:29:25+00:00","mainEntityOfPage":{"@id":"https:\/\/www.gaveanews.com\/index.php\/2022\/10\/13\/arbitro-de-corinthians-x-flamengo-explica-por-que-aplicou-o-cartao-amarelo-para-joao-gomes\/"},"wordCount":228,"commentCount":0,"image":{"@id":"https:\/\/www.gaveanews.com\/index.php\/2022\/10\/13\/arbitro-de-corinthians-x-flamengo-explica-por-que-aplicou-o-cartao-amarelo-para-joao-gomes\/#primaryimage"},"thumbnailUrl":"https:\/\/www.gaveanews.com\/wp-content\/uploads\/Taca-da-Copa-do-Brasil.webp","articleSection":["Flamengo"],"inLanguage":"pt-BR","potentialAction":[{"@type":"CommentAction","name":"Comment","target":["https:\/\/www.gaveanews.com\/index.php\/2022\/10\/13\/arbitro-de-corinthians-x-flamengo-explica-por-que-aplicou-o-cartao-amarelo-para-joao-gomes\/#respond"]}],"copyrightYear":"2022","copyrightHolder":{"@id":"https:\/\/www.gaveanews.com\/#organization"}},{"@type":"WebPage","@id":"https:\/\/www.gaveanews.com\/index.php\/2022\/10\/13\/arbitro-de-corinthians-x-flamengo-explica-por-que-aplicou-o-cartao-amarelo-para-joao-gomes\/","url":"https:\/\/www.gaveanews.com\/index.php\/2022\/10\/13\/arbitro-de-corinthians-x-flamengo-explica-por-que-aplicou-o-cartao-amarelo-para-joao-gomes\/","name":"\u00c1rbitro de Corinthians x Flamengo explica por que aplicou o cart\u00e3o amarelo para Jo\u00e3o Gomes","isPartOf":{"@id":"https:\/\/www.gaveanews.com\/#website"},"primaryImageOfPage":{"@id":"https:\/\/www.gaveanews.com\/index.php\/2022\/10\/13\/arbitro-de-corinthians-x-flamengo-explica-por-que-aplicou-o-cartao-amarelo-para-joao-gomes\/#primaryimage"},"image":{"@id":"https:\/\/www.gaveanews.com\/index.php\/2022\/10\/13\/arbitro-de-corinthians-x-flamengo-explica-por-que-aplicou-o-cartao-amarelo-para-joao-gomes\/#primaryimage"},"thumbnailUrl":"https:\/\/www.gaveanews.com\/wp-content\/uploads\/Taca-da-Copa-do-Brasil.webp","datePublished":"2022-10-13T16:29:21+00:00","dateModified":"2022-10-13T16:29:25+00:00","author":{"@id":"https:\/\/www.gaveanews.com\/#\/schema\/person\/2ec14f73fb96be2caf28f91afb14749d"},"breadcrumb":{"@id":"https:\/\/www.gaveanews.com\/index.php\/2022\/10\/13\/arbitro-de-corinthians-x-flamengo-explica-por-que-aplicou-o-cartao-amarelo-para-joao-gomes\/#breadcrumb"},"inLanguage":"pt-BR","potentialAction":[{"@type":"ReadAction","target":["https:\/\/www.gaveanews.com\/index.php\/2022\/10\/13\/arbitro-de-corinthians-x-flamengo-explica-por-que-aplicou-o-cartao-amarelo-para-joao-gomes\/"]}]},{"@type":"ImageObject","inLanguage":"pt-BR","@id":"https:\/\/www.gaveanews.com\/index.php\/2022\/10\/13\/arbitro-de-corinthians-x-flamengo-explica-por-que-aplicou-o-cartao-amarelo-para-joao-gomes\/#primaryimage","url":"https:\/\/www.gaveanews.com\/wp-content\/uploads\/Taca-da-Copa-do-Brasil.webp","contentUrl":"https:\/\/www.gaveanews.com\/wp-content\/uploads\/Taca-da-Copa-do-Brasil.webp","width":800,"height":400,"caption":"Ta\u00e7a da Copa do Brasil (Foto: Lucas Figueiredo\/CBF)"},{"@type":"BreadcrumbList","@id":"https:\/\/www.gaveanews.com\/index.php\/2022\/10\/13\/arbitro-de-corinthians-x-flamengo-explica-por-que-aplicou-o-cartao-amarelo-para-joao-gomes\/#breadcrumb","itemListElement":[{"@type":"ListItem","position":1,"name":"Home","item":"https:\/\/www.gaveanews.com\/"},{"@type":"ListItem","position":2,"name":"\u00c1rbitro de Corinthians x Flamengo explica por que aplicou o cart\u00e3o amarelo para Jo\u00e3o Gomes"}]},{"@type":"WebSite","@id":"https:\/\/www.gaveanews.com\/#website","url":"https:\/\/www.gaveanews.com\/","name":"G\u00e1vea News","description":"Veja todas as not\u00edcias sobre o Flamengo: Contrata\u00e7\u00f5es, categorias de base, resultados das partidas, tabela de classifica\u00e7\u00e3o, pr\u00f3ximos jogos!","potentialAction":[{"@type":"SearchAction","target":{"@type":"EntryPoint","urlTemplate":"https:\/\/www.gaveanews.com\/?s={search_term_string}"},"query-input":{"@type":"PropertyValueSpecification","valueRequired":true,"valueName":"search_term_string"}}],"inLanguage":"pt-BR"},{"@type":"Person","@id":"https:\/\/www.gaveanews.com\/#\/schema\/person\/2ec14f73fb96be2caf28f91afb14749d","name":"Equipe G\u00e1vea News","image":{"@type":"ImageObject","inLanguage":"pt-BR","@id":"https:\/\/www.gaveanews.com\/#\/schema\/person\/image\/","url":"https:\/\/secure.gravatar.com\/avatar\/1e1956f1facbffd3f8fa53a326721950116b3b9dc9bd44939c01180fd4a745a9?s=96&d=mm&r=g","contentUrl":"https:\/\/secure.gravatar.com\/avatar\/1e1956f1facbffd3f8fa53a326721950116b3b9dc9bd44939c01180fd4a745a9?s=96&d=mm&r=g","caption":"Equipe G\u00e1vea News"}}]}},"_links":{"self":[{"href":"https:\/\/www.gaveanews.com\/index.php\/wp-json\/wp\/v2\/posts\/88924","targetHints":{"allow":["GET"]}}],"collection":[{"href":"https:\/\/www.gaveanews.com\/index.php\/wp-json\/wp\/v2\/posts"}],"about":[{"href":"https:\/\/www.gaveanews.com\/index.php\/wp-json\/wp\/v2\/types\/post"}],"author":[{"embeddable":true,"href":"https:\/\/www.gaveanews.com\/index.php\/wp-json\/wp\/v2\/users\/1"}],"replies":[{"embeddable":true,"href":"https:\/\/www.gaveanews.com\/index.php\/wp-json\/wp\/v2\/comments?post=88924"}],"version-history":[{"count":0,"href":"https:\/\/www.gaveanews.com\/index.php\/wp-json\/wp\/v2\/posts\/88924\/revisions"}],"wp:featuredmedia":[{"embeddable":true,"href":"https:\/\/www.gaveanews.com\/index.php\/wp-json\/wp\/v2\/media\/84902"}],"wp:attachment":[{"href":"https:\/\/www.gaveanews.com\/index.php\/wp-json\/wp\/v2\/media?parent=88924"}],"wp:term":[{"taxonomy":"category","embeddable":true,"href":"https:\/\/www.gaveanews.com\/index.php\/wp-json\/wp\/v2\/categories?post=88924"},{"taxonomy":"post_tag","embeddable":true,"href":"https:\/\/www.gaveanews.com\/index.php\/wp-json\/wp\/v2\/tags?post=88924"}],"curies":[{"name":"wp","href":"https:\/\/api.w.org\/{rel}","templated":true}]}}