{"id":88932,"date":"2022-10-13T17:11:59","date_gmt":"2022-10-13T20:11:59","guid":{"rendered":"https:\/\/www.gaveanews.com\/?p=88932"},"modified":"2024-04-07T09:40:08","modified_gmt":"2024-04-07T12:40:08","slug":"video-mauro-cezar-pereira-detona-leo-pereira-do-flamengo","status":"publish","type":"post","link":"https:\/\/www.gaveanews.com\/index.php\/2022\/10\/13\/video-mauro-cezar-pereira-detona-leo-pereira-do-flamengo\/","title":{"rendered":"V\u00eddeo: Mauro Cezar Pereira detona L\u00e9o Pereira, do Flamengo"},"content":{"rendered":"\n<p>Apesar do Flamengo ter feito um bom jogo pela Copa do Brasil, fora de casa, contra o Corinthians, o comentarista Mauro Cezar Pereira detonou um titular de Dorival J\u00fanior que, segundo ele, protagonizou lances de futebol amador na noite da \u00faltima quarta-feira.<\/p>\n\n\n\n<p>Durante o programa Bate-Pronto, o jornalista afirmou que n\u00e3o conseguiu ver uma atua\u00e7\u00e3o positiva do zagueiro L\u00e9o Pereira e afirmou que o jogador \u00e9 uma esp\u00e9cie de \u201cbomba armada\u201d no Flamengo, por comprometer em diversas oportunidades o time.<\/p>\n\n\n\n<p><em>\u2014 A chance do Corinthians foi um erro do L\u00e9o Pereira, que \u00e9 uma bomba armada. \u00c9 um jogador inconstante, voc\u00ea v\u00ea que ele se desliga, d\u00e1 um branco. Ele errou um tempo de bola que \u00e9 coisa de futebol amador, nem na pelada voc\u00ea v\u00ea aquilo<\/em>, afirmou Mauro Cezar.<\/p>\n\n\n\n<figure class=\"wp-block-embed is-type-rich is-provider-twitter wp-block-embed-twitter\"><div class=\"wp-block-embed__wrapper\">\n<blockquote class=\"twitter-tweet\" data-width=\"550\" data-dnt=\"true\"><p lang=\"pt\" dir=\"ltr\"><a href=\"https:\/\/twitter.com\/hashtag\/BatePronto?src=hash&amp;ref_src=twsrc%5Etfw\">#BatePronto<\/a> <a href=\"https:\/\/twitter.com\/hashtag\/CopaDoBrasil?src=hash&amp;ref_src=twsrc%5Etfw\">#CopaDoBrasil<\/a> | O Corinthians DECEPCIONOU em casa?<a href=\"https:\/\/twitter.com\/maurocezar?ref_src=twsrc%5Etfw\">@maurocezar<\/a> &#8211; \u201cO time do Corinthians fez uma partida muito P\u00c1LIDA, muito T\u00cdMIDA! O Corinthians n\u00e3o fez o goleiro do Flamengo TRABALHAR. Eu esperava MUITO MAIS do Corinthians, uma postura CONSERVADORA\u201d <a href=\"https:\/\/t.co\/XuY4lzVlep\">pic.twitter.com\/XuY4lzVlep<\/a><\/p>&mdash; Jovem Pan Esportes (@JovemPanEsporte) <a href=\"https:\/\/twitter.com\/JovemPanEsporte\/status\/1580576213445255168?ref_src=twsrc%5Etfw\">October 13, 2022<\/a><\/blockquote><script async src=\"https:\/\/platform.twitter.com\/widgets.js\" charset=\"utf-8\"><\/script>\n<\/div><\/figure>\n\n\n\n<h2 class=\"wp-block-heading\" id=\"h-nilson-cesar-exalta-rodinei-e-crava-campeao-da-copa-do-brasil\">Nilson C\u00e9sar exalta Rodinei e crava campe\u00e3o da Copa do Brasil<\/h2>\n\n\n\n<p>Durante o programa Bate-Pronto, da Jovem Pan, a final da Copa do Brasil foi o assunto e o jornalista Nilson C\u00e9sar falou sobre o confronto e n\u00e3o titubeou em dar o seu palpite e cravar o campe\u00e3o da competi\u00e7\u00e3o, antes mesmo do segundo jogo acontecer.<\/p>\n\n\n\n<p>De acordo com Nilson C\u00e9sar, o Flamengo \u00e9 um time muito melhor do que o Corinthians e, por isso, ser\u00e1 o campe\u00e3o da Copa do Brasil. <\/p>\n\n\n\n<p><em>\u2014 O time do Flamengo \u00e9 muito melhor que o time do Corinthians. Muito melhor mesmo. Quando eu falo pra comprar a faixa, \u00e9 pra comprar. S\u00f3 uma grande zebra para o Corinthians ganhar do Flamengo no Maracan\u00e3 e se sagrar campe\u00e3o da Copa do Brasil<\/em>, afirmou Nilson C\u00e9sar.<\/p>\n\n\n\n<p>Sobre o jogo da \u00faltima quarta-feira, o jornalista exaltou a atua\u00e7\u00e3o de Rodinei, que segundo ele foi fundamental para neutralizar R\u00f3ger Guedes, atacante do Corinthians.<\/p>\n\n\n\n<p><em>\u2014 O R\u00f3ger Guedes n\u00e3o \u00e9 bom jogador? O monstro do Rodinei acabou com ele no jogo ontem. \u00c9 verdade, ele n\u00e3o jogou nada e ainda saiu reclamando. O t\u00e9cnico portugu\u00eas tem raz\u00e3o, pra jogar tem que correr, jogar, marcar\u2026 ele n\u00e3o fez nada disso<\/em>, afirmou Nilson C\u00e9sar.<\/p>\n\n\n\n<p>Retirado de: Torcedores<\/p>\n","protected":false},"excerpt":{"rendered":"<p>Apesar do Flamengo ter feito um bom jogo pela Copa do Brasil, fora de casa, contra o Corinthians, o comentarista Mauro Cezar Pereira detonou um titular de Dorival J\u00fanior que, segundo ele, protagonizou lances de futebol amador na noite da \u00faltima quarta-feira. Durante o programa Bate-Pronto, o jornalista afirmou que n\u00e3o conseguiu ver uma atua\u00e7\u00e3o [&hellip;]<\/p>\n","protected":false},"author":1,"featured_media":56367,"comment_status":"open","ping_status":"closed","sticky":false,"template":"","format":"standard","meta":{"footnotes":""},"categories":[40],"tags":[175,170],"class_list":["post-88932","post","type-post","status-publish","format-standard","has-post-thumbnail","hentry","category-video","tag-leonardo-leo-pereira","tag-mauro-cezar-pereira"],"yoast_head":"<!-- This site is optimized with the Yoast SEO Premium plugin v24.2 (Yoast SEO v26.9) - https:\/\/yoast.com\/product\/yoast-seo-premium-wordpress\/ -->\n<title>V\u00eddeo: Mauro Cezar Pereira detona L\u00e9o Pereira, do Flamengo<\/title>\n<meta name=\"robots\" content=\"index, follow, max-snippet:-1, max-image-preview:large, max-video-preview:-1\" \/>\n<link rel=\"canonical\" href=\"https:\/\/www.gaveanews.com\/index.php\/2022\/10\/13\/video-mauro-cezar-pereira-detona-leo-pereira-do-flamengo\/\" \/>\n<meta property=\"og:locale\" content=\"pt_BR\" \/>\n<meta property=\"og:type\" content=\"article\" \/>\n<meta property=\"og:title\" content=\"V\u00eddeo: Mauro Cezar Pereira detona L\u00e9o Pereira, do Flamengo\" \/>\n<meta property=\"og:description\" content=\"Apesar do Flamengo ter feito um bom jogo pela Copa do Brasil, fora de casa, contra o Corinthians, o comentarista Mauro Cezar Pereira detonou um titular de Dorival J\u00fanior que, segundo ele, protagonizou lances de futebol amador na noite da \u00faltima quarta-feira. Durante o programa Bate-Pronto, o jornalista afirmou que n\u00e3o conseguiu ver uma atua\u00e7\u00e3o [&hellip;]\" \/>\n<meta property=\"og:url\" content=\"https:\/\/www.gaveanews.com\/index.php\/2022\/10\/13\/video-mauro-cezar-pereira-detona-leo-pereira-do-flamengo\/\" \/>\n<meta property=\"og:site_name\" content=\"G\u00e1vea News\" \/>\n<meta property=\"article:publisher\" content=\"https:\/\/facebook.com\/gaveaNews\/\" \/>\n<meta property=\"article:published_time\" content=\"2022-10-13T20:11:59+00:00\" \/>\n<meta property=\"article:modified_time\" content=\"2024-04-07T12:40:08+00:00\" \/>\n<meta property=\"og:image\" content=\"https:\/\/www.gaveanews.com\/wp-content\/uploads\/Mauro-Cezar-em-participacao-na-Uol-Esporte.webp\" \/>\n\t<meta property=\"og:image:width\" content=\"900\" \/>\n\t<meta property=\"og:image:height\" content=\"506\" \/>\n\t<meta property=\"og:image:type\" content=\"image\/png\" \/>\n<meta name=\"author\" content=\"Equipe G\u00e1vea News\" \/>\n<meta name=\"twitter:card\" content=\"summary_large_image\" \/>\n<meta name=\"twitter:label1\" content=\"Escrito por\" \/>\n\t<meta name=\"twitter:data1\" content=\"Equipe G\u00e1vea News\" \/>\n\t<meta name=\"twitter:label2\" content=\"Est. tempo de leitura\" \/>\n\t<meta name=\"twitter:data2\" content=\"2 minutos\" \/>\n<script type=\"application\/ld+json\" class=\"yoast-schema-graph\">{\"@context\":\"https:\/\/schema.org\",\"@graph\":[{\"@type\":\"NewsArticle\",\"@id\":\"https:\/\/www.gaveanews.com\/index.php\/2022\/10\/13\/video-mauro-cezar-pereira-detona-leo-pereira-do-flamengo\/#article\",\"isPartOf\":{\"@id\":\"https:\/\/www.gaveanews.com\/index.php\/2022\/10\/13\/video-mauro-cezar-pereira-detona-leo-pereira-do-flamengo\/\"},\"author\":{\"name\":\"Equipe G\u00e1vea News\",\"@id\":\"https:\/\/www.gaveanews.com\/#\/schema\/person\/2ec14f73fb96be2caf28f91afb14749d\"},\"headline\":\"V\u00eddeo: Mauro Cezar Pereira detona L\u00e9o Pereira, do Flamengo\",\"datePublished\":\"2022-10-13T20:11:59+00:00\",\"dateModified\":\"2024-04-07T12:40:08+00:00\",\"mainEntityOfPage\":{\"@id\":\"https:\/\/www.gaveanews.com\/index.php\/2022\/10\/13\/video-mauro-cezar-pereira-detona-leo-pereira-do-flamengo\/\"},\"wordCount\":367,\"commentCount\":0,\"image\":{\"@id\":\"https:\/\/www.gaveanews.com\/index.php\/2022\/10\/13\/video-mauro-cezar-pereira-detona-leo-pereira-do-flamengo\/#primaryimage\"},\"thumbnailUrl\":\"https:\/\/www.gaveanews.com\/wp-content\/uploads\/Mauro-Cezar-em-participacao-na-Uol-Esporte.webp\",\"keywords\":[\"Leonardo Pereira\",\"Mauro Cezar Pereira\"],\"articleSection\":[\"V\u00eddeos\"],\"inLanguage\":\"pt-BR\",\"potentialAction\":[{\"@type\":\"CommentAction\",\"name\":\"Comment\",\"target\":[\"https:\/\/www.gaveanews.com\/index.php\/2022\/10\/13\/video-mauro-cezar-pereira-detona-leo-pereira-do-flamengo\/#respond\"]}],\"copyrightYear\":\"2022\",\"copyrightHolder\":{\"@id\":\"https:\/\/www.gaveanews.com\/#organization\"}},{\"@type\":\"WebPage\",\"@id\":\"https:\/\/www.gaveanews.com\/index.php\/2022\/10\/13\/video-mauro-cezar-pereira-detona-leo-pereira-do-flamengo\/\",\"url\":\"https:\/\/www.gaveanews.com\/index.php\/2022\/10\/13\/video-mauro-cezar-pereira-detona-leo-pereira-do-flamengo\/\",\"name\":\"V\u00eddeo: Mauro Cezar Pereira detona L\u00e9o Pereira, do Flamengo\",\"isPartOf\":{\"@id\":\"https:\/\/www.gaveanews.com\/#website\"},\"primaryImageOfPage\":{\"@id\":\"https:\/\/www.gaveanews.com\/index.php\/2022\/10\/13\/video-mauro-cezar-pereira-detona-leo-pereira-do-flamengo\/#primaryimage\"},\"image\":{\"@id\":\"https:\/\/www.gaveanews.com\/index.php\/2022\/10\/13\/video-mauro-cezar-pereira-detona-leo-pereira-do-flamengo\/#primaryimage\"},\"thumbnailUrl\":\"https:\/\/www.gaveanews.com\/wp-content\/uploads\/Mauro-Cezar-em-participacao-na-Uol-Esporte.webp\",\"datePublished\":\"2022-10-13T20:11:59+00:00\",\"dateModified\":\"2024-04-07T12:40:08+00:00\",\"author\":{\"@id\":\"https:\/\/www.gaveanews.com\/#\/schema\/person\/2ec14f73fb96be2caf28f91afb14749d\"},\"breadcrumb\":{\"@id\":\"https:\/\/www.gaveanews.com\/index.php\/2022\/10\/13\/video-mauro-cezar-pereira-detona-leo-pereira-do-flamengo\/#breadcrumb\"},\"inLanguage\":\"pt-BR\",\"potentialAction\":[{\"@type\":\"ReadAction\",\"target\":[\"https:\/\/www.gaveanews.com\/index.php\/2022\/10\/13\/video-mauro-cezar-pereira-detona-leo-pereira-do-flamengo\/\"]}]},{\"@type\":\"ImageObject\",\"inLanguage\":\"pt-BR\",\"@id\":\"https:\/\/www.gaveanews.com\/index.php\/2022\/10\/13\/video-mauro-cezar-pereira-detona-leo-pereira-do-flamengo\/#primaryimage\",\"url\":\"https:\/\/www.gaveanews.com\/wp-content\/uploads\/Mauro-Cezar-em-participacao-na-Uol-Esporte.webp\",\"contentUrl\":\"https:\/\/www.gaveanews.com\/wp-content\/uploads\/Mauro-Cezar-em-participacao-na-Uol-Esporte.webp\",\"width\":900,\"height\":506,\"caption\":\"Mauro Cezar, comentarista da UOL Esporte (Foto: Reprodu\u00e7\u00e3o\/UOL Esporte)\"},{\"@type\":\"BreadcrumbList\",\"@id\":\"https:\/\/www.gaveanews.com\/index.php\/2022\/10\/13\/video-mauro-cezar-pereira-detona-leo-pereira-do-flamengo\/#breadcrumb\",\"itemListElement\":[{\"@type\":\"ListItem\",\"position\":1,\"name\":\"Home\",\"item\":\"https:\/\/www.gaveanews.com\/\"},{\"@type\":\"ListItem\",\"position\":2,\"name\":\"V\u00eddeo: Mauro Cezar Pereira detona L\u00e9o Pereira, do Flamengo\"}]},{\"@type\":\"WebSite\",\"@id\":\"https:\/\/www.gaveanews.com\/#website\",\"url\":\"https:\/\/www.gaveanews.com\/\",\"name\":\"G\u00e1vea News\",\"description\":\"Veja todas as not\u00edcias sobre o Flamengo: Contrata\u00e7\u00f5es, categorias de base, resultados das partidas, tabela de classifica\u00e7\u00e3o, pr\u00f3ximos jogos!\",\"potentialAction\":[{\"@type\":\"SearchAction\",\"target\":{\"@type\":\"EntryPoint\",\"urlTemplate\":\"https:\/\/www.gaveanews.com\/?s={search_term_string}\"},\"query-input\":{\"@type\":\"PropertyValueSpecification\",\"valueRequired\":true,\"valueName\":\"search_term_string\"}}],\"inLanguage\":\"pt-BR\"},{\"@type\":\"Person\",\"@id\":\"https:\/\/www.gaveanews.com\/#\/schema\/person\/2ec14f73fb96be2caf28f91afb14749d\",\"name\":\"Equipe G\u00e1vea News\",\"image\":{\"@type\":\"ImageObject\",\"inLanguage\":\"pt-BR\",\"@id\":\"https:\/\/www.gaveanews.com\/#\/schema\/person\/image\/\",\"url\":\"https:\/\/secure.gravatar.com\/avatar\/1e1956f1facbffd3f8fa53a326721950116b3b9dc9bd44939c01180fd4a745a9?s=96&d=mm&r=g\",\"contentUrl\":\"https:\/\/secure.gravatar.com\/avatar\/1e1956f1facbffd3f8fa53a326721950116b3b9dc9bd44939c01180fd4a745a9?s=96&d=mm&r=g\",\"caption\":\"Equipe G\u00e1vea News\"}}]}<\/script>\n<!-- \/ Yoast SEO Premium plugin. -->","yoast_head_json":{"title":"V\u00eddeo: Mauro Cezar Pereira detona L\u00e9o Pereira, do Flamengo","robots":{"index":"index","follow":"follow","max-snippet":"max-snippet:-1","max-image-preview":"max-image-preview:large","max-video-preview":"max-video-preview:-1"},"canonical":"https:\/\/www.gaveanews.com\/index.php\/2022\/10\/13\/video-mauro-cezar-pereira-detona-leo-pereira-do-flamengo\/","og_locale":"pt_BR","og_type":"article","og_title":"V\u00eddeo: Mauro Cezar Pereira detona L\u00e9o Pereira, do Flamengo","og_description":"Apesar do Flamengo ter feito um bom jogo pela Copa do Brasil, fora de casa, contra o Corinthians, o comentarista Mauro Cezar Pereira detonou um titular de Dorival J\u00fanior que, segundo ele, protagonizou lances de futebol amador na noite da \u00faltima quarta-feira. Durante o programa Bate-Pronto, o jornalista afirmou que n\u00e3o conseguiu ver uma atua\u00e7\u00e3o [&hellip;]","og_url":"https:\/\/www.gaveanews.com\/index.php\/2022\/10\/13\/video-mauro-cezar-pereira-detona-leo-pereira-do-flamengo\/","og_site_name":"G\u00e1vea News","article_publisher":"https:\/\/facebook.com\/gaveaNews\/","article_published_time":"2022-10-13T20:11:59+00:00","article_modified_time":"2024-04-07T12:40:08+00:00","og_image":[{"width":900,"height":506,"url":"https:\/\/www.gaveanews.com\/wp-content\/uploads\/Mauro-Cezar-em-participacao-na-Uol-Esporte.webp","type":"image\/png"}],"author":"Equipe G\u00e1vea News","twitter_card":"summary_large_image","twitter_misc":{"Escrito por":"Equipe G\u00e1vea News","Est. tempo de leitura":"2 minutos"},"schema":{"@context":"https:\/\/schema.org","@graph":[{"@type":"NewsArticle","@id":"https:\/\/www.gaveanews.com\/index.php\/2022\/10\/13\/video-mauro-cezar-pereira-detona-leo-pereira-do-flamengo\/#article","isPartOf":{"@id":"https:\/\/www.gaveanews.com\/index.php\/2022\/10\/13\/video-mauro-cezar-pereira-detona-leo-pereira-do-flamengo\/"},"author":{"name":"Equipe G\u00e1vea News","@id":"https:\/\/www.gaveanews.com\/#\/schema\/person\/2ec14f73fb96be2caf28f91afb14749d"},"headline":"V\u00eddeo: Mauro Cezar Pereira detona L\u00e9o Pereira, do Flamengo","datePublished":"2022-10-13T20:11:59+00:00","dateModified":"2024-04-07T12:40:08+00:00","mainEntityOfPage":{"@id":"https:\/\/www.gaveanews.com\/index.php\/2022\/10\/13\/video-mauro-cezar-pereira-detona-leo-pereira-do-flamengo\/"},"wordCount":367,"commentCount":0,"image":{"@id":"https:\/\/www.gaveanews.com\/index.php\/2022\/10\/13\/video-mauro-cezar-pereira-detona-leo-pereira-do-flamengo\/#primaryimage"},"thumbnailUrl":"https:\/\/www.gaveanews.com\/wp-content\/uploads\/Mauro-Cezar-em-participacao-na-Uol-Esporte.webp","keywords":["Leonardo Pereira","Mauro Cezar Pereira"],"articleSection":["V\u00eddeos"],"inLanguage":"pt-BR","potentialAction":[{"@type":"CommentAction","name":"Comment","target":["https:\/\/www.gaveanews.com\/index.php\/2022\/10\/13\/video-mauro-cezar-pereira-detona-leo-pereira-do-flamengo\/#respond"]}],"copyrightYear":"2022","copyrightHolder":{"@id":"https:\/\/www.gaveanews.com\/#organization"}},{"@type":"WebPage","@id":"https:\/\/www.gaveanews.com\/index.php\/2022\/10\/13\/video-mauro-cezar-pereira-detona-leo-pereira-do-flamengo\/","url":"https:\/\/www.gaveanews.com\/index.php\/2022\/10\/13\/video-mauro-cezar-pereira-detona-leo-pereira-do-flamengo\/","name":"V\u00eddeo: Mauro Cezar Pereira detona L\u00e9o Pereira, do Flamengo","isPartOf":{"@id":"https:\/\/www.gaveanews.com\/#website"},"primaryImageOfPage":{"@id":"https:\/\/www.gaveanews.com\/index.php\/2022\/10\/13\/video-mauro-cezar-pereira-detona-leo-pereira-do-flamengo\/#primaryimage"},"image":{"@id":"https:\/\/www.gaveanews.com\/index.php\/2022\/10\/13\/video-mauro-cezar-pereira-detona-leo-pereira-do-flamengo\/#primaryimage"},"thumbnailUrl":"https:\/\/www.gaveanews.com\/wp-content\/uploads\/Mauro-Cezar-em-participacao-na-Uol-Esporte.webp","datePublished":"2022-10-13T20:11:59+00:00","dateModified":"2024-04-07T12:40:08+00:00","author":{"@id":"https:\/\/www.gaveanews.com\/#\/schema\/person\/2ec14f73fb96be2caf28f91afb14749d"},"breadcrumb":{"@id":"https:\/\/www.gaveanews.com\/index.php\/2022\/10\/13\/video-mauro-cezar-pereira-detona-leo-pereira-do-flamengo\/#breadcrumb"},"inLanguage":"pt-BR","potentialAction":[{"@type":"ReadAction","target":["https:\/\/www.gaveanews.com\/index.php\/2022\/10\/13\/video-mauro-cezar-pereira-detona-leo-pereira-do-flamengo\/"]}]},{"@type":"ImageObject","inLanguage":"pt-BR","@id":"https:\/\/www.gaveanews.com\/index.php\/2022\/10\/13\/video-mauro-cezar-pereira-detona-leo-pereira-do-flamengo\/#primaryimage","url":"https:\/\/www.gaveanews.com\/wp-content\/uploads\/Mauro-Cezar-em-participacao-na-Uol-Esporte.webp","contentUrl":"https:\/\/www.gaveanews.com\/wp-content\/uploads\/Mauro-Cezar-em-participacao-na-Uol-Esporte.webp","width":900,"height":506,"caption":"Mauro Cezar, comentarista da UOL Esporte (Foto: Reprodu\u00e7\u00e3o\/UOL Esporte)"},{"@type":"BreadcrumbList","@id":"https:\/\/www.gaveanews.com\/index.php\/2022\/10\/13\/video-mauro-cezar-pereira-detona-leo-pereira-do-flamengo\/#breadcrumb","itemListElement":[{"@type":"ListItem","position":1,"name":"Home","item":"https:\/\/www.gaveanews.com\/"},{"@type":"ListItem","position":2,"name":"V\u00eddeo: Mauro Cezar Pereira detona L\u00e9o Pereira, do Flamengo"}]},{"@type":"WebSite","@id":"https:\/\/www.gaveanews.com\/#website","url":"https:\/\/www.gaveanews.com\/","name":"G\u00e1vea News","description":"Veja todas as not\u00edcias sobre o Flamengo: Contrata\u00e7\u00f5es, categorias de base, resultados das partidas, tabela de classifica\u00e7\u00e3o, pr\u00f3ximos jogos!","potentialAction":[{"@type":"SearchAction","target":{"@type":"EntryPoint","urlTemplate":"https:\/\/www.gaveanews.com\/?s={search_term_string}"},"query-input":{"@type":"PropertyValueSpecification","valueRequired":true,"valueName":"search_term_string"}}],"inLanguage":"pt-BR"},{"@type":"Person","@id":"https:\/\/www.gaveanews.com\/#\/schema\/person\/2ec14f73fb96be2caf28f91afb14749d","name":"Equipe G\u00e1vea News","image":{"@type":"ImageObject","inLanguage":"pt-BR","@id":"https:\/\/www.gaveanews.com\/#\/schema\/person\/image\/","url":"https:\/\/secure.gravatar.com\/avatar\/1e1956f1facbffd3f8fa53a326721950116b3b9dc9bd44939c01180fd4a745a9?s=96&d=mm&r=g","contentUrl":"https:\/\/secure.gravatar.com\/avatar\/1e1956f1facbffd3f8fa53a326721950116b3b9dc9bd44939c01180fd4a745a9?s=96&d=mm&r=g","caption":"Equipe G\u00e1vea News"}}]}},"_links":{"self":[{"href":"https:\/\/www.gaveanews.com\/index.php\/wp-json\/wp\/v2\/posts\/88932","targetHints":{"allow":["GET"]}}],"collection":[{"href":"https:\/\/www.gaveanews.com\/index.php\/wp-json\/wp\/v2\/posts"}],"about":[{"href":"https:\/\/www.gaveanews.com\/index.php\/wp-json\/wp\/v2\/types\/post"}],"author":[{"embeddable":true,"href":"https:\/\/www.gaveanews.com\/index.php\/wp-json\/wp\/v2\/users\/1"}],"replies":[{"embeddable":true,"href":"https:\/\/www.gaveanews.com\/index.php\/wp-json\/wp\/v2\/comments?post=88932"}],"version-history":[{"count":1,"href":"https:\/\/www.gaveanews.com\/index.php\/wp-json\/wp\/v2\/posts\/88932\/revisions"}],"predecessor-version":[{"id":134586,"href":"https:\/\/www.gaveanews.com\/index.php\/wp-json\/wp\/v2\/posts\/88932\/revisions\/134586"}],"wp:featuredmedia":[{"embeddable":true,"href":"https:\/\/www.gaveanews.com\/index.php\/wp-json\/wp\/v2\/media\/56367"}],"wp:attachment":[{"href":"https:\/\/www.gaveanews.com\/index.php\/wp-json\/wp\/v2\/media?parent=88932"}],"wp:term":[{"taxonomy":"category","embeddable":true,"href":"https:\/\/www.gaveanews.com\/index.php\/wp-json\/wp\/v2\/categories?post=88932"},{"taxonomy":"post_tag","embeddable":true,"href":"https:\/\/www.gaveanews.com\/index.php\/wp-json\/wp\/v2\/tags?post=88932"}],"curies":[{"name":"wp","href":"https:\/\/api.w.org\/{rel}","templated":true}]}}