{"id":88947,"date":"2022-10-13T22:38:24","date_gmt":"2022-10-14T01:38:24","guid":{"rendered":"https:\/\/www.gaveanews.com\/?p=88947"},"modified":"2022-10-13T22:46:52","modified_gmt":"2022-10-14T01:46:52","slug":"arturo-vidal-do-flamengo-acompanha-funeral-do-pai-em-transmissao-ao-vivo","status":"publish","type":"post","link":"https:\/\/www.gaveanews.com\/index.php\/2022\/10\/13\/arturo-vidal-do-flamengo-acompanha-funeral-do-pai-em-transmissao-ao-vivo\/","title":{"rendered":"Arturo Vidal, do Flamengo, acompanha funeral do pai em transmiss\u00e3o ao vivo"},"content":{"rendered":"\n<p>No Brasil ap\u00f3s jogar o primeiro jogo da final do Flamengo contra o Corinthians pela Copa do Brasil, Arturo Vidal acompanhou o funeral do pai em uma transmiss\u00e3o ao vivo na noite desta quinta-feira. O pai do volante Erasmo Vidal, foi encontrado morto na \u00faltima segunda-feira, no Chile, onde est\u00e1 sendo enterrado.<\/p>\n\n\n\n<figure class=\"wp-block-image size-large\"><img decoding=\"async\" src=\"https:\/\/s2.glbimg.com\/su-l9Vh5EilSmHhad_qYh61yUDg=\/0x0:794x1280\/984x0\/smart\/filters:strip_icc()\/i.s3.glbimg.com\/v1\/AUTH_bc8228b6673f488aa253bbcb03c80ec5\/internal_photos\/bs\/2022\/W\/6\/UFLK9WRGqVF5W3UuQdDg\/whatsapp-image-2022-10-13-at-22.12.17.webp\" alt=\"\"\/><figcaption>Vidal acompanha funeral do pai em de transmiss\u00e3o ao vivo (Foto: Reprodu\u00e7\u00e3o)<\/figcaption><\/figure>\n\n\n\n<p>Arturo Vidal ganhou uma folga extra do departamento de futebol do Flamengo nesta quinta-feira. Os atletas que entraram no segundo tempo do jogo com o Corinthians, caso do chileno, e os que n\u00e3o participaram t\u00eam treino marcado para \u00e0s 16h (de Bras\u00edlia), no Ninho do Urubu.<\/p>\n\n\n\n<p>Os que iniciaram jogando a decis\u00e3o tamb\u00e9m foram liberados, Arrascaeta, por\u00e9m, foi ao Ninho do Urubu para fazer tratamento. Jo\u00e3o Gomes, que est\u00e1 fora da final\u00edssima e deve ser titular contra o Galo, tamb\u00e9m marcou presen\u00e7a no CT.<\/p>\n\n\n\n<p>A dire\u00e7\u00e3o, por\u00e9m, resolveu dar um descanso ao volante, principalmente ap\u00f3s a grande demonstra\u00e7\u00e3o de profissionalismo \u00e0s v\u00e9speras da primeira partida da final da Copa do Brasil. Vidal perdeu o pai, Erasmo, na ter\u00e7a-feira, e soube da not\u00edcia ap\u00f3s treinar no Ninho do Urubu. Apesar do baque, pediu para ser relacionado. A decis\u00e3o deixou Dorival mais \u00e0 vontade para sacar o pendurado Jo\u00e3o Gomes e substitu\u00ed-lo por um jogador de n\u00edvel internacional, sem preju\u00edzos na reposi\u00e7\u00e3o.<\/p>\n\n\n\n<p>O comando do futebol e Dorival J\u00fanior at\u00e9 estimularam Vidal a ir ao Chile acompanhar o enterro do pai e consequentemente ficar fora do jogo com o Corinthians, mas o jogador optou por seguir com o grupo, algo que o fez ganhar pontos com todos.<\/p>\n\n\n\n<p>Vidal ficou 36 minutos em campo. Errou apenas um dos 36 passes tentados, finalizou uma vez e fez dois desarmes. Recebeu carinho da torcida no Rio, quando o time embarcou para S\u00e3o Paulo, e na Arena Corinthians. Ap\u00f3s o jogo, mesmo com semblante que demonstrava abatimento, tirou fotos com v\u00e1rios f\u00e3s.<\/p>\n\n\n\n<h2 class=\"wp-block-heading\" id=\"h-prelecao-dedicada-a-vidal\">Prele\u00e7\u00e3o dedicada a Vidal<\/h2>\n\n\n\n<p>No pr\u00e9-jogo de Corinthians x\u00a0Flamengo, Dorival J\u00fanior pediu que seus jogadores deixassem tudo em campo n\u00e3o apenas pela \u00f3bvia vontade de ser campe\u00e3o, mas principalmente pelo profissionalismo de Vidal. O companheirismo do chileno foi exaltado pelo treinador durante a corrente rubro-negra.<\/p>\n\n\n\n<p>Dorival tamb\u00e9m pediu entrega em homenagem a Bruno Henrique, Rodrigo Caio, Varela e Pulgar, que viajaram com o time mesmo sem condi\u00e7\u00f5es de jogo, mas o discurso teve o chileno como protagonista. Ap\u00f3s a partida, o treinador externou a admira\u00e7\u00e3o pelo comandado.<\/p>\n\n\n\n<p><em>\u2014 Ele preferiu ficar, logicamente que ele sentiu demais, como todos n\u00f3s sentimos por ele. N\u00f3s respeitamos a decis\u00e3o. Ele foi taxativo quando decidiu. N\u00f3s n\u00e3o t\u00ednhamos argumenta\u00e7\u00e3o nenhuma. Ele foi muito homem com todos n\u00f3s, o que faz com que o respeitemos cada dia mais pela postura que teve. Da hombridade, dignidade mesmo num momento dific\u00edlimo. Ele pensou num todo, no grupo, sabendo que talvez ele n\u00e3o pudesse nem chegar para acompanhar (o enterro).<\/em><\/p>\n\n\n\n<h2 class=\"wp-block-heading\" id=\"h-abatimento-natural\">Abatimento natural<\/h2>\n\n\n\n<p>Apesar de ter pedido para jogar e de postagens demonstrando positividade, obviamente Vidal estava abatido. Demonstrou isso ao desembarcar em Guarulhos, onde o\u00a0Flamengo\u00a0ficou concentrado.<\/p>\n\n\n\n<p>No pr\u00e9-jogo, antes do discurso de Dorival, o chileno revelou-se emocionado em alguns momentos de conversas com membros da delega\u00e7\u00e3o. No dia do jogo, fez uma s\u00e9rie de postagens em homenagem ao pai, a mais marcante delas citava que sentiria falta das mensagens de apoio antes das partidas.<\/p>\n\n\n\n<p><em>\u2014 Papai, hoje vai me faltar sua mensagem de boa sorte antes da partida, mas sei que l\u00e1 de cima estar\u00e1 nos apoiando. Agora vamos ganhar esta Copa e a que vir\u00e1. Por ti e por todos que me apoiam no dia a dia. Vamos Flamengo!<\/em> &#8211; disse Vidal em suas redes antes do jogo.<\/p>\n\n\n\n<p>Nesta quinta-feira, pouco depois de 15h30, Vidal voltou a fazer uma postagem referente ao pai. Agradeceu a Corinthians e Flamengo pela homenagem a Erasmo Vidal no tel\u00e3o da Neo Qu\u00edmica Arena.<\/p>\n\n\n\n<p>Mais do que a folga, Vidal ganhou pontos com Dorival J\u00fanior, dire\u00e7\u00e3o do clube e torcida. Demonstra\u00e7\u00f5es de carinho continuam acontecendo at\u00e9 o momento. E esse texto tamb\u00e9m n\u00e3o fica fora da corrente:<\/p>\n\n\n\n<p>Retirado de: Globo Esporte<\/p>\n","protected":false},"excerpt":{"rendered":"<p>No Brasil ap\u00f3s jogar o primeiro jogo da final do Flamengo contra o Corinthians pela Copa do Brasil, Arturo Vidal acompanhou o funeral do pai em uma transmiss\u00e3o ao vivo na noite desta quinta-feira. O pai do volante Erasmo Vidal, foi encontrado morto na \u00faltima segunda-feira, no Chile, onde est\u00e1 sendo enterrado. Arturo Vidal ganhou [&hellip;]<\/p>\n","protected":false},"author":1,"featured_media":88659,"comment_status":"open","ping_status":"closed","sticky":false,"template":"","format":"standard","meta":{"footnotes":""},"categories":[1],"tags":[],"class_list":["post-88947","post","type-post","status-publish","format-standard","has-post-thumbnail","hentry","category-flamengo"],"yoast_head":"<!-- This site is optimized with the Yoast SEO Premium plugin v24.2 (Yoast SEO v26.9) - https:\/\/yoast.com\/product\/yoast-seo-premium-wordpress\/ -->\n<title>Arturo Vidal, do Flamengo, acompanha funeral do pai em transmiss\u00e3o ao vivo<\/title>\n<meta name=\"robots\" content=\"index, follow, max-snippet:-1, max-image-preview:large, max-video-preview:-1\" \/>\n<link rel=\"canonical\" href=\"https:\/\/www.gaveanews.com\/index.php\/2022\/10\/13\/arturo-vidal-do-flamengo-acompanha-funeral-do-pai-em-transmissao-ao-vivo\/\" \/>\n<meta property=\"og:locale\" content=\"pt_BR\" \/>\n<meta property=\"og:type\" content=\"article\" \/>\n<meta property=\"og:title\" content=\"Arturo Vidal, do Flamengo, acompanha funeral do pai em transmiss\u00e3o ao vivo\" \/>\n<meta property=\"og:description\" content=\"No Brasil ap\u00f3s jogar o primeiro jogo da final do Flamengo contra o Corinthians pela Copa do Brasil, Arturo Vidal acompanhou o funeral do pai em uma transmiss\u00e3o ao vivo na noite desta quinta-feira. O pai do volante Erasmo Vidal, foi encontrado morto na \u00faltima segunda-feira, no Chile, onde est\u00e1 sendo enterrado. Arturo Vidal ganhou [&hellip;]\" \/>\n<meta property=\"og:url\" content=\"https:\/\/www.gaveanews.com\/index.php\/2022\/10\/13\/arturo-vidal-do-flamengo-acompanha-funeral-do-pai-em-transmissao-ao-vivo\/\" \/>\n<meta property=\"og:site_name\" content=\"G\u00e1vea News\" \/>\n<meta property=\"article:publisher\" content=\"https:\/\/facebook.com\/gaveaNews\/\" \/>\n<meta property=\"article:published_time\" content=\"2022-10-14T01:38:24+00:00\" \/>\n<meta property=\"article:modified_time\" content=\"2022-10-14T01:46:52+00:00\" \/>\n<meta property=\"og:image\" content=\"https:\/\/www.gaveanews.com\/wp-content\/uploads\/Arturo-Vidal-em-jogo-do-Flamengo-contra-o-Internacional.webp\" \/>\n\t<meta property=\"og:image:width\" content=\"800\" \/>\n\t<meta property=\"og:image:height\" content=\"534\" \/>\n\t<meta property=\"og:image:type\" content=\"image\/jpeg\" \/>\n<meta name=\"author\" content=\"Equipe G\u00e1vea News\" \/>\n<meta name=\"twitter:card\" content=\"summary_large_image\" \/>\n<meta name=\"twitter:label1\" content=\"Escrito por\" \/>\n\t<meta name=\"twitter:data1\" content=\"Equipe G\u00e1vea News\" \/>\n\t<meta name=\"twitter:label2\" content=\"Est. tempo de leitura\" \/>\n\t<meta name=\"twitter:data2\" content=\"4 minutos\" \/>\n<script type=\"application\/ld+json\" class=\"yoast-schema-graph\">{\"@context\":\"https:\/\/schema.org\",\"@graph\":[{\"@type\":\"NewsArticle\",\"@id\":\"https:\/\/www.gaveanews.com\/index.php\/2022\/10\/13\/arturo-vidal-do-flamengo-acompanha-funeral-do-pai-em-transmissao-ao-vivo\/#article\",\"isPartOf\":{\"@id\":\"https:\/\/www.gaveanews.com\/index.php\/2022\/10\/13\/arturo-vidal-do-flamengo-acompanha-funeral-do-pai-em-transmissao-ao-vivo\/\"},\"author\":{\"name\":\"Equipe G\u00e1vea News\",\"@id\":\"https:\/\/www.gaveanews.com\/#\/schema\/person\/2ec14f73fb96be2caf28f91afb14749d\"},\"headline\":\"Arturo Vidal, do Flamengo, acompanha funeral do pai em transmiss\u00e3o ao vivo\",\"datePublished\":\"2022-10-14T01:38:24+00:00\",\"dateModified\":\"2022-10-14T01:46:52+00:00\",\"mainEntityOfPage\":{\"@id\":\"https:\/\/www.gaveanews.com\/index.php\/2022\/10\/13\/arturo-vidal-do-flamengo-acompanha-funeral-do-pai-em-transmissao-ao-vivo\/\"},\"wordCount\":752,\"commentCount\":0,\"image\":{\"@id\":\"https:\/\/www.gaveanews.com\/index.php\/2022\/10\/13\/arturo-vidal-do-flamengo-acompanha-funeral-do-pai-em-transmissao-ao-vivo\/#primaryimage\"},\"thumbnailUrl\":\"https:\/\/www.gaveanews.com\/wp-content\/uploads\/Arturo-Vidal-em-jogo-do-Flamengo-contra-o-Internacional.webp\",\"articleSection\":[\"Flamengo\"],\"inLanguage\":\"pt-BR\",\"potentialAction\":[{\"@type\":\"CommentAction\",\"name\":\"Comment\",\"target\":[\"https:\/\/www.gaveanews.com\/index.php\/2022\/10\/13\/arturo-vidal-do-flamengo-acompanha-funeral-do-pai-em-transmissao-ao-vivo\/#respond\"]}],\"copyrightYear\":\"2022\",\"copyrightHolder\":{\"@id\":\"https:\/\/www.gaveanews.com\/#organization\"}},{\"@type\":\"WebPage\",\"@id\":\"https:\/\/www.gaveanews.com\/index.php\/2022\/10\/13\/arturo-vidal-do-flamengo-acompanha-funeral-do-pai-em-transmissao-ao-vivo\/\",\"url\":\"https:\/\/www.gaveanews.com\/index.php\/2022\/10\/13\/arturo-vidal-do-flamengo-acompanha-funeral-do-pai-em-transmissao-ao-vivo\/\",\"name\":\"Arturo Vidal, do Flamengo, acompanha funeral do pai em transmiss\u00e3o ao vivo\",\"isPartOf\":{\"@id\":\"https:\/\/www.gaveanews.com\/#website\"},\"primaryImageOfPage\":{\"@id\":\"https:\/\/www.gaveanews.com\/index.php\/2022\/10\/13\/arturo-vidal-do-flamengo-acompanha-funeral-do-pai-em-transmissao-ao-vivo\/#primaryimage\"},\"image\":{\"@id\":\"https:\/\/www.gaveanews.com\/index.php\/2022\/10\/13\/arturo-vidal-do-flamengo-acompanha-funeral-do-pai-em-transmissao-ao-vivo\/#primaryimage\"},\"thumbnailUrl\":\"https:\/\/www.gaveanews.com\/wp-content\/uploads\/Arturo-Vidal-em-jogo-do-Flamengo-contra-o-Internacional.webp\",\"datePublished\":\"2022-10-14T01:38:24+00:00\",\"dateModified\":\"2022-10-14T01:46:52+00:00\",\"author\":{\"@id\":\"https:\/\/www.gaveanews.com\/#\/schema\/person\/2ec14f73fb96be2caf28f91afb14749d\"},\"breadcrumb\":{\"@id\":\"https:\/\/www.gaveanews.com\/index.php\/2022\/10\/13\/arturo-vidal-do-flamengo-acompanha-funeral-do-pai-em-transmissao-ao-vivo\/#breadcrumb\"},\"inLanguage\":\"pt-BR\",\"potentialAction\":[{\"@type\":\"ReadAction\",\"target\":[\"https:\/\/www.gaveanews.com\/index.php\/2022\/10\/13\/arturo-vidal-do-flamengo-acompanha-funeral-do-pai-em-transmissao-ao-vivo\/\"]}]},{\"@type\":\"ImageObject\",\"inLanguage\":\"pt-BR\",\"@id\":\"https:\/\/www.gaveanews.com\/index.php\/2022\/10\/13\/arturo-vidal-do-flamengo-acompanha-funeral-do-pai-em-transmissao-ao-vivo\/#primaryimage\",\"url\":\"https:\/\/www.gaveanews.com\/wp-content\/uploads\/Arturo-Vidal-em-jogo-do-Flamengo-contra-o-Internacional.webp\",\"contentUrl\":\"https:\/\/www.gaveanews.com\/wp-content\/uploads\/Arturo-Vidal-em-jogo-do-Flamengo-contra-o-Internacional.webp\",\"width\":800,\"height\":534,\"caption\":\"Arturo Vidal em jogo do Flamengo contra o Internacional (Foto: Marcelo Cortes\/Flamengo)\"},{\"@type\":\"BreadcrumbList\",\"@id\":\"https:\/\/www.gaveanews.com\/index.php\/2022\/10\/13\/arturo-vidal-do-flamengo-acompanha-funeral-do-pai-em-transmissao-ao-vivo\/#breadcrumb\",\"itemListElement\":[{\"@type\":\"ListItem\",\"position\":1,\"name\":\"Home\",\"item\":\"https:\/\/www.gaveanews.com\/\"},{\"@type\":\"ListItem\",\"position\":2,\"name\":\"Arturo Vidal, do Flamengo, acompanha funeral do pai em transmiss\u00e3o ao vivo\"}]},{\"@type\":\"WebSite\",\"@id\":\"https:\/\/www.gaveanews.com\/#website\",\"url\":\"https:\/\/www.gaveanews.com\/\",\"name\":\"G\u00e1vea News\",\"description\":\"Veja todas as not\u00edcias sobre o Flamengo: Contrata\u00e7\u00f5es, categorias de base, resultados das partidas, tabela de classifica\u00e7\u00e3o, pr\u00f3ximos jogos!\",\"potentialAction\":[{\"@type\":\"SearchAction\",\"target\":{\"@type\":\"EntryPoint\",\"urlTemplate\":\"https:\/\/www.gaveanews.com\/?s={search_term_string}\"},\"query-input\":{\"@type\":\"PropertyValueSpecification\",\"valueRequired\":true,\"valueName\":\"search_term_string\"}}],\"inLanguage\":\"pt-BR\"},{\"@type\":\"Person\",\"@id\":\"https:\/\/www.gaveanews.com\/#\/schema\/person\/2ec14f73fb96be2caf28f91afb14749d\",\"name\":\"Equipe G\u00e1vea News\",\"image\":{\"@type\":\"ImageObject\",\"inLanguage\":\"pt-BR\",\"@id\":\"https:\/\/www.gaveanews.com\/#\/schema\/person\/image\/\",\"url\":\"https:\/\/secure.gravatar.com\/avatar\/1e1956f1facbffd3f8fa53a326721950116b3b9dc9bd44939c01180fd4a745a9?s=96&d=mm&r=g\",\"contentUrl\":\"https:\/\/secure.gravatar.com\/avatar\/1e1956f1facbffd3f8fa53a326721950116b3b9dc9bd44939c01180fd4a745a9?s=96&d=mm&r=g\",\"caption\":\"Equipe G\u00e1vea News\"}}]}<\/script>\n<!-- \/ Yoast SEO Premium plugin. -->","yoast_head_json":{"title":"Arturo Vidal, do Flamengo, acompanha funeral do pai em transmiss\u00e3o ao vivo","robots":{"index":"index","follow":"follow","max-snippet":"max-snippet:-1","max-image-preview":"max-image-preview:large","max-video-preview":"max-video-preview:-1"},"canonical":"https:\/\/www.gaveanews.com\/index.php\/2022\/10\/13\/arturo-vidal-do-flamengo-acompanha-funeral-do-pai-em-transmissao-ao-vivo\/","og_locale":"pt_BR","og_type":"article","og_title":"Arturo Vidal, do Flamengo, acompanha funeral do pai em transmiss\u00e3o ao vivo","og_description":"No Brasil ap\u00f3s jogar o primeiro jogo da final do Flamengo contra o Corinthians pela Copa do Brasil, Arturo Vidal acompanhou o funeral do pai em uma transmiss\u00e3o ao vivo na noite desta quinta-feira. O pai do volante Erasmo Vidal, foi encontrado morto na \u00faltima segunda-feira, no Chile, onde est\u00e1 sendo enterrado. Arturo Vidal ganhou [&hellip;]","og_url":"https:\/\/www.gaveanews.com\/index.php\/2022\/10\/13\/arturo-vidal-do-flamengo-acompanha-funeral-do-pai-em-transmissao-ao-vivo\/","og_site_name":"G\u00e1vea News","article_publisher":"https:\/\/facebook.com\/gaveaNews\/","article_published_time":"2022-10-14T01:38:24+00:00","article_modified_time":"2022-10-14T01:46:52+00:00","og_image":[{"width":800,"height":534,"url":"https:\/\/www.gaveanews.com\/wp-content\/uploads\/Arturo-Vidal-em-jogo-do-Flamengo-contra-o-Internacional.webp","type":"image\/jpeg"}],"author":"Equipe G\u00e1vea News","twitter_card":"summary_large_image","twitter_misc":{"Escrito por":"Equipe G\u00e1vea News","Est. tempo de leitura":"4 minutos"},"schema":{"@context":"https:\/\/schema.org","@graph":[{"@type":"NewsArticle","@id":"https:\/\/www.gaveanews.com\/index.php\/2022\/10\/13\/arturo-vidal-do-flamengo-acompanha-funeral-do-pai-em-transmissao-ao-vivo\/#article","isPartOf":{"@id":"https:\/\/www.gaveanews.com\/index.php\/2022\/10\/13\/arturo-vidal-do-flamengo-acompanha-funeral-do-pai-em-transmissao-ao-vivo\/"},"author":{"name":"Equipe G\u00e1vea News","@id":"https:\/\/www.gaveanews.com\/#\/schema\/person\/2ec14f73fb96be2caf28f91afb14749d"},"headline":"Arturo Vidal, do Flamengo, acompanha funeral do pai em transmiss\u00e3o ao vivo","datePublished":"2022-10-14T01:38:24+00:00","dateModified":"2022-10-14T01:46:52+00:00","mainEntityOfPage":{"@id":"https:\/\/www.gaveanews.com\/index.php\/2022\/10\/13\/arturo-vidal-do-flamengo-acompanha-funeral-do-pai-em-transmissao-ao-vivo\/"},"wordCount":752,"commentCount":0,"image":{"@id":"https:\/\/www.gaveanews.com\/index.php\/2022\/10\/13\/arturo-vidal-do-flamengo-acompanha-funeral-do-pai-em-transmissao-ao-vivo\/#primaryimage"},"thumbnailUrl":"https:\/\/www.gaveanews.com\/wp-content\/uploads\/Arturo-Vidal-em-jogo-do-Flamengo-contra-o-Internacional.webp","articleSection":["Flamengo"],"inLanguage":"pt-BR","potentialAction":[{"@type":"CommentAction","name":"Comment","target":["https:\/\/www.gaveanews.com\/index.php\/2022\/10\/13\/arturo-vidal-do-flamengo-acompanha-funeral-do-pai-em-transmissao-ao-vivo\/#respond"]}],"copyrightYear":"2022","copyrightHolder":{"@id":"https:\/\/www.gaveanews.com\/#organization"}},{"@type":"WebPage","@id":"https:\/\/www.gaveanews.com\/index.php\/2022\/10\/13\/arturo-vidal-do-flamengo-acompanha-funeral-do-pai-em-transmissao-ao-vivo\/","url":"https:\/\/www.gaveanews.com\/index.php\/2022\/10\/13\/arturo-vidal-do-flamengo-acompanha-funeral-do-pai-em-transmissao-ao-vivo\/","name":"Arturo Vidal, do Flamengo, acompanha funeral do pai em transmiss\u00e3o ao vivo","isPartOf":{"@id":"https:\/\/www.gaveanews.com\/#website"},"primaryImageOfPage":{"@id":"https:\/\/www.gaveanews.com\/index.php\/2022\/10\/13\/arturo-vidal-do-flamengo-acompanha-funeral-do-pai-em-transmissao-ao-vivo\/#primaryimage"},"image":{"@id":"https:\/\/www.gaveanews.com\/index.php\/2022\/10\/13\/arturo-vidal-do-flamengo-acompanha-funeral-do-pai-em-transmissao-ao-vivo\/#primaryimage"},"thumbnailUrl":"https:\/\/www.gaveanews.com\/wp-content\/uploads\/Arturo-Vidal-em-jogo-do-Flamengo-contra-o-Internacional.webp","datePublished":"2022-10-14T01:38:24+00:00","dateModified":"2022-10-14T01:46:52+00:00","author":{"@id":"https:\/\/www.gaveanews.com\/#\/schema\/person\/2ec14f73fb96be2caf28f91afb14749d"},"breadcrumb":{"@id":"https:\/\/www.gaveanews.com\/index.php\/2022\/10\/13\/arturo-vidal-do-flamengo-acompanha-funeral-do-pai-em-transmissao-ao-vivo\/#breadcrumb"},"inLanguage":"pt-BR","potentialAction":[{"@type":"ReadAction","target":["https:\/\/www.gaveanews.com\/index.php\/2022\/10\/13\/arturo-vidal-do-flamengo-acompanha-funeral-do-pai-em-transmissao-ao-vivo\/"]}]},{"@type":"ImageObject","inLanguage":"pt-BR","@id":"https:\/\/www.gaveanews.com\/index.php\/2022\/10\/13\/arturo-vidal-do-flamengo-acompanha-funeral-do-pai-em-transmissao-ao-vivo\/#primaryimage","url":"https:\/\/www.gaveanews.com\/wp-content\/uploads\/Arturo-Vidal-em-jogo-do-Flamengo-contra-o-Internacional.webp","contentUrl":"https:\/\/www.gaveanews.com\/wp-content\/uploads\/Arturo-Vidal-em-jogo-do-Flamengo-contra-o-Internacional.webp","width":800,"height":534,"caption":"Arturo Vidal em jogo do Flamengo contra o Internacional (Foto: Marcelo Cortes\/Flamengo)"},{"@type":"BreadcrumbList","@id":"https:\/\/www.gaveanews.com\/index.php\/2022\/10\/13\/arturo-vidal-do-flamengo-acompanha-funeral-do-pai-em-transmissao-ao-vivo\/#breadcrumb","itemListElement":[{"@type":"ListItem","position":1,"name":"Home","item":"https:\/\/www.gaveanews.com\/"},{"@type":"ListItem","position":2,"name":"Arturo Vidal, do Flamengo, acompanha funeral do pai em transmiss\u00e3o ao vivo"}]},{"@type":"WebSite","@id":"https:\/\/www.gaveanews.com\/#website","url":"https:\/\/www.gaveanews.com\/","name":"G\u00e1vea News","description":"Veja todas as not\u00edcias sobre o Flamengo: Contrata\u00e7\u00f5es, categorias de base, resultados das partidas, tabela de classifica\u00e7\u00e3o, pr\u00f3ximos jogos!","potentialAction":[{"@type":"SearchAction","target":{"@type":"EntryPoint","urlTemplate":"https:\/\/www.gaveanews.com\/?s={search_term_string}"},"query-input":{"@type":"PropertyValueSpecification","valueRequired":true,"valueName":"search_term_string"}}],"inLanguage":"pt-BR"},{"@type":"Person","@id":"https:\/\/www.gaveanews.com\/#\/schema\/person\/2ec14f73fb96be2caf28f91afb14749d","name":"Equipe G\u00e1vea News","image":{"@type":"ImageObject","inLanguage":"pt-BR","@id":"https:\/\/www.gaveanews.com\/#\/schema\/person\/image\/","url":"https:\/\/secure.gravatar.com\/avatar\/1e1956f1facbffd3f8fa53a326721950116b3b9dc9bd44939c01180fd4a745a9?s=96&d=mm&r=g","contentUrl":"https:\/\/secure.gravatar.com\/avatar\/1e1956f1facbffd3f8fa53a326721950116b3b9dc9bd44939c01180fd4a745a9?s=96&d=mm&r=g","caption":"Equipe G\u00e1vea News"}}]}},"_links":{"self":[{"href":"https:\/\/www.gaveanews.com\/index.php\/wp-json\/wp\/v2\/posts\/88947","targetHints":{"allow":["GET"]}}],"collection":[{"href":"https:\/\/www.gaveanews.com\/index.php\/wp-json\/wp\/v2\/posts"}],"about":[{"href":"https:\/\/www.gaveanews.com\/index.php\/wp-json\/wp\/v2\/types\/post"}],"author":[{"embeddable":true,"href":"https:\/\/www.gaveanews.com\/index.php\/wp-json\/wp\/v2\/users\/1"}],"replies":[{"embeddable":true,"href":"https:\/\/www.gaveanews.com\/index.php\/wp-json\/wp\/v2\/comments?post=88947"}],"version-history":[{"count":0,"href":"https:\/\/www.gaveanews.com\/index.php\/wp-json\/wp\/v2\/posts\/88947\/revisions"}],"wp:featuredmedia":[{"embeddable":true,"href":"https:\/\/www.gaveanews.com\/index.php\/wp-json\/wp\/v2\/media\/88659"}],"wp:attachment":[{"href":"https:\/\/www.gaveanews.com\/index.php\/wp-json\/wp\/v2\/media?parent=88947"}],"wp:term":[{"taxonomy":"category","embeddable":true,"href":"https:\/\/www.gaveanews.com\/index.php\/wp-json\/wp\/v2\/categories?post=88947"},{"taxonomy":"post_tag","embeddable":true,"href":"https:\/\/www.gaveanews.com\/index.php\/wp-json\/wp\/v2\/tags?post=88947"}],"curies":[{"name":"wp","href":"https:\/\/api.w.org\/{rel}","templated":true}]}}