{"id":88997,"date":"2022-10-15T12:13:52","date_gmt":"2022-10-15T15:13:52","guid":{"rendered":"https:\/\/www.gaveanews.com\/?p=88997"},"modified":"2022-10-15T12:13:55","modified_gmt":"2022-10-15T15:13:55","slug":"reforco-caseiro-atacante-rescinde-seu-contrato-no-exterior-e-retornara-ao-flamengo","status":"publish","type":"post","link":"https:\/\/www.gaveanews.com\/index.php\/2022\/10\/15\/reforco-caseiro-atacante-rescinde-seu-contrato-no-exterior-e-retornara-ao-flamengo\/","title":{"rendered":"Refor\u00e7o caseiro: Atacante rescinde seu contrato no exterior e retornar\u00e1 ao Flamengo"},"content":{"rendered":"\n<p>O ano est\u00e1 na reta final e o Flamengo j\u00e1 tra\u00e7a planos para a pr\u00f3xima temporada. Nesse sentido, o clube teve uma not\u00edcia visando a pr\u00f3xima temporada. Segundo a apura\u00e7\u00e3o do youtuber Flazoeiro, o atacante Thiaguinho rescindiu seu contrato de empr\u00e9stimo com o Houston Dynamo, dos Estados Unidos, e est\u00e1 de retorno ao Ninho do Urubu.<\/p>\n\n\n\n<p>O jovem atacante tinha contrato com o clube americano at\u00e9 dezembro. Contudo, atrav\u00e9s de um acordo amig\u00e1vel entre as partes, o atleta rescindiu o contrato. <\/p>\n\n\n\n<p>Desse modo, o Mais Querido deixou de ter a possibilidade de lucrar 1,5 milh\u00f5es de d\u00f3lares, valor da op\u00e7\u00e3o de compra do Houston Dynamo ao fim do contrato. Sem sucesso na am\u00e9rica, Thiaguinho retorna ao Fla, onde tem contrato at\u00e9 2025.<\/p>\n\n\n\n<p>Retirado de: Di\u00e1rio do Fla<\/p>\n","protected":false},"excerpt":{"rendered":"<p>O ano est\u00e1 na reta final e o Flamengo j\u00e1 tra\u00e7a planos para a pr\u00f3xima temporada. Nesse sentido, o clube teve uma not\u00edcia visando a pr\u00f3xima temporada. Segundo a apura\u00e7\u00e3o do youtuber Flazoeiro, o atacante Thiaguinho rescindiu seu contrato de empr\u00e9stimo com o Houston Dynamo, dos Estados Unidos, e est\u00e1 de retorno ao Ninho do [&hellip;]<\/p>\n","protected":false},"author":1,"featured_media":64610,"comment_status":"open","ping_status":"closed","sticky":false,"template":"","format":"standard","meta":{"footnotes":""},"categories":[48],"tags":[],"class_list":["post-88997","post","type-post","status-publish","format-standard","has-post-thumbnail","hentry","category-negociacoes"],"yoast_head":"<!-- This site is optimized with the Yoast SEO Premium plugin v24.2 (Yoast SEO v26.9) - https:\/\/yoast.com\/product\/yoast-seo-premium-wordpress\/ -->\n<title>Refor\u00e7o caseiro: Atacante rescinde seu contrato no exterior e retornar\u00e1 ao Flamengo<\/title>\n<meta name=\"robots\" content=\"index, follow, max-snippet:-1, max-image-preview:large, max-video-preview:-1\" \/>\n<link rel=\"canonical\" href=\"https:\/\/www.gaveanews.com\/index.php\/2022\/10\/15\/reforco-caseiro-atacante-rescinde-seu-contrato-no-exterior-e-retornara-ao-flamengo\/\" \/>\n<meta property=\"og:locale\" content=\"pt_BR\" \/>\n<meta property=\"og:type\" content=\"article\" \/>\n<meta property=\"og:title\" content=\"Refor\u00e7o caseiro: Atacante rescinde seu contrato no exterior e retornar\u00e1 ao Flamengo\" \/>\n<meta property=\"og:description\" content=\"O ano est\u00e1 na reta final e o Flamengo j\u00e1 tra\u00e7a planos para a pr\u00f3xima temporada. Nesse sentido, o clube teve uma not\u00edcia visando a pr\u00f3xima temporada. Segundo a apura\u00e7\u00e3o do youtuber Flazoeiro, o atacante Thiaguinho rescindiu seu contrato de empr\u00e9stimo com o Houston Dynamo, dos Estados Unidos, e est\u00e1 de retorno ao Ninho do [&hellip;]\" \/>\n<meta property=\"og:url\" content=\"https:\/\/www.gaveanews.com\/index.php\/2022\/10\/15\/reforco-caseiro-atacante-rescinde-seu-contrato-no-exterior-e-retornara-ao-flamengo\/\" \/>\n<meta property=\"og:site_name\" content=\"G\u00e1vea News\" \/>\n<meta property=\"article:publisher\" content=\"https:\/\/facebook.com\/gaveaNews\/\" \/>\n<meta property=\"article:published_time\" content=\"2022-10-15T15:13:52+00:00\" \/>\n<meta property=\"article:modified_time\" content=\"2022-10-15T15:13:55+00:00\" \/>\n<meta property=\"og:image\" content=\"https:\/\/www.gaveanews.com\/wp-content\/uploads\/Thiago-Fernandes-o-Thiaguinho-em-acao-pelo-time-profissional-do-Flamengo-em-2021.webp\" \/>\n\t<meta property=\"og:image:width\" content=\"1024\" \/>\n\t<meta property=\"og:image:height\" content=\"683\" \/>\n\t<meta property=\"og:image:type\" content=\"image\/jpeg\" \/>\n<meta name=\"author\" content=\"Equipe G\u00e1vea News\" \/>\n<meta name=\"twitter:card\" content=\"summary_large_image\" \/>\n<meta name=\"twitter:label1\" content=\"Escrito por\" \/>\n\t<meta name=\"twitter:data1\" content=\"Equipe G\u00e1vea News\" \/>\n\t<meta name=\"twitter:label2\" content=\"Est. tempo de leitura\" \/>\n\t<meta name=\"twitter:data2\" content=\"1 minuto\" \/>\n<script type=\"application\/ld+json\" class=\"yoast-schema-graph\">{\"@context\":\"https:\/\/schema.org\",\"@graph\":[{\"@type\":\"NewsArticle\",\"@id\":\"https:\/\/www.gaveanews.com\/index.php\/2022\/10\/15\/reforco-caseiro-atacante-rescinde-seu-contrato-no-exterior-e-retornara-ao-flamengo\/#article\",\"isPartOf\":{\"@id\":\"https:\/\/www.gaveanews.com\/index.php\/2022\/10\/15\/reforco-caseiro-atacante-rescinde-seu-contrato-no-exterior-e-retornara-ao-flamengo\/\"},\"author\":{\"name\":\"Equipe G\u00e1vea News\",\"@id\":\"https:\/\/www.gaveanews.com\/#\/schema\/person\/2ec14f73fb96be2caf28f91afb14749d\"},\"headline\":\"Refor\u00e7o caseiro: Atacante rescinde seu contrato no exterior e retornar\u00e1 ao Flamengo\",\"datePublished\":\"2022-10-15T15:13:52+00:00\",\"dateModified\":\"2022-10-15T15:13:55+00:00\",\"mainEntityOfPage\":{\"@id\":\"https:\/\/www.gaveanews.com\/index.php\/2022\/10\/15\/reforco-caseiro-atacante-rescinde-seu-contrato-no-exterior-e-retornara-ao-flamengo\/\"},\"wordCount\":151,\"commentCount\":0,\"image\":{\"@id\":\"https:\/\/www.gaveanews.com\/index.php\/2022\/10\/15\/reforco-caseiro-atacante-rescinde-seu-contrato-no-exterior-e-retornara-ao-flamengo\/#primaryimage\"},\"thumbnailUrl\":\"https:\/\/www.gaveanews.com\/wp-content\/uploads\/Thiago-Fernandes-o-Thiaguinho-em-acao-pelo-time-profissional-do-Flamengo-em-2021.webp\",\"articleSection\":[\"Negocia\u00e7\u00f5es\"],\"inLanguage\":\"pt-BR\",\"potentialAction\":[{\"@type\":\"CommentAction\",\"name\":\"Comment\",\"target\":[\"https:\/\/www.gaveanews.com\/index.php\/2022\/10\/15\/reforco-caseiro-atacante-rescinde-seu-contrato-no-exterior-e-retornara-ao-flamengo\/#respond\"]}],\"copyrightYear\":\"2022\",\"copyrightHolder\":{\"@id\":\"https:\/\/www.gaveanews.com\/#organization\"}},{\"@type\":\"WebPage\",\"@id\":\"https:\/\/www.gaveanews.com\/index.php\/2022\/10\/15\/reforco-caseiro-atacante-rescinde-seu-contrato-no-exterior-e-retornara-ao-flamengo\/\",\"url\":\"https:\/\/www.gaveanews.com\/index.php\/2022\/10\/15\/reforco-caseiro-atacante-rescinde-seu-contrato-no-exterior-e-retornara-ao-flamengo\/\",\"name\":\"Refor\u00e7o caseiro: Atacante rescinde seu contrato no exterior e retornar\u00e1 ao Flamengo\",\"isPartOf\":{\"@id\":\"https:\/\/www.gaveanews.com\/#website\"},\"primaryImageOfPage\":{\"@id\":\"https:\/\/www.gaveanews.com\/index.php\/2022\/10\/15\/reforco-caseiro-atacante-rescinde-seu-contrato-no-exterior-e-retornara-ao-flamengo\/#primaryimage\"},\"image\":{\"@id\":\"https:\/\/www.gaveanews.com\/index.php\/2022\/10\/15\/reforco-caseiro-atacante-rescinde-seu-contrato-no-exterior-e-retornara-ao-flamengo\/#primaryimage\"},\"thumbnailUrl\":\"https:\/\/www.gaveanews.com\/wp-content\/uploads\/Thiago-Fernandes-o-Thiaguinho-em-acao-pelo-time-profissional-do-Flamengo-em-2021.webp\",\"datePublished\":\"2022-10-15T15:13:52+00:00\",\"dateModified\":\"2022-10-15T15:13:55+00:00\",\"author\":{\"@id\":\"https:\/\/www.gaveanews.com\/#\/schema\/person\/2ec14f73fb96be2caf28f91afb14749d\"},\"breadcrumb\":{\"@id\":\"https:\/\/www.gaveanews.com\/index.php\/2022\/10\/15\/reforco-caseiro-atacante-rescinde-seu-contrato-no-exterior-e-retornara-ao-flamengo\/#breadcrumb\"},\"inLanguage\":\"pt-BR\",\"potentialAction\":[{\"@type\":\"ReadAction\",\"target\":[\"https:\/\/www.gaveanews.com\/index.php\/2022\/10\/15\/reforco-caseiro-atacante-rescinde-seu-contrato-no-exterior-e-retornara-ao-flamengo\/\"]}]},{\"@type\":\"ImageObject\",\"inLanguage\":\"pt-BR\",\"@id\":\"https:\/\/www.gaveanews.com\/index.php\/2022\/10\/15\/reforco-caseiro-atacante-rescinde-seu-contrato-no-exterior-e-retornara-ao-flamengo\/#primaryimage\",\"url\":\"https:\/\/www.gaveanews.com\/wp-content\/uploads\/Thiago-Fernandes-o-Thiaguinho-em-acao-pelo-time-profissional-do-Flamengo-em-2021.webp\",\"contentUrl\":\"https:\/\/www.gaveanews.com\/wp-content\/uploads\/Thiago-Fernandes-o-Thiaguinho-em-acao-pelo-time-profissional-do-Flamengo-em-2021.webp\",\"width\":1024,\"height\":683,\"caption\":\"Thiago Fernandes, o Thiaguinho, em a\u00e7\u00e3o pelo time profissional do Flamengo em 2021 (Foto: Divulga\u00e7\u00e3o\/Flamengo)\"},{\"@type\":\"BreadcrumbList\",\"@id\":\"https:\/\/www.gaveanews.com\/index.php\/2022\/10\/15\/reforco-caseiro-atacante-rescinde-seu-contrato-no-exterior-e-retornara-ao-flamengo\/#breadcrumb\",\"itemListElement\":[{\"@type\":\"ListItem\",\"position\":1,\"name\":\"Home\",\"item\":\"https:\/\/www.gaveanews.com\/\"},{\"@type\":\"ListItem\",\"position\":2,\"name\":\"Refor\u00e7o caseiro: Atacante rescinde seu contrato no exterior e retornar\u00e1 ao Flamengo\"}]},{\"@type\":\"WebSite\",\"@id\":\"https:\/\/www.gaveanews.com\/#website\",\"url\":\"https:\/\/www.gaveanews.com\/\",\"name\":\"G\u00e1vea News\",\"description\":\"Veja todas as not\u00edcias sobre o Flamengo: Contrata\u00e7\u00f5es, categorias de base, resultados das partidas, tabela de classifica\u00e7\u00e3o, pr\u00f3ximos jogos!\",\"potentialAction\":[{\"@type\":\"SearchAction\",\"target\":{\"@type\":\"EntryPoint\",\"urlTemplate\":\"https:\/\/www.gaveanews.com\/?s={search_term_string}\"},\"query-input\":{\"@type\":\"PropertyValueSpecification\",\"valueRequired\":true,\"valueName\":\"search_term_string\"}}],\"inLanguage\":\"pt-BR\"},{\"@type\":\"Person\",\"@id\":\"https:\/\/www.gaveanews.com\/#\/schema\/person\/2ec14f73fb96be2caf28f91afb14749d\",\"name\":\"Equipe G\u00e1vea News\",\"image\":{\"@type\":\"ImageObject\",\"inLanguage\":\"pt-BR\",\"@id\":\"https:\/\/www.gaveanews.com\/#\/schema\/person\/image\/\",\"url\":\"https:\/\/secure.gravatar.com\/avatar\/1e1956f1facbffd3f8fa53a326721950116b3b9dc9bd44939c01180fd4a745a9?s=96&d=mm&r=g\",\"contentUrl\":\"https:\/\/secure.gravatar.com\/avatar\/1e1956f1facbffd3f8fa53a326721950116b3b9dc9bd44939c01180fd4a745a9?s=96&d=mm&r=g\",\"caption\":\"Equipe G\u00e1vea News\"}}]}<\/script>\n<!-- \/ Yoast SEO Premium plugin. -->","yoast_head_json":{"title":"Refor\u00e7o caseiro: Atacante rescinde seu contrato no exterior e retornar\u00e1 ao Flamengo","robots":{"index":"index","follow":"follow","max-snippet":"max-snippet:-1","max-image-preview":"max-image-preview:large","max-video-preview":"max-video-preview:-1"},"canonical":"https:\/\/www.gaveanews.com\/index.php\/2022\/10\/15\/reforco-caseiro-atacante-rescinde-seu-contrato-no-exterior-e-retornara-ao-flamengo\/","og_locale":"pt_BR","og_type":"article","og_title":"Refor\u00e7o caseiro: Atacante rescinde seu contrato no exterior e retornar\u00e1 ao Flamengo","og_description":"O ano est\u00e1 na reta final e o Flamengo j\u00e1 tra\u00e7a planos para a pr\u00f3xima temporada. Nesse sentido, o clube teve uma not\u00edcia visando a pr\u00f3xima temporada. Segundo a apura\u00e7\u00e3o do youtuber Flazoeiro, o atacante Thiaguinho rescindiu seu contrato de empr\u00e9stimo com o Houston Dynamo, dos Estados Unidos, e est\u00e1 de retorno ao Ninho do [&hellip;]","og_url":"https:\/\/www.gaveanews.com\/index.php\/2022\/10\/15\/reforco-caseiro-atacante-rescinde-seu-contrato-no-exterior-e-retornara-ao-flamengo\/","og_site_name":"G\u00e1vea News","article_publisher":"https:\/\/facebook.com\/gaveaNews\/","article_published_time":"2022-10-15T15:13:52+00:00","article_modified_time":"2022-10-15T15:13:55+00:00","og_image":[{"width":1024,"height":683,"url":"https:\/\/www.gaveanews.com\/wp-content\/uploads\/Thiago-Fernandes-o-Thiaguinho-em-acao-pelo-time-profissional-do-Flamengo-em-2021.webp","type":"image\/jpeg"}],"author":"Equipe G\u00e1vea News","twitter_card":"summary_large_image","twitter_misc":{"Escrito por":"Equipe G\u00e1vea News","Est. tempo de leitura":"1 minuto"},"schema":{"@context":"https:\/\/schema.org","@graph":[{"@type":"NewsArticle","@id":"https:\/\/www.gaveanews.com\/index.php\/2022\/10\/15\/reforco-caseiro-atacante-rescinde-seu-contrato-no-exterior-e-retornara-ao-flamengo\/#article","isPartOf":{"@id":"https:\/\/www.gaveanews.com\/index.php\/2022\/10\/15\/reforco-caseiro-atacante-rescinde-seu-contrato-no-exterior-e-retornara-ao-flamengo\/"},"author":{"name":"Equipe G\u00e1vea News","@id":"https:\/\/www.gaveanews.com\/#\/schema\/person\/2ec14f73fb96be2caf28f91afb14749d"},"headline":"Refor\u00e7o caseiro: Atacante rescinde seu contrato no exterior e retornar\u00e1 ao Flamengo","datePublished":"2022-10-15T15:13:52+00:00","dateModified":"2022-10-15T15:13:55+00:00","mainEntityOfPage":{"@id":"https:\/\/www.gaveanews.com\/index.php\/2022\/10\/15\/reforco-caseiro-atacante-rescinde-seu-contrato-no-exterior-e-retornara-ao-flamengo\/"},"wordCount":151,"commentCount":0,"image":{"@id":"https:\/\/www.gaveanews.com\/index.php\/2022\/10\/15\/reforco-caseiro-atacante-rescinde-seu-contrato-no-exterior-e-retornara-ao-flamengo\/#primaryimage"},"thumbnailUrl":"https:\/\/www.gaveanews.com\/wp-content\/uploads\/Thiago-Fernandes-o-Thiaguinho-em-acao-pelo-time-profissional-do-Flamengo-em-2021.webp","articleSection":["Negocia\u00e7\u00f5es"],"inLanguage":"pt-BR","potentialAction":[{"@type":"CommentAction","name":"Comment","target":["https:\/\/www.gaveanews.com\/index.php\/2022\/10\/15\/reforco-caseiro-atacante-rescinde-seu-contrato-no-exterior-e-retornara-ao-flamengo\/#respond"]}],"copyrightYear":"2022","copyrightHolder":{"@id":"https:\/\/www.gaveanews.com\/#organization"}},{"@type":"WebPage","@id":"https:\/\/www.gaveanews.com\/index.php\/2022\/10\/15\/reforco-caseiro-atacante-rescinde-seu-contrato-no-exterior-e-retornara-ao-flamengo\/","url":"https:\/\/www.gaveanews.com\/index.php\/2022\/10\/15\/reforco-caseiro-atacante-rescinde-seu-contrato-no-exterior-e-retornara-ao-flamengo\/","name":"Refor\u00e7o caseiro: Atacante rescinde seu contrato no exterior e retornar\u00e1 ao Flamengo","isPartOf":{"@id":"https:\/\/www.gaveanews.com\/#website"},"primaryImageOfPage":{"@id":"https:\/\/www.gaveanews.com\/index.php\/2022\/10\/15\/reforco-caseiro-atacante-rescinde-seu-contrato-no-exterior-e-retornara-ao-flamengo\/#primaryimage"},"image":{"@id":"https:\/\/www.gaveanews.com\/index.php\/2022\/10\/15\/reforco-caseiro-atacante-rescinde-seu-contrato-no-exterior-e-retornara-ao-flamengo\/#primaryimage"},"thumbnailUrl":"https:\/\/www.gaveanews.com\/wp-content\/uploads\/Thiago-Fernandes-o-Thiaguinho-em-acao-pelo-time-profissional-do-Flamengo-em-2021.webp","datePublished":"2022-10-15T15:13:52+00:00","dateModified":"2022-10-15T15:13:55+00:00","author":{"@id":"https:\/\/www.gaveanews.com\/#\/schema\/person\/2ec14f73fb96be2caf28f91afb14749d"},"breadcrumb":{"@id":"https:\/\/www.gaveanews.com\/index.php\/2022\/10\/15\/reforco-caseiro-atacante-rescinde-seu-contrato-no-exterior-e-retornara-ao-flamengo\/#breadcrumb"},"inLanguage":"pt-BR","potentialAction":[{"@type":"ReadAction","target":["https:\/\/www.gaveanews.com\/index.php\/2022\/10\/15\/reforco-caseiro-atacante-rescinde-seu-contrato-no-exterior-e-retornara-ao-flamengo\/"]}]},{"@type":"ImageObject","inLanguage":"pt-BR","@id":"https:\/\/www.gaveanews.com\/index.php\/2022\/10\/15\/reforco-caseiro-atacante-rescinde-seu-contrato-no-exterior-e-retornara-ao-flamengo\/#primaryimage","url":"https:\/\/www.gaveanews.com\/wp-content\/uploads\/Thiago-Fernandes-o-Thiaguinho-em-acao-pelo-time-profissional-do-Flamengo-em-2021.webp","contentUrl":"https:\/\/www.gaveanews.com\/wp-content\/uploads\/Thiago-Fernandes-o-Thiaguinho-em-acao-pelo-time-profissional-do-Flamengo-em-2021.webp","width":1024,"height":683,"caption":"Thiago Fernandes, o Thiaguinho, em a\u00e7\u00e3o pelo time profissional do Flamengo em 2021 (Foto: Divulga\u00e7\u00e3o\/Flamengo)"},{"@type":"BreadcrumbList","@id":"https:\/\/www.gaveanews.com\/index.php\/2022\/10\/15\/reforco-caseiro-atacante-rescinde-seu-contrato-no-exterior-e-retornara-ao-flamengo\/#breadcrumb","itemListElement":[{"@type":"ListItem","position":1,"name":"Home","item":"https:\/\/www.gaveanews.com\/"},{"@type":"ListItem","position":2,"name":"Refor\u00e7o caseiro: Atacante rescinde seu contrato no exterior e retornar\u00e1 ao Flamengo"}]},{"@type":"WebSite","@id":"https:\/\/www.gaveanews.com\/#website","url":"https:\/\/www.gaveanews.com\/","name":"G\u00e1vea News","description":"Veja todas as not\u00edcias sobre o Flamengo: Contrata\u00e7\u00f5es, categorias de base, resultados das partidas, tabela de classifica\u00e7\u00e3o, pr\u00f3ximos jogos!","potentialAction":[{"@type":"SearchAction","target":{"@type":"EntryPoint","urlTemplate":"https:\/\/www.gaveanews.com\/?s={search_term_string}"},"query-input":{"@type":"PropertyValueSpecification","valueRequired":true,"valueName":"search_term_string"}}],"inLanguage":"pt-BR"},{"@type":"Person","@id":"https:\/\/www.gaveanews.com\/#\/schema\/person\/2ec14f73fb96be2caf28f91afb14749d","name":"Equipe G\u00e1vea News","image":{"@type":"ImageObject","inLanguage":"pt-BR","@id":"https:\/\/www.gaveanews.com\/#\/schema\/person\/image\/","url":"https:\/\/secure.gravatar.com\/avatar\/1e1956f1facbffd3f8fa53a326721950116b3b9dc9bd44939c01180fd4a745a9?s=96&d=mm&r=g","contentUrl":"https:\/\/secure.gravatar.com\/avatar\/1e1956f1facbffd3f8fa53a326721950116b3b9dc9bd44939c01180fd4a745a9?s=96&d=mm&r=g","caption":"Equipe G\u00e1vea News"}}]}},"_links":{"self":[{"href":"https:\/\/www.gaveanews.com\/index.php\/wp-json\/wp\/v2\/posts\/88997","targetHints":{"allow":["GET"]}}],"collection":[{"href":"https:\/\/www.gaveanews.com\/index.php\/wp-json\/wp\/v2\/posts"}],"about":[{"href":"https:\/\/www.gaveanews.com\/index.php\/wp-json\/wp\/v2\/types\/post"}],"author":[{"embeddable":true,"href":"https:\/\/www.gaveanews.com\/index.php\/wp-json\/wp\/v2\/users\/1"}],"replies":[{"embeddable":true,"href":"https:\/\/www.gaveanews.com\/index.php\/wp-json\/wp\/v2\/comments?post=88997"}],"version-history":[{"count":0,"href":"https:\/\/www.gaveanews.com\/index.php\/wp-json\/wp\/v2\/posts\/88997\/revisions"}],"wp:featuredmedia":[{"embeddable":true,"href":"https:\/\/www.gaveanews.com\/index.php\/wp-json\/wp\/v2\/media\/64610"}],"wp:attachment":[{"href":"https:\/\/www.gaveanews.com\/index.php\/wp-json\/wp\/v2\/media?parent=88997"}],"wp:term":[{"taxonomy":"category","embeddable":true,"href":"https:\/\/www.gaveanews.com\/index.php\/wp-json\/wp\/v2\/categories?post=88997"},{"taxonomy":"post_tag","embeddable":true,"href":"https:\/\/www.gaveanews.com\/index.php\/wp-json\/wp\/v2\/tags?post=88997"}],"curies":[{"name":"wp","href":"https:\/\/api.w.org\/{rel}","templated":true}]}}