{"id":89011,"date":"2022-10-15T22:51:37","date_gmt":"2022-10-16T01:51:37","guid":{"rendered":"https:\/\/www.gaveanews.com\/?p=89011"},"modified":"2022-10-15T22:52:26","modified_gmt":"2022-10-16T01:52:26","slug":"santos-varela-fabricio-bruno-pablo-ayrton-lucas-joao-gomes-matheuzinho-victor-hugo-marinho-cebolinha-e-franca-as-notas-dos-jogadores-do-flamengo","status":"publish","type":"post","link":"https:\/\/www.gaveanews.com\/index.php\/2022\/10\/15\/santos-varela-fabricio-bruno-pablo-ayrton-lucas-joao-gomes-matheuzinho-victor-hugo-marinho-cebolinha-e-franca-as-notas-dos-jogadores-do-flamengo\/","title":{"rendered":"Santos, Varela, Fabr\u00edcio Bruno, Pablo, Ayrton Lucas, Jo\u00e3o Gomes, Matheuzinho, Victor Hugo, Marinho, Cebolinha e Fran\u00e7a: As notas dos jogadores do Flamengo"},"content":{"rendered":"\n<p>Na noite deste s\u00e1bado (15 de outubro), o time do Flamengo recebeu a equipe do Atl\u00e9tico-MG no est\u00e1dio do Maracan\u00e3. E apesar de ter entrado em campo com um time alternativo, o Mais Querido do Brasil fez valer o mando de campo e bateu o clube de Belo Horizonte por 1&#215;0. O \u00fanico gol do jogo foi marcado por Everton Cebolinha na primeira etapa. Dado este contexto, confira abaixo as notas, e as analises dos jogadores do Flamengo segundo o portal Globo Esporte: <\/p>\n\n\n\n<h2 class=\"wp-block-heading\" id=\"h-santos\">Santos<\/h2>\n\n\n\n<p>Decisivo. Fez pelo menos tr\u00eas grandes defesas e foi firme nas sa\u00eddas de gol. Grande atua\u00e7\u00e3o &#8211; 7.0<\/p>\n\n\n\n<h2 class=\"wp-block-heading\" id=\"h-varela\">Varela<\/h2>\n\n\n\n<p>A cada jogo que passa ganha a confian\u00e7a da torcida do Flamengo. Lateral que simplifica as jogadas, d\u00e1 op\u00e7\u00e3o de ultrapassagem e \u00e9 seguro na defesa &#8211; 6.5<\/p>\n\n\n\n<h2 class=\"wp-block-heading\" id=\"h-fabricio-bruno\">Fabr\u00edcio Bruno<\/h2>\n\n\n\n<p>Mais uma grande atua\u00e7\u00e3o. Est\u00e1 nas gra\u00e7as da torcida do Flamengo. Ganhou a maioria dos duelos com Hulk e ainda descolou assist\u00eancia para Cebolinha &#8211; 7.5<\/p>\n\n\n\n<h2 class=\"wp-block-heading\" id=\"h-pablo\">Pablo<\/h2>\n\n\n\n<p>Capit\u00e3o pela primeira vez, fez uma de sua melhores partidas pelo clube. Tamb\u00e9m muito firme e seguro na defesa. Participa menos do jogo com a bola do que seu companheiro &#8211; 6.5<\/p>\n\n\n\n<h2 class=\"wp-block-heading\" id=\"h-ayrton\">Ayrton<\/h2>\n\n\n\n<p>Mesmo n\u00edvel de Varela. Atua\u00e7\u00e3o segura e com muita capacidade de recupera\u00e7\u00e3o defensiva &#8211; 6.5<\/p>\n\n\n\n<h2 class=\"wp-block-heading\" id=\"h-joao-gomes\">Jo\u00e3o Gomes<\/h2>\n\n\n\n<p>\u00danico titular em campo, demonstrou a j\u00e1 habitual capacidade de marca\u00e7\u00e3o e foi bem na sa\u00edda de bola &#8211; 6.5<\/p>\n\n\n\n<h2 class=\"wp-block-heading\" id=\"h-matheuzinho\">Matheuzinho<\/h2>\n\n\n\n<p>Relembrou os tempos de base no Londrina quando era meio-campista. Cumpriu seu papel na ocupa\u00e7\u00e3o de espa\u00e7os e n\u00e3o comprometeu. Participou de bons lances no in\u00edcio do jogo &#8211; 6.5<\/p>\n\n\n\n<h2 class=\"wp-block-heading\" id=\"h-victor-hugo\">Victor Hugo<\/h2>\n\n\n\n<p>N\u00e3o conseguiu manter o n\u00edvel do in\u00edcio da passagem pelo profissional. Participa menos do jogo do que se espera. Muita correria &#8211; 6.0<\/p>\n\n\n\n<h2 class=\"wp-block-heading\" id=\"h-marinho\">Marinho<\/h2>\n\n\n\n<p>Tamb\u00e9m muita correria, mas pouca produtividade. N\u00e3o d\u00e1 para falar que n\u00e3o tenta de tudo, mas n\u00e3o tem sido feliz nas escolhas de jogadas &#8211; 5.5<\/p>\n\n\n\n<h2 class=\"wp-block-heading\" id=\"h-everton-cebolinha\">\u00c9verton Cebolinha<\/h2>\n\n\n\n<p>Uma das melhores partidas pelo Flamengo. Confian\u00e7a nas jogadas individuais, amplitude pelos lados e um gol &#8211; 7.5<\/p>\n\n\n\n<h2 class=\"wp-block-heading\" id=\"h-matheus-franca\">Matheus Fran\u00e7a<\/h2>\n\n\n\n<p>Torcida esbo\u00e7ou uma vaia ao ser substitu\u00eddo, mas saiu aplaudido. Errou bastante por tentar quase sempre o diferente. Jovem que n\u00e3o se omite. Busca a bola e as jogadas individuais o tempo todo &#8211; 6.0<\/p>\n\n\n\n<h2 class=\"wp-block-heading\" id=\"h-matheusao\">Matheus\u00e3o<\/h2>\n\n\n\n<p>Participou pouco do jogo. Entrou com o Galo com mais posse de bola &#8211; 6.0<\/p>\n\n\n\n<h2 class=\"wp-block-heading\" id=\"h-werton\">Werton<\/h2>\n\n\n\n<p>Tentou ser escape com velocidade no segundo tempo &#8211; 6.0<\/p>\n","protected":false},"excerpt":{"rendered":"<p>Na noite deste s\u00e1bado (15 de outubro), o time do Flamengo recebeu a equipe do Atl\u00e9tico-MG no est\u00e1dio do Maracan\u00e3. E apesar de ter entrado em campo com um time alternativo, o Mais Querido do Brasil fez valer o mando de campo e bateu o clube de Belo Horizonte por 1&#215;0. O \u00fanico gol do [&hellip;]<\/p>\n","protected":false},"author":1,"featured_media":83475,"comment_status":"open","ping_status":"closed","sticky":false,"template":"","format":"standard","meta":{"footnotes":""},"categories":[1],"tags":[],"class_list":["post-89011","post","type-post","status-publish","format-standard","has-post-thumbnail","hentry","category-flamengo"],"yoast_head":"<!-- This site is optimized with the Yoast SEO Premium plugin v24.2 (Yoast SEO v26.9) - https:\/\/yoast.com\/product\/yoast-seo-premium-wordpress\/ -->\n<title>Santos, Varela, Fabr\u00edcio Bruno, Pablo, Ayrton Lucas, Jo\u00e3o Gomes, Matheuzinho, Victor Hugo, Marinho, Cebolinha e Fran\u00e7a: As notas dos jogadores do Flamengo<\/title>\n<meta name=\"robots\" content=\"index, follow, max-snippet:-1, max-image-preview:large, max-video-preview:-1\" \/>\n<link rel=\"canonical\" href=\"https:\/\/www.gaveanews.com\/index.php\/2022\/10\/15\/santos-varela-fabricio-bruno-pablo-ayrton-lucas-joao-gomes-matheuzinho-victor-hugo-marinho-cebolinha-e-franca-as-notas-dos-jogadores-do-flamengo\/\" \/>\n<meta property=\"og:locale\" content=\"pt_BR\" \/>\n<meta property=\"og:type\" content=\"article\" \/>\n<meta property=\"og:title\" content=\"Santos, Varela, Fabr\u00edcio Bruno, Pablo, Ayrton Lucas, Jo\u00e3o Gomes, Matheuzinho, Victor Hugo, Marinho, Cebolinha e Fran\u00e7a: As notas dos jogadores do Flamengo\" \/>\n<meta property=\"og:description\" content=\"Na noite deste s\u00e1bado (15 de outubro), o time do Flamengo recebeu a equipe do Atl\u00e9tico-MG no est\u00e1dio do Maracan\u00e3. E apesar de ter entrado em campo com um time alternativo, o Mais Querido do Brasil fez valer o mando de campo e bateu o clube de Belo Horizonte por 1&#215;0. O \u00fanico gol do [&hellip;]\" \/>\n<meta property=\"og:url\" content=\"https:\/\/www.gaveanews.com\/index.php\/2022\/10\/15\/santos-varela-fabricio-bruno-pablo-ayrton-lucas-joao-gomes-matheuzinho-victor-hugo-marinho-cebolinha-e-franca-as-notas-dos-jogadores-do-flamengo\/\" \/>\n<meta property=\"og:site_name\" content=\"G\u00e1vea News\" \/>\n<meta property=\"article:publisher\" content=\"https:\/\/facebook.com\/gaveaNews\/\" \/>\n<meta property=\"article:published_time\" content=\"2022-10-16T01:51:37+00:00\" \/>\n<meta property=\"article:modified_time\" content=\"2022-10-16T01:52:26+00:00\" \/>\n<meta property=\"og:image\" content=\"https:\/\/www.gaveanews.com\/wp-content\/uploads\/Everton-Cebolinha-conhece-as-instalacoes-do-Ninho-do-Urubu.webp\" \/>\n\t<meta property=\"og:image:width\" content=\"799\" \/>\n\t<meta property=\"og:image:height\" content=\"533\" \/>\n\t<meta property=\"og:image:type\" content=\"image\/jpeg\" \/>\n<meta name=\"author\" content=\"Equipe G\u00e1vea News\" \/>\n<meta name=\"twitter:card\" content=\"summary_large_image\" \/>\n<meta name=\"twitter:label1\" content=\"Escrito por\" \/>\n\t<meta name=\"twitter:data1\" content=\"Equipe G\u00e1vea News\" \/>\n\t<meta name=\"twitter:label2\" content=\"Est. tempo de leitura\" \/>\n\t<meta name=\"twitter:data2\" content=\"3 minutos\" \/>\n<script type=\"application\/ld+json\" class=\"yoast-schema-graph\">{\"@context\":\"https:\/\/schema.org\",\"@graph\":[{\"@type\":\"NewsArticle\",\"@id\":\"https:\/\/www.gaveanews.com\/index.php\/2022\/10\/15\/santos-varela-fabricio-bruno-pablo-ayrton-lucas-joao-gomes-matheuzinho-victor-hugo-marinho-cebolinha-e-franca-as-notas-dos-jogadores-do-flamengo\/#article\",\"isPartOf\":{\"@id\":\"https:\/\/www.gaveanews.com\/index.php\/2022\/10\/15\/santos-varela-fabricio-bruno-pablo-ayrton-lucas-joao-gomes-matheuzinho-victor-hugo-marinho-cebolinha-e-franca-as-notas-dos-jogadores-do-flamengo\/\"},\"author\":{\"name\":\"Equipe G\u00e1vea News\",\"@id\":\"https:\/\/www.gaveanews.com\/#\/schema\/person\/2ec14f73fb96be2caf28f91afb14749d\"},\"headline\":\"Santos, Varela, Fabr\u00edcio Bruno, Pablo, Ayrton Lucas, Jo\u00e3o Gomes, Matheuzinho, Victor Hugo, Marinho, Cebolinha e Fran\u00e7a: As notas dos jogadores do Flamengo\",\"datePublished\":\"2022-10-16T01:51:37+00:00\",\"dateModified\":\"2022-10-16T01:52:26+00:00\",\"mainEntityOfPage\":{\"@id\":\"https:\/\/www.gaveanews.com\/index.php\/2022\/10\/15\/santos-varela-fabricio-bruno-pablo-ayrton-lucas-joao-gomes-matheuzinho-victor-hugo-marinho-cebolinha-e-franca-as-notas-dos-jogadores-do-flamengo\/\"},\"wordCount\":444,\"commentCount\":0,\"image\":{\"@id\":\"https:\/\/www.gaveanews.com\/index.php\/2022\/10\/15\/santos-varela-fabricio-bruno-pablo-ayrton-lucas-joao-gomes-matheuzinho-victor-hugo-marinho-cebolinha-e-franca-as-notas-dos-jogadores-do-flamengo\/#primaryimage\"},\"thumbnailUrl\":\"https:\/\/www.gaveanews.com\/wp-content\/uploads\/Everton-Cebolinha-conhece-as-instalacoes-do-Ninho-do-Urubu.webp\",\"articleSection\":[\"Flamengo\"],\"inLanguage\":\"pt-BR\",\"potentialAction\":[{\"@type\":\"CommentAction\",\"name\":\"Comment\",\"target\":[\"https:\/\/www.gaveanews.com\/index.php\/2022\/10\/15\/santos-varela-fabricio-bruno-pablo-ayrton-lucas-joao-gomes-matheuzinho-victor-hugo-marinho-cebolinha-e-franca-as-notas-dos-jogadores-do-flamengo\/#respond\"]}],\"copyrightYear\":\"2022\",\"copyrightHolder\":{\"@id\":\"https:\/\/www.gaveanews.com\/#organization\"}},{\"@type\":\"WebPage\",\"@id\":\"https:\/\/www.gaveanews.com\/index.php\/2022\/10\/15\/santos-varela-fabricio-bruno-pablo-ayrton-lucas-joao-gomes-matheuzinho-victor-hugo-marinho-cebolinha-e-franca-as-notas-dos-jogadores-do-flamengo\/\",\"url\":\"https:\/\/www.gaveanews.com\/index.php\/2022\/10\/15\/santos-varela-fabricio-bruno-pablo-ayrton-lucas-joao-gomes-matheuzinho-victor-hugo-marinho-cebolinha-e-franca-as-notas-dos-jogadores-do-flamengo\/\",\"name\":\"Santos, Varela, Fabr\u00edcio Bruno, Pablo, Ayrton Lucas, Jo\u00e3o Gomes, Matheuzinho, Victor Hugo, Marinho, Cebolinha e Fran\u00e7a: As notas dos jogadores do Flamengo\",\"isPartOf\":{\"@id\":\"https:\/\/www.gaveanews.com\/#website\"},\"primaryImageOfPage\":{\"@id\":\"https:\/\/www.gaveanews.com\/index.php\/2022\/10\/15\/santos-varela-fabricio-bruno-pablo-ayrton-lucas-joao-gomes-matheuzinho-victor-hugo-marinho-cebolinha-e-franca-as-notas-dos-jogadores-do-flamengo\/#primaryimage\"},\"image\":{\"@id\":\"https:\/\/www.gaveanews.com\/index.php\/2022\/10\/15\/santos-varela-fabricio-bruno-pablo-ayrton-lucas-joao-gomes-matheuzinho-victor-hugo-marinho-cebolinha-e-franca-as-notas-dos-jogadores-do-flamengo\/#primaryimage\"},\"thumbnailUrl\":\"https:\/\/www.gaveanews.com\/wp-content\/uploads\/Everton-Cebolinha-conhece-as-instalacoes-do-Ninho-do-Urubu.webp\",\"datePublished\":\"2022-10-16T01:51:37+00:00\",\"dateModified\":\"2022-10-16T01:52:26+00:00\",\"author\":{\"@id\":\"https:\/\/www.gaveanews.com\/#\/schema\/person\/2ec14f73fb96be2caf28f91afb14749d\"},\"breadcrumb\":{\"@id\":\"https:\/\/www.gaveanews.com\/index.php\/2022\/10\/15\/santos-varela-fabricio-bruno-pablo-ayrton-lucas-joao-gomes-matheuzinho-victor-hugo-marinho-cebolinha-e-franca-as-notas-dos-jogadores-do-flamengo\/#breadcrumb\"},\"inLanguage\":\"pt-BR\",\"potentialAction\":[{\"@type\":\"ReadAction\",\"target\":[\"https:\/\/www.gaveanews.com\/index.php\/2022\/10\/15\/santos-varela-fabricio-bruno-pablo-ayrton-lucas-joao-gomes-matheuzinho-victor-hugo-marinho-cebolinha-e-franca-as-notas-dos-jogadores-do-flamengo\/\"]}]},{\"@type\":\"ImageObject\",\"inLanguage\":\"pt-BR\",\"@id\":\"https:\/\/www.gaveanews.com\/index.php\/2022\/10\/15\/santos-varela-fabricio-bruno-pablo-ayrton-lucas-joao-gomes-matheuzinho-victor-hugo-marinho-cebolinha-e-franca-as-notas-dos-jogadores-do-flamengo\/#primaryimage\",\"url\":\"https:\/\/www.gaveanews.com\/wp-content\/uploads\/Everton-Cebolinha-conhece-as-instalacoes-do-Ninho-do-Urubu.webp\",\"contentUrl\":\"https:\/\/www.gaveanews.com\/wp-content\/uploads\/Everton-Cebolinha-conhece-as-instalacoes-do-Ninho-do-Urubu.webp\",\"width\":799,\"height\":533,\"caption\":\"Everton Cebolinha conhece as instala\u00e7\u00f5es do Ninho do Urubu (Foto: Alexandre Vidal\/Flamengo)\"},{\"@type\":\"BreadcrumbList\",\"@id\":\"https:\/\/www.gaveanews.com\/index.php\/2022\/10\/15\/santos-varela-fabricio-bruno-pablo-ayrton-lucas-joao-gomes-matheuzinho-victor-hugo-marinho-cebolinha-e-franca-as-notas-dos-jogadores-do-flamengo\/#breadcrumb\",\"itemListElement\":[{\"@type\":\"ListItem\",\"position\":1,\"name\":\"Home\",\"item\":\"https:\/\/www.gaveanews.com\/\"},{\"@type\":\"ListItem\",\"position\":2,\"name\":\"Santos, Varela, Fabr\u00edcio Bruno, Pablo, Ayrton Lucas, Jo\u00e3o Gomes, Matheuzinho, Victor Hugo, Marinho, Cebolinha e Fran\u00e7a: As notas dos jogadores do Flamengo\"}]},{\"@type\":\"WebSite\",\"@id\":\"https:\/\/www.gaveanews.com\/#website\",\"url\":\"https:\/\/www.gaveanews.com\/\",\"name\":\"G\u00e1vea News\",\"description\":\"Veja todas as not\u00edcias sobre o Flamengo: Contrata\u00e7\u00f5es, categorias de base, resultados das partidas, tabela de classifica\u00e7\u00e3o, pr\u00f3ximos jogos!\",\"potentialAction\":[{\"@type\":\"SearchAction\",\"target\":{\"@type\":\"EntryPoint\",\"urlTemplate\":\"https:\/\/www.gaveanews.com\/?s={search_term_string}\"},\"query-input\":{\"@type\":\"PropertyValueSpecification\",\"valueRequired\":true,\"valueName\":\"search_term_string\"}}],\"inLanguage\":\"pt-BR\"},{\"@type\":\"Person\",\"@id\":\"https:\/\/www.gaveanews.com\/#\/schema\/person\/2ec14f73fb96be2caf28f91afb14749d\",\"name\":\"Equipe G\u00e1vea News\",\"image\":{\"@type\":\"ImageObject\",\"inLanguage\":\"pt-BR\",\"@id\":\"https:\/\/www.gaveanews.com\/#\/schema\/person\/image\/\",\"url\":\"https:\/\/secure.gravatar.com\/avatar\/1e1956f1facbffd3f8fa53a326721950116b3b9dc9bd44939c01180fd4a745a9?s=96&d=mm&r=g\",\"contentUrl\":\"https:\/\/secure.gravatar.com\/avatar\/1e1956f1facbffd3f8fa53a326721950116b3b9dc9bd44939c01180fd4a745a9?s=96&d=mm&r=g\",\"caption\":\"Equipe G\u00e1vea News\"}}]}<\/script>\n<!-- \/ Yoast SEO Premium plugin. -->","yoast_head_json":{"title":"Santos, Varela, Fabr\u00edcio Bruno, Pablo, Ayrton Lucas, Jo\u00e3o Gomes, Matheuzinho, Victor Hugo, Marinho, Cebolinha e Fran\u00e7a: As notas dos jogadores do Flamengo","robots":{"index":"index","follow":"follow","max-snippet":"max-snippet:-1","max-image-preview":"max-image-preview:large","max-video-preview":"max-video-preview:-1"},"canonical":"https:\/\/www.gaveanews.com\/index.php\/2022\/10\/15\/santos-varela-fabricio-bruno-pablo-ayrton-lucas-joao-gomes-matheuzinho-victor-hugo-marinho-cebolinha-e-franca-as-notas-dos-jogadores-do-flamengo\/","og_locale":"pt_BR","og_type":"article","og_title":"Santos, Varela, Fabr\u00edcio Bruno, Pablo, Ayrton Lucas, Jo\u00e3o Gomes, Matheuzinho, Victor Hugo, Marinho, Cebolinha e Fran\u00e7a: As notas dos jogadores do Flamengo","og_description":"Na noite deste s\u00e1bado (15 de outubro), o time do Flamengo recebeu a equipe do Atl\u00e9tico-MG no est\u00e1dio do Maracan\u00e3. E apesar de ter entrado em campo com um time alternativo, o Mais Querido do Brasil fez valer o mando de campo e bateu o clube de Belo Horizonte por 1&#215;0. O \u00fanico gol do [&hellip;]","og_url":"https:\/\/www.gaveanews.com\/index.php\/2022\/10\/15\/santos-varela-fabricio-bruno-pablo-ayrton-lucas-joao-gomes-matheuzinho-victor-hugo-marinho-cebolinha-e-franca-as-notas-dos-jogadores-do-flamengo\/","og_site_name":"G\u00e1vea News","article_publisher":"https:\/\/facebook.com\/gaveaNews\/","article_published_time":"2022-10-16T01:51:37+00:00","article_modified_time":"2022-10-16T01:52:26+00:00","og_image":[{"width":799,"height":533,"url":"https:\/\/www.gaveanews.com\/wp-content\/uploads\/Everton-Cebolinha-conhece-as-instalacoes-do-Ninho-do-Urubu.webp","type":"image\/jpeg"}],"author":"Equipe G\u00e1vea News","twitter_card":"summary_large_image","twitter_misc":{"Escrito por":"Equipe G\u00e1vea News","Est. tempo de leitura":"3 minutos"},"schema":{"@context":"https:\/\/schema.org","@graph":[{"@type":"NewsArticle","@id":"https:\/\/www.gaveanews.com\/index.php\/2022\/10\/15\/santos-varela-fabricio-bruno-pablo-ayrton-lucas-joao-gomes-matheuzinho-victor-hugo-marinho-cebolinha-e-franca-as-notas-dos-jogadores-do-flamengo\/#article","isPartOf":{"@id":"https:\/\/www.gaveanews.com\/index.php\/2022\/10\/15\/santos-varela-fabricio-bruno-pablo-ayrton-lucas-joao-gomes-matheuzinho-victor-hugo-marinho-cebolinha-e-franca-as-notas-dos-jogadores-do-flamengo\/"},"author":{"name":"Equipe G\u00e1vea News","@id":"https:\/\/www.gaveanews.com\/#\/schema\/person\/2ec14f73fb96be2caf28f91afb14749d"},"headline":"Santos, Varela, Fabr\u00edcio Bruno, Pablo, Ayrton Lucas, Jo\u00e3o Gomes, Matheuzinho, Victor Hugo, Marinho, Cebolinha e Fran\u00e7a: As notas dos jogadores do Flamengo","datePublished":"2022-10-16T01:51:37+00:00","dateModified":"2022-10-16T01:52:26+00:00","mainEntityOfPage":{"@id":"https:\/\/www.gaveanews.com\/index.php\/2022\/10\/15\/santos-varela-fabricio-bruno-pablo-ayrton-lucas-joao-gomes-matheuzinho-victor-hugo-marinho-cebolinha-e-franca-as-notas-dos-jogadores-do-flamengo\/"},"wordCount":444,"commentCount":0,"image":{"@id":"https:\/\/www.gaveanews.com\/index.php\/2022\/10\/15\/santos-varela-fabricio-bruno-pablo-ayrton-lucas-joao-gomes-matheuzinho-victor-hugo-marinho-cebolinha-e-franca-as-notas-dos-jogadores-do-flamengo\/#primaryimage"},"thumbnailUrl":"https:\/\/www.gaveanews.com\/wp-content\/uploads\/Everton-Cebolinha-conhece-as-instalacoes-do-Ninho-do-Urubu.webp","articleSection":["Flamengo"],"inLanguage":"pt-BR","potentialAction":[{"@type":"CommentAction","name":"Comment","target":["https:\/\/www.gaveanews.com\/index.php\/2022\/10\/15\/santos-varela-fabricio-bruno-pablo-ayrton-lucas-joao-gomes-matheuzinho-victor-hugo-marinho-cebolinha-e-franca-as-notas-dos-jogadores-do-flamengo\/#respond"]}],"copyrightYear":"2022","copyrightHolder":{"@id":"https:\/\/www.gaveanews.com\/#organization"}},{"@type":"WebPage","@id":"https:\/\/www.gaveanews.com\/index.php\/2022\/10\/15\/santos-varela-fabricio-bruno-pablo-ayrton-lucas-joao-gomes-matheuzinho-victor-hugo-marinho-cebolinha-e-franca-as-notas-dos-jogadores-do-flamengo\/","url":"https:\/\/www.gaveanews.com\/index.php\/2022\/10\/15\/santos-varela-fabricio-bruno-pablo-ayrton-lucas-joao-gomes-matheuzinho-victor-hugo-marinho-cebolinha-e-franca-as-notas-dos-jogadores-do-flamengo\/","name":"Santos, Varela, Fabr\u00edcio Bruno, Pablo, Ayrton Lucas, Jo\u00e3o Gomes, Matheuzinho, Victor Hugo, Marinho, Cebolinha e Fran\u00e7a: As notas dos jogadores do Flamengo","isPartOf":{"@id":"https:\/\/www.gaveanews.com\/#website"},"primaryImageOfPage":{"@id":"https:\/\/www.gaveanews.com\/index.php\/2022\/10\/15\/santos-varela-fabricio-bruno-pablo-ayrton-lucas-joao-gomes-matheuzinho-victor-hugo-marinho-cebolinha-e-franca-as-notas-dos-jogadores-do-flamengo\/#primaryimage"},"image":{"@id":"https:\/\/www.gaveanews.com\/index.php\/2022\/10\/15\/santos-varela-fabricio-bruno-pablo-ayrton-lucas-joao-gomes-matheuzinho-victor-hugo-marinho-cebolinha-e-franca-as-notas-dos-jogadores-do-flamengo\/#primaryimage"},"thumbnailUrl":"https:\/\/www.gaveanews.com\/wp-content\/uploads\/Everton-Cebolinha-conhece-as-instalacoes-do-Ninho-do-Urubu.webp","datePublished":"2022-10-16T01:51:37+00:00","dateModified":"2022-10-16T01:52:26+00:00","author":{"@id":"https:\/\/www.gaveanews.com\/#\/schema\/person\/2ec14f73fb96be2caf28f91afb14749d"},"breadcrumb":{"@id":"https:\/\/www.gaveanews.com\/index.php\/2022\/10\/15\/santos-varela-fabricio-bruno-pablo-ayrton-lucas-joao-gomes-matheuzinho-victor-hugo-marinho-cebolinha-e-franca-as-notas-dos-jogadores-do-flamengo\/#breadcrumb"},"inLanguage":"pt-BR","potentialAction":[{"@type":"ReadAction","target":["https:\/\/www.gaveanews.com\/index.php\/2022\/10\/15\/santos-varela-fabricio-bruno-pablo-ayrton-lucas-joao-gomes-matheuzinho-victor-hugo-marinho-cebolinha-e-franca-as-notas-dos-jogadores-do-flamengo\/"]}]},{"@type":"ImageObject","inLanguage":"pt-BR","@id":"https:\/\/www.gaveanews.com\/index.php\/2022\/10\/15\/santos-varela-fabricio-bruno-pablo-ayrton-lucas-joao-gomes-matheuzinho-victor-hugo-marinho-cebolinha-e-franca-as-notas-dos-jogadores-do-flamengo\/#primaryimage","url":"https:\/\/www.gaveanews.com\/wp-content\/uploads\/Everton-Cebolinha-conhece-as-instalacoes-do-Ninho-do-Urubu.webp","contentUrl":"https:\/\/www.gaveanews.com\/wp-content\/uploads\/Everton-Cebolinha-conhece-as-instalacoes-do-Ninho-do-Urubu.webp","width":799,"height":533,"caption":"Everton Cebolinha conhece as instala\u00e7\u00f5es do Ninho do Urubu (Foto: Alexandre Vidal\/Flamengo)"},{"@type":"BreadcrumbList","@id":"https:\/\/www.gaveanews.com\/index.php\/2022\/10\/15\/santos-varela-fabricio-bruno-pablo-ayrton-lucas-joao-gomes-matheuzinho-victor-hugo-marinho-cebolinha-e-franca-as-notas-dos-jogadores-do-flamengo\/#breadcrumb","itemListElement":[{"@type":"ListItem","position":1,"name":"Home","item":"https:\/\/www.gaveanews.com\/"},{"@type":"ListItem","position":2,"name":"Santos, Varela, Fabr\u00edcio Bruno, Pablo, Ayrton Lucas, Jo\u00e3o Gomes, Matheuzinho, Victor Hugo, Marinho, Cebolinha e Fran\u00e7a: As notas dos jogadores do Flamengo"}]},{"@type":"WebSite","@id":"https:\/\/www.gaveanews.com\/#website","url":"https:\/\/www.gaveanews.com\/","name":"G\u00e1vea News","description":"Veja todas as not\u00edcias sobre o Flamengo: Contrata\u00e7\u00f5es, categorias de base, resultados das partidas, tabela de classifica\u00e7\u00e3o, pr\u00f3ximos jogos!","potentialAction":[{"@type":"SearchAction","target":{"@type":"EntryPoint","urlTemplate":"https:\/\/www.gaveanews.com\/?s={search_term_string}"},"query-input":{"@type":"PropertyValueSpecification","valueRequired":true,"valueName":"search_term_string"}}],"inLanguage":"pt-BR"},{"@type":"Person","@id":"https:\/\/www.gaveanews.com\/#\/schema\/person\/2ec14f73fb96be2caf28f91afb14749d","name":"Equipe G\u00e1vea News","image":{"@type":"ImageObject","inLanguage":"pt-BR","@id":"https:\/\/www.gaveanews.com\/#\/schema\/person\/image\/","url":"https:\/\/secure.gravatar.com\/avatar\/1e1956f1facbffd3f8fa53a326721950116b3b9dc9bd44939c01180fd4a745a9?s=96&d=mm&r=g","contentUrl":"https:\/\/secure.gravatar.com\/avatar\/1e1956f1facbffd3f8fa53a326721950116b3b9dc9bd44939c01180fd4a745a9?s=96&d=mm&r=g","caption":"Equipe G\u00e1vea News"}}]}},"_links":{"self":[{"href":"https:\/\/www.gaveanews.com\/index.php\/wp-json\/wp\/v2\/posts\/89011","targetHints":{"allow":["GET"]}}],"collection":[{"href":"https:\/\/www.gaveanews.com\/index.php\/wp-json\/wp\/v2\/posts"}],"about":[{"href":"https:\/\/www.gaveanews.com\/index.php\/wp-json\/wp\/v2\/types\/post"}],"author":[{"embeddable":true,"href":"https:\/\/www.gaveanews.com\/index.php\/wp-json\/wp\/v2\/users\/1"}],"replies":[{"embeddable":true,"href":"https:\/\/www.gaveanews.com\/index.php\/wp-json\/wp\/v2\/comments?post=89011"}],"version-history":[{"count":0,"href":"https:\/\/www.gaveanews.com\/index.php\/wp-json\/wp\/v2\/posts\/89011\/revisions"}],"wp:featuredmedia":[{"embeddable":true,"href":"https:\/\/www.gaveanews.com\/index.php\/wp-json\/wp\/v2\/media\/83475"}],"wp:attachment":[{"href":"https:\/\/www.gaveanews.com\/index.php\/wp-json\/wp\/v2\/media?parent=89011"}],"wp:term":[{"taxonomy":"category","embeddable":true,"href":"https:\/\/www.gaveanews.com\/index.php\/wp-json\/wp\/v2\/categories?post=89011"},{"taxonomy":"post_tag","embeddable":true,"href":"https:\/\/www.gaveanews.com\/index.php\/wp-json\/wp\/v2\/tags?post=89011"}],"curies":[{"name":"wp","href":"https:\/\/api.w.org\/{rel}","templated":true}]}}