{"id":89021,"date":"2022-10-16T00:23:34","date_gmt":"2022-10-16T03:23:34","guid":{"rendered":"https:\/\/www.gaveanews.com\/?p=89021"},"modified":"2022-10-16T00:23:37","modified_gmt":"2022-10-16T03:23:37","slug":"treinador-do-flamengo-dorival-junior-e-sincero-ao-falar-sobre-a-situacao-do-meia-arrascaeta","status":"publish","type":"post","link":"https:\/\/www.gaveanews.com\/index.php\/2022\/10\/16\/treinador-do-flamengo-dorival-junior-e-sincero-ao-falar-sobre-a-situacao-do-meia-arrascaeta\/","title":{"rendered":"Treinador do Flamengo, Dorival Junior \u00e9 sincero ao falar sobre a situa\u00e7\u00e3o do meia Arrascaeta"},"content":{"rendered":"\n<p>Ap\u00f3s a vit\u00f3ria por 1 a 0 sobre o Atl\u00e9tico-MG, pela 32\u00aa rodada do Campeonato Brasileiro, Dorival Junior praticamente garantiu que o meia Arrascaeta estar\u00e1 em campo pelo Flamengo na final da Copa do Brasil. O t\u00e9cnico falou hoje (15), em coletiva no Maracan\u00e3.<\/p>\n\n\n\n<p>Com uma pubalgia, o jogador est\u00e1 recebendo uma aten\u00e7\u00e3o especial da comiss\u00e3o t\u00e9cnica do clube para ter condi\u00e7\u00f5es de entrar em campo na quarta (19), \u00e0s 21h45. Segundo o comandante, a expectativa \u00e9 de que ele esteja em seu auge para a grande decis\u00e3o da Copa do Brasil, no Maracan\u00e3.<\/p>\n\n\n\n<p><em>\u2014 Esses jogadores t\u00eam participado diretamente da maioria dos jogos e sempre em alto n\u00edvel. Fabr\u00edcio, Victor Hugo, Matheuzinho, Cebolinha, al\u00e9m dos demais que contribu\u00edram para o encaixe. Tenho certeza que o Arrascaeta estar\u00e1 muito bem para o jogo de quarta, n\u00e3o tenho d\u00favidas. Estar\u00e1 ainda melhor que no jogo anterior, a confian\u00e7a \u00e9 grande e o trabalho \u00e9 nesse sentido: dele estar na melhor condi\u00e7\u00e3o e nos ajudar da melhor forma<\/em>, emendou.<\/p>\n\n\n\n<p>O triunfo diante do Galo com a equipe reserva tamb\u00e9m foi bastante elogiado por Dorival. O treinador valorizou o triunfo que deixou o Rubro-Negro na terceira coloca\u00e7\u00e3o, com 55 pontos.<\/p>\n\n\n\n<p><em>\u2014 Resultado importante diante de uma equipe que concorre diretamente com a gente. Por tudo que aconteceu, fizemos uma partida muito segura. Em um primeiro momento, um jogo diferente, com mais posse. No segundo tempo, o Atl\u00e9tico teve essa posse, mas raramente conseguiu infiltra\u00e7\u00f5es. Nos defendemos bem e estivemos prontos para contra-atacar e tentar matar o jogo, mas n\u00e3o fomos bem no \u00faltimo passe. Fico feliz pela postura da equipe e a forma como atuamos. Mostramos ter um elenco forte, que faz uma partida de muito bom n\u00edvel mesmo enfrentando problemas<\/em>, comentou.<\/p>\n\n\n\n<h2 class=\"wp-block-heading\" id=\"h-forca-do-elenco\">For\u00e7a do elenco<\/h2>\n\n\n\n<p>\u2014 <em>Temos demonstrado isso em todas as partidas. Fisicamente, a equipe est\u00e1 dando uma resposta muito boa, tanto a de quarta como a de domingo. Sentimos a for\u00e7a e a entrega de nosso grupo. \u00c9 uma demonstra\u00e7\u00e3o de companheirismo, onde todos s\u00e3o aproveitados. O Jo\u00e3o veio e jogou muito bem hoje. Queremos isso, todos se mantendo em condi\u00e7\u00f5es para dar a resposta quando solicitado.\u00a0Futebol\u00a0pode te pegar de surpresa e o atleta precisa estar nas melhores condi\u00e7\u00f5es poss\u00edveis. Buscamos isso, deixar o atleta confiante e seguro para desenvolver seu melhor. T\u00ednhamos um banco inteiro da base, que aos poucos vem subindo. \u00c9 uma equipe que era muito interessante com todos jogadores que hoje fazem parte do nosso grupo e mesmo assim existe uma renova\u00e7\u00e3o gra\u00e7as ao grande trabalho feito pela base. Quem sabe, daqui a pouco dando uma resposta ainda mais segura.<\/em><\/p>\n\n\n\n<h2 class=\"wp-block-heading\" id=\"h-jogo-pelas-laterais\">Jogo pelas laterais<\/h2>\n\n\n\n<p>\u2014 <em>Vai muito da caracter\u00edstica dos jogadores. Tivemos o Matheuzinho do lado direito e o Victor do lado esquerdo. Tivemos alguns comportamentos exibidos nos treinamentos e conseguimos aplicar alguns deles, principalmente na primeira etapa. Voc\u00ea tem uma equipe com uma caracter\u00edstica, mas que pode mudar ao longo da partida. Tivemos isso contra o\u00a0Corinthians\u00a0com alguns jogadores, mas as vezes n\u00e3o percebemos o que acontece. Realmente foi mais por dentro quarta e mais pelos lados hoje. Ainda ficam as possibilidades de estar por dentro com as duas equipes e de por fora com as duas equipes.<\/em><\/p>\n\n\n\n<h2 class=\"wp-block-heading\" id=\"h-importancia-de-david-luiz\">Import\u00e2ncia de David Luiz<\/h2>\n\n\n\n<p>\u2014 <em>David resgatou o prazer e a confian\u00e7a de estar atuando. Ele sabe a import\u00e2ncia dentro do nosso grupo, \u00e9 um capit\u00e3o sem a bra\u00e7adeira. A postura dele \u00e9 de um capit\u00e3o. Tem jogadores que n\u00e3o precisam da bra\u00e7adeira para fazer a diferen\u00e7a. \u00c9 um jogador de alt\u00edssimo n\u00edvel, com a forma\u00e7\u00e3o finalizada na Europa, sabe o momento de liberar um passe ou deixar o jogo cadenciado. \u00c9 um meia jogando como zagueiro. Encontra passes de ruptura, profundidade, encontra o melhor momento para iniciar cria\u00e7\u00e3o. Jogador quase completo por esta capacidade.<\/em><\/p>\n\n\n\n<h2 class=\"wp-block-heading\" id=\"h-falta-de-rodrigo-caio\">Falta de Rodrigo Caio<\/h2>\n\n\n\n<p>\u2014 <em>Temos cinco zagueiros de alt\u00edssimo n\u00edvel, que nos passam seguran\u00e7a e confian\u00e7a. A pr\u00f3pria sequ\u00eancia de jogos foi fundamental para que desenvolvessem seu melhor. A expectativa agora \u00e9 pelo retorno do Rodrigo. Acho que n\u00e3o preciso falar nada, voc\u00eas t\u00eam no\u00e7\u00e3o do que ele representa. Tem uma hist\u00f3ria no clube e ela precisa ser respeitada.<\/em><\/p>\n\n\n\n<h2 class=\"wp-block-heading\" id=\"h-primeiro-gol-de-cebolinha-no-maracana\">Primeiro gol de Cebolinha no Maracan\u00e3<\/h2>\n\n\n\n<p>\u2014 <em>Tem uma caracter\u00edstica \u00fanica. N\u00e3o tenho duvidas que ainda vai evoluir muito. N\u00e3o vinha atuando com tanta frequ\u00eancia e est\u00e1 resgatando seu melhor momento. N\u00e3o tenho receio de afirmar que, talvez at\u00e9 o final do ano, tenhamos o melhor do Everton. Tem v\u00e1rios jogadores que demora um pouco para adquirir a melhor condi\u00e7\u00e3o e se estabelecer dentro do clube. Est\u00e1 se dedicando e entregando muito nos treinamentos para esta melhor condi\u00e7\u00e3o.<\/em><\/p>\n\n\n\n<h2 class=\"wp-block-heading\" id=\"h-mudanca-do-primeiro-para-o-segundo-tempo\">Mudan\u00e7a do primeiro para o segundo tempo<\/h2>\n\n\n\n<p><em>\u2014 Pelo volume do primeiro tempo era esperado que algo aconteceria. Segurei os meninos que entraram, \u00e9 uma exposi\u00e7\u00e3o. Ainda n\u00e3o sabemos qual ser\u00e1 a resposta de cada um deles. Talvez seja, no Brasil, um dos que mais gosta de trabalhar com a base, mas \u00e9 preciso cuidado. No segundo, a inten\u00e7\u00e3o era dar a bola para o Atl\u00e9tico. N\u00e3o fomos felizes no passe final para chegar na cara do gol. Era uma situa\u00e7\u00e3o prevista, n\u00e3o ter\u00edamos a posse do bola, mas estar\u00edamos pronto para que tivesse o espa\u00e7o. Faltou sorte e sabedoria para atacar corretamente nesses momentos, apesar de ter criado a melhor chance nesse momento, Nosso gol esteve bem protegido.<\/em><\/p>\n\n\n\n<p>Retirado de: UOL<\/p>\n","protected":false},"excerpt":{"rendered":"<p>Ap\u00f3s a vit\u00f3ria por 1 a 0 sobre o Atl\u00e9tico-MG, pela 32\u00aa rodada do Campeonato Brasileiro, Dorival Junior praticamente garantiu que o meia Arrascaeta estar\u00e1 em campo pelo Flamengo na final da Copa do Brasil. O t\u00e9cnico falou hoje (15), em coletiva no Maracan\u00e3. Com uma pubalgia, o jogador est\u00e1 recebendo uma aten\u00e7\u00e3o especial da [&hellip;]<\/p>\n","protected":false},"author":1,"featured_media":86780,"comment_status":"open","ping_status":"closed","sticky":false,"template":"","format":"standard","meta":{"footnotes":""},"categories":[1],"tags":[],"class_list":["post-89021","post","type-post","status-publish","format-standard","has-post-thumbnail","hentry","category-flamengo"],"yoast_head":"<!-- This site is optimized with the Yoast SEO Premium plugin v24.2 (Yoast SEO v26.9) - https:\/\/yoast.com\/product\/yoast-seo-premium-wordpress\/ -->\n<title>Treinador do Flamengo, Dorival Junior \u00e9 sincero ao falar sobre a situa\u00e7\u00e3o do meia Arrascaeta<\/title>\n<meta name=\"robots\" content=\"index, follow, max-snippet:-1, max-image-preview:large, max-video-preview:-1\" \/>\n<link rel=\"canonical\" href=\"https:\/\/www.gaveanews.com\/index.php\/2022\/10\/16\/treinador-do-flamengo-dorival-junior-e-sincero-ao-falar-sobre-a-situacao-do-meia-arrascaeta\/\" \/>\n<meta property=\"og:locale\" content=\"pt_BR\" \/>\n<meta property=\"og:type\" content=\"article\" \/>\n<meta property=\"og:title\" content=\"Treinador do Flamengo, Dorival Junior \u00e9 sincero ao falar sobre a situa\u00e7\u00e3o do meia Arrascaeta\" \/>\n<meta property=\"og:description\" content=\"Ap\u00f3s a vit\u00f3ria por 1 a 0 sobre o Atl\u00e9tico-MG, pela 32\u00aa rodada do Campeonato Brasileiro, Dorival Junior praticamente garantiu que o meia Arrascaeta estar\u00e1 em campo pelo Flamengo na final da Copa do Brasil. O t\u00e9cnico falou hoje (15), em coletiva no Maracan\u00e3. Com uma pubalgia, o jogador est\u00e1 recebendo uma aten\u00e7\u00e3o especial da [&hellip;]\" \/>\n<meta property=\"og:url\" content=\"https:\/\/www.gaveanews.com\/index.php\/2022\/10\/16\/treinador-do-flamengo-dorival-junior-e-sincero-ao-falar-sobre-a-situacao-do-meia-arrascaeta\/\" \/>\n<meta property=\"og:site_name\" content=\"G\u00e1vea News\" \/>\n<meta property=\"article:publisher\" content=\"https:\/\/facebook.com\/gaveaNews\/\" \/>\n<meta property=\"article:published_time\" content=\"2022-10-16T03:23:34+00:00\" \/>\n<meta property=\"article:modified_time\" content=\"2022-10-16T03:23:37+00:00\" \/>\n<meta property=\"og:image\" content=\"https:\/\/www.gaveanews.com\/wp-content\/uploads\/Dorival-Junior-em-Velez-x-Flamengo-pela-Libertadores.webp\" \/>\n\t<meta property=\"og:image:width\" content=\"800\" \/>\n\t<meta property=\"og:image:height\" content=\"533\" \/>\n\t<meta property=\"og:image:type\" content=\"image\/jpeg\" \/>\n<meta name=\"author\" content=\"Equipe G\u00e1vea News\" \/>\n<meta name=\"twitter:card\" content=\"summary_large_image\" \/>\n<meta name=\"twitter:label1\" content=\"Escrito por\" \/>\n\t<meta name=\"twitter:data1\" content=\"Equipe G\u00e1vea News\" \/>\n\t<meta name=\"twitter:label2\" content=\"Est. tempo de leitura\" \/>\n\t<meta name=\"twitter:data2\" content=\"5 minutos\" \/>\n<script type=\"application\/ld+json\" class=\"yoast-schema-graph\">{\"@context\":\"https:\/\/schema.org\",\"@graph\":[{\"@type\":\"NewsArticle\",\"@id\":\"https:\/\/www.gaveanews.com\/index.php\/2022\/10\/16\/treinador-do-flamengo-dorival-junior-e-sincero-ao-falar-sobre-a-situacao-do-meia-arrascaeta\/#article\",\"isPartOf\":{\"@id\":\"https:\/\/www.gaveanews.com\/index.php\/2022\/10\/16\/treinador-do-flamengo-dorival-junior-e-sincero-ao-falar-sobre-a-situacao-do-meia-arrascaeta\/\"},\"author\":{\"name\":\"Equipe G\u00e1vea News\",\"@id\":\"https:\/\/www.gaveanews.com\/#\/schema\/person\/2ec14f73fb96be2caf28f91afb14749d\"},\"headline\":\"Treinador do Flamengo, Dorival Junior \u00e9 sincero ao falar sobre a situa\u00e7\u00e3o do meia Arrascaeta\",\"datePublished\":\"2022-10-16T03:23:34+00:00\",\"dateModified\":\"2022-10-16T03:23:37+00:00\",\"mainEntityOfPage\":{\"@id\":\"https:\/\/www.gaveanews.com\/index.php\/2022\/10\/16\/treinador-do-flamengo-dorival-junior-e-sincero-ao-falar-sobre-a-situacao-do-meia-arrascaeta\/\"},\"wordCount\":959,\"commentCount\":0,\"image\":{\"@id\":\"https:\/\/www.gaveanews.com\/index.php\/2022\/10\/16\/treinador-do-flamengo-dorival-junior-e-sincero-ao-falar-sobre-a-situacao-do-meia-arrascaeta\/#primaryimage\"},\"thumbnailUrl\":\"https:\/\/www.gaveanews.com\/wp-content\/uploads\/Dorival-Junior-em-Velez-x-Flamengo-pela-Libertadores.webp\",\"articleSection\":[\"Flamengo\"],\"inLanguage\":\"pt-BR\",\"potentialAction\":[{\"@type\":\"CommentAction\",\"name\":\"Comment\",\"target\":[\"https:\/\/www.gaveanews.com\/index.php\/2022\/10\/16\/treinador-do-flamengo-dorival-junior-e-sincero-ao-falar-sobre-a-situacao-do-meia-arrascaeta\/#respond\"]}],\"copyrightYear\":\"2022\",\"copyrightHolder\":{\"@id\":\"https:\/\/www.gaveanews.com\/#organization\"}},{\"@type\":\"WebPage\",\"@id\":\"https:\/\/www.gaveanews.com\/index.php\/2022\/10\/16\/treinador-do-flamengo-dorival-junior-e-sincero-ao-falar-sobre-a-situacao-do-meia-arrascaeta\/\",\"url\":\"https:\/\/www.gaveanews.com\/index.php\/2022\/10\/16\/treinador-do-flamengo-dorival-junior-e-sincero-ao-falar-sobre-a-situacao-do-meia-arrascaeta\/\",\"name\":\"Treinador do Flamengo, Dorival Junior \u00e9 sincero ao falar sobre a situa\u00e7\u00e3o do meia Arrascaeta\",\"isPartOf\":{\"@id\":\"https:\/\/www.gaveanews.com\/#website\"},\"primaryImageOfPage\":{\"@id\":\"https:\/\/www.gaveanews.com\/index.php\/2022\/10\/16\/treinador-do-flamengo-dorival-junior-e-sincero-ao-falar-sobre-a-situacao-do-meia-arrascaeta\/#primaryimage\"},\"image\":{\"@id\":\"https:\/\/www.gaveanews.com\/index.php\/2022\/10\/16\/treinador-do-flamengo-dorival-junior-e-sincero-ao-falar-sobre-a-situacao-do-meia-arrascaeta\/#primaryimage\"},\"thumbnailUrl\":\"https:\/\/www.gaveanews.com\/wp-content\/uploads\/Dorival-Junior-em-Velez-x-Flamengo-pela-Libertadores.webp\",\"datePublished\":\"2022-10-16T03:23:34+00:00\",\"dateModified\":\"2022-10-16T03:23:37+00:00\",\"author\":{\"@id\":\"https:\/\/www.gaveanews.com\/#\/schema\/person\/2ec14f73fb96be2caf28f91afb14749d\"},\"breadcrumb\":{\"@id\":\"https:\/\/www.gaveanews.com\/index.php\/2022\/10\/16\/treinador-do-flamengo-dorival-junior-e-sincero-ao-falar-sobre-a-situacao-do-meia-arrascaeta\/#breadcrumb\"},\"inLanguage\":\"pt-BR\",\"potentialAction\":[{\"@type\":\"ReadAction\",\"target\":[\"https:\/\/www.gaveanews.com\/index.php\/2022\/10\/16\/treinador-do-flamengo-dorival-junior-e-sincero-ao-falar-sobre-a-situacao-do-meia-arrascaeta\/\"]}]},{\"@type\":\"ImageObject\",\"inLanguage\":\"pt-BR\",\"@id\":\"https:\/\/www.gaveanews.com\/index.php\/2022\/10\/16\/treinador-do-flamengo-dorival-junior-e-sincero-ao-falar-sobre-a-situacao-do-meia-arrascaeta\/#primaryimage\",\"url\":\"https:\/\/www.gaveanews.com\/wp-content\/uploads\/Dorival-Junior-em-Velez-x-Flamengo-pela-Libertadores.webp\",\"contentUrl\":\"https:\/\/www.gaveanews.com\/wp-content\/uploads\/Dorival-Junior-em-Velez-x-Flamengo-pela-Libertadores.webp\",\"width\":800,\"height\":533,\"caption\":\"Dorival J\u00fanior em V\u00e9lez x Flamengo pela Libertadores (Foto: Marcelo Cortes\/Flamengo)\"},{\"@type\":\"BreadcrumbList\",\"@id\":\"https:\/\/www.gaveanews.com\/index.php\/2022\/10\/16\/treinador-do-flamengo-dorival-junior-e-sincero-ao-falar-sobre-a-situacao-do-meia-arrascaeta\/#breadcrumb\",\"itemListElement\":[{\"@type\":\"ListItem\",\"position\":1,\"name\":\"Home\",\"item\":\"https:\/\/www.gaveanews.com\/\"},{\"@type\":\"ListItem\",\"position\":2,\"name\":\"Treinador do Flamengo, Dorival Junior \u00e9 sincero ao falar sobre a situa\u00e7\u00e3o do meia Arrascaeta\"}]},{\"@type\":\"WebSite\",\"@id\":\"https:\/\/www.gaveanews.com\/#website\",\"url\":\"https:\/\/www.gaveanews.com\/\",\"name\":\"G\u00e1vea News\",\"description\":\"Veja todas as not\u00edcias sobre o Flamengo: Contrata\u00e7\u00f5es, categorias de base, resultados das partidas, tabela de classifica\u00e7\u00e3o, pr\u00f3ximos jogos!\",\"potentialAction\":[{\"@type\":\"SearchAction\",\"target\":{\"@type\":\"EntryPoint\",\"urlTemplate\":\"https:\/\/www.gaveanews.com\/?s={search_term_string}\"},\"query-input\":{\"@type\":\"PropertyValueSpecification\",\"valueRequired\":true,\"valueName\":\"search_term_string\"}}],\"inLanguage\":\"pt-BR\"},{\"@type\":\"Person\",\"@id\":\"https:\/\/www.gaveanews.com\/#\/schema\/person\/2ec14f73fb96be2caf28f91afb14749d\",\"name\":\"Equipe G\u00e1vea News\",\"image\":{\"@type\":\"ImageObject\",\"inLanguage\":\"pt-BR\",\"@id\":\"https:\/\/www.gaveanews.com\/#\/schema\/person\/image\/\",\"url\":\"https:\/\/secure.gravatar.com\/avatar\/1e1956f1facbffd3f8fa53a326721950116b3b9dc9bd44939c01180fd4a745a9?s=96&d=mm&r=g\",\"contentUrl\":\"https:\/\/secure.gravatar.com\/avatar\/1e1956f1facbffd3f8fa53a326721950116b3b9dc9bd44939c01180fd4a745a9?s=96&d=mm&r=g\",\"caption\":\"Equipe G\u00e1vea News\"}}]}<\/script>\n<!-- \/ Yoast SEO Premium plugin. -->","yoast_head_json":{"title":"Treinador do Flamengo, Dorival Junior \u00e9 sincero ao falar sobre a situa\u00e7\u00e3o do meia Arrascaeta","robots":{"index":"index","follow":"follow","max-snippet":"max-snippet:-1","max-image-preview":"max-image-preview:large","max-video-preview":"max-video-preview:-1"},"canonical":"https:\/\/www.gaveanews.com\/index.php\/2022\/10\/16\/treinador-do-flamengo-dorival-junior-e-sincero-ao-falar-sobre-a-situacao-do-meia-arrascaeta\/","og_locale":"pt_BR","og_type":"article","og_title":"Treinador do Flamengo, Dorival Junior \u00e9 sincero ao falar sobre a situa\u00e7\u00e3o do meia Arrascaeta","og_description":"Ap\u00f3s a vit\u00f3ria por 1 a 0 sobre o Atl\u00e9tico-MG, pela 32\u00aa rodada do Campeonato Brasileiro, Dorival Junior praticamente garantiu que o meia Arrascaeta estar\u00e1 em campo pelo Flamengo na final da Copa do Brasil. O t\u00e9cnico falou hoje (15), em coletiva no Maracan\u00e3. Com uma pubalgia, o jogador est\u00e1 recebendo uma aten\u00e7\u00e3o especial da [&hellip;]","og_url":"https:\/\/www.gaveanews.com\/index.php\/2022\/10\/16\/treinador-do-flamengo-dorival-junior-e-sincero-ao-falar-sobre-a-situacao-do-meia-arrascaeta\/","og_site_name":"G\u00e1vea News","article_publisher":"https:\/\/facebook.com\/gaveaNews\/","article_published_time":"2022-10-16T03:23:34+00:00","article_modified_time":"2022-10-16T03:23:37+00:00","og_image":[{"width":800,"height":533,"url":"https:\/\/www.gaveanews.com\/wp-content\/uploads\/Dorival-Junior-em-Velez-x-Flamengo-pela-Libertadores.webp","type":"image\/jpeg"}],"author":"Equipe G\u00e1vea News","twitter_card":"summary_large_image","twitter_misc":{"Escrito por":"Equipe G\u00e1vea News","Est. tempo de leitura":"5 minutos"},"schema":{"@context":"https:\/\/schema.org","@graph":[{"@type":"NewsArticle","@id":"https:\/\/www.gaveanews.com\/index.php\/2022\/10\/16\/treinador-do-flamengo-dorival-junior-e-sincero-ao-falar-sobre-a-situacao-do-meia-arrascaeta\/#article","isPartOf":{"@id":"https:\/\/www.gaveanews.com\/index.php\/2022\/10\/16\/treinador-do-flamengo-dorival-junior-e-sincero-ao-falar-sobre-a-situacao-do-meia-arrascaeta\/"},"author":{"name":"Equipe G\u00e1vea News","@id":"https:\/\/www.gaveanews.com\/#\/schema\/person\/2ec14f73fb96be2caf28f91afb14749d"},"headline":"Treinador do Flamengo, Dorival Junior \u00e9 sincero ao falar sobre a situa\u00e7\u00e3o do meia Arrascaeta","datePublished":"2022-10-16T03:23:34+00:00","dateModified":"2022-10-16T03:23:37+00:00","mainEntityOfPage":{"@id":"https:\/\/www.gaveanews.com\/index.php\/2022\/10\/16\/treinador-do-flamengo-dorival-junior-e-sincero-ao-falar-sobre-a-situacao-do-meia-arrascaeta\/"},"wordCount":959,"commentCount":0,"image":{"@id":"https:\/\/www.gaveanews.com\/index.php\/2022\/10\/16\/treinador-do-flamengo-dorival-junior-e-sincero-ao-falar-sobre-a-situacao-do-meia-arrascaeta\/#primaryimage"},"thumbnailUrl":"https:\/\/www.gaveanews.com\/wp-content\/uploads\/Dorival-Junior-em-Velez-x-Flamengo-pela-Libertadores.webp","articleSection":["Flamengo"],"inLanguage":"pt-BR","potentialAction":[{"@type":"CommentAction","name":"Comment","target":["https:\/\/www.gaveanews.com\/index.php\/2022\/10\/16\/treinador-do-flamengo-dorival-junior-e-sincero-ao-falar-sobre-a-situacao-do-meia-arrascaeta\/#respond"]}],"copyrightYear":"2022","copyrightHolder":{"@id":"https:\/\/www.gaveanews.com\/#organization"}},{"@type":"WebPage","@id":"https:\/\/www.gaveanews.com\/index.php\/2022\/10\/16\/treinador-do-flamengo-dorival-junior-e-sincero-ao-falar-sobre-a-situacao-do-meia-arrascaeta\/","url":"https:\/\/www.gaveanews.com\/index.php\/2022\/10\/16\/treinador-do-flamengo-dorival-junior-e-sincero-ao-falar-sobre-a-situacao-do-meia-arrascaeta\/","name":"Treinador do Flamengo, Dorival Junior \u00e9 sincero ao falar sobre a situa\u00e7\u00e3o do meia Arrascaeta","isPartOf":{"@id":"https:\/\/www.gaveanews.com\/#website"},"primaryImageOfPage":{"@id":"https:\/\/www.gaveanews.com\/index.php\/2022\/10\/16\/treinador-do-flamengo-dorival-junior-e-sincero-ao-falar-sobre-a-situacao-do-meia-arrascaeta\/#primaryimage"},"image":{"@id":"https:\/\/www.gaveanews.com\/index.php\/2022\/10\/16\/treinador-do-flamengo-dorival-junior-e-sincero-ao-falar-sobre-a-situacao-do-meia-arrascaeta\/#primaryimage"},"thumbnailUrl":"https:\/\/www.gaveanews.com\/wp-content\/uploads\/Dorival-Junior-em-Velez-x-Flamengo-pela-Libertadores.webp","datePublished":"2022-10-16T03:23:34+00:00","dateModified":"2022-10-16T03:23:37+00:00","author":{"@id":"https:\/\/www.gaveanews.com\/#\/schema\/person\/2ec14f73fb96be2caf28f91afb14749d"},"breadcrumb":{"@id":"https:\/\/www.gaveanews.com\/index.php\/2022\/10\/16\/treinador-do-flamengo-dorival-junior-e-sincero-ao-falar-sobre-a-situacao-do-meia-arrascaeta\/#breadcrumb"},"inLanguage":"pt-BR","potentialAction":[{"@type":"ReadAction","target":["https:\/\/www.gaveanews.com\/index.php\/2022\/10\/16\/treinador-do-flamengo-dorival-junior-e-sincero-ao-falar-sobre-a-situacao-do-meia-arrascaeta\/"]}]},{"@type":"ImageObject","inLanguage":"pt-BR","@id":"https:\/\/www.gaveanews.com\/index.php\/2022\/10\/16\/treinador-do-flamengo-dorival-junior-e-sincero-ao-falar-sobre-a-situacao-do-meia-arrascaeta\/#primaryimage","url":"https:\/\/www.gaveanews.com\/wp-content\/uploads\/Dorival-Junior-em-Velez-x-Flamengo-pela-Libertadores.webp","contentUrl":"https:\/\/www.gaveanews.com\/wp-content\/uploads\/Dorival-Junior-em-Velez-x-Flamengo-pela-Libertadores.webp","width":800,"height":533,"caption":"Dorival J\u00fanior em V\u00e9lez x Flamengo pela Libertadores (Foto: Marcelo Cortes\/Flamengo)"},{"@type":"BreadcrumbList","@id":"https:\/\/www.gaveanews.com\/index.php\/2022\/10\/16\/treinador-do-flamengo-dorival-junior-e-sincero-ao-falar-sobre-a-situacao-do-meia-arrascaeta\/#breadcrumb","itemListElement":[{"@type":"ListItem","position":1,"name":"Home","item":"https:\/\/www.gaveanews.com\/"},{"@type":"ListItem","position":2,"name":"Treinador do Flamengo, Dorival Junior \u00e9 sincero ao falar sobre a situa\u00e7\u00e3o do meia Arrascaeta"}]},{"@type":"WebSite","@id":"https:\/\/www.gaveanews.com\/#website","url":"https:\/\/www.gaveanews.com\/","name":"G\u00e1vea News","description":"Veja todas as not\u00edcias sobre o Flamengo: Contrata\u00e7\u00f5es, categorias de base, resultados das partidas, tabela de classifica\u00e7\u00e3o, pr\u00f3ximos jogos!","potentialAction":[{"@type":"SearchAction","target":{"@type":"EntryPoint","urlTemplate":"https:\/\/www.gaveanews.com\/?s={search_term_string}"},"query-input":{"@type":"PropertyValueSpecification","valueRequired":true,"valueName":"search_term_string"}}],"inLanguage":"pt-BR"},{"@type":"Person","@id":"https:\/\/www.gaveanews.com\/#\/schema\/person\/2ec14f73fb96be2caf28f91afb14749d","name":"Equipe G\u00e1vea News","image":{"@type":"ImageObject","inLanguage":"pt-BR","@id":"https:\/\/www.gaveanews.com\/#\/schema\/person\/image\/","url":"https:\/\/secure.gravatar.com\/avatar\/1e1956f1facbffd3f8fa53a326721950116b3b9dc9bd44939c01180fd4a745a9?s=96&d=mm&r=g","contentUrl":"https:\/\/secure.gravatar.com\/avatar\/1e1956f1facbffd3f8fa53a326721950116b3b9dc9bd44939c01180fd4a745a9?s=96&d=mm&r=g","caption":"Equipe G\u00e1vea News"}}]}},"_links":{"self":[{"href":"https:\/\/www.gaveanews.com\/index.php\/wp-json\/wp\/v2\/posts\/89021","targetHints":{"allow":["GET"]}}],"collection":[{"href":"https:\/\/www.gaveanews.com\/index.php\/wp-json\/wp\/v2\/posts"}],"about":[{"href":"https:\/\/www.gaveanews.com\/index.php\/wp-json\/wp\/v2\/types\/post"}],"author":[{"embeddable":true,"href":"https:\/\/www.gaveanews.com\/index.php\/wp-json\/wp\/v2\/users\/1"}],"replies":[{"embeddable":true,"href":"https:\/\/www.gaveanews.com\/index.php\/wp-json\/wp\/v2\/comments?post=89021"}],"version-history":[{"count":0,"href":"https:\/\/www.gaveanews.com\/index.php\/wp-json\/wp\/v2\/posts\/89021\/revisions"}],"wp:featuredmedia":[{"embeddable":true,"href":"https:\/\/www.gaveanews.com\/index.php\/wp-json\/wp\/v2\/media\/86780"}],"wp:attachment":[{"href":"https:\/\/www.gaveanews.com\/index.php\/wp-json\/wp\/v2\/media?parent=89021"}],"wp:term":[{"taxonomy":"category","embeddable":true,"href":"https:\/\/www.gaveanews.com\/index.php\/wp-json\/wp\/v2\/categories?post=89021"},{"taxonomy":"post_tag","embeddable":true,"href":"https:\/\/www.gaveanews.com\/index.php\/wp-json\/wp\/v2\/tags?post=89021"}],"curies":[{"name":"wp","href":"https:\/\/api.w.org\/{rel}","templated":true}]}}