{"id":89103,"date":"2022-10-17T13:19:26","date_gmt":"2022-10-17T16:19:26","guid":{"rendered":"https:\/\/www.gaveanews.com\/?p=89103"},"modified":"2022-10-17T13:19:26","modified_gmt":"2022-10-17T16:19:26","slug":"flamengo-x-corinthians-antes-da-final-clima-esquenta-nos-bastidores","status":"publish","type":"post","link":"https:\/\/www.gaveanews.com\/index.php\/2022\/10\/17\/flamengo-x-corinthians-antes-da-final-clima-esquenta-nos-bastidores\/","title":{"rendered":"Flamengo x Corinthians: Antes da final, clima esquenta nos bastidores"},"content":{"rendered":"<p>Depois do empate em 0 a 0 na Neo Qu\u00edmica Arena, Flamengo e Corinthians voltam a se enfrentar na pr\u00f3xima quarta-feira (19), \u00e0s 21h45, no Maracan\u00e3, valendo o t\u00edtulo da Copa do Brasil.<\/p>\n<p>A decis\u00e3o, por si s\u00f3, j\u00e1 prometia pegar fogo, mas ganhou ainda mais ingredientes depois de um fim de semana cercado por pol\u00eamicas e acusa\u00e7\u00f5es envolvendo dirigentes dos dois times.<\/p>\n<p>Tudo come\u00e7ou quando o Superior Tribunal de Justi\u00e7a Desportiva (STJD) suspendeu a partida entre Goi\u00e1s e Corinthians, que estava marcada para o \u00fatimo s\u00e1bado (15), na Serrinha, pelo Brasileir\u00e3o.<\/p>\n<p>A decis\u00e3o foi tomada por Ot\u00e1vio Noronha, presidente do \u00f3rg\u00e3o, por causa do veto do mandante aos torcedores visitantes.<\/p>\n<p>Minutos depois do STJD emitir um comunicado anunciando que o jogo n\u00e3o iria acontecer, tanto o Corinthians quanto Duilio Monteiro Alves, presidente do clube, se manifestaram.<\/p>\n<p>&#8220;O Corinthians refor\u00e7a sua posi\u00e7\u00e3o intransigente na luta permanente por seus direitos e pela presen\u00e7a da Fiel Torcida em todos os jogos da equipe, por qualquer competi\u00e7\u00e3o e aguardar\u00e1 novas orienta\u00e7\u00f5es do tribunal desportivo a respeito da partida suspensa&#8221;, dizia o trecho da nota divulgada pelo Corinthians.<\/p>\n<p>&#8221;Sem a Fiel o Corinthians n\u00e3o joga! Lament\u00e1vel um jogo adiado, mas seria inadmiss\u00edvel ter jogo nesse cen\u00e1rio. A Fiel tem direito de estar em qualquer est\u00e1dio que o Corinthians jogue! Agradecemos ao STJD a suspens\u00e3o da partida em Goi\u00e1s at\u00e9 que tudo se resolva. Vai Corinthians!&#8221;, escreveu o mandat\u00e1rio em seu perfil no Twitter.<\/p>\n<p>Com o adiamento do duelo, o t\u00e9cnico V\u00edtor Pereira e os jogadores reservas, que tinham viajado \u00e0 Goi\u00e2nia, voltaram para S\u00e3o Paulo, se juntaram ao elenco e viraram o foco para a grande final da Copa do Brasil.<\/p>\n<p>Enquanto a delega\u00e7\u00e3o corinthiana retornava a S\u00e3o Paulo, o Flamengo recebia o Atl\u00e9tico-MG no Maracan\u00e3, pelo Campeonato Brasileiro. Tamb\u00e9m com time alternativo, o Rubro-Negro venceu por 1 a 0 com gol de Everton Cebolinha, no seu \u00faltimo compromisso antes da final.<\/p>\n<p>E ap\u00f3s a partida, o vice-presidente de futebol do Rubro-Negro, Marcos Braz, deu declara\u00e7\u00f5es quentes envolvendo o Corinthians. Na zona mista do Maracan\u00e3, o dirigente primeiro detonou a suspens\u00e3o do jogo que o Tim\u00e3o.<\/p>\n<p>&#8220;Eu acho que o evento de hoje (suspens\u00e3o do jogo) \u00e9 ruim para o futebol brasileiro. Nem na v\u00e1rzea, na v\u00e1rzea, ela com 4 horas, 5 horas, voc\u00ea sabe se vai ter jogo ou n\u00e3o. Voc\u00ea, em um liga importante que nem a nossa, n\u00e3o ter jogo por uma determina\u00e7\u00e3o do STJD \u00e9 muito ruim, para o campeonato, para o evento, para todos os envolvidos, ainda mais com o Corinthians tamb\u00e9m estando no epis\u00f3dio, porque tamb\u00e9m jogaria hoje e quarta-feira&#8221;, come\u00e7ou por dizer Braz, que prosseguiu.<\/p>\n<p>&#8220;N\u00e3o vou falar (que o Flamengo foi) prejudicado, mas por exemplo, vou falar do Campeonato Brasileiro, os outros times que est\u00e3o disputando G-4, G-5, o Corinthians vai jogar depois, com o time inteiro, ent\u00e3o n\u00e3o prejudicou s\u00f3 o Flamengo, prejudicou todo mundo. Mas ordem do STJD, voc\u00ea s\u00f3 tem que cumprir. Nem na v\u00e1rzea, qualquer campeonato a\u00ed, voc\u00ea com 4 horas antes sabe se vai ter ou n\u00e3o, se est\u00e1 tendo problema ou n\u00e3o no local, se est\u00e1 chovendo ou n\u00e3o, enfim, deixa para l\u00e1.&#8221;<\/p>\n<p>S\u00f3 que ele n\u00e3o parou por a\u00ed&#8230;<\/p>\n<p>O dirigente rubro-negro foi al\u00e9m e falou sobre uma suposta press\u00e3o que o Tim\u00e3o vem exercendo nos bastidores sobre a arbitragem, ap\u00f3s reclamar junto \u00e0 CBF por conta de um p\u00eanalti, que na sua opini\u00e3o deveria ter sido marcado, no primeiro jogo da decis\u00e3o.<\/p>\n<p>&#8220;A forma como se est\u00e1 tratando a arbitragem para o dia do jogo, um jogo da import\u00e2ncia da Copa do Brasil, eu acho que n\u00e3o \u00e9 plaus\u00edvel, n\u00e3o \u00e9 boa para o evento. O que eu posso te garantir \u00e9 isso, do lado de fora, o Flamengo n\u00e3o vai perder. Na moral, na bronca, n\u00e3o vai perder, o que pode perder \u00e9 dentro de campo, ganhar, empatar, o que \u00e9 do jogo, do futebol, e \u00e9 o que eu acho que tem que acontecer&#8221;, disse.<\/p>\n<p>Braz foi direto e reto e deixou claro: fora de campo, o Flamengo n\u00e3o ser\u00e1 derrotado.<\/p>\n<p>&#8220;Agora, os epis\u00f3dios est\u00e3o muito ruins, muito estranhos, voc\u00ea tem uma reclama\u00e7\u00e3o sist\u00eamica da arbitragem, press\u00e3o na arbitragem. Eu n\u00e3o posso acreditar que um \u00e1rbitro, que tamb\u00e9m vai para a Copa do Mundo, ter\u00e1 algum problema ou ser\u00e1 amedrontado para apitar aqui. Eu confio na arbitragem, na CBF, no trio de arbitragem e no presidente da Comiss\u00e3o de Arbitragem. Tenho certeza que ser\u00e1 imparcial, correto, vai ser o melhor para o futebol. Agora, o que est\u00e3o fazendo n\u00e3o \u00e9 bom para o futebol, e na moral, na marra, n\u00e3o v\u00e3o ganhar&#8221;, disparou.<\/p>\n<p>E o corintianos responderam&#8230;<br \/>\nUm dia ap\u00f3s as declara\u00e7\u00f5es de Braz, Her\u00f3i Jo\u00e3o Paulo Vicente, diretor de neg\u00f3cios jur\u00eddicos do Tim\u00e3o, utilizou as redes sociais para responder o dirigente rubro-negro.<\/p>\n<p>&#8220;Na v\u00e1rzea, bra\u00e7o \u00e9 bra\u00e7o (exceto se o Flamengo ali jogar)&#8221;, escreveu no Twitter<\/p>\n<p>O Cartola se referiu ao lance pol\u00eamico da primeira partida da final da Copa do Brasil na Neo Qu\u00edmica Arena. Ao final da segunda etapa, os jogadores do Corinthians pediram p\u00eanalti em toque de m\u00e3o de L\u00e9o Pereira na \u00e1rea. No entanto, o VAR afirmou que a bola toca na barriga do zagueiro antes do bra\u00e7o, e Br\u00e1ulio da Silva Machado mandou o jogo seguir.<\/p>\n<p>O que disse o VAR?<\/p>\n<p>No \u00e1udio divulgado pela CBF, Rodrigo D&#8217;Alonso Ferreira, respons\u00e1vel por operar o \u00e1rbitro de v\u00eddeo, informa a Br\u00e1ulio que a bola bate na barriga do defensor do Flamengo e depois em seu bra\u00e7o.<\/p>\n<p>&#8220;Braulio, j\u00e1 checado. A bola desvia na barriga dele e vai para o bra\u00e7o, est\u00e1 em a\u00e7\u00e3o de disputa, t\u00e1? Bate na barriga dele e vai para o bra\u00e7o, pode seguir.&#8221;<\/p>\n<p>&#8220;De acordo com o texto das regras do jogo, esse impacto no bra\u00e7o, que surpreendeu o jogador defensor, que tinha seu bra\u00e7o em posi\u00e7\u00e3o natural, \u00e9 uma a\u00e7\u00e3o normal de jogo, n\u00e3o devendo ser penalizada pelo \u00e1rbitro&#8221;, diz a CBF.<\/p>\n<p>Em resposta ao Corinthians, Wilson Luiz Seneme, presidente da Comiss\u00e3o de Arbitragem da CBF, classificou que a decis\u00e3o da arbitragem em n\u00e3o marcar p\u00eanalti foi correta.<\/p>\n<p>Retirado de: ESPN<\/p>\n","protected":false},"excerpt":{"rendered":"<p>Depois do empate em 0 a 0 na Neo Qu\u00edmica Arena, Flamengo e Corinthians voltam a se enfrentar na pr\u00f3xima quarta-feira (19), \u00e0s 21h45, no Maracan\u00e3, valendo o t\u00edtulo da Copa do Brasil. A decis\u00e3o, por si s\u00f3, j\u00e1 prometia pegar fogo, mas ganhou ainda mais ingredientes depois de um fim de semana cercado por [&hellip;]<\/p>\n","protected":false},"author":1,"featured_media":85562,"comment_status":"open","ping_status":"closed","sticky":false,"template":"","format":"standard","meta":{"footnotes":""},"categories":[1],"tags":[],"class_list":["post-89103","post","type-post","status-publish","format-standard","has-post-thumbnail","hentry","category-flamengo"],"yoast_head":"<!-- This site is optimized with the Yoast SEO Premium plugin v24.2 (Yoast SEO v26.9) - https:\/\/yoast.com\/product\/yoast-seo-premium-wordpress\/ -->\n<title>Flamengo x Corinthians: Antes da final, clima esquenta nos bastidores<\/title>\n<meta name=\"robots\" content=\"index, follow, max-snippet:-1, max-image-preview:large, max-video-preview:-1\" \/>\n<link rel=\"canonical\" href=\"https:\/\/www.gaveanews.com\/index.php\/2022\/10\/17\/flamengo-x-corinthians-antes-da-final-clima-esquenta-nos-bastidores\/\" \/>\n<meta property=\"og:locale\" content=\"pt_BR\" \/>\n<meta property=\"og:type\" content=\"article\" \/>\n<meta property=\"og:title\" content=\"Flamengo x Corinthians: Antes da final, clima esquenta nos bastidores\" \/>\n<meta property=\"og:description\" content=\"Depois do empate em 0 a 0 na Neo Qu\u00edmica Arena, Flamengo e Corinthians voltam a se enfrentar na pr\u00f3xima quarta-feira (19), \u00e0s 21h45, no Maracan\u00e3, valendo o t\u00edtulo da Copa do Brasil. A decis\u00e3o, por si s\u00f3, j\u00e1 prometia pegar fogo, mas ganhou ainda mais ingredientes depois de um fim de semana cercado por [&hellip;]\" \/>\n<meta property=\"og:url\" content=\"https:\/\/www.gaveanews.com\/index.php\/2022\/10\/17\/flamengo-x-corinthians-antes-da-final-clima-esquenta-nos-bastidores\/\" \/>\n<meta property=\"og:site_name\" content=\"G\u00e1vea News\" \/>\n<meta property=\"article:publisher\" content=\"https:\/\/facebook.com\/gaveaNews\/\" \/>\n<meta property=\"article:published_time\" content=\"2022-10-17T16:19:26+00:00\" \/>\n<meta property=\"og:image\" content=\"https:\/\/www.gaveanews.com\/wp-content\/uploads\/Marcos-Braz-em-entrevista-no-CT-do-Flamengo-1.webp\" \/>\n\t<meta property=\"og:image:width\" content=\"799\" \/>\n\t<meta property=\"og:image:height\" content=\"533\" \/>\n\t<meta property=\"og:image:type\" content=\"image\/jpeg\" \/>\n<meta name=\"author\" content=\"Equipe G\u00e1vea News\" \/>\n<meta name=\"twitter:card\" content=\"summary_large_image\" \/>\n<meta name=\"twitter:label1\" content=\"Escrito por\" \/>\n\t<meta name=\"twitter:data1\" content=\"Equipe G\u00e1vea News\" \/>\n\t<meta name=\"twitter:label2\" content=\"Est. tempo de leitura\" \/>\n\t<meta name=\"twitter:data2\" content=\"6 minutos\" \/>\n<script type=\"application\/ld+json\" class=\"yoast-schema-graph\">{\"@context\":\"https:\/\/schema.org\",\"@graph\":[{\"@type\":\"NewsArticle\",\"@id\":\"https:\/\/www.gaveanews.com\/index.php\/2022\/10\/17\/flamengo-x-corinthians-antes-da-final-clima-esquenta-nos-bastidores\/#article\",\"isPartOf\":{\"@id\":\"https:\/\/www.gaveanews.com\/index.php\/2022\/10\/17\/flamengo-x-corinthians-antes-da-final-clima-esquenta-nos-bastidores\/\"},\"author\":{\"name\":\"Equipe G\u00e1vea News\",\"@id\":\"https:\/\/www.gaveanews.com\/#\/schema\/person\/2ec14f73fb96be2caf28f91afb14749d\"},\"headline\":\"Flamengo x Corinthians: Antes da final, clima esquenta nos bastidores\",\"datePublished\":\"2022-10-17T16:19:26+00:00\",\"mainEntityOfPage\":{\"@id\":\"https:\/\/www.gaveanews.com\/index.php\/2022\/10\/17\/flamengo-x-corinthians-antes-da-final-clima-esquenta-nos-bastidores\/\"},\"wordCount\":1121,\"commentCount\":0,\"image\":{\"@id\":\"https:\/\/www.gaveanews.com\/index.php\/2022\/10\/17\/flamengo-x-corinthians-antes-da-final-clima-esquenta-nos-bastidores\/#primaryimage\"},\"thumbnailUrl\":\"https:\/\/www.gaveanews.com\/wp-content\/uploads\/Marcos-Braz-em-entrevista-no-CT-do-Flamengo-1.webp\",\"articleSection\":[\"Flamengo\"],\"inLanguage\":\"pt-BR\",\"potentialAction\":[{\"@type\":\"CommentAction\",\"name\":\"Comment\",\"target\":[\"https:\/\/www.gaveanews.com\/index.php\/2022\/10\/17\/flamengo-x-corinthians-antes-da-final-clima-esquenta-nos-bastidores\/#respond\"]}],\"copyrightYear\":\"2022\",\"copyrightHolder\":{\"@id\":\"https:\/\/www.gaveanews.com\/#organization\"}},{\"@type\":\"WebPage\",\"@id\":\"https:\/\/www.gaveanews.com\/index.php\/2022\/10\/17\/flamengo-x-corinthians-antes-da-final-clima-esquenta-nos-bastidores\/\",\"url\":\"https:\/\/www.gaveanews.com\/index.php\/2022\/10\/17\/flamengo-x-corinthians-antes-da-final-clima-esquenta-nos-bastidores\/\",\"name\":\"Flamengo x Corinthians: Antes da final, clima esquenta nos bastidores\",\"isPartOf\":{\"@id\":\"https:\/\/www.gaveanews.com\/#website\"},\"primaryImageOfPage\":{\"@id\":\"https:\/\/www.gaveanews.com\/index.php\/2022\/10\/17\/flamengo-x-corinthians-antes-da-final-clima-esquenta-nos-bastidores\/#primaryimage\"},\"image\":{\"@id\":\"https:\/\/www.gaveanews.com\/index.php\/2022\/10\/17\/flamengo-x-corinthians-antes-da-final-clima-esquenta-nos-bastidores\/#primaryimage\"},\"thumbnailUrl\":\"https:\/\/www.gaveanews.com\/wp-content\/uploads\/Marcos-Braz-em-entrevista-no-CT-do-Flamengo-1.webp\",\"datePublished\":\"2022-10-17T16:19:26+00:00\",\"author\":{\"@id\":\"https:\/\/www.gaveanews.com\/#\/schema\/person\/2ec14f73fb96be2caf28f91afb14749d\"},\"breadcrumb\":{\"@id\":\"https:\/\/www.gaveanews.com\/index.php\/2022\/10\/17\/flamengo-x-corinthians-antes-da-final-clima-esquenta-nos-bastidores\/#breadcrumb\"},\"inLanguage\":\"pt-BR\",\"potentialAction\":[{\"@type\":\"ReadAction\",\"target\":[\"https:\/\/www.gaveanews.com\/index.php\/2022\/10\/17\/flamengo-x-corinthians-antes-da-final-clima-esquenta-nos-bastidores\/\"]}]},{\"@type\":\"ImageObject\",\"inLanguage\":\"pt-BR\",\"@id\":\"https:\/\/www.gaveanews.com\/index.php\/2022\/10\/17\/flamengo-x-corinthians-antes-da-final-clima-esquenta-nos-bastidores\/#primaryimage\",\"url\":\"https:\/\/www.gaveanews.com\/wp-content\/uploads\/Marcos-Braz-em-entrevista-no-CT-do-Flamengo-1.webp\",\"contentUrl\":\"https:\/\/www.gaveanews.com\/wp-content\/uploads\/Marcos-Braz-em-entrevista-no-CT-do-Flamengo-1.webp\",\"width\":799,\"height\":533,\"caption\":\"Marcos Braz em entrevista no CT do Flamengo (Foto: Gilvan de Souza\/Flamengo)\"},{\"@type\":\"BreadcrumbList\",\"@id\":\"https:\/\/www.gaveanews.com\/index.php\/2022\/10\/17\/flamengo-x-corinthians-antes-da-final-clima-esquenta-nos-bastidores\/#breadcrumb\",\"itemListElement\":[{\"@type\":\"ListItem\",\"position\":1,\"name\":\"Home\",\"item\":\"https:\/\/www.gaveanews.com\/\"},{\"@type\":\"ListItem\",\"position\":2,\"name\":\"Flamengo x Corinthians: Antes da final, clima esquenta nos bastidores\"}]},{\"@type\":\"WebSite\",\"@id\":\"https:\/\/www.gaveanews.com\/#website\",\"url\":\"https:\/\/www.gaveanews.com\/\",\"name\":\"G\u00e1vea News\",\"description\":\"Veja todas as not\u00edcias sobre o Flamengo: Contrata\u00e7\u00f5es, categorias de base, resultados das partidas, tabela de classifica\u00e7\u00e3o, pr\u00f3ximos jogos!\",\"potentialAction\":[{\"@type\":\"SearchAction\",\"target\":{\"@type\":\"EntryPoint\",\"urlTemplate\":\"https:\/\/www.gaveanews.com\/?s={search_term_string}\"},\"query-input\":{\"@type\":\"PropertyValueSpecification\",\"valueRequired\":true,\"valueName\":\"search_term_string\"}}],\"inLanguage\":\"pt-BR\"},{\"@type\":\"Person\",\"@id\":\"https:\/\/www.gaveanews.com\/#\/schema\/person\/2ec14f73fb96be2caf28f91afb14749d\",\"name\":\"Equipe G\u00e1vea News\",\"image\":{\"@type\":\"ImageObject\",\"inLanguage\":\"pt-BR\",\"@id\":\"https:\/\/www.gaveanews.com\/#\/schema\/person\/image\/\",\"url\":\"https:\/\/secure.gravatar.com\/avatar\/1e1956f1facbffd3f8fa53a326721950116b3b9dc9bd44939c01180fd4a745a9?s=96&d=mm&r=g\",\"contentUrl\":\"https:\/\/secure.gravatar.com\/avatar\/1e1956f1facbffd3f8fa53a326721950116b3b9dc9bd44939c01180fd4a745a9?s=96&d=mm&r=g\",\"caption\":\"Equipe G\u00e1vea News\"}}]}<\/script>\n<!-- \/ Yoast SEO Premium plugin. -->","yoast_head_json":{"title":"Flamengo x Corinthians: Antes da final, clima esquenta nos bastidores","robots":{"index":"index","follow":"follow","max-snippet":"max-snippet:-1","max-image-preview":"max-image-preview:large","max-video-preview":"max-video-preview:-1"},"canonical":"https:\/\/www.gaveanews.com\/index.php\/2022\/10\/17\/flamengo-x-corinthians-antes-da-final-clima-esquenta-nos-bastidores\/","og_locale":"pt_BR","og_type":"article","og_title":"Flamengo x Corinthians: Antes da final, clima esquenta nos bastidores","og_description":"Depois do empate em 0 a 0 na Neo Qu\u00edmica Arena, Flamengo e Corinthians voltam a se enfrentar na pr\u00f3xima quarta-feira (19), \u00e0s 21h45, no Maracan\u00e3, valendo o t\u00edtulo da Copa do Brasil. A decis\u00e3o, por si s\u00f3, j\u00e1 prometia pegar fogo, mas ganhou ainda mais ingredientes depois de um fim de semana cercado por [&hellip;]","og_url":"https:\/\/www.gaveanews.com\/index.php\/2022\/10\/17\/flamengo-x-corinthians-antes-da-final-clima-esquenta-nos-bastidores\/","og_site_name":"G\u00e1vea News","article_publisher":"https:\/\/facebook.com\/gaveaNews\/","article_published_time":"2022-10-17T16:19:26+00:00","og_image":[{"width":799,"height":533,"url":"https:\/\/www.gaveanews.com\/wp-content\/uploads\/Marcos-Braz-em-entrevista-no-CT-do-Flamengo-1.webp","type":"image\/jpeg"}],"author":"Equipe G\u00e1vea News","twitter_card":"summary_large_image","twitter_misc":{"Escrito por":"Equipe G\u00e1vea News","Est. tempo de leitura":"6 minutos"},"schema":{"@context":"https:\/\/schema.org","@graph":[{"@type":"NewsArticle","@id":"https:\/\/www.gaveanews.com\/index.php\/2022\/10\/17\/flamengo-x-corinthians-antes-da-final-clima-esquenta-nos-bastidores\/#article","isPartOf":{"@id":"https:\/\/www.gaveanews.com\/index.php\/2022\/10\/17\/flamengo-x-corinthians-antes-da-final-clima-esquenta-nos-bastidores\/"},"author":{"name":"Equipe G\u00e1vea News","@id":"https:\/\/www.gaveanews.com\/#\/schema\/person\/2ec14f73fb96be2caf28f91afb14749d"},"headline":"Flamengo x Corinthians: Antes da final, clima esquenta nos bastidores","datePublished":"2022-10-17T16:19:26+00:00","mainEntityOfPage":{"@id":"https:\/\/www.gaveanews.com\/index.php\/2022\/10\/17\/flamengo-x-corinthians-antes-da-final-clima-esquenta-nos-bastidores\/"},"wordCount":1121,"commentCount":0,"image":{"@id":"https:\/\/www.gaveanews.com\/index.php\/2022\/10\/17\/flamengo-x-corinthians-antes-da-final-clima-esquenta-nos-bastidores\/#primaryimage"},"thumbnailUrl":"https:\/\/www.gaveanews.com\/wp-content\/uploads\/Marcos-Braz-em-entrevista-no-CT-do-Flamengo-1.webp","articleSection":["Flamengo"],"inLanguage":"pt-BR","potentialAction":[{"@type":"CommentAction","name":"Comment","target":["https:\/\/www.gaveanews.com\/index.php\/2022\/10\/17\/flamengo-x-corinthians-antes-da-final-clima-esquenta-nos-bastidores\/#respond"]}],"copyrightYear":"2022","copyrightHolder":{"@id":"https:\/\/www.gaveanews.com\/#organization"}},{"@type":"WebPage","@id":"https:\/\/www.gaveanews.com\/index.php\/2022\/10\/17\/flamengo-x-corinthians-antes-da-final-clima-esquenta-nos-bastidores\/","url":"https:\/\/www.gaveanews.com\/index.php\/2022\/10\/17\/flamengo-x-corinthians-antes-da-final-clima-esquenta-nos-bastidores\/","name":"Flamengo x Corinthians: Antes da final, clima esquenta nos bastidores","isPartOf":{"@id":"https:\/\/www.gaveanews.com\/#website"},"primaryImageOfPage":{"@id":"https:\/\/www.gaveanews.com\/index.php\/2022\/10\/17\/flamengo-x-corinthians-antes-da-final-clima-esquenta-nos-bastidores\/#primaryimage"},"image":{"@id":"https:\/\/www.gaveanews.com\/index.php\/2022\/10\/17\/flamengo-x-corinthians-antes-da-final-clima-esquenta-nos-bastidores\/#primaryimage"},"thumbnailUrl":"https:\/\/www.gaveanews.com\/wp-content\/uploads\/Marcos-Braz-em-entrevista-no-CT-do-Flamengo-1.webp","datePublished":"2022-10-17T16:19:26+00:00","author":{"@id":"https:\/\/www.gaveanews.com\/#\/schema\/person\/2ec14f73fb96be2caf28f91afb14749d"},"breadcrumb":{"@id":"https:\/\/www.gaveanews.com\/index.php\/2022\/10\/17\/flamengo-x-corinthians-antes-da-final-clima-esquenta-nos-bastidores\/#breadcrumb"},"inLanguage":"pt-BR","potentialAction":[{"@type":"ReadAction","target":["https:\/\/www.gaveanews.com\/index.php\/2022\/10\/17\/flamengo-x-corinthians-antes-da-final-clima-esquenta-nos-bastidores\/"]}]},{"@type":"ImageObject","inLanguage":"pt-BR","@id":"https:\/\/www.gaveanews.com\/index.php\/2022\/10\/17\/flamengo-x-corinthians-antes-da-final-clima-esquenta-nos-bastidores\/#primaryimage","url":"https:\/\/www.gaveanews.com\/wp-content\/uploads\/Marcos-Braz-em-entrevista-no-CT-do-Flamengo-1.webp","contentUrl":"https:\/\/www.gaveanews.com\/wp-content\/uploads\/Marcos-Braz-em-entrevista-no-CT-do-Flamengo-1.webp","width":799,"height":533,"caption":"Marcos Braz em entrevista no CT do Flamengo (Foto: Gilvan de Souza\/Flamengo)"},{"@type":"BreadcrumbList","@id":"https:\/\/www.gaveanews.com\/index.php\/2022\/10\/17\/flamengo-x-corinthians-antes-da-final-clima-esquenta-nos-bastidores\/#breadcrumb","itemListElement":[{"@type":"ListItem","position":1,"name":"Home","item":"https:\/\/www.gaveanews.com\/"},{"@type":"ListItem","position":2,"name":"Flamengo x Corinthians: Antes da final, clima esquenta nos bastidores"}]},{"@type":"WebSite","@id":"https:\/\/www.gaveanews.com\/#website","url":"https:\/\/www.gaveanews.com\/","name":"G\u00e1vea News","description":"Veja todas as not\u00edcias sobre o Flamengo: Contrata\u00e7\u00f5es, categorias de base, resultados das partidas, tabela de classifica\u00e7\u00e3o, pr\u00f3ximos jogos!","potentialAction":[{"@type":"SearchAction","target":{"@type":"EntryPoint","urlTemplate":"https:\/\/www.gaveanews.com\/?s={search_term_string}"},"query-input":{"@type":"PropertyValueSpecification","valueRequired":true,"valueName":"search_term_string"}}],"inLanguage":"pt-BR"},{"@type":"Person","@id":"https:\/\/www.gaveanews.com\/#\/schema\/person\/2ec14f73fb96be2caf28f91afb14749d","name":"Equipe G\u00e1vea News","image":{"@type":"ImageObject","inLanguage":"pt-BR","@id":"https:\/\/www.gaveanews.com\/#\/schema\/person\/image\/","url":"https:\/\/secure.gravatar.com\/avatar\/1e1956f1facbffd3f8fa53a326721950116b3b9dc9bd44939c01180fd4a745a9?s=96&d=mm&r=g","contentUrl":"https:\/\/secure.gravatar.com\/avatar\/1e1956f1facbffd3f8fa53a326721950116b3b9dc9bd44939c01180fd4a745a9?s=96&d=mm&r=g","caption":"Equipe G\u00e1vea News"}}]}},"_links":{"self":[{"href":"https:\/\/www.gaveanews.com\/index.php\/wp-json\/wp\/v2\/posts\/89103","targetHints":{"allow":["GET"]}}],"collection":[{"href":"https:\/\/www.gaveanews.com\/index.php\/wp-json\/wp\/v2\/posts"}],"about":[{"href":"https:\/\/www.gaveanews.com\/index.php\/wp-json\/wp\/v2\/types\/post"}],"author":[{"embeddable":true,"href":"https:\/\/www.gaveanews.com\/index.php\/wp-json\/wp\/v2\/users\/1"}],"replies":[{"embeddable":true,"href":"https:\/\/www.gaveanews.com\/index.php\/wp-json\/wp\/v2\/comments?post=89103"}],"version-history":[{"count":0,"href":"https:\/\/www.gaveanews.com\/index.php\/wp-json\/wp\/v2\/posts\/89103\/revisions"}],"wp:featuredmedia":[{"embeddable":true,"href":"https:\/\/www.gaveanews.com\/index.php\/wp-json\/wp\/v2\/media\/85562"}],"wp:attachment":[{"href":"https:\/\/www.gaveanews.com\/index.php\/wp-json\/wp\/v2\/media?parent=89103"}],"wp:term":[{"taxonomy":"category","embeddable":true,"href":"https:\/\/www.gaveanews.com\/index.php\/wp-json\/wp\/v2\/categories?post=89103"},{"taxonomy":"post_tag","embeddable":true,"href":"https:\/\/www.gaveanews.com\/index.php\/wp-json\/wp\/v2\/tags?post=89103"}],"curies":[{"name":"wp","href":"https:\/\/api.w.org\/{rel}","templated":true}]}}