{"id":89232,"date":"2022-10-19T01:02:13","date_gmt":"2022-10-19T04:02:13","guid":{"rendered":"https:\/\/www.gaveanews.com\/?p=89232"},"modified":"2022-10-19T01:02:15","modified_gmt":"2022-10-19T04:02:15","slug":"presidentes-de-athletico-e-flamengo-se-encontram-para-falar-sobre-a-final-da-copa-libertadores","status":"publish","type":"post","link":"https:\/\/www.gaveanews.com\/index.php\/2022\/10\/19\/presidentes-de-athletico-e-flamengo-se-encontram-para-falar-sobre-a-final-da-copa-libertadores\/","title":{"rendered":"Presidentes de Athletico e Flamengo se encontram para falar sobre a final da Copa Libertadores"},"content":{"rendered":"\n<p>Na \u00faltima segunda-feira (17), o presidente do Athletico, M\u00e1rio Celso Petraglia, e o presidente do Flamengo, Rodolfo Landim, estiveram, no Paraguai, na sede da Conmebol. Os gestores se encontram com o presidente da entidade m\u00e1xima Sulamericana para tratar sobre os \u00faltimos detalhes da final da Copa Libertadores, marcada para o dia 29, em Guayaquil, no Equador, entre Flamengo x Athletico.<\/p>\n\n\n\n<p>A reuni\u00e3o foi conduzida pelo presidente da Conmebol, Alejandro Dom\u00ednguez. Vale destacar que na semana passada, Dom\u00ednguez esteve com o presidente do Equador, Guillermo Lasso, em Quito, capital do pa\u00eds, para tratar sobre os ajustes finais do evento que ocorrer\u00e1 no pa\u00eds.<\/p>\n\n\n\n<p>Durante a reuni\u00e3o, o presidente dos dois clubes falaram e fizeram novamente o convite para que os torcedores v\u00e3o para o Equador, assistir a final da Libertadores:<\/p>\n\n\n\n<p><em>\u2014 Convido toda nossa torcida, que venha, que participe conosco aqui em Guayaquil, para dar uma for\u00e7a ainda maior, para que consigamos nessa final vencer e levar essa ta\u00e7a para Curitiba<\/em>, falou Petraglia, presidente do Athletico.<\/p>\n\n\n\n<p>Rodolfo Landim, presidente do Flamengo, tamb\u00e9m fez um pedido para a torcida:<\/p>\n\n\n\n<p><em>\u2014 Fa\u00e7o um convite aqui para todos os torcedores, para quem venham at\u00e9 o Equador. Todos os detalhes est\u00e3o sendo cobertos, para que eles possam chegar com todo conforto poss\u00edvel, com a m\u00e1xima seguran\u00e7a para poder participar dessa grande festa que vai ser essa final<\/em>, disse o gestor.<\/p>\n\n\n\n<p>Retirado de: Esporte News Mundo<\/p>\n","protected":false},"excerpt":{"rendered":"<p>Na \u00faltima segunda-feira (17), o presidente do Athletico, M\u00e1rio Celso Petraglia, e o presidente do Flamengo, Rodolfo Landim, estiveram, no Paraguai, na sede da Conmebol. Os gestores se encontram com o presidente da entidade m\u00e1xima Sulamericana para tratar sobre os \u00faltimos detalhes da final da Copa Libertadores, marcada para o dia 29, em Guayaquil, no [&hellip;]<\/p>\n","protected":false},"author":1,"featured_media":15077,"comment_status":"open","ping_status":"closed","sticky":false,"template":"","format":"standard","meta":{"footnotes":""},"categories":[1],"tags":[],"class_list":["post-89232","post","type-post","status-publish","format-standard","has-post-thumbnail","hentry","category-flamengo"],"yoast_head":"<!-- This site is optimized with the Yoast SEO Premium plugin v24.2 (Yoast SEO v26.9) - https:\/\/yoast.com\/product\/yoast-seo-premium-wordpress\/ -->\n<title>Presidentes de Athletico e Flamengo se encontram para falar sobre a final da Copa Libertadores<\/title>\n<meta name=\"robots\" content=\"index, follow, max-snippet:-1, max-image-preview:large, max-video-preview:-1\" \/>\n<link rel=\"canonical\" href=\"https:\/\/www.gaveanews.com\/index.php\/2022\/10\/19\/presidentes-de-athletico-e-flamengo-se-encontram-para-falar-sobre-a-final-da-copa-libertadores\/\" \/>\n<meta property=\"og:locale\" content=\"pt_BR\" \/>\n<meta property=\"og:type\" content=\"article\" \/>\n<meta property=\"og:title\" content=\"Presidentes de Athletico e Flamengo se encontram para falar sobre a final da Copa Libertadores\" \/>\n<meta property=\"og:description\" content=\"Na \u00faltima segunda-feira (17), o presidente do Athletico, M\u00e1rio Celso Petraglia, e o presidente do Flamengo, Rodolfo Landim, estiveram, no Paraguai, na sede da Conmebol. Os gestores se encontram com o presidente da entidade m\u00e1xima Sulamericana para tratar sobre os \u00faltimos detalhes da final da Copa Libertadores, marcada para o dia 29, em Guayaquil, no [&hellip;]\" \/>\n<meta property=\"og:url\" content=\"https:\/\/www.gaveanews.com\/index.php\/2022\/10\/19\/presidentes-de-athletico-e-flamengo-se-encontram-para-falar-sobre-a-final-da-copa-libertadores\/\" \/>\n<meta property=\"og:site_name\" content=\"G\u00e1vea News\" \/>\n<meta property=\"article:publisher\" content=\"https:\/\/facebook.com\/gaveaNews\/\" \/>\n<meta property=\"article:published_time\" content=\"2022-10-19T04:02:13+00:00\" \/>\n<meta property=\"article:modified_time\" content=\"2022-10-19T04:02:15+00:00\" \/>\n<meta property=\"og:image\" content=\"https:\/\/www.gaveanews.com\/wp-content\/uploads\/2019\/03\/Rodolfo-Landim-durante-entrevista-coletiva-na-Gavea.webp\" \/>\n\t<meta property=\"og:image:width\" content=\"1\" \/>\n\t<meta property=\"og:image:height\" content=\"1\" \/>\n\t<meta property=\"og:image:type\" content=\"image\/jpeg\" \/>\n<meta name=\"author\" content=\"Equipe G\u00e1vea News\" \/>\n<meta name=\"twitter:card\" content=\"summary_large_image\" \/>\n<meta name=\"twitter:label1\" content=\"Escrito por\" \/>\n\t<meta name=\"twitter:data1\" content=\"Equipe G\u00e1vea News\" \/>\n\t<meta name=\"twitter:label2\" content=\"Est. tempo de leitura\" \/>\n\t<meta name=\"twitter:data2\" content=\"2 minutos\" \/>\n<script type=\"application\/ld+json\" class=\"yoast-schema-graph\">{\"@context\":\"https:\/\/schema.org\",\"@graph\":[{\"@type\":\"NewsArticle\",\"@id\":\"https:\/\/www.gaveanews.com\/index.php\/2022\/10\/19\/presidentes-de-athletico-e-flamengo-se-encontram-para-falar-sobre-a-final-da-copa-libertadores\/#article\",\"isPartOf\":{\"@id\":\"https:\/\/www.gaveanews.com\/index.php\/2022\/10\/19\/presidentes-de-athletico-e-flamengo-se-encontram-para-falar-sobre-a-final-da-copa-libertadores\/\"},\"author\":{\"name\":\"Equipe G\u00e1vea News\",\"@id\":\"https:\/\/www.gaveanews.com\/#\/schema\/person\/2ec14f73fb96be2caf28f91afb14749d\"},\"headline\":\"Presidentes de Athletico e Flamengo se encontram para falar sobre a final da Copa Libertadores\",\"datePublished\":\"2022-10-19T04:02:13+00:00\",\"dateModified\":\"2022-10-19T04:02:15+00:00\",\"mainEntityOfPage\":{\"@id\":\"https:\/\/www.gaveanews.com\/index.php\/2022\/10\/19\/presidentes-de-athletico-e-flamengo-se-encontram-para-falar-sobre-a-final-da-copa-libertadores\/\"},\"wordCount\":258,\"commentCount\":0,\"image\":{\"@id\":\"https:\/\/www.gaveanews.com\/index.php\/2022\/10\/19\/presidentes-de-athletico-e-flamengo-se-encontram-para-falar-sobre-a-final-da-copa-libertadores\/#primaryimage\"},\"thumbnailUrl\":\"https:\/\/www.gaveanews.com\/wp-content\/uploads\/2019\/03\/Rodolfo-Landim-durante-entrevista-coletiva-na-Gavea.webp\",\"articleSection\":[\"Flamengo\"],\"inLanguage\":\"pt-BR\",\"potentialAction\":[{\"@type\":\"CommentAction\",\"name\":\"Comment\",\"target\":[\"https:\/\/www.gaveanews.com\/index.php\/2022\/10\/19\/presidentes-de-athletico-e-flamengo-se-encontram-para-falar-sobre-a-final-da-copa-libertadores\/#respond\"]}],\"copyrightYear\":\"2022\",\"copyrightHolder\":{\"@id\":\"https:\/\/www.gaveanews.com\/#organization\"}},{\"@type\":\"WebPage\",\"@id\":\"https:\/\/www.gaveanews.com\/index.php\/2022\/10\/19\/presidentes-de-athletico-e-flamengo-se-encontram-para-falar-sobre-a-final-da-copa-libertadores\/\",\"url\":\"https:\/\/www.gaveanews.com\/index.php\/2022\/10\/19\/presidentes-de-athletico-e-flamengo-se-encontram-para-falar-sobre-a-final-da-copa-libertadores\/\",\"name\":\"Presidentes de Athletico e Flamengo se encontram para falar sobre a final da Copa Libertadores\",\"isPartOf\":{\"@id\":\"https:\/\/www.gaveanews.com\/#website\"},\"primaryImageOfPage\":{\"@id\":\"https:\/\/www.gaveanews.com\/index.php\/2022\/10\/19\/presidentes-de-athletico-e-flamengo-se-encontram-para-falar-sobre-a-final-da-copa-libertadores\/#primaryimage\"},\"image\":{\"@id\":\"https:\/\/www.gaveanews.com\/index.php\/2022\/10\/19\/presidentes-de-athletico-e-flamengo-se-encontram-para-falar-sobre-a-final-da-copa-libertadores\/#primaryimage\"},\"thumbnailUrl\":\"https:\/\/www.gaveanews.com\/wp-content\/uploads\/2019\/03\/Rodolfo-Landim-durante-entrevista-coletiva-na-Gavea.webp\",\"datePublished\":\"2022-10-19T04:02:13+00:00\",\"dateModified\":\"2022-10-19T04:02:15+00:00\",\"author\":{\"@id\":\"https:\/\/www.gaveanews.com\/#\/schema\/person\/2ec14f73fb96be2caf28f91afb14749d\"},\"breadcrumb\":{\"@id\":\"https:\/\/www.gaveanews.com\/index.php\/2022\/10\/19\/presidentes-de-athletico-e-flamengo-se-encontram-para-falar-sobre-a-final-da-copa-libertadores\/#breadcrumb\"},\"inLanguage\":\"pt-BR\",\"potentialAction\":[{\"@type\":\"ReadAction\",\"target\":[\"https:\/\/www.gaveanews.com\/index.php\/2022\/10\/19\/presidentes-de-athletico-e-flamengo-se-encontram-para-falar-sobre-a-final-da-copa-libertadores\/\"]}]},{\"@type\":\"ImageObject\",\"inLanguage\":\"pt-BR\",\"@id\":\"https:\/\/www.gaveanews.com\/index.php\/2022\/10\/19\/presidentes-de-athletico-e-flamengo-se-encontram-para-falar-sobre-a-final-da-copa-libertadores\/#primaryimage\",\"url\":\"https:\/\/www.gaveanews.com\/wp-content\/uploads\/2019\/03\/Rodolfo-Landim-durante-entrevista-coletiva-na-Gavea.webp\",\"contentUrl\":\"https:\/\/www.gaveanews.com\/wp-content\/uploads\/2019\/03\/Rodolfo-Landim-durante-entrevista-coletiva-na-Gavea.webp\",\"width\":900,\"height\":599,\"caption\":\"Rodolfo Landim durante entrevista coletiva na G\u00e1vea (Foto: Ag\u00eancia Foto BR)\"},{\"@type\":\"BreadcrumbList\",\"@id\":\"https:\/\/www.gaveanews.com\/index.php\/2022\/10\/19\/presidentes-de-athletico-e-flamengo-se-encontram-para-falar-sobre-a-final-da-copa-libertadores\/#breadcrumb\",\"itemListElement\":[{\"@type\":\"ListItem\",\"position\":1,\"name\":\"Home\",\"item\":\"https:\/\/www.gaveanews.com\/\"},{\"@type\":\"ListItem\",\"position\":2,\"name\":\"Presidentes de Athletico e Flamengo se encontram para falar sobre a final da Copa Libertadores\"}]},{\"@type\":\"WebSite\",\"@id\":\"https:\/\/www.gaveanews.com\/#website\",\"url\":\"https:\/\/www.gaveanews.com\/\",\"name\":\"G\u00e1vea News\",\"description\":\"Veja todas as not\u00edcias sobre o Flamengo: Contrata\u00e7\u00f5es, categorias de base, resultados das partidas, tabela de classifica\u00e7\u00e3o, pr\u00f3ximos jogos!\",\"potentialAction\":[{\"@type\":\"SearchAction\",\"target\":{\"@type\":\"EntryPoint\",\"urlTemplate\":\"https:\/\/www.gaveanews.com\/?s={search_term_string}\"},\"query-input\":{\"@type\":\"PropertyValueSpecification\",\"valueRequired\":true,\"valueName\":\"search_term_string\"}}],\"inLanguage\":\"pt-BR\"},{\"@type\":\"Person\",\"@id\":\"https:\/\/www.gaveanews.com\/#\/schema\/person\/2ec14f73fb96be2caf28f91afb14749d\",\"name\":\"Equipe G\u00e1vea News\",\"image\":{\"@type\":\"ImageObject\",\"inLanguage\":\"pt-BR\",\"@id\":\"https:\/\/www.gaveanews.com\/#\/schema\/person\/image\/\",\"url\":\"https:\/\/secure.gravatar.com\/avatar\/1e1956f1facbffd3f8fa53a326721950116b3b9dc9bd44939c01180fd4a745a9?s=96&d=mm&r=g\",\"contentUrl\":\"https:\/\/secure.gravatar.com\/avatar\/1e1956f1facbffd3f8fa53a326721950116b3b9dc9bd44939c01180fd4a745a9?s=96&d=mm&r=g\",\"caption\":\"Equipe G\u00e1vea News\"}}]}<\/script>\n<!-- \/ Yoast SEO Premium plugin. -->","yoast_head_json":{"title":"Presidentes de Athletico e Flamengo se encontram para falar sobre a final da Copa Libertadores","robots":{"index":"index","follow":"follow","max-snippet":"max-snippet:-1","max-image-preview":"max-image-preview:large","max-video-preview":"max-video-preview:-1"},"canonical":"https:\/\/www.gaveanews.com\/index.php\/2022\/10\/19\/presidentes-de-athletico-e-flamengo-se-encontram-para-falar-sobre-a-final-da-copa-libertadores\/","og_locale":"pt_BR","og_type":"article","og_title":"Presidentes de Athletico e Flamengo se encontram para falar sobre a final da Copa Libertadores","og_description":"Na \u00faltima segunda-feira (17), o presidente do Athletico, M\u00e1rio Celso Petraglia, e o presidente do Flamengo, Rodolfo Landim, estiveram, no Paraguai, na sede da Conmebol. Os gestores se encontram com o presidente da entidade m\u00e1xima Sulamericana para tratar sobre os \u00faltimos detalhes da final da Copa Libertadores, marcada para o dia 29, em Guayaquil, no [&hellip;]","og_url":"https:\/\/www.gaveanews.com\/index.php\/2022\/10\/19\/presidentes-de-athletico-e-flamengo-se-encontram-para-falar-sobre-a-final-da-copa-libertadores\/","og_site_name":"G\u00e1vea News","article_publisher":"https:\/\/facebook.com\/gaveaNews\/","article_published_time":"2022-10-19T04:02:13+00:00","article_modified_time":"2022-10-19T04:02:15+00:00","og_image":[{"url":"https:\/\/www.gaveanews.com\/wp-content\/uploads\/2019\/03\/Rodolfo-Landim-durante-entrevista-coletiva-na-Gavea.webp","width":1,"height":1,"type":"image\/jpeg"}],"author":"Equipe G\u00e1vea News","twitter_card":"summary_large_image","twitter_misc":{"Escrito por":"Equipe G\u00e1vea News","Est. tempo de leitura":"2 minutos"},"schema":{"@context":"https:\/\/schema.org","@graph":[{"@type":"NewsArticle","@id":"https:\/\/www.gaveanews.com\/index.php\/2022\/10\/19\/presidentes-de-athletico-e-flamengo-se-encontram-para-falar-sobre-a-final-da-copa-libertadores\/#article","isPartOf":{"@id":"https:\/\/www.gaveanews.com\/index.php\/2022\/10\/19\/presidentes-de-athletico-e-flamengo-se-encontram-para-falar-sobre-a-final-da-copa-libertadores\/"},"author":{"name":"Equipe G\u00e1vea News","@id":"https:\/\/www.gaveanews.com\/#\/schema\/person\/2ec14f73fb96be2caf28f91afb14749d"},"headline":"Presidentes de Athletico e Flamengo se encontram para falar sobre a final da Copa Libertadores","datePublished":"2022-10-19T04:02:13+00:00","dateModified":"2022-10-19T04:02:15+00:00","mainEntityOfPage":{"@id":"https:\/\/www.gaveanews.com\/index.php\/2022\/10\/19\/presidentes-de-athletico-e-flamengo-se-encontram-para-falar-sobre-a-final-da-copa-libertadores\/"},"wordCount":258,"commentCount":0,"image":{"@id":"https:\/\/www.gaveanews.com\/index.php\/2022\/10\/19\/presidentes-de-athletico-e-flamengo-se-encontram-para-falar-sobre-a-final-da-copa-libertadores\/#primaryimage"},"thumbnailUrl":"https:\/\/www.gaveanews.com\/wp-content\/uploads\/2019\/03\/Rodolfo-Landim-durante-entrevista-coletiva-na-Gavea.webp","articleSection":["Flamengo"],"inLanguage":"pt-BR","potentialAction":[{"@type":"CommentAction","name":"Comment","target":["https:\/\/www.gaveanews.com\/index.php\/2022\/10\/19\/presidentes-de-athletico-e-flamengo-se-encontram-para-falar-sobre-a-final-da-copa-libertadores\/#respond"]}],"copyrightYear":"2022","copyrightHolder":{"@id":"https:\/\/www.gaveanews.com\/#organization"}},{"@type":"WebPage","@id":"https:\/\/www.gaveanews.com\/index.php\/2022\/10\/19\/presidentes-de-athletico-e-flamengo-se-encontram-para-falar-sobre-a-final-da-copa-libertadores\/","url":"https:\/\/www.gaveanews.com\/index.php\/2022\/10\/19\/presidentes-de-athletico-e-flamengo-se-encontram-para-falar-sobre-a-final-da-copa-libertadores\/","name":"Presidentes de Athletico e Flamengo se encontram para falar sobre a final da Copa Libertadores","isPartOf":{"@id":"https:\/\/www.gaveanews.com\/#website"},"primaryImageOfPage":{"@id":"https:\/\/www.gaveanews.com\/index.php\/2022\/10\/19\/presidentes-de-athletico-e-flamengo-se-encontram-para-falar-sobre-a-final-da-copa-libertadores\/#primaryimage"},"image":{"@id":"https:\/\/www.gaveanews.com\/index.php\/2022\/10\/19\/presidentes-de-athletico-e-flamengo-se-encontram-para-falar-sobre-a-final-da-copa-libertadores\/#primaryimage"},"thumbnailUrl":"https:\/\/www.gaveanews.com\/wp-content\/uploads\/2019\/03\/Rodolfo-Landim-durante-entrevista-coletiva-na-Gavea.webp","datePublished":"2022-10-19T04:02:13+00:00","dateModified":"2022-10-19T04:02:15+00:00","author":{"@id":"https:\/\/www.gaveanews.com\/#\/schema\/person\/2ec14f73fb96be2caf28f91afb14749d"},"breadcrumb":{"@id":"https:\/\/www.gaveanews.com\/index.php\/2022\/10\/19\/presidentes-de-athletico-e-flamengo-se-encontram-para-falar-sobre-a-final-da-copa-libertadores\/#breadcrumb"},"inLanguage":"pt-BR","potentialAction":[{"@type":"ReadAction","target":["https:\/\/www.gaveanews.com\/index.php\/2022\/10\/19\/presidentes-de-athletico-e-flamengo-se-encontram-para-falar-sobre-a-final-da-copa-libertadores\/"]}]},{"@type":"ImageObject","inLanguage":"pt-BR","@id":"https:\/\/www.gaveanews.com\/index.php\/2022\/10\/19\/presidentes-de-athletico-e-flamengo-se-encontram-para-falar-sobre-a-final-da-copa-libertadores\/#primaryimage","url":"https:\/\/www.gaveanews.com\/wp-content\/uploads\/2019\/03\/Rodolfo-Landim-durante-entrevista-coletiva-na-Gavea.webp","contentUrl":"https:\/\/www.gaveanews.com\/wp-content\/uploads\/2019\/03\/Rodolfo-Landim-durante-entrevista-coletiva-na-Gavea.webp","width":900,"height":599,"caption":"Rodolfo Landim durante entrevista coletiva na G\u00e1vea (Foto: Ag\u00eancia Foto BR)"},{"@type":"BreadcrumbList","@id":"https:\/\/www.gaveanews.com\/index.php\/2022\/10\/19\/presidentes-de-athletico-e-flamengo-se-encontram-para-falar-sobre-a-final-da-copa-libertadores\/#breadcrumb","itemListElement":[{"@type":"ListItem","position":1,"name":"Home","item":"https:\/\/www.gaveanews.com\/"},{"@type":"ListItem","position":2,"name":"Presidentes de Athletico e Flamengo se encontram para falar sobre a final da Copa Libertadores"}]},{"@type":"WebSite","@id":"https:\/\/www.gaveanews.com\/#website","url":"https:\/\/www.gaveanews.com\/","name":"G\u00e1vea News","description":"Veja todas as not\u00edcias sobre o Flamengo: Contrata\u00e7\u00f5es, categorias de base, resultados das partidas, tabela de classifica\u00e7\u00e3o, pr\u00f3ximos jogos!","potentialAction":[{"@type":"SearchAction","target":{"@type":"EntryPoint","urlTemplate":"https:\/\/www.gaveanews.com\/?s={search_term_string}"},"query-input":{"@type":"PropertyValueSpecification","valueRequired":true,"valueName":"search_term_string"}}],"inLanguage":"pt-BR"},{"@type":"Person","@id":"https:\/\/www.gaveanews.com\/#\/schema\/person\/2ec14f73fb96be2caf28f91afb14749d","name":"Equipe G\u00e1vea News","image":{"@type":"ImageObject","inLanguage":"pt-BR","@id":"https:\/\/www.gaveanews.com\/#\/schema\/person\/image\/","url":"https:\/\/secure.gravatar.com\/avatar\/1e1956f1facbffd3f8fa53a326721950116b3b9dc9bd44939c01180fd4a745a9?s=96&d=mm&r=g","contentUrl":"https:\/\/secure.gravatar.com\/avatar\/1e1956f1facbffd3f8fa53a326721950116b3b9dc9bd44939c01180fd4a745a9?s=96&d=mm&r=g","caption":"Equipe G\u00e1vea News"}}]}},"_links":{"self":[{"href":"https:\/\/www.gaveanews.com\/index.php\/wp-json\/wp\/v2\/posts\/89232","targetHints":{"allow":["GET"]}}],"collection":[{"href":"https:\/\/www.gaveanews.com\/index.php\/wp-json\/wp\/v2\/posts"}],"about":[{"href":"https:\/\/www.gaveanews.com\/index.php\/wp-json\/wp\/v2\/types\/post"}],"author":[{"embeddable":true,"href":"https:\/\/www.gaveanews.com\/index.php\/wp-json\/wp\/v2\/users\/1"}],"replies":[{"embeddable":true,"href":"https:\/\/www.gaveanews.com\/index.php\/wp-json\/wp\/v2\/comments?post=89232"}],"version-history":[{"count":0,"href":"https:\/\/www.gaveanews.com\/index.php\/wp-json\/wp\/v2\/posts\/89232\/revisions"}],"wp:featuredmedia":[{"embeddable":true,"href":"https:\/\/www.gaveanews.com\/index.php\/wp-json\/wp\/v2\/media\/15077"}],"wp:attachment":[{"href":"https:\/\/www.gaveanews.com\/index.php\/wp-json\/wp\/v2\/media?parent=89232"}],"wp:term":[{"taxonomy":"category","embeddable":true,"href":"https:\/\/www.gaveanews.com\/index.php\/wp-json\/wp\/v2\/categories?post=89232"},{"taxonomy":"post_tag","embeddable":true,"href":"https:\/\/www.gaveanews.com\/index.php\/wp-json\/wp\/v2\/tags?post=89232"}],"curies":[{"name":"wp","href":"https:\/\/api.w.org\/{rel}","templated":true}]}}