{"id":89234,"date":"2022-10-19T01:07:25","date_gmt":"2022-10-19T04:07:25","guid":{"rendered":"https:\/\/www.gaveanews.com\/?p=89234"},"modified":"2022-10-19T01:07:27","modified_gmt":"2022-10-19T04:07:27","slug":"presidente-do-corinthians-duilio-responde-braz-apos-fala-sobre-varzea-e-cita-ate-o-palmeiras","status":"publish","type":"post","link":"https:\/\/www.gaveanews.com\/index.php\/2022\/10\/19\/presidente-do-corinthians-duilio-responde-braz-apos-fala-sobre-varzea-e-cita-ate-o-palmeiras\/","title":{"rendered":"Presidente do Corinthians, Du\u00edlio responde Braz ap\u00f3s fala sobre &#8216;v\u00e1rzea&#8217; e cita at\u00e9 o Palmeiras"},"content":{"rendered":"\n<p>Com aten\u00e7\u00f5es voltadas para a final da Copa do Brasil, que acontece nesta quarta-feira (19), no Maracan\u00e3, o Corinthians ter\u00e1 titulares e reservas com &#8216;pernas frescas&#8217; para a partida ap\u00f3s o adiamento do confronto diante do Goi\u00e1s, que aconteceria no fim de semana, mas acabou suspenso pelo STJD.<\/p>\n\n\n\n<p>A decis\u00e3o da corte irritou dirigentes do Flamengo, que foi a campo no s\u00e1bado e venceu por 1 a 0 o Atl\u00e9tico-MG.<\/p>\n\n\n\n<p>Ap\u00f3s o fim da partida, Marcos Braz, vice-presidente de futebol rubro-negro, disse que fatos semelhantes &#8216;n\u00e3o acontecem nem na v\u00e1rzea&#8217;, e que o adiamento \u00e9 &#8216;ruim para o futebol brasileiro&#8217;.<\/p>\n\n\n\n<p><em>\u2014 Eu entendo, tamb\u00e9m acho. Nosso time estava em Goi\u00e2nia. N\u00e3o viajaram os titulares, mas est\u00e1vamos, equipe toda, comiss\u00e3o t\u00e9cnica e diretoria, pronto para jogar. Nosso pessoal de rouparia j\u00e1 estava no est\u00e1dio quando veio a decis\u00e3o. O Corinthians tamb\u00e9m n\u00e3o gostou disso, tamb\u00e9m prefer\u00edamos ter jogado, tivemos que retornar num voo \u00e0 noite, o desgaste existiu<\/em>, disse \u00e0 ESPN Du\u00edlio Monteiro Alves, presidente do Corinthians, ap\u00f3s visita \u00e0 sede da CBF nesta ter\u00e7a-feira.<\/p>\n\n\n\n<p><em>\u2014 Mas a decis\u00e3o da Justi\u00e7a comum foi no pr\u00f3prio dia do jogo. Infelizmente n\u00e3o tem nada a ver com Corinthians, CBF. N\u00e3o tem como criticar a CBF e STJD. Eles fizeram o que tinha que ser feito, o que manda o regulamento. N\u00e3o existe a possibilidade de ter decis\u00f5es de Justi\u00e7a comum, porque pode ser muito prejudicial ao futebol. L\u00f3gico que \u00e9 muito ruim, em cima da hora. O Corinthians tamb\u00e9m n\u00e3o gostou, mas tinha que brigar.<\/em><\/p>\n\n\n\n<p>Ot\u00e1vio Noronha, presidente do Superior Tribunal de Justi\u00e7a Desportiva, decidiu pela suspens\u00e3o da partida entre Goi\u00e1s e Corinthians, que estava marcada para s\u00e1bado (15), \u00e0s 19h, pela 32\u00aa rodada do Campeonato Brasileiro.<\/p>\n\n\n\n<p>A decis\u00e3o foi oficializada pelo mandat\u00e1rio e publicada pelo \u00f3rg\u00e3o ap\u00f3s a Justi\u00e7a Comum determinar torcida \u00fanica na partida. De acordo com o comunicado, \u2018a suspens\u00e3o visa garantir a ordem desportiva e o equil\u00edbrio da competi\u00e7\u00e3o\u2019.<\/p>\n\n\n\n<p><em>\u2014 Como a gente fala em fazer Liga, temos que estar unidos em algumas coisas, n\u00e3o pensar s\u00f3 no resultado, no futebol, no jogo que vai vir. Pensar no futebol como um todo. O que o Corinthians tinha que fazer, foi feito. Entendo que a decis\u00e3o que o STJD tomou foi correta, porque n\u00e3o existe a possibilidade das decis\u00f5es do STJD serem derrubadas pela Justi\u00e7a comum, est\u00e1 em regulamento, n\u00e3o \u00e9 permitido.<\/em><\/p>\n\n\n\n<p>Mesmo garantindo que o Corinthians brigou apenas por seu direito, Du\u00edlio disse que n\u00e3o iria entrar em trocas de farpas com o dirigente do Flamengo.<\/p>\n\n\n\n<p>O presidente do clube paulista ainda lembrou quando o Rubro-Negro se valeu de uma decis\u00e3o do STJD para ter apenas torcedores cariocas na partida diante do Palmeiras, pela 4\u00aa rodada do Campeonato Brasileiro, caso semelhante que aconteceu anteriormente no Allianz Parque.<\/p>\n\n\n\n<p><em>\u2014 N\u00e3o quero polemizar com o Marcos. Acho que o que o STJD foi para o bem do futebol. O Flamengo j\u00e1 viveu isso tamb\u00e9m em rela\u00e7\u00e3o ao Palmeiras, tamb\u00e9m recorreu ao STJD. O que fizemos jamais foi pensando em prejudicar ningu\u00e9m ou ser beneficiado, simplesmente o que \u00e9 de direito do clube, queremos jogar com nosso torcedor do lado e temos esse direito.<\/em><\/p>\n\n\n\n<p>Flamengo e Corinthians se enfrentam pelo t\u00edtulo da Copa do Brasil nesta quarta-feira (19), a partir das 21h45, no Maracan\u00e3, ap\u00f3s empate sem gols em S\u00e3o Paulo. Caso o empate volte a acontecer no Rio de Janeiro, o campe\u00e3o ser\u00e1 definido nos p\u00eanaltis.<\/p>\n\n\n\n<p>Retirado de: ESPN<\/p>\n","protected":false},"excerpt":{"rendered":"<p>Com aten\u00e7\u00f5es voltadas para a final da Copa do Brasil, que acontece nesta quarta-feira (19), no Maracan\u00e3, o Corinthians ter\u00e1 titulares e reservas com &#8216;pernas frescas&#8217; para a partida ap\u00f3s o adiamento do confronto diante do Goi\u00e1s, que aconteceria no fim de semana, mas acabou suspenso pelo STJD. A decis\u00e3o da corte irritou dirigentes do [&hellip;]<\/p>\n","protected":false},"author":1,"featured_media":85562,"comment_status":"open","ping_status":"closed","sticky":false,"template":"","format":"standard","meta":{"footnotes":""},"categories":[1],"tags":[],"class_list":["post-89234","post","type-post","status-publish","format-standard","has-post-thumbnail","hentry","category-flamengo"],"yoast_head":"<!-- This site is optimized with the Yoast SEO Premium plugin v24.2 (Yoast SEO v26.9) - https:\/\/yoast.com\/product\/yoast-seo-premium-wordpress\/ -->\n<title>Presidente do Corinthians, Du\u00edlio responde Braz ap\u00f3s fala sobre &#039;v\u00e1rzea&#039; e cita at\u00e9 o Palmeiras<\/title>\n<meta name=\"robots\" content=\"index, follow, max-snippet:-1, max-image-preview:large, max-video-preview:-1\" \/>\n<link rel=\"canonical\" href=\"https:\/\/www.gaveanews.com\/index.php\/2022\/10\/19\/presidente-do-corinthians-duilio-responde-braz-apos-fala-sobre-varzea-e-cita-ate-o-palmeiras\/\" \/>\n<meta property=\"og:locale\" content=\"pt_BR\" \/>\n<meta property=\"og:type\" content=\"article\" \/>\n<meta property=\"og:title\" content=\"Presidente do Corinthians, Du\u00edlio responde Braz ap\u00f3s fala sobre &#039;v\u00e1rzea&#039; e cita at\u00e9 o Palmeiras\" \/>\n<meta property=\"og:description\" content=\"Com aten\u00e7\u00f5es voltadas para a final da Copa do Brasil, que acontece nesta quarta-feira (19), no Maracan\u00e3, o Corinthians ter\u00e1 titulares e reservas com &#8216;pernas frescas&#8217; para a partida ap\u00f3s o adiamento do confronto diante do Goi\u00e1s, que aconteceria no fim de semana, mas acabou suspenso pelo STJD. A decis\u00e3o da corte irritou dirigentes do [&hellip;]\" \/>\n<meta property=\"og:url\" content=\"https:\/\/www.gaveanews.com\/index.php\/2022\/10\/19\/presidente-do-corinthians-duilio-responde-braz-apos-fala-sobre-varzea-e-cita-ate-o-palmeiras\/\" \/>\n<meta property=\"og:site_name\" content=\"G\u00e1vea News\" \/>\n<meta property=\"article:publisher\" content=\"https:\/\/facebook.com\/gaveaNews\/\" \/>\n<meta property=\"article:published_time\" content=\"2022-10-19T04:07:25+00:00\" \/>\n<meta property=\"article:modified_time\" content=\"2022-10-19T04:07:27+00:00\" \/>\n<meta property=\"og:image\" content=\"https:\/\/www.gaveanews.com\/wp-content\/uploads\/Marcos-Braz-em-entrevista-no-CT-do-Flamengo-1.webp\" \/>\n\t<meta property=\"og:image:width\" content=\"799\" \/>\n\t<meta property=\"og:image:height\" content=\"533\" \/>\n\t<meta property=\"og:image:type\" content=\"image\/jpeg\" \/>\n<meta name=\"author\" content=\"Equipe G\u00e1vea News\" \/>\n<meta name=\"twitter:card\" content=\"summary_large_image\" \/>\n<meta name=\"twitter:label1\" content=\"Escrito por\" \/>\n\t<meta name=\"twitter:data1\" content=\"Equipe G\u00e1vea News\" \/>\n\t<meta name=\"twitter:label2\" content=\"Est. tempo de leitura\" \/>\n\t<meta name=\"twitter:data2\" content=\"4 minutos\" \/>\n<script type=\"application\/ld+json\" class=\"yoast-schema-graph\">{\"@context\":\"https:\/\/schema.org\",\"@graph\":[{\"@type\":\"NewsArticle\",\"@id\":\"https:\/\/www.gaveanews.com\/index.php\/2022\/10\/19\/presidente-do-corinthians-duilio-responde-braz-apos-fala-sobre-varzea-e-cita-ate-o-palmeiras\/#article\",\"isPartOf\":{\"@id\":\"https:\/\/www.gaveanews.com\/index.php\/2022\/10\/19\/presidente-do-corinthians-duilio-responde-braz-apos-fala-sobre-varzea-e-cita-ate-o-palmeiras\/\"},\"author\":{\"name\":\"Equipe G\u00e1vea News\",\"@id\":\"https:\/\/www.gaveanews.com\/#\/schema\/person\/2ec14f73fb96be2caf28f91afb14749d\"},\"headline\":\"Presidente do Corinthians, Du\u00edlio responde Braz ap\u00f3s fala sobre &#8216;v\u00e1rzea&#8217; e cita at\u00e9 o Palmeiras\",\"datePublished\":\"2022-10-19T04:07:25+00:00\",\"dateModified\":\"2022-10-19T04:07:27+00:00\",\"mainEntityOfPage\":{\"@id\":\"https:\/\/www.gaveanews.com\/index.php\/2022\/10\/19\/presidente-do-corinthians-duilio-responde-braz-apos-fala-sobre-varzea-e-cita-ate-o-palmeiras\/\"},\"wordCount\":635,\"commentCount\":0,\"image\":{\"@id\":\"https:\/\/www.gaveanews.com\/index.php\/2022\/10\/19\/presidente-do-corinthians-duilio-responde-braz-apos-fala-sobre-varzea-e-cita-ate-o-palmeiras\/#primaryimage\"},\"thumbnailUrl\":\"https:\/\/www.gaveanews.com\/wp-content\/uploads\/Marcos-Braz-em-entrevista-no-CT-do-Flamengo-1.webp\",\"articleSection\":[\"Flamengo\"],\"inLanguage\":\"pt-BR\",\"potentialAction\":[{\"@type\":\"CommentAction\",\"name\":\"Comment\",\"target\":[\"https:\/\/www.gaveanews.com\/index.php\/2022\/10\/19\/presidente-do-corinthians-duilio-responde-braz-apos-fala-sobre-varzea-e-cita-ate-o-palmeiras\/#respond\"]}],\"copyrightYear\":\"2022\",\"copyrightHolder\":{\"@id\":\"https:\/\/www.gaveanews.com\/#organization\"}},{\"@type\":\"WebPage\",\"@id\":\"https:\/\/www.gaveanews.com\/index.php\/2022\/10\/19\/presidente-do-corinthians-duilio-responde-braz-apos-fala-sobre-varzea-e-cita-ate-o-palmeiras\/\",\"url\":\"https:\/\/www.gaveanews.com\/index.php\/2022\/10\/19\/presidente-do-corinthians-duilio-responde-braz-apos-fala-sobre-varzea-e-cita-ate-o-palmeiras\/\",\"name\":\"Presidente do Corinthians, Du\u00edlio responde Braz ap\u00f3s fala sobre 'v\u00e1rzea' e cita at\u00e9 o Palmeiras\",\"isPartOf\":{\"@id\":\"https:\/\/www.gaveanews.com\/#website\"},\"primaryImageOfPage\":{\"@id\":\"https:\/\/www.gaveanews.com\/index.php\/2022\/10\/19\/presidente-do-corinthians-duilio-responde-braz-apos-fala-sobre-varzea-e-cita-ate-o-palmeiras\/#primaryimage\"},\"image\":{\"@id\":\"https:\/\/www.gaveanews.com\/index.php\/2022\/10\/19\/presidente-do-corinthians-duilio-responde-braz-apos-fala-sobre-varzea-e-cita-ate-o-palmeiras\/#primaryimage\"},\"thumbnailUrl\":\"https:\/\/www.gaveanews.com\/wp-content\/uploads\/Marcos-Braz-em-entrevista-no-CT-do-Flamengo-1.webp\",\"datePublished\":\"2022-10-19T04:07:25+00:00\",\"dateModified\":\"2022-10-19T04:07:27+00:00\",\"author\":{\"@id\":\"https:\/\/www.gaveanews.com\/#\/schema\/person\/2ec14f73fb96be2caf28f91afb14749d\"},\"breadcrumb\":{\"@id\":\"https:\/\/www.gaveanews.com\/index.php\/2022\/10\/19\/presidente-do-corinthians-duilio-responde-braz-apos-fala-sobre-varzea-e-cita-ate-o-palmeiras\/#breadcrumb\"},\"inLanguage\":\"pt-BR\",\"potentialAction\":[{\"@type\":\"ReadAction\",\"target\":[\"https:\/\/www.gaveanews.com\/index.php\/2022\/10\/19\/presidente-do-corinthians-duilio-responde-braz-apos-fala-sobre-varzea-e-cita-ate-o-palmeiras\/\"]}]},{\"@type\":\"ImageObject\",\"inLanguage\":\"pt-BR\",\"@id\":\"https:\/\/www.gaveanews.com\/index.php\/2022\/10\/19\/presidente-do-corinthians-duilio-responde-braz-apos-fala-sobre-varzea-e-cita-ate-o-palmeiras\/#primaryimage\",\"url\":\"https:\/\/www.gaveanews.com\/wp-content\/uploads\/Marcos-Braz-em-entrevista-no-CT-do-Flamengo-1.webp\",\"contentUrl\":\"https:\/\/www.gaveanews.com\/wp-content\/uploads\/Marcos-Braz-em-entrevista-no-CT-do-Flamengo-1.webp\",\"width\":799,\"height\":533,\"caption\":\"Marcos Braz em entrevista no CT do Flamengo (Foto: Gilvan de Souza\/Flamengo)\"},{\"@type\":\"BreadcrumbList\",\"@id\":\"https:\/\/www.gaveanews.com\/index.php\/2022\/10\/19\/presidente-do-corinthians-duilio-responde-braz-apos-fala-sobre-varzea-e-cita-ate-o-palmeiras\/#breadcrumb\",\"itemListElement\":[{\"@type\":\"ListItem\",\"position\":1,\"name\":\"Home\",\"item\":\"https:\/\/www.gaveanews.com\/\"},{\"@type\":\"ListItem\",\"position\":2,\"name\":\"Presidente do Corinthians, Du\u00edlio responde Braz ap\u00f3s fala sobre &#8216;v\u00e1rzea&#8217; e cita at\u00e9 o Palmeiras\"}]},{\"@type\":\"WebSite\",\"@id\":\"https:\/\/www.gaveanews.com\/#website\",\"url\":\"https:\/\/www.gaveanews.com\/\",\"name\":\"G\u00e1vea News\",\"description\":\"Veja todas as not\u00edcias sobre o Flamengo: Contrata\u00e7\u00f5es, categorias de base, resultados das partidas, tabela de classifica\u00e7\u00e3o, pr\u00f3ximos jogos!\",\"potentialAction\":[{\"@type\":\"SearchAction\",\"target\":{\"@type\":\"EntryPoint\",\"urlTemplate\":\"https:\/\/www.gaveanews.com\/?s={search_term_string}\"},\"query-input\":{\"@type\":\"PropertyValueSpecification\",\"valueRequired\":true,\"valueName\":\"search_term_string\"}}],\"inLanguage\":\"pt-BR\"},{\"@type\":\"Person\",\"@id\":\"https:\/\/www.gaveanews.com\/#\/schema\/person\/2ec14f73fb96be2caf28f91afb14749d\",\"name\":\"Equipe G\u00e1vea News\",\"image\":{\"@type\":\"ImageObject\",\"inLanguage\":\"pt-BR\",\"@id\":\"https:\/\/www.gaveanews.com\/#\/schema\/person\/image\/\",\"url\":\"https:\/\/secure.gravatar.com\/avatar\/1e1956f1facbffd3f8fa53a326721950116b3b9dc9bd44939c01180fd4a745a9?s=96&d=mm&r=g\",\"contentUrl\":\"https:\/\/secure.gravatar.com\/avatar\/1e1956f1facbffd3f8fa53a326721950116b3b9dc9bd44939c01180fd4a745a9?s=96&d=mm&r=g\",\"caption\":\"Equipe G\u00e1vea News\"}}]}<\/script>\n<!-- \/ Yoast SEO Premium plugin. -->","yoast_head_json":{"title":"Presidente do Corinthians, Du\u00edlio responde Braz ap\u00f3s fala sobre 'v\u00e1rzea' e cita at\u00e9 o Palmeiras","robots":{"index":"index","follow":"follow","max-snippet":"max-snippet:-1","max-image-preview":"max-image-preview:large","max-video-preview":"max-video-preview:-1"},"canonical":"https:\/\/www.gaveanews.com\/index.php\/2022\/10\/19\/presidente-do-corinthians-duilio-responde-braz-apos-fala-sobre-varzea-e-cita-ate-o-palmeiras\/","og_locale":"pt_BR","og_type":"article","og_title":"Presidente do Corinthians, Du\u00edlio responde Braz ap\u00f3s fala sobre 'v\u00e1rzea' e cita at\u00e9 o Palmeiras","og_description":"Com aten\u00e7\u00f5es voltadas para a final da Copa do Brasil, que acontece nesta quarta-feira (19), no Maracan\u00e3, o Corinthians ter\u00e1 titulares e reservas com &#8216;pernas frescas&#8217; para a partida ap\u00f3s o adiamento do confronto diante do Goi\u00e1s, que aconteceria no fim de semana, mas acabou suspenso pelo STJD. A decis\u00e3o da corte irritou dirigentes do [&hellip;]","og_url":"https:\/\/www.gaveanews.com\/index.php\/2022\/10\/19\/presidente-do-corinthians-duilio-responde-braz-apos-fala-sobre-varzea-e-cita-ate-o-palmeiras\/","og_site_name":"G\u00e1vea News","article_publisher":"https:\/\/facebook.com\/gaveaNews\/","article_published_time":"2022-10-19T04:07:25+00:00","article_modified_time":"2022-10-19T04:07:27+00:00","og_image":[{"width":799,"height":533,"url":"https:\/\/www.gaveanews.com\/wp-content\/uploads\/Marcos-Braz-em-entrevista-no-CT-do-Flamengo-1.webp","type":"image\/jpeg"}],"author":"Equipe G\u00e1vea News","twitter_card":"summary_large_image","twitter_misc":{"Escrito por":"Equipe G\u00e1vea News","Est. tempo de leitura":"4 minutos"},"schema":{"@context":"https:\/\/schema.org","@graph":[{"@type":"NewsArticle","@id":"https:\/\/www.gaveanews.com\/index.php\/2022\/10\/19\/presidente-do-corinthians-duilio-responde-braz-apos-fala-sobre-varzea-e-cita-ate-o-palmeiras\/#article","isPartOf":{"@id":"https:\/\/www.gaveanews.com\/index.php\/2022\/10\/19\/presidente-do-corinthians-duilio-responde-braz-apos-fala-sobre-varzea-e-cita-ate-o-palmeiras\/"},"author":{"name":"Equipe G\u00e1vea News","@id":"https:\/\/www.gaveanews.com\/#\/schema\/person\/2ec14f73fb96be2caf28f91afb14749d"},"headline":"Presidente do Corinthians, Du\u00edlio responde Braz ap\u00f3s fala sobre &#8216;v\u00e1rzea&#8217; e cita at\u00e9 o Palmeiras","datePublished":"2022-10-19T04:07:25+00:00","dateModified":"2022-10-19T04:07:27+00:00","mainEntityOfPage":{"@id":"https:\/\/www.gaveanews.com\/index.php\/2022\/10\/19\/presidente-do-corinthians-duilio-responde-braz-apos-fala-sobre-varzea-e-cita-ate-o-palmeiras\/"},"wordCount":635,"commentCount":0,"image":{"@id":"https:\/\/www.gaveanews.com\/index.php\/2022\/10\/19\/presidente-do-corinthians-duilio-responde-braz-apos-fala-sobre-varzea-e-cita-ate-o-palmeiras\/#primaryimage"},"thumbnailUrl":"https:\/\/www.gaveanews.com\/wp-content\/uploads\/Marcos-Braz-em-entrevista-no-CT-do-Flamengo-1.webp","articleSection":["Flamengo"],"inLanguage":"pt-BR","potentialAction":[{"@type":"CommentAction","name":"Comment","target":["https:\/\/www.gaveanews.com\/index.php\/2022\/10\/19\/presidente-do-corinthians-duilio-responde-braz-apos-fala-sobre-varzea-e-cita-ate-o-palmeiras\/#respond"]}],"copyrightYear":"2022","copyrightHolder":{"@id":"https:\/\/www.gaveanews.com\/#organization"}},{"@type":"WebPage","@id":"https:\/\/www.gaveanews.com\/index.php\/2022\/10\/19\/presidente-do-corinthians-duilio-responde-braz-apos-fala-sobre-varzea-e-cita-ate-o-palmeiras\/","url":"https:\/\/www.gaveanews.com\/index.php\/2022\/10\/19\/presidente-do-corinthians-duilio-responde-braz-apos-fala-sobre-varzea-e-cita-ate-o-palmeiras\/","name":"Presidente do Corinthians, Du\u00edlio responde Braz ap\u00f3s fala sobre 'v\u00e1rzea' e cita at\u00e9 o Palmeiras","isPartOf":{"@id":"https:\/\/www.gaveanews.com\/#website"},"primaryImageOfPage":{"@id":"https:\/\/www.gaveanews.com\/index.php\/2022\/10\/19\/presidente-do-corinthians-duilio-responde-braz-apos-fala-sobre-varzea-e-cita-ate-o-palmeiras\/#primaryimage"},"image":{"@id":"https:\/\/www.gaveanews.com\/index.php\/2022\/10\/19\/presidente-do-corinthians-duilio-responde-braz-apos-fala-sobre-varzea-e-cita-ate-o-palmeiras\/#primaryimage"},"thumbnailUrl":"https:\/\/www.gaveanews.com\/wp-content\/uploads\/Marcos-Braz-em-entrevista-no-CT-do-Flamengo-1.webp","datePublished":"2022-10-19T04:07:25+00:00","dateModified":"2022-10-19T04:07:27+00:00","author":{"@id":"https:\/\/www.gaveanews.com\/#\/schema\/person\/2ec14f73fb96be2caf28f91afb14749d"},"breadcrumb":{"@id":"https:\/\/www.gaveanews.com\/index.php\/2022\/10\/19\/presidente-do-corinthians-duilio-responde-braz-apos-fala-sobre-varzea-e-cita-ate-o-palmeiras\/#breadcrumb"},"inLanguage":"pt-BR","potentialAction":[{"@type":"ReadAction","target":["https:\/\/www.gaveanews.com\/index.php\/2022\/10\/19\/presidente-do-corinthians-duilio-responde-braz-apos-fala-sobre-varzea-e-cita-ate-o-palmeiras\/"]}]},{"@type":"ImageObject","inLanguage":"pt-BR","@id":"https:\/\/www.gaveanews.com\/index.php\/2022\/10\/19\/presidente-do-corinthians-duilio-responde-braz-apos-fala-sobre-varzea-e-cita-ate-o-palmeiras\/#primaryimage","url":"https:\/\/www.gaveanews.com\/wp-content\/uploads\/Marcos-Braz-em-entrevista-no-CT-do-Flamengo-1.webp","contentUrl":"https:\/\/www.gaveanews.com\/wp-content\/uploads\/Marcos-Braz-em-entrevista-no-CT-do-Flamengo-1.webp","width":799,"height":533,"caption":"Marcos Braz em entrevista no CT do Flamengo (Foto: Gilvan de Souza\/Flamengo)"},{"@type":"BreadcrumbList","@id":"https:\/\/www.gaveanews.com\/index.php\/2022\/10\/19\/presidente-do-corinthians-duilio-responde-braz-apos-fala-sobre-varzea-e-cita-ate-o-palmeiras\/#breadcrumb","itemListElement":[{"@type":"ListItem","position":1,"name":"Home","item":"https:\/\/www.gaveanews.com\/"},{"@type":"ListItem","position":2,"name":"Presidente do Corinthians, Du\u00edlio responde Braz ap\u00f3s fala sobre &#8216;v\u00e1rzea&#8217; e cita at\u00e9 o Palmeiras"}]},{"@type":"WebSite","@id":"https:\/\/www.gaveanews.com\/#website","url":"https:\/\/www.gaveanews.com\/","name":"G\u00e1vea News","description":"Veja todas as not\u00edcias sobre o Flamengo: Contrata\u00e7\u00f5es, categorias de base, resultados das partidas, tabela de classifica\u00e7\u00e3o, pr\u00f3ximos jogos!","potentialAction":[{"@type":"SearchAction","target":{"@type":"EntryPoint","urlTemplate":"https:\/\/www.gaveanews.com\/?s={search_term_string}"},"query-input":{"@type":"PropertyValueSpecification","valueRequired":true,"valueName":"search_term_string"}}],"inLanguage":"pt-BR"},{"@type":"Person","@id":"https:\/\/www.gaveanews.com\/#\/schema\/person\/2ec14f73fb96be2caf28f91afb14749d","name":"Equipe G\u00e1vea News","image":{"@type":"ImageObject","inLanguage":"pt-BR","@id":"https:\/\/www.gaveanews.com\/#\/schema\/person\/image\/","url":"https:\/\/secure.gravatar.com\/avatar\/1e1956f1facbffd3f8fa53a326721950116b3b9dc9bd44939c01180fd4a745a9?s=96&d=mm&r=g","contentUrl":"https:\/\/secure.gravatar.com\/avatar\/1e1956f1facbffd3f8fa53a326721950116b3b9dc9bd44939c01180fd4a745a9?s=96&d=mm&r=g","caption":"Equipe G\u00e1vea News"}}]}},"_links":{"self":[{"href":"https:\/\/www.gaveanews.com\/index.php\/wp-json\/wp\/v2\/posts\/89234","targetHints":{"allow":["GET"]}}],"collection":[{"href":"https:\/\/www.gaveanews.com\/index.php\/wp-json\/wp\/v2\/posts"}],"about":[{"href":"https:\/\/www.gaveanews.com\/index.php\/wp-json\/wp\/v2\/types\/post"}],"author":[{"embeddable":true,"href":"https:\/\/www.gaveanews.com\/index.php\/wp-json\/wp\/v2\/users\/1"}],"replies":[{"embeddable":true,"href":"https:\/\/www.gaveanews.com\/index.php\/wp-json\/wp\/v2\/comments?post=89234"}],"version-history":[{"count":0,"href":"https:\/\/www.gaveanews.com\/index.php\/wp-json\/wp\/v2\/posts\/89234\/revisions"}],"wp:featuredmedia":[{"embeddable":true,"href":"https:\/\/www.gaveanews.com\/index.php\/wp-json\/wp\/v2\/media\/85562"}],"wp:attachment":[{"href":"https:\/\/www.gaveanews.com\/index.php\/wp-json\/wp\/v2\/media?parent=89234"}],"wp:term":[{"taxonomy":"category","embeddable":true,"href":"https:\/\/www.gaveanews.com\/index.php\/wp-json\/wp\/v2\/categories?post=89234"},{"taxonomy":"post_tag","embeddable":true,"href":"https:\/\/www.gaveanews.com\/index.php\/wp-json\/wp\/v2\/tags?post=89234"}],"curies":[{"name":"wp","href":"https:\/\/api.w.org\/{rel}","templated":true}]}}