{"id":89242,"date":"2022-10-19T07:38:33","date_gmt":"2022-10-19T10:38:33","guid":{"rendered":"https:\/\/www.gaveanews.com\/?p=89242"},"modified":"2022-10-19T07:38:35","modified_gmt":"2022-10-19T10:38:35","slug":"adilio-sera-o-representante-do-flamengo-na-cerimonia-da-copa-do-brasil","status":"publish","type":"post","link":"https:\/\/www.gaveanews.com\/index.php\/2022\/10\/19\/adilio-sera-o-representante-do-flamengo-na-cerimonia-da-copa-do-brasil\/","title":{"rendered":"Ad\u00edlio ser\u00e1 o representante do Flamengo na cerim\u00f4nia da Copa do Brasil"},"content":{"rendered":"\n<p>Nesta quarta-feira, Flamengo e Corinthians se enfrentam \u00e0s 21h45, no Maracan\u00e3, em partida de volta da decis\u00e3o da Copa do Brasil. Ap\u00f3s empate sem gols no jogo de ida, as equipes v\u00e3o duelar pelo tetracampeonato da competi\u00e7\u00e3o.<\/p>\n\n\n\n<p>Dorival J\u00fanior usou os \u00faltimos dias para intensificar a prepara\u00e7\u00e3o para a final, seus principais jogadores ficaram apenas na prepara\u00e7\u00e3o para o jogo contra o Corinthians.<\/p>\n\n\n\n<p>A Na\u00e7\u00e3o promete fazer uma linda festa para empurrar o time rumo \u00e0 mais uma conquista, e o Flamengo ter\u00e1 um jogador com DNA vencedor no gramado do Maracan\u00e3, antes do jogo.<\/p>\n\n\n\n<p>De acordo com o \u2018GE\u2019, na cerim\u00f4nia que vai anteceder a decis\u00e3o da Copa do Brasil, o \u00eddolo rubro-negro Ad\u00edlio ser\u00e1 o representante do Flamengo.<\/p>\n\n\n\n<p>O ex-jogador do Flamengo ser\u00e1 encarregado de entrar em campo com a Ta\u00e7a, representando o Mais Querido. Vale lembrar que na primeira partida, o lateral-esquerdo Juan, foi o representante do Fla.<\/p>\n\n\n\n<p>Retirado de: Di\u00e1rio do Fla<\/p>\n","protected":false},"excerpt":{"rendered":"<p>Nesta quarta-feira, Flamengo e Corinthians se enfrentam \u00e0s 21h45, no Maracan\u00e3, em partida de volta da decis\u00e3o da Copa do Brasil. Ap\u00f3s empate sem gols no jogo de ida, as equipes v\u00e3o duelar pelo tetracampeonato da competi\u00e7\u00e3o. Dorival J\u00fanior usou os \u00faltimos dias para intensificar a prepara\u00e7\u00e3o para a final, seus principais jogadores ficaram apenas [&hellip;]<\/p>\n","protected":false},"author":1,"featured_media":70208,"comment_status":"open","ping_status":"closed","sticky":false,"template":"","format":"standard","meta":{"footnotes":""},"categories":[1],"tags":[],"class_list":["post-89242","post","type-post","status-publish","format-standard","has-post-thumbnail","hentry","category-flamengo"],"yoast_head":"<!-- This site is optimized with the Yoast SEO Premium plugin v24.2 (Yoast SEO v26.9) - https:\/\/yoast.com\/product\/yoast-seo-premium-wordpress\/ -->\n<title>Ad\u00edlio ser\u00e1 o representante do Flamengo na cerim\u00f4nia da Copa do Brasil<\/title>\n<meta name=\"robots\" content=\"index, follow, max-snippet:-1, max-image-preview:large, max-video-preview:-1\" \/>\n<link rel=\"canonical\" href=\"https:\/\/www.gaveanews.com\/index.php\/2022\/10\/19\/adilio-sera-o-representante-do-flamengo-na-cerimonia-da-copa-do-brasil\/\" \/>\n<meta property=\"og:locale\" content=\"pt_BR\" \/>\n<meta property=\"og:type\" content=\"article\" \/>\n<meta property=\"og:title\" content=\"Ad\u00edlio ser\u00e1 o representante do Flamengo na cerim\u00f4nia da Copa do Brasil\" \/>\n<meta property=\"og:description\" content=\"Nesta quarta-feira, Flamengo e Corinthians se enfrentam \u00e0s 21h45, no Maracan\u00e3, em partida de volta da decis\u00e3o da Copa do Brasil. Ap\u00f3s empate sem gols no jogo de ida, as equipes v\u00e3o duelar pelo tetracampeonato da competi\u00e7\u00e3o. Dorival J\u00fanior usou os \u00faltimos dias para intensificar a prepara\u00e7\u00e3o para a final, seus principais jogadores ficaram apenas [&hellip;]\" \/>\n<meta property=\"og:url\" content=\"https:\/\/www.gaveanews.com\/index.php\/2022\/10\/19\/adilio-sera-o-representante-do-flamengo-na-cerimonia-da-copa-do-brasil\/\" \/>\n<meta property=\"og:site_name\" content=\"G\u00e1vea News\" \/>\n<meta property=\"article:publisher\" content=\"https:\/\/facebook.com\/gaveaNews\/\" \/>\n<meta property=\"article:published_time\" content=\"2022-10-19T10:38:33+00:00\" \/>\n<meta property=\"article:modified_time\" content=\"2022-10-19T10:38:35+00:00\" \/>\n<meta property=\"og:image\" content=\"https:\/\/www.gaveanews.com\/wp-content\/uploads\/Taca-da-Copa-do-Brasil.webp\" \/>\n\t<meta property=\"og:image:width\" content=\"846\" \/>\n\t<meta property=\"og:image:height\" content=\"564\" \/>\n\t<meta property=\"og:image:type\" content=\"image\/jpeg\" \/>\n<meta name=\"author\" content=\"Equipe G\u00e1vea News\" \/>\n<meta name=\"twitter:card\" content=\"summary_large_image\" \/>\n<meta name=\"twitter:label1\" content=\"Escrito por\" \/>\n\t<meta name=\"twitter:data1\" content=\"Equipe G\u00e1vea News\" \/>\n\t<meta name=\"twitter:label2\" content=\"Est. tempo de leitura\" \/>\n\t<meta name=\"twitter:data2\" content=\"1 minuto\" \/>\n<script type=\"application\/ld+json\" class=\"yoast-schema-graph\">{\"@context\":\"https:\/\/schema.org\",\"@graph\":[{\"@type\":\"NewsArticle\",\"@id\":\"https:\/\/www.gaveanews.com\/index.php\/2022\/10\/19\/adilio-sera-o-representante-do-flamengo-na-cerimonia-da-copa-do-brasil\/#article\",\"isPartOf\":{\"@id\":\"https:\/\/www.gaveanews.com\/index.php\/2022\/10\/19\/adilio-sera-o-representante-do-flamengo-na-cerimonia-da-copa-do-brasil\/\"},\"author\":{\"name\":\"Equipe G\u00e1vea News\",\"@id\":\"https:\/\/www.gaveanews.com\/#\/schema\/person\/2ec14f73fb96be2caf28f91afb14749d\"},\"headline\":\"Ad\u00edlio ser\u00e1 o representante do Flamengo na cerim\u00f4nia da Copa do Brasil\",\"datePublished\":\"2022-10-19T10:38:33+00:00\",\"dateModified\":\"2022-10-19T10:38:35+00:00\",\"mainEntityOfPage\":{\"@id\":\"https:\/\/www.gaveanews.com\/index.php\/2022\/10\/19\/adilio-sera-o-representante-do-flamengo-na-cerimonia-da-copa-do-brasil\/\"},\"wordCount\":182,\"commentCount\":0,\"image\":{\"@id\":\"https:\/\/www.gaveanews.com\/index.php\/2022\/10\/19\/adilio-sera-o-representante-do-flamengo-na-cerimonia-da-copa-do-brasil\/#primaryimage\"},\"thumbnailUrl\":\"https:\/\/www.gaveanews.com\/wp-content\/uploads\/Taca-da-Copa-do-Brasil.webp\",\"articleSection\":[\"Flamengo\"],\"inLanguage\":\"pt-BR\",\"potentialAction\":[{\"@type\":\"CommentAction\",\"name\":\"Comment\",\"target\":[\"https:\/\/www.gaveanews.com\/index.php\/2022\/10\/19\/adilio-sera-o-representante-do-flamengo-na-cerimonia-da-copa-do-brasil\/#respond\"]}],\"copyrightYear\":\"2022\",\"copyrightHolder\":{\"@id\":\"https:\/\/www.gaveanews.com\/#organization\"}},{\"@type\":\"WebPage\",\"@id\":\"https:\/\/www.gaveanews.com\/index.php\/2022\/10\/19\/adilio-sera-o-representante-do-flamengo-na-cerimonia-da-copa-do-brasil\/\",\"url\":\"https:\/\/www.gaveanews.com\/index.php\/2022\/10\/19\/adilio-sera-o-representante-do-flamengo-na-cerimonia-da-copa-do-brasil\/\",\"name\":\"Ad\u00edlio ser\u00e1 o representante do Flamengo na cerim\u00f4nia da Copa do Brasil\",\"isPartOf\":{\"@id\":\"https:\/\/www.gaveanews.com\/#website\"},\"primaryImageOfPage\":{\"@id\":\"https:\/\/www.gaveanews.com\/index.php\/2022\/10\/19\/adilio-sera-o-representante-do-flamengo-na-cerimonia-da-copa-do-brasil\/#primaryimage\"},\"image\":{\"@id\":\"https:\/\/www.gaveanews.com\/index.php\/2022\/10\/19\/adilio-sera-o-representante-do-flamengo-na-cerimonia-da-copa-do-brasil\/#primaryimage\"},\"thumbnailUrl\":\"https:\/\/www.gaveanews.com\/wp-content\/uploads\/Taca-da-Copa-do-Brasil.webp\",\"datePublished\":\"2022-10-19T10:38:33+00:00\",\"dateModified\":\"2022-10-19T10:38:35+00:00\",\"author\":{\"@id\":\"https:\/\/www.gaveanews.com\/#\/schema\/person\/2ec14f73fb96be2caf28f91afb14749d\"},\"breadcrumb\":{\"@id\":\"https:\/\/www.gaveanews.com\/index.php\/2022\/10\/19\/adilio-sera-o-representante-do-flamengo-na-cerimonia-da-copa-do-brasil\/#breadcrumb\"},\"inLanguage\":\"pt-BR\",\"potentialAction\":[{\"@type\":\"ReadAction\",\"target\":[\"https:\/\/www.gaveanews.com\/index.php\/2022\/10\/19\/adilio-sera-o-representante-do-flamengo-na-cerimonia-da-copa-do-brasil\/\"]}]},{\"@type\":\"ImageObject\",\"inLanguage\":\"pt-BR\",\"@id\":\"https:\/\/www.gaveanews.com\/index.php\/2022\/10\/19\/adilio-sera-o-representante-do-flamengo-na-cerimonia-da-copa-do-brasil\/#primaryimage\",\"url\":\"https:\/\/www.gaveanews.com\/wp-content\/uploads\/Taca-da-Copa-do-Brasil.webp\",\"contentUrl\":\"https:\/\/www.gaveanews.com\/wp-content\/uploads\/Taca-da-Copa-do-Brasil.webp\",\"width\":846,\"height\":564,\"caption\":\"Ta\u00e7a da Copa do Brasil (Foto: Lucas Figueiredo\/CBF)\"},{\"@type\":\"BreadcrumbList\",\"@id\":\"https:\/\/www.gaveanews.com\/index.php\/2022\/10\/19\/adilio-sera-o-representante-do-flamengo-na-cerimonia-da-copa-do-brasil\/#breadcrumb\",\"itemListElement\":[{\"@type\":\"ListItem\",\"position\":1,\"name\":\"Home\",\"item\":\"https:\/\/www.gaveanews.com\/\"},{\"@type\":\"ListItem\",\"position\":2,\"name\":\"Ad\u00edlio ser\u00e1 o representante do Flamengo na cerim\u00f4nia da Copa do Brasil\"}]},{\"@type\":\"WebSite\",\"@id\":\"https:\/\/www.gaveanews.com\/#website\",\"url\":\"https:\/\/www.gaveanews.com\/\",\"name\":\"G\u00e1vea News\",\"description\":\"Veja todas as not\u00edcias sobre o Flamengo: Contrata\u00e7\u00f5es, categorias de base, resultados das partidas, tabela de classifica\u00e7\u00e3o, pr\u00f3ximos jogos!\",\"potentialAction\":[{\"@type\":\"SearchAction\",\"target\":{\"@type\":\"EntryPoint\",\"urlTemplate\":\"https:\/\/www.gaveanews.com\/?s={search_term_string}\"},\"query-input\":{\"@type\":\"PropertyValueSpecification\",\"valueRequired\":true,\"valueName\":\"search_term_string\"}}],\"inLanguage\":\"pt-BR\"},{\"@type\":\"Person\",\"@id\":\"https:\/\/www.gaveanews.com\/#\/schema\/person\/2ec14f73fb96be2caf28f91afb14749d\",\"name\":\"Equipe G\u00e1vea News\",\"image\":{\"@type\":\"ImageObject\",\"inLanguage\":\"pt-BR\",\"@id\":\"https:\/\/www.gaveanews.com\/#\/schema\/person\/image\/\",\"url\":\"https:\/\/secure.gravatar.com\/avatar\/1e1956f1facbffd3f8fa53a326721950116b3b9dc9bd44939c01180fd4a745a9?s=96&d=mm&r=g\",\"contentUrl\":\"https:\/\/secure.gravatar.com\/avatar\/1e1956f1facbffd3f8fa53a326721950116b3b9dc9bd44939c01180fd4a745a9?s=96&d=mm&r=g\",\"caption\":\"Equipe G\u00e1vea News\"}}]}<\/script>\n<!-- \/ Yoast SEO Premium plugin. -->","yoast_head_json":{"title":"Ad\u00edlio ser\u00e1 o representante do Flamengo na cerim\u00f4nia da Copa do Brasil","robots":{"index":"index","follow":"follow","max-snippet":"max-snippet:-1","max-image-preview":"max-image-preview:large","max-video-preview":"max-video-preview:-1"},"canonical":"https:\/\/www.gaveanews.com\/index.php\/2022\/10\/19\/adilio-sera-o-representante-do-flamengo-na-cerimonia-da-copa-do-brasil\/","og_locale":"pt_BR","og_type":"article","og_title":"Ad\u00edlio ser\u00e1 o representante do Flamengo na cerim\u00f4nia da Copa do Brasil","og_description":"Nesta quarta-feira, Flamengo e Corinthians se enfrentam \u00e0s 21h45, no Maracan\u00e3, em partida de volta da decis\u00e3o da Copa do Brasil. Ap\u00f3s empate sem gols no jogo de ida, as equipes v\u00e3o duelar pelo tetracampeonato da competi\u00e7\u00e3o. Dorival J\u00fanior usou os \u00faltimos dias para intensificar a prepara\u00e7\u00e3o para a final, seus principais jogadores ficaram apenas [&hellip;]","og_url":"https:\/\/www.gaveanews.com\/index.php\/2022\/10\/19\/adilio-sera-o-representante-do-flamengo-na-cerimonia-da-copa-do-brasil\/","og_site_name":"G\u00e1vea News","article_publisher":"https:\/\/facebook.com\/gaveaNews\/","article_published_time":"2022-10-19T10:38:33+00:00","article_modified_time":"2022-10-19T10:38:35+00:00","og_image":[{"width":846,"height":564,"url":"https:\/\/www.gaveanews.com\/wp-content\/uploads\/Taca-da-Copa-do-Brasil.webp","type":"image\/jpeg"}],"author":"Equipe G\u00e1vea News","twitter_card":"summary_large_image","twitter_misc":{"Escrito por":"Equipe G\u00e1vea News","Est. tempo de leitura":"1 minuto"},"schema":{"@context":"https:\/\/schema.org","@graph":[{"@type":"NewsArticle","@id":"https:\/\/www.gaveanews.com\/index.php\/2022\/10\/19\/adilio-sera-o-representante-do-flamengo-na-cerimonia-da-copa-do-brasil\/#article","isPartOf":{"@id":"https:\/\/www.gaveanews.com\/index.php\/2022\/10\/19\/adilio-sera-o-representante-do-flamengo-na-cerimonia-da-copa-do-brasil\/"},"author":{"name":"Equipe G\u00e1vea News","@id":"https:\/\/www.gaveanews.com\/#\/schema\/person\/2ec14f73fb96be2caf28f91afb14749d"},"headline":"Ad\u00edlio ser\u00e1 o representante do Flamengo na cerim\u00f4nia da Copa do Brasil","datePublished":"2022-10-19T10:38:33+00:00","dateModified":"2022-10-19T10:38:35+00:00","mainEntityOfPage":{"@id":"https:\/\/www.gaveanews.com\/index.php\/2022\/10\/19\/adilio-sera-o-representante-do-flamengo-na-cerimonia-da-copa-do-brasil\/"},"wordCount":182,"commentCount":0,"image":{"@id":"https:\/\/www.gaveanews.com\/index.php\/2022\/10\/19\/adilio-sera-o-representante-do-flamengo-na-cerimonia-da-copa-do-brasil\/#primaryimage"},"thumbnailUrl":"https:\/\/www.gaveanews.com\/wp-content\/uploads\/Taca-da-Copa-do-Brasil.webp","articleSection":["Flamengo"],"inLanguage":"pt-BR","potentialAction":[{"@type":"CommentAction","name":"Comment","target":["https:\/\/www.gaveanews.com\/index.php\/2022\/10\/19\/adilio-sera-o-representante-do-flamengo-na-cerimonia-da-copa-do-brasil\/#respond"]}],"copyrightYear":"2022","copyrightHolder":{"@id":"https:\/\/www.gaveanews.com\/#organization"}},{"@type":"WebPage","@id":"https:\/\/www.gaveanews.com\/index.php\/2022\/10\/19\/adilio-sera-o-representante-do-flamengo-na-cerimonia-da-copa-do-brasil\/","url":"https:\/\/www.gaveanews.com\/index.php\/2022\/10\/19\/adilio-sera-o-representante-do-flamengo-na-cerimonia-da-copa-do-brasil\/","name":"Ad\u00edlio ser\u00e1 o representante do Flamengo na cerim\u00f4nia da Copa do Brasil","isPartOf":{"@id":"https:\/\/www.gaveanews.com\/#website"},"primaryImageOfPage":{"@id":"https:\/\/www.gaveanews.com\/index.php\/2022\/10\/19\/adilio-sera-o-representante-do-flamengo-na-cerimonia-da-copa-do-brasil\/#primaryimage"},"image":{"@id":"https:\/\/www.gaveanews.com\/index.php\/2022\/10\/19\/adilio-sera-o-representante-do-flamengo-na-cerimonia-da-copa-do-brasil\/#primaryimage"},"thumbnailUrl":"https:\/\/www.gaveanews.com\/wp-content\/uploads\/Taca-da-Copa-do-Brasil.webp","datePublished":"2022-10-19T10:38:33+00:00","dateModified":"2022-10-19T10:38:35+00:00","author":{"@id":"https:\/\/www.gaveanews.com\/#\/schema\/person\/2ec14f73fb96be2caf28f91afb14749d"},"breadcrumb":{"@id":"https:\/\/www.gaveanews.com\/index.php\/2022\/10\/19\/adilio-sera-o-representante-do-flamengo-na-cerimonia-da-copa-do-brasil\/#breadcrumb"},"inLanguage":"pt-BR","potentialAction":[{"@type":"ReadAction","target":["https:\/\/www.gaveanews.com\/index.php\/2022\/10\/19\/adilio-sera-o-representante-do-flamengo-na-cerimonia-da-copa-do-brasil\/"]}]},{"@type":"ImageObject","inLanguage":"pt-BR","@id":"https:\/\/www.gaveanews.com\/index.php\/2022\/10\/19\/adilio-sera-o-representante-do-flamengo-na-cerimonia-da-copa-do-brasil\/#primaryimage","url":"https:\/\/www.gaveanews.com\/wp-content\/uploads\/Taca-da-Copa-do-Brasil.webp","contentUrl":"https:\/\/www.gaveanews.com\/wp-content\/uploads\/Taca-da-Copa-do-Brasil.webp","width":846,"height":564,"caption":"Ta\u00e7a da Copa do Brasil (Foto: Lucas Figueiredo\/CBF)"},{"@type":"BreadcrumbList","@id":"https:\/\/www.gaveanews.com\/index.php\/2022\/10\/19\/adilio-sera-o-representante-do-flamengo-na-cerimonia-da-copa-do-brasil\/#breadcrumb","itemListElement":[{"@type":"ListItem","position":1,"name":"Home","item":"https:\/\/www.gaveanews.com\/"},{"@type":"ListItem","position":2,"name":"Ad\u00edlio ser\u00e1 o representante do Flamengo na cerim\u00f4nia da Copa do Brasil"}]},{"@type":"WebSite","@id":"https:\/\/www.gaveanews.com\/#website","url":"https:\/\/www.gaveanews.com\/","name":"G\u00e1vea News","description":"Veja todas as not\u00edcias sobre o Flamengo: Contrata\u00e7\u00f5es, categorias de base, resultados das partidas, tabela de classifica\u00e7\u00e3o, pr\u00f3ximos jogos!","potentialAction":[{"@type":"SearchAction","target":{"@type":"EntryPoint","urlTemplate":"https:\/\/www.gaveanews.com\/?s={search_term_string}"},"query-input":{"@type":"PropertyValueSpecification","valueRequired":true,"valueName":"search_term_string"}}],"inLanguage":"pt-BR"},{"@type":"Person","@id":"https:\/\/www.gaveanews.com\/#\/schema\/person\/2ec14f73fb96be2caf28f91afb14749d","name":"Equipe G\u00e1vea News","image":{"@type":"ImageObject","inLanguage":"pt-BR","@id":"https:\/\/www.gaveanews.com\/#\/schema\/person\/image\/","url":"https:\/\/secure.gravatar.com\/avatar\/1e1956f1facbffd3f8fa53a326721950116b3b9dc9bd44939c01180fd4a745a9?s=96&d=mm&r=g","contentUrl":"https:\/\/secure.gravatar.com\/avatar\/1e1956f1facbffd3f8fa53a326721950116b3b9dc9bd44939c01180fd4a745a9?s=96&d=mm&r=g","caption":"Equipe G\u00e1vea News"}}]}},"_links":{"self":[{"href":"https:\/\/www.gaveanews.com\/index.php\/wp-json\/wp\/v2\/posts\/89242","targetHints":{"allow":["GET"]}}],"collection":[{"href":"https:\/\/www.gaveanews.com\/index.php\/wp-json\/wp\/v2\/posts"}],"about":[{"href":"https:\/\/www.gaveanews.com\/index.php\/wp-json\/wp\/v2\/types\/post"}],"author":[{"embeddable":true,"href":"https:\/\/www.gaveanews.com\/index.php\/wp-json\/wp\/v2\/users\/1"}],"replies":[{"embeddable":true,"href":"https:\/\/www.gaveanews.com\/index.php\/wp-json\/wp\/v2\/comments?post=89242"}],"version-history":[{"count":0,"href":"https:\/\/www.gaveanews.com\/index.php\/wp-json\/wp\/v2\/posts\/89242\/revisions"}],"wp:featuredmedia":[{"embeddable":true,"href":"https:\/\/www.gaveanews.com\/index.php\/wp-json\/wp\/v2\/media\/70208"}],"wp:attachment":[{"href":"https:\/\/www.gaveanews.com\/index.php\/wp-json\/wp\/v2\/media?parent=89242"}],"wp:term":[{"taxonomy":"category","embeddable":true,"href":"https:\/\/www.gaveanews.com\/index.php\/wp-json\/wp\/v2\/categories?post=89242"},{"taxonomy":"post_tag","embeddable":true,"href":"https:\/\/www.gaveanews.com\/index.php\/wp-json\/wp\/v2\/tags?post=89242"}],"curies":[{"name":"wp","href":"https:\/\/api.w.org\/{rel}","templated":true}]}}