{"id":89265,"date":"2022-10-19T13:42:11","date_gmt":"2022-10-19T16:42:11","guid":{"rendered":"https:\/\/www.gaveanews.com\/?p=89265"},"modified":"2022-10-19T13:42:14","modified_gmt":"2022-10-19T16:42:14","slug":"tecnico-do-real-madrid-carlos-ancelotti-opina-sobre-a-posicao-de-vinicius-jr-no-ranking-do-bola-de-ouro","status":"publish","type":"post","link":"https:\/\/www.gaveanews.com\/index.php\/2022\/10\/19\/tecnico-do-real-madrid-carlos-ancelotti-opina-sobre-a-posicao-de-vinicius-jr-no-ranking-do-bola-de-ouro\/","title":{"rendered":"T\u00e9cnico do Real Madrid, Carlos Ancelotti opina sobre a posi\u00e7\u00e3o de Vinicius Jr no ranking do Bola de Ouro"},"content":{"rendered":"\n<p>O pr\u00eamio Bola de Ouro gerou uma s\u00e9rie de questionamentos na m\u00eddia. Entre os pontos contestados, est\u00e1 a coloca\u00e7\u00e3o de Vin\u00edcius J\u00fanior no ranking de melhor jogador.<\/p>\n\n\n\n<p>A categoria foi vencida por Karim Benzema, companheiro de Vini no ataque do Real Madrid. O cria da G\u00e1vea ficou na oitava coloca\u00e7\u00e3o. Para muitos, o jogador ex-Flamengo merecia uma posi\u00e7\u00e3o melhor.<\/p>\n\n\n\n<p>Contudo, para o t\u00e9cnico do Real Madrid, Carlo Ancelotti, a oitava posi\u00e7\u00e3o ficou de bom tamanho para Vini. O treinador afirmou que o resultado do ranking motiva o atacante a fazer uma temporada ainda melhor do que a de 2021\/2022.<\/p>\n\n\n\n<p><em>\u2014 Acredito que sim, \u00e9 justo. Porque isso permite que ele tente melhorar o que fez no ano passado. Ano passado foi quase tudo novo para todo mundo. Era um jogador com esta qualidade e continuidade. Para ele, acredito que isso d\u00e1 a oportunidade dele estar mais motivo para melhorar.<\/em><\/p>\n\n\n\n<p>Ainda nos primeiros passos da temporada 2022\/2023, Vini Jr soma 14 jogos pelo Real Madrid. Nestes compromissos, o atacante marcou sete gols e deu tr\u00eas assist\u00eancias.<\/p>\n","protected":false},"excerpt":{"rendered":"<p>O pr\u00eamio Bola de Ouro gerou uma s\u00e9rie de questionamentos na m\u00eddia. Entre os pontos contestados, est\u00e1 a coloca\u00e7\u00e3o de Vin\u00edcius J\u00fanior no ranking de melhor jogador. A categoria foi vencida por Karim Benzema, companheiro de Vini no ataque do Real Madrid. O cria da G\u00e1vea ficou na oitava coloca\u00e7\u00e3o. Para muitos, o jogador ex-Flamengo [&hellip;]<\/p>\n","protected":false},"author":4,"featured_media":89266,"comment_status":"open","ping_status":"closed","sticky":false,"template":"","format":"standard","meta":{"footnotes":""},"categories":[1],"tags":[],"class_list":["post-89265","post","type-post","status-publish","format-standard","has-post-thumbnail","hentry","category-flamengo"],"yoast_head":"<!-- This site is optimized with the Yoast SEO Premium plugin v24.2 (Yoast SEO v26.9) - https:\/\/yoast.com\/product\/yoast-seo-premium-wordpress\/ -->\n<title>T\u00e9cnico do Real Madrid, Carlos Ancelotti opina sobre a posi\u00e7\u00e3o de Vinicius Jr no ranking do Bola de Ouro<\/title>\n<meta name=\"robots\" content=\"index, follow, max-snippet:-1, max-image-preview:large, max-video-preview:-1\" \/>\n<link rel=\"canonical\" href=\"https:\/\/www.gaveanews.com\/index.php\/2022\/10\/19\/tecnico-do-real-madrid-carlos-ancelotti-opina-sobre-a-posicao-de-vinicius-jr-no-ranking-do-bola-de-ouro\/\" \/>\n<meta property=\"og:locale\" content=\"pt_BR\" \/>\n<meta property=\"og:type\" content=\"article\" \/>\n<meta property=\"og:title\" content=\"T\u00e9cnico do Real Madrid, Carlos Ancelotti opina sobre a posi\u00e7\u00e3o de Vinicius Jr no ranking do Bola de Ouro\" \/>\n<meta property=\"og:description\" content=\"O pr\u00eamio Bola de Ouro gerou uma s\u00e9rie de questionamentos na m\u00eddia. Entre os pontos contestados, est\u00e1 a coloca\u00e7\u00e3o de Vin\u00edcius J\u00fanior no ranking de melhor jogador. A categoria foi vencida por Karim Benzema, companheiro de Vini no ataque do Real Madrid. O cria da G\u00e1vea ficou na oitava coloca\u00e7\u00e3o. Para muitos, o jogador ex-Flamengo [&hellip;]\" \/>\n<meta property=\"og:url\" content=\"https:\/\/www.gaveanews.com\/index.php\/2022\/10\/19\/tecnico-do-real-madrid-carlos-ancelotti-opina-sobre-a-posicao-de-vinicius-jr-no-ranking-do-bola-de-ouro\/\" \/>\n<meta property=\"og:site_name\" content=\"G\u00e1vea News\" \/>\n<meta property=\"article:publisher\" content=\"https:\/\/facebook.com\/gaveaNews\/\" \/>\n<meta property=\"article:published_time\" content=\"2022-10-19T16:42:11+00:00\" \/>\n<meta property=\"article:modified_time\" content=\"2022-10-19T16:42:14+00:00\" \/>\n<meta property=\"og:image\" content=\"https:\/\/www.gaveanews.com\/wp-content\/uploads\/Trofeu-Bola-de-Ouro.webp\" \/>\n\t<meta property=\"og:image:width\" content=\"620\" \/>\n\t<meta property=\"og:image:height\" content=\"349\" \/>\n\t<meta property=\"og:image:type\" content=\"image\/webp\" \/>\n<meta name=\"author\" content=\"Let\u00edcia Gerheim\" \/>\n<meta name=\"twitter:card\" content=\"summary_large_image\" \/>\n<meta name=\"twitter:label1\" content=\"Escrito por\" \/>\n\t<meta name=\"twitter:data1\" content=\"Let\u00edcia Gerheim\" \/>\n\t<meta name=\"twitter:label2\" content=\"Est. tempo de leitura\" \/>\n\t<meta name=\"twitter:data2\" content=\"1 minuto\" \/>\n<script type=\"application\/ld+json\" class=\"yoast-schema-graph\">{\"@context\":\"https:\/\/schema.org\",\"@graph\":[{\"@type\":\"NewsArticle\",\"@id\":\"https:\/\/www.gaveanews.com\/index.php\/2022\/10\/19\/tecnico-do-real-madrid-carlos-ancelotti-opina-sobre-a-posicao-de-vinicius-jr-no-ranking-do-bola-de-ouro\/#article\",\"isPartOf\":{\"@id\":\"https:\/\/www.gaveanews.com\/index.php\/2022\/10\/19\/tecnico-do-real-madrid-carlos-ancelotti-opina-sobre-a-posicao-de-vinicius-jr-no-ranking-do-bola-de-ouro\/\"},\"author\":{\"name\":\"Let\u00edcia Gerheim\",\"@id\":\"https:\/\/www.gaveanews.com\/#\/schema\/person\/714c67050b836198af2450ba1c142a67\"},\"headline\":\"T\u00e9cnico do Real Madrid, Carlos Ancelotti opina sobre a posi\u00e7\u00e3o de Vinicius Jr no ranking do Bola de Ouro\",\"datePublished\":\"2022-10-19T16:42:11+00:00\",\"dateModified\":\"2022-10-19T16:42:14+00:00\",\"mainEntityOfPage\":{\"@id\":\"https:\/\/www.gaveanews.com\/index.php\/2022\/10\/19\/tecnico-do-real-madrid-carlos-ancelotti-opina-sobre-a-posicao-de-vinicius-jr-no-ranking-do-bola-de-ouro\/\"},\"wordCount\":204,\"commentCount\":0,\"image\":{\"@id\":\"https:\/\/www.gaveanews.com\/index.php\/2022\/10\/19\/tecnico-do-real-madrid-carlos-ancelotti-opina-sobre-a-posicao-de-vinicius-jr-no-ranking-do-bola-de-ouro\/#primaryimage\"},\"thumbnailUrl\":\"https:\/\/www.gaveanews.com\/wp-content\/uploads\/Trofeu-Bola-de-Ouro.webp\",\"articleSection\":[\"Flamengo\"],\"inLanguage\":\"pt-BR\",\"potentialAction\":[{\"@type\":\"CommentAction\",\"name\":\"Comment\",\"target\":[\"https:\/\/www.gaveanews.com\/index.php\/2022\/10\/19\/tecnico-do-real-madrid-carlos-ancelotti-opina-sobre-a-posicao-de-vinicius-jr-no-ranking-do-bola-de-ouro\/#respond\"]}],\"copyrightYear\":\"2022\",\"copyrightHolder\":{\"@id\":\"https:\/\/www.gaveanews.com\/#organization\"}},{\"@type\":\"WebPage\",\"@id\":\"https:\/\/www.gaveanews.com\/index.php\/2022\/10\/19\/tecnico-do-real-madrid-carlos-ancelotti-opina-sobre-a-posicao-de-vinicius-jr-no-ranking-do-bola-de-ouro\/\",\"url\":\"https:\/\/www.gaveanews.com\/index.php\/2022\/10\/19\/tecnico-do-real-madrid-carlos-ancelotti-opina-sobre-a-posicao-de-vinicius-jr-no-ranking-do-bola-de-ouro\/\",\"name\":\"T\u00e9cnico do Real Madrid, Carlos Ancelotti opina sobre a posi\u00e7\u00e3o de Vinicius Jr no ranking do Bola de Ouro\",\"isPartOf\":{\"@id\":\"https:\/\/www.gaveanews.com\/#website\"},\"primaryImageOfPage\":{\"@id\":\"https:\/\/www.gaveanews.com\/index.php\/2022\/10\/19\/tecnico-do-real-madrid-carlos-ancelotti-opina-sobre-a-posicao-de-vinicius-jr-no-ranking-do-bola-de-ouro\/#primaryimage\"},\"image\":{\"@id\":\"https:\/\/www.gaveanews.com\/index.php\/2022\/10\/19\/tecnico-do-real-madrid-carlos-ancelotti-opina-sobre-a-posicao-de-vinicius-jr-no-ranking-do-bola-de-ouro\/#primaryimage\"},\"thumbnailUrl\":\"https:\/\/www.gaveanews.com\/wp-content\/uploads\/Trofeu-Bola-de-Ouro.webp\",\"datePublished\":\"2022-10-19T16:42:11+00:00\",\"dateModified\":\"2022-10-19T16:42:14+00:00\",\"author\":{\"@id\":\"https:\/\/www.gaveanews.com\/#\/schema\/person\/714c67050b836198af2450ba1c142a67\"},\"breadcrumb\":{\"@id\":\"https:\/\/www.gaveanews.com\/index.php\/2022\/10\/19\/tecnico-do-real-madrid-carlos-ancelotti-opina-sobre-a-posicao-de-vinicius-jr-no-ranking-do-bola-de-ouro\/#breadcrumb\"},\"inLanguage\":\"pt-BR\",\"potentialAction\":[{\"@type\":\"ReadAction\",\"target\":[\"https:\/\/www.gaveanews.com\/index.php\/2022\/10\/19\/tecnico-do-real-madrid-carlos-ancelotti-opina-sobre-a-posicao-de-vinicius-jr-no-ranking-do-bola-de-ouro\/\"]}]},{\"@type\":\"ImageObject\",\"inLanguage\":\"pt-BR\",\"@id\":\"https:\/\/www.gaveanews.com\/index.php\/2022\/10\/19\/tecnico-do-real-madrid-carlos-ancelotti-opina-sobre-a-posicao-de-vinicius-jr-no-ranking-do-bola-de-ouro\/#primaryimage\",\"url\":\"https:\/\/www.gaveanews.com\/wp-content\/uploads\/Trofeu-Bola-de-Ouro.webp\",\"contentUrl\":\"https:\/\/www.gaveanews.com\/wp-content\/uploads\/Trofeu-Bola-de-Ouro.webp\",\"width\":620,\"height\":349,\"caption\":\"Trof\u00e9u Bola de Ouro (Foto: Getty Images)\"},{\"@type\":\"BreadcrumbList\",\"@id\":\"https:\/\/www.gaveanews.com\/index.php\/2022\/10\/19\/tecnico-do-real-madrid-carlos-ancelotti-opina-sobre-a-posicao-de-vinicius-jr-no-ranking-do-bola-de-ouro\/#breadcrumb\",\"itemListElement\":[{\"@type\":\"ListItem\",\"position\":1,\"name\":\"Home\",\"item\":\"https:\/\/www.gaveanews.com\/\"},{\"@type\":\"ListItem\",\"position\":2,\"name\":\"T\u00e9cnico do Real Madrid, Carlos Ancelotti opina sobre a posi\u00e7\u00e3o de Vinicius Jr no ranking do Bola de Ouro\"}]},{\"@type\":\"WebSite\",\"@id\":\"https:\/\/www.gaveanews.com\/#website\",\"url\":\"https:\/\/www.gaveanews.com\/\",\"name\":\"G\u00e1vea News\",\"description\":\"Veja todas as not\u00edcias sobre o Flamengo: Contrata\u00e7\u00f5es, categorias de base, resultados das partidas, tabela de classifica\u00e7\u00e3o, pr\u00f3ximos jogos!\",\"potentialAction\":[{\"@type\":\"SearchAction\",\"target\":{\"@type\":\"EntryPoint\",\"urlTemplate\":\"https:\/\/www.gaveanews.com\/?s={search_term_string}\"},\"query-input\":{\"@type\":\"PropertyValueSpecification\",\"valueRequired\":true,\"valueName\":\"search_term_string\"}}],\"inLanguage\":\"pt-BR\"},{\"@type\":\"Person\",\"@id\":\"https:\/\/www.gaveanews.com\/#\/schema\/person\/714c67050b836198af2450ba1c142a67\",\"name\":\"Let\u00edcia Gerheim\",\"image\":{\"@type\":\"ImageObject\",\"inLanguage\":\"pt-BR\",\"@id\":\"https:\/\/www.gaveanews.com\/#\/schema\/person\/image\/\",\"url\":\"https:\/\/secure.gravatar.com\/avatar\/60734739c50fcebfbac509e2a826ccd0ff405c019bc73aab9354f19ecad1dcb4?s=96&d=mm&r=g\",\"contentUrl\":\"https:\/\/secure.gravatar.com\/avatar\/60734739c50fcebfbac509e2a826ccd0ff405c019bc73aab9354f19ecad1dcb4?s=96&d=mm&r=g\",\"caption\":\"Let\u00edcia Gerheim\"}}]}<\/script>\n<!-- \/ Yoast SEO Premium plugin. -->","yoast_head_json":{"title":"T\u00e9cnico do Real Madrid, Carlos Ancelotti opina sobre a posi\u00e7\u00e3o de Vinicius Jr no ranking do Bola de Ouro","robots":{"index":"index","follow":"follow","max-snippet":"max-snippet:-1","max-image-preview":"max-image-preview:large","max-video-preview":"max-video-preview:-1"},"canonical":"https:\/\/www.gaveanews.com\/index.php\/2022\/10\/19\/tecnico-do-real-madrid-carlos-ancelotti-opina-sobre-a-posicao-de-vinicius-jr-no-ranking-do-bola-de-ouro\/","og_locale":"pt_BR","og_type":"article","og_title":"T\u00e9cnico do Real Madrid, Carlos Ancelotti opina sobre a posi\u00e7\u00e3o de Vinicius Jr no ranking do Bola de Ouro","og_description":"O pr\u00eamio Bola de Ouro gerou uma s\u00e9rie de questionamentos na m\u00eddia. Entre os pontos contestados, est\u00e1 a coloca\u00e7\u00e3o de Vin\u00edcius J\u00fanior no ranking de melhor jogador. A categoria foi vencida por Karim Benzema, companheiro de Vini no ataque do Real Madrid. O cria da G\u00e1vea ficou na oitava coloca\u00e7\u00e3o. Para muitos, o jogador ex-Flamengo [&hellip;]","og_url":"https:\/\/www.gaveanews.com\/index.php\/2022\/10\/19\/tecnico-do-real-madrid-carlos-ancelotti-opina-sobre-a-posicao-de-vinicius-jr-no-ranking-do-bola-de-ouro\/","og_site_name":"G\u00e1vea News","article_publisher":"https:\/\/facebook.com\/gaveaNews\/","article_published_time":"2022-10-19T16:42:11+00:00","article_modified_time":"2022-10-19T16:42:14+00:00","og_image":[{"width":620,"height":349,"url":"https:\/\/www.gaveanews.com\/wp-content\/uploads\/Trofeu-Bola-de-Ouro.webp","type":"image\/webp"}],"author":"Let\u00edcia Gerheim","twitter_card":"summary_large_image","twitter_misc":{"Escrito por":"Let\u00edcia Gerheim","Est. tempo de leitura":"1 minuto"},"schema":{"@context":"https:\/\/schema.org","@graph":[{"@type":"NewsArticle","@id":"https:\/\/www.gaveanews.com\/index.php\/2022\/10\/19\/tecnico-do-real-madrid-carlos-ancelotti-opina-sobre-a-posicao-de-vinicius-jr-no-ranking-do-bola-de-ouro\/#article","isPartOf":{"@id":"https:\/\/www.gaveanews.com\/index.php\/2022\/10\/19\/tecnico-do-real-madrid-carlos-ancelotti-opina-sobre-a-posicao-de-vinicius-jr-no-ranking-do-bola-de-ouro\/"},"author":{"name":"Let\u00edcia Gerheim","@id":"https:\/\/www.gaveanews.com\/#\/schema\/person\/714c67050b836198af2450ba1c142a67"},"headline":"T\u00e9cnico do Real Madrid, Carlos Ancelotti opina sobre a posi\u00e7\u00e3o de Vinicius Jr no ranking do Bola de Ouro","datePublished":"2022-10-19T16:42:11+00:00","dateModified":"2022-10-19T16:42:14+00:00","mainEntityOfPage":{"@id":"https:\/\/www.gaveanews.com\/index.php\/2022\/10\/19\/tecnico-do-real-madrid-carlos-ancelotti-opina-sobre-a-posicao-de-vinicius-jr-no-ranking-do-bola-de-ouro\/"},"wordCount":204,"commentCount":0,"image":{"@id":"https:\/\/www.gaveanews.com\/index.php\/2022\/10\/19\/tecnico-do-real-madrid-carlos-ancelotti-opina-sobre-a-posicao-de-vinicius-jr-no-ranking-do-bola-de-ouro\/#primaryimage"},"thumbnailUrl":"https:\/\/www.gaveanews.com\/wp-content\/uploads\/Trofeu-Bola-de-Ouro.webp","articleSection":["Flamengo"],"inLanguage":"pt-BR","potentialAction":[{"@type":"CommentAction","name":"Comment","target":["https:\/\/www.gaveanews.com\/index.php\/2022\/10\/19\/tecnico-do-real-madrid-carlos-ancelotti-opina-sobre-a-posicao-de-vinicius-jr-no-ranking-do-bola-de-ouro\/#respond"]}],"copyrightYear":"2022","copyrightHolder":{"@id":"https:\/\/www.gaveanews.com\/#organization"}},{"@type":"WebPage","@id":"https:\/\/www.gaveanews.com\/index.php\/2022\/10\/19\/tecnico-do-real-madrid-carlos-ancelotti-opina-sobre-a-posicao-de-vinicius-jr-no-ranking-do-bola-de-ouro\/","url":"https:\/\/www.gaveanews.com\/index.php\/2022\/10\/19\/tecnico-do-real-madrid-carlos-ancelotti-opina-sobre-a-posicao-de-vinicius-jr-no-ranking-do-bola-de-ouro\/","name":"T\u00e9cnico do Real Madrid, Carlos Ancelotti opina sobre a posi\u00e7\u00e3o de Vinicius Jr no ranking do Bola de Ouro","isPartOf":{"@id":"https:\/\/www.gaveanews.com\/#website"},"primaryImageOfPage":{"@id":"https:\/\/www.gaveanews.com\/index.php\/2022\/10\/19\/tecnico-do-real-madrid-carlos-ancelotti-opina-sobre-a-posicao-de-vinicius-jr-no-ranking-do-bola-de-ouro\/#primaryimage"},"image":{"@id":"https:\/\/www.gaveanews.com\/index.php\/2022\/10\/19\/tecnico-do-real-madrid-carlos-ancelotti-opina-sobre-a-posicao-de-vinicius-jr-no-ranking-do-bola-de-ouro\/#primaryimage"},"thumbnailUrl":"https:\/\/www.gaveanews.com\/wp-content\/uploads\/Trofeu-Bola-de-Ouro.webp","datePublished":"2022-10-19T16:42:11+00:00","dateModified":"2022-10-19T16:42:14+00:00","author":{"@id":"https:\/\/www.gaveanews.com\/#\/schema\/person\/714c67050b836198af2450ba1c142a67"},"breadcrumb":{"@id":"https:\/\/www.gaveanews.com\/index.php\/2022\/10\/19\/tecnico-do-real-madrid-carlos-ancelotti-opina-sobre-a-posicao-de-vinicius-jr-no-ranking-do-bola-de-ouro\/#breadcrumb"},"inLanguage":"pt-BR","potentialAction":[{"@type":"ReadAction","target":["https:\/\/www.gaveanews.com\/index.php\/2022\/10\/19\/tecnico-do-real-madrid-carlos-ancelotti-opina-sobre-a-posicao-de-vinicius-jr-no-ranking-do-bola-de-ouro\/"]}]},{"@type":"ImageObject","inLanguage":"pt-BR","@id":"https:\/\/www.gaveanews.com\/index.php\/2022\/10\/19\/tecnico-do-real-madrid-carlos-ancelotti-opina-sobre-a-posicao-de-vinicius-jr-no-ranking-do-bola-de-ouro\/#primaryimage","url":"https:\/\/www.gaveanews.com\/wp-content\/uploads\/Trofeu-Bola-de-Ouro.webp","contentUrl":"https:\/\/www.gaveanews.com\/wp-content\/uploads\/Trofeu-Bola-de-Ouro.webp","width":620,"height":349,"caption":"Trof\u00e9u Bola de Ouro (Foto: Getty Images)"},{"@type":"BreadcrumbList","@id":"https:\/\/www.gaveanews.com\/index.php\/2022\/10\/19\/tecnico-do-real-madrid-carlos-ancelotti-opina-sobre-a-posicao-de-vinicius-jr-no-ranking-do-bola-de-ouro\/#breadcrumb","itemListElement":[{"@type":"ListItem","position":1,"name":"Home","item":"https:\/\/www.gaveanews.com\/"},{"@type":"ListItem","position":2,"name":"T\u00e9cnico do Real Madrid, Carlos Ancelotti opina sobre a posi\u00e7\u00e3o de Vinicius Jr no ranking do Bola de Ouro"}]},{"@type":"WebSite","@id":"https:\/\/www.gaveanews.com\/#website","url":"https:\/\/www.gaveanews.com\/","name":"G\u00e1vea News","description":"Veja todas as not\u00edcias sobre o Flamengo: Contrata\u00e7\u00f5es, categorias de base, resultados das partidas, tabela de classifica\u00e7\u00e3o, pr\u00f3ximos jogos!","potentialAction":[{"@type":"SearchAction","target":{"@type":"EntryPoint","urlTemplate":"https:\/\/www.gaveanews.com\/?s={search_term_string}"},"query-input":{"@type":"PropertyValueSpecification","valueRequired":true,"valueName":"search_term_string"}}],"inLanguage":"pt-BR"},{"@type":"Person","@id":"https:\/\/www.gaveanews.com\/#\/schema\/person\/714c67050b836198af2450ba1c142a67","name":"Let\u00edcia Gerheim","image":{"@type":"ImageObject","inLanguage":"pt-BR","@id":"https:\/\/www.gaveanews.com\/#\/schema\/person\/image\/","url":"https:\/\/secure.gravatar.com\/avatar\/60734739c50fcebfbac509e2a826ccd0ff405c019bc73aab9354f19ecad1dcb4?s=96&d=mm&r=g","contentUrl":"https:\/\/secure.gravatar.com\/avatar\/60734739c50fcebfbac509e2a826ccd0ff405c019bc73aab9354f19ecad1dcb4?s=96&d=mm&r=g","caption":"Let\u00edcia Gerheim"}}]}},"_links":{"self":[{"href":"https:\/\/www.gaveanews.com\/index.php\/wp-json\/wp\/v2\/posts\/89265","targetHints":{"allow":["GET"]}}],"collection":[{"href":"https:\/\/www.gaveanews.com\/index.php\/wp-json\/wp\/v2\/posts"}],"about":[{"href":"https:\/\/www.gaveanews.com\/index.php\/wp-json\/wp\/v2\/types\/post"}],"author":[{"embeddable":true,"href":"https:\/\/www.gaveanews.com\/index.php\/wp-json\/wp\/v2\/users\/4"}],"replies":[{"embeddable":true,"href":"https:\/\/www.gaveanews.com\/index.php\/wp-json\/wp\/v2\/comments?post=89265"}],"version-history":[{"count":0,"href":"https:\/\/www.gaveanews.com\/index.php\/wp-json\/wp\/v2\/posts\/89265\/revisions"}],"wp:featuredmedia":[{"embeddable":true,"href":"https:\/\/www.gaveanews.com\/index.php\/wp-json\/wp\/v2\/media\/89266"}],"wp:attachment":[{"href":"https:\/\/www.gaveanews.com\/index.php\/wp-json\/wp\/v2\/media?parent=89265"}],"wp:term":[{"taxonomy":"category","embeddable":true,"href":"https:\/\/www.gaveanews.com\/index.php\/wp-json\/wp\/v2\/categories?post=89265"},{"taxonomy":"post_tag","embeddable":true,"href":"https:\/\/www.gaveanews.com\/index.php\/wp-json\/wp\/v2\/tags?post=89265"}],"curies":[{"name":"wp","href":"https:\/\/api.w.org\/{rel}","templated":true}]}}