{"id":89271,"date":"2022-10-19T15:07:55","date_gmt":"2022-10-19T18:07:55","guid":{"rendered":"https:\/\/www.gaveanews.com\/?p=89271"},"modified":"2024-04-06T23:04:48","modified_gmt":"2024-04-07T02:04:48","slug":"mauro-cezar-pereira-diz-que-revelacao-do-flamengo-e-superestimado","status":"publish","type":"post","link":"https:\/\/www.gaveanews.com\/index.php\/2022\/10\/19\/mauro-cezar-pereira-diz-que-revelacao-do-flamengo-e-superestimado\/","title":{"rendered":"Mauro Cezar Pereira diz que revela\u00e7\u00e3o do Flamengo \u00e9 &#8220;superestimado&#8221;"},"content":{"rendered":"\n<p>O jornalista Mauro Cezar Pereira, da r\u00e1dio Jovem Pan, minimizou a aus\u00eancia do volante Jo\u00e3o Gomes no meio-campo do Flamengo para a grande decis\u00e3o da Copa do Brasil, contra o Corinthians. Durante o programa &#8220;Bate Pronto&#8221;, o comentarista taxou o jovem jogador como &#8220;superestimado&#8221; e afirmou que, o chileno Arturo Vidal dar\u00e1 conta da miss\u00e3o substitui-lo na partida.<\/p>\n\n\n\n<p><em>\u2014 Acho o Jo\u00e3o Gomes um jogador superestimado. \u00c9 bom jogador, muito promissor, mas n\u00e3o \u00e9 brilhante do meio-campo para frente. \u00c9 um cara que destaca pelas intercepta\u00e7\u00f5es, pelos desarmes, \u00e9 um jogador muito voluntariosos e a torcida gosta disso. Contudo, n\u00e3o tem compara\u00e7\u00e3o, estamos falando do Vidal, jogador de Copa do Mundo, s\u00f3 de camisa pesada<\/em> &#8211; pontuou Mauro Cezar.<\/p>\n\n\n\n<p>Jo\u00e3o Gomes recebeu cart\u00e3o amarelo aos 22 minutos do primeiro tempo, por falta em Fagner, na partida de ida do confronto, na Neo Qu\u00edmica Arena, e acabou ficando de fora do jogo da decisivo.<\/p>\n\n\n\n<p>Ao analisar taticamente o confronto, o jornalista ressaltou a import\u00e2ncia da presen\u00e7a de Vidal contra o Corinthians.<\/p>\n\n\n\n<p><em>\u2014 \u00c9 um jogo que a tend\u00eancia \u00e9 que o Flamengo ter\u00e1 a bola no campo de ataque. Ent\u00e3o, ela vai passar muito pelos p\u00e9s do Vidal e isso pode dar muita qualidade no passe, nas invers\u00f5es de jogo, sem contar que ele desarma tamb\u00e9m. Ele encontra alguns atalhos para dar os botes, n\u00e3o \u00e9 um jogador que vai atuar parado, ele participa do jogo<\/em> &#8211; destacou.<\/p>\n\n\n\n<p>Flamengo e Corinthians se enfrentam nesta quarta-feira, \u00e0s 21h45, no Maracan\u00e3, pelo segundo jogo da final da Copa do Brasil. Todos ingressos para decis\u00e3o j\u00e1 est\u00e3o esgotados.<\/p>\n\n\n\n<p>Vale lembrar que o jogo de ida da final da Copa do Brasil terminou empatado por 0 a 0. Portanto, as duas equipes precisam apenas de uma vit\u00f3ria para conquistar o t\u00edtulo da competi\u00e7\u00e3o. Em caso de novo empate, a ta\u00e7a ser\u00e1 decidida nas penalidades.<\/p>\n\n\n\n<p>Retirado de: Lance<\/p>\n","protected":false},"excerpt":{"rendered":"<p>O jornalista Mauro Cezar Pereira, da r\u00e1dio Jovem Pan, minimizou a aus\u00eancia do volante Jo\u00e3o Gomes no meio-campo do Flamengo para a grande decis\u00e3o da Copa do Brasil, contra o Corinthians. Durante o programa &#8220;Bate Pronto&#8221;, o comentarista taxou o jovem jogador como &#8220;superestimado&#8221; e afirmou que, o chileno Arturo Vidal dar\u00e1 conta da miss\u00e3o [&hellip;]<\/p>\n","protected":false},"author":1,"featured_media":56367,"comment_status":"open","ping_status":"closed","sticky":false,"template":"","format":"standard","meta":{"footnotes":""},"categories":[1],"tags":[170],"class_list":["post-89271","post","type-post","status-publish","format-standard","has-post-thumbnail","hentry","category-flamengo","tag-mauro-cezar-pereira"],"yoast_head":"<!-- This site is optimized with the Yoast SEO Premium plugin v24.2 (Yoast SEO v26.9) - https:\/\/yoast.com\/product\/yoast-seo-premium-wordpress\/ -->\n<title>Mauro Cezar Pereira diz que revela\u00e7\u00e3o do Flamengo \u00e9 &quot;superestimado&quot;<\/title>\n<meta name=\"robots\" content=\"index, follow, max-snippet:-1, max-image-preview:large, max-video-preview:-1\" \/>\n<link rel=\"canonical\" href=\"https:\/\/www.gaveanews.com\/index.php\/2022\/10\/19\/mauro-cezar-pereira-diz-que-revelacao-do-flamengo-e-superestimado\/\" \/>\n<meta property=\"og:locale\" content=\"pt_BR\" \/>\n<meta property=\"og:type\" content=\"article\" \/>\n<meta property=\"og:title\" content=\"Mauro Cezar Pereira diz que revela\u00e7\u00e3o do Flamengo \u00e9 &quot;superestimado&quot;\" \/>\n<meta property=\"og:description\" content=\"O jornalista Mauro Cezar Pereira, da r\u00e1dio Jovem Pan, minimizou a aus\u00eancia do volante Jo\u00e3o Gomes no meio-campo do Flamengo para a grande decis\u00e3o da Copa do Brasil, contra o Corinthians. Durante o programa &#8220;Bate Pronto&#8221;, o comentarista taxou o jovem jogador como &#8220;superestimado&#8221; e afirmou que, o chileno Arturo Vidal dar\u00e1 conta da miss\u00e3o [&hellip;]\" \/>\n<meta property=\"og:url\" content=\"https:\/\/www.gaveanews.com\/index.php\/2022\/10\/19\/mauro-cezar-pereira-diz-que-revelacao-do-flamengo-e-superestimado\/\" \/>\n<meta property=\"og:site_name\" content=\"G\u00e1vea News\" \/>\n<meta property=\"article:publisher\" content=\"https:\/\/facebook.com\/gaveaNews\/\" \/>\n<meta property=\"article:published_time\" content=\"2022-10-19T18:07:55+00:00\" \/>\n<meta property=\"article:modified_time\" content=\"2024-04-07T02:04:48+00:00\" \/>\n<meta property=\"og:image\" content=\"https:\/\/www.gaveanews.com\/wp-content\/uploads\/Mauro-Cezar-em-participacao-na-Uol-Esporte.webp\" \/>\n\t<meta property=\"og:image:width\" content=\"900\" \/>\n\t<meta property=\"og:image:height\" content=\"506\" \/>\n\t<meta property=\"og:image:type\" content=\"image\/png\" \/>\n<meta name=\"author\" content=\"Equipe G\u00e1vea News\" \/>\n<meta name=\"twitter:card\" content=\"summary_large_image\" \/>\n<meta name=\"twitter:label1\" content=\"Escrito por\" \/>\n\t<meta name=\"twitter:data1\" content=\"Equipe G\u00e1vea News\" \/>\n\t<meta name=\"twitter:label2\" content=\"Est. tempo de leitura\" \/>\n\t<meta name=\"twitter:data2\" content=\"2 minutos\" \/>\n<script type=\"application\/ld+json\" class=\"yoast-schema-graph\">{\"@context\":\"https:\/\/schema.org\",\"@graph\":[{\"@type\":\"NewsArticle\",\"@id\":\"https:\/\/www.gaveanews.com\/index.php\/2022\/10\/19\/mauro-cezar-pereira-diz-que-revelacao-do-flamengo-e-superestimado\/#article\",\"isPartOf\":{\"@id\":\"https:\/\/www.gaveanews.com\/index.php\/2022\/10\/19\/mauro-cezar-pereira-diz-que-revelacao-do-flamengo-e-superestimado\/\"},\"author\":{\"name\":\"Equipe G\u00e1vea News\",\"@id\":\"https:\/\/www.gaveanews.com\/#\/schema\/person\/2ec14f73fb96be2caf28f91afb14749d\"},\"headline\":\"Mauro Cezar Pereira diz que revela\u00e7\u00e3o do Flamengo \u00e9 &#8220;superestimado&#8221;\",\"datePublished\":\"2022-10-19T18:07:55+00:00\",\"dateModified\":\"2024-04-07T02:04:48+00:00\",\"mainEntityOfPage\":{\"@id\":\"https:\/\/www.gaveanews.com\/index.php\/2022\/10\/19\/mauro-cezar-pereira-diz-que-revelacao-do-flamengo-e-superestimado\/\"},\"wordCount\":337,\"commentCount\":0,\"image\":{\"@id\":\"https:\/\/www.gaveanews.com\/index.php\/2022\/10\/19\/mauro-cezar-pereira-diz-que-revelacao-do-flamengo-e-superestimado\/#primaryimage\"},\"thumbnailUrl\":\"https:\/\/www.gaveanews.com\/wp-content\/uploads\/Mauro-Cezar-em-participacao-na-Uol-Esporte.webp\",\"keywords\":[\"Mauro Cezar Pereira\"],\"articleSection\":[\"Flamengo\"],\"inLanguage\":\"pt-BR\",\"potentialAction\":[{\"@type\":\"CommentAction\",\"name\":\"Comment\",\"target\":[\"https:\/\/www.gaveanews.com\/index.php\/2022\/10\/19\/mauro-cezar-pereira-diz-que-revelacao-do-flamengo-e-superestimado\/#respond\"]}],\"copyrightYear\":\"2022\",\"copyrightHolder\":{\"@id\":\"https:\/\/www.gaveanews.com\/#organization\"}},{\"@type\":\"WebPage\",\"@id\":\"https:\/\/www.gaveanews.com\/index.php\/2022\/10\/19\/mauro-cezar-pereira-diz-que-revelacao-do-flamengo-e-superestimado\/\",\"url\":\"https:\/\/www.gaveanews.com\/index.php\/2022\/10\/19\/mauro-cezar-pereira-diz-que-revelacao-do-flamengo-e-superestimado\/\",\"name\":\"Mauro Cezar Pereira diz que revela\u00e7\u00e3o do Flamengo \u00e9 \\\"superestimado\\\"\",\"isPartOf\":{\"@id\":\"https:\/\/www.gaveanews.com\/#website\"},\"primaryImageOfPage\":{\"@id\":\"https:\/\/www.gaveanews.com\/index.php\/2022\/10\/19\/mauro-cezar-pereira-diz-que-revelacao-do-flamengo-e-superestimado\/#primaryimage\"},\"image\":{\"@id\":\"https:\/\/www.gaveanews.com\/index.php\/2022\/10\/19\/mauro-cezar-pereira-diz-que-revelacao-do-flamengo-e-superestimado\/#primaryimage\"},\"thumbnailUrl\":\"https:\/\/www.gaveanews.com\/wp-content\/uploads\/Mauro-Cezar-em-participacao-na-Uol-Esporte.webp\",\"datePublished\":\"2022-10-19T18:07:55+00:00\",\"dateModified\":\"2024-04-07T02:04:48+00:00\",\"author\":{\"@id\":\"https:\/\/www.gaveanews.com\/#\/schema\/person\/2ec14f73fb96be2caf28f91afb14749d\"},\"breadcrumb\":{\"@id\":\"https:\/\/www.gaveanews.com\/index.php\/2022\/10\/19\/mauro-cezar-pereira-diz-que-revelacao-do-flamengo-e-superestimado\/#breadcrumb\"},\"inLanguage\":\"pt-BR\",\"potentialAction\":[{\"@type\":\"ReadAction\",\"target\":[\"https:\/\/www.gaveanews.com\/index.php\/2022\/10\/19\/mauro-cezar-pereira-diz-que-revelacao-do-flamengo-e-superestimado\/\"]}]},{\"@type\":\"ImageObject\",\"inLanguage\":\"pt-BR\",\"@id\":\"https:\/\/www.gaveanews.com\/index.php\/2022\/10\/19\/mauro-cezar-pereira-diz-que-revelacao-do-flamengo-e-superestimado\/#primaryimage\",\"url\":\"https:\/\/www.gaveanews.com\/wp-content\/uploads\/Mauro-Cezar-em-participacao-na-Uol-Esporte.webp\",\"contentUrl\":\"https:\/\/www.gaveanews.com\/wp-content\/uploads\/Mauro-Cezar-em-participacao-na-Uol-Esporte.webp\",\"width\":900,\"height\":506,\"caption\":\"Mauro Cezar, comentarista da UOL Esporte (Foto: Reprodu\u00e7\u00e3o\/UOL Esporte)\"},{\"@type\":\"BreadcrumbList\",\"@id\":\"https:\/\/www.gaveanews.com\/index.php\/2022\/10\/19\/mauro-cezar-pereira-diz-que-revelacao-do-flamengo-e-superestimado\/#breadcrumb\",\"itemListElement\":[{\"@type\":\"ListItem\",\"position\":1,\"name\":\"Home\",\"item\":\"https:\/\/www.gaveanews.com\/\"},{\"@type\":\"ListItem\",\"position\":2,\"name\":\"Mauro Cezar Pereira diz que revela\u00e7\u00e3o do Flamengo \u00e9 &#8220;superestimado&#8221;\"}]},{\"@type\":\"WebSite\",\"@id\":\"https:\/\/www.gaveanews.com\/#website\",\"url\":\"https:\/\/www.gaveanews.com\/\",\"name\":\"G\u00e1vea News\",\"description\":\"Veja todas as not\u00edcias sobre o Flamengo: Contrata\u00e7\u00f5es, categorias de base, resultados das partidas, tabela de classifica\u00e7\u00e3o, pr\u00f3ximos jogos!\",\"potentialAction\":[{\"@type\":\"SearchAction\",\"target\":{\"@type\":\"EntryPoint\",\"urlTemplate\":\"https:\/\/www.gaveanews.com\/?s={search_term_string}\"},\"query-input\":{\"@type\":\"PropertyValueSpecification\",\"valueRequired\":true,\"valueName\":\"search_term_string\"}}],\"inLanguage\":\"pt-BR\"},{\"@type\":\"Person\",\"@id\":\"https:\/\/www.gaveanews.com\/#\/schema\/person\/2ec14f73fb96be2caf28f91afb14749d\",\"name\":\"Equipe G\u00e1vea News\",\"image\":{\"@type\":\"ImageObject\",\"inLanguage\":\"pt-BR\",\"@id\":\"https:\/\/www.gaveanews.com\/#\/schema\/person\/image\/\",\"url\":\"https:\/\/secure.gravatar.com\/avatar\/1e1956f1facbffd3f8fa53a326721950116b3b9dc9bd44939c01180fd4a745a9?s=96&d=mm&r=g\",\"contentUrl\":\"https:\/\/secure.gravatar.com\/avatar\/1e1956f1facbffd3f8fa53a326721950116b3b9dc9bd44939c01180fd4a745a9?s=96&d=mm&r=g\",\"caption\":\"Equipe G\u00e1vea News\"}}]}<\/script>\n<!-- \/ Yoast SEO Premium plugin. -->","yoast_head_json":{"title":"Mauro Cezar Pereira diz que revela\u00e7\u00e3o do Flamengo \u00e9 \"superestimado\"","robots":{"index":"index","follow":"follow","max-snippet":"max-snippet:-1","max-image-preview":"max-image-preview:large","max-video-preview":"max-video-preview:-1"},"canonical":"https:\/\/www.gaveanews.com\/index.php\/2022\/10\/19\/mauro-cezar-pereira-diz-que-revelacao-do-flamengo-e-superestimado\/","og_locale":"pt_BR","og_type":"article","og_title":"Mauro Cezar Pereira diz que revela\u00e7\u00e3o do Flamengo \u00e9 \"superestimado\"","og_description":"O jornalista Mauro Cezar Pereira, da r\u00e1dio Jovem Pan, minimizou a aus\u00eancia do volante Jo\u00e3o Gomes no meio-campo do Flamengo para a grande decis\u00e3o da Copa do Brasil, contra o Corinthians. Durante o programa &#8220;Bate Pronto&#8221;, o comentarista taxou o jovem jogador como &#8220;superestimado&#8221; e afirmou que, o chileno Arturo Vidal dar\u00e1 conta da miss\u00e3o [&hellip;]","og_url":"https:\/\/www.gaveanews.com\/index.php\/2022\/10\/19\/mauro-cezar-pereira-diz-que-revelacao-do-flamengo-e-superestimado\/","og_site_name":"G\u00e1vea News","article_publisher":"https:\/\/facebook.com\/gaveaNews\/","article_published_time":"2022-10-19T18:07:55+00:00","article_modified_time":"2024-04-07T02:04:48+00:00","og_image":[{"width":900,"height":506,"url":"https:\/\/www.gaveanews.com\/wp-content\/uploads\/Mauro-Cezar-em-participacao-na-Uol-Esporte.webp","type":"image\/png"}],"author":"Equipe G\u00e1vea News","twitter_card":"summary_large_image","twitter_misc":{"Escrito por":"Equipe G\u00e1vea News","Est. tempo de leitura":"2 minutos"},"schema":{"@context":"https:\/\/schema.org","@graph":[{"@type":"NewsArticle","@id":"https:\/\/www.gaveanews.com\/index.php\/2022\/10\/19\/mauro-cezar-pereira-diz-que-revelacao-do-flamengo-e-superestimado\/#article","isPartOf":{"@id":"https:\/\/www.gaveanews.com\/index.php\/2022\/10\/19\/mauro-cezar-pereira-diz-que-revelacao-do-flamengo-e-superestimado\/"},"author":{"name":"Equipe G\u00e1vea News","@id":"https:\/\/www.gaveanews.com\/#\/schema\/person\/2ec14f73fb96be2caf28f91afb14749d"},"headline":"Mauro Cezar Pereira diz que revela\u00e7\u00e3o do Flamengo \u00e9 &#8220;superestimado&#8221;","datePublished":"2022-10-19T18:07:55+00:00","dateModified":"2024-04-07T02:04:48+00:00","mainEntityOfPage":{"@id":"https:\/\/www.gaveanews.com\/index.php\/2022\/10\/19\/mauro-cezar-pereira-diz-que-revelacao-do-flamengo-e-superestimado\/"},"wordCount":337,"commentCount":0,"image":{"@id":"https:\/\/www.gaveanews.com\/index.php\/2022\/10\/19\/mauro-cezar-pereira-diz-que-revelacao-do-flamengo-e-superestimado\/#primaryimage"},"thumbnailUrl":"https:\/\/www.gaveanews.com\/wp-content\/uploads\/Mauro-Cezar-em-participacao-na-Uol-Esporte.webp","keywords":["Mauro Cezar Pereira"],"articleSection":["Flamengo"],"inLanguage":"pt-BR","potentialAction":[{"@type":"CommentAction","name":"Comment","target":["https:\/\/www.gaveanews.com\/index.php\/2022\/10\/19\/mauro-cezar-pereira-diz-que-revelacao-do-flamengo-e-superestimado\/#respond"]}],"copyrightYear":"2022","copyrightHolder":{"@id":"https:\/\/www.gaveanews.com\/#organization"}},{"@type":"WebPage","@id":"https:\/\/www.gaveanews.com\/index.php\/2022\/10\/19\/mauro-cezar-pereira-diz-que-revelacao-do-flamengo-e-superestimado\/","url":"https:\/\/www.gaveanews.com\/index.php\/2022\/10\/19\/mauro-cezar-pereira-diz-que-revelacao-do-flamengo-e-superestimado\/","name":"Mauro Cezar Pereira diz que revela\u00e7\u00e3o do Flamengo \u00e9 \"superestimado\"","isPartOf":{"@id":"https:\/\/www.gaveanews.com\/#website"},"primaryImageOfPage":{"@id":"https:\/\/www.gaveanews.com\/index.php\/2022\/10\/19\/mauro-cezar-pereira-diz-que-revelacao-do-flamengo-e-superestimado\/#primaryimage"},"image":{"@id":"https:\/\/www.gaveanews.com\/index.php\/2022\/10\/19\/mauro-cezar-pereira-diz-que-revelacao-do-flamengo-e-superestimado\/#primaryimage"},"thumbnailUrl":"https:\/\/www.gaveanews.com\/wp-content\/uploads\/Mauro-Cezar-em-participacao-na-Uol-Esporte.webp","datePublished":"2022-10-19T18:07:55+00:00","dateModified":"2024-04-07T02:04:48+00:00","author":{"@id":"https:\/\/www.gaveanews.com\/#\/schema\/person\/2ec14f73fb96be2caf28f91afb14749d"},"breadcrumb":{"@id":"https:\/\/www.gaveanews.com\/index.php\/2022\/10\/19\/mauro-cezar-pereira-diz-que-revelacao-do-flamengo-e-superestimado\/#breadcrumb"},"inLanguage":"pt-BR","potentialAction":[{"@type":"ReadAction","target":["https:\/\/www.gaveanews.com\/index.php\/2022\/10\/19\/mauro-cezar-pereira-diz-que-revelacao-do-flamengo-e-superestimado\/"]}]},{"@type":"ImageObject","inLanguage":"pt-BR","@id":"https:\/\/www.gaveanews.com\/index.php\/2022\/10\/19\/mauro-cezar-pereira-diz-que-revelacao-do-flamengo-e-superestimado\/#primaryimage","url":"https:\/\/www.gaveanews.com\/wp-content\/uploads\/Mauro-Cezar-em-participacao-na-Uol-Esporte.webp","contentUrl":"https:\/\/www.gaveanews.com\/wp-content\/uploads\/Mauro-Cezar-em-participacao-na-Uol-Esporte.webp","width":900,"height":506,"caption":"Mauro Cezar, comentarista da UOL Esporte (Foto: Reprodu\u00e7\u00e3o\/UOL Esporte)"},{"@type":"BreadcrumbList","@id":"https:\/\/www.gaveanews.com\/index.php\/2022\/10\/19\/mauro-cezar-pereira-diz-que-revelacao-do-flamengo-e-superestimado\/#breadcrumb","itemListElement":[{"@type":"ListItem","position":1,"name":"Home","item":"https:\/\/www.gaveanews.com\/"},{"@type":"ListItem","position":2,"name":"Mauro Cezar Pereira diz que revela\u00e7\u00e3o do Flamengo \u00e9 &#8220;superestimado&#8221;"}]},{"@type":"WebSite","@id":"https:\/\/www.gaveanews.com\/#website","url":"https:\/\/www.gaveanews.com\/","name":"G\u00e1vea News","description":"Veja todas as not\u00edcias sobre o Flamengo: Contrata\u00e7\u00f5es, categorias de base, resultados das partidas, tabela de classifica\u00e7\u00e3o, pr\u00f3ximos jogos!","potentialAction":[{"@type":"SearchAction","target":{"@type":"EntryPoint","urlTemplate":"https:\/\/www.gaveanews.com\/?s={search_term_string}"},"query-input":{"@type":"PropertyValueSpecification","valueRequired":true,"valueName":"search_term_string"}}],"inLanguage":"pt-BR"},{"@type":"Person","@id":"https:\/\/www.gaveanews.com\/#\/schema\/person\/2ec14f73fb96be2caf28f91afb14749d","name":"Equipe G\u00e1vea News","image":{"@type":"ImageObject","inLanguage":"pt-BR","@id":"https:\/\/www.gaveanews.com\/#\/schema\/person\/image\/","url":"https:\/\/secure.gravatar.com\/avatar\/1e1956f1facbffd3f8fa53a326721950116b3b9dc9bd44939c01180fd4a745a9?s=96&d=mm&r=g","contentUrl":"https:\/\/secure.gravatar.com\/avatar\/1e1956f1facbffd3f8fa53a326721950116b3b9dc9bd44939c01180fd4a745a9?s=96&d=mm&r=g","caption":"Equipe G\u00e1vea News"}}]}},"_links":{"self":[{"href":"https:\/\/www.gaveanews.com\/index.php\/wp-json\/wp\/v2\/posts\/89271","targetHints":{"allow":["GET"]}}],"collection":[{"href":"https:\/\/www.gaveanews.com\/index.php\/wp-json\/wp\/v2\/posts"}],"about":[{"href":"https:\/\/www.gaveanews.com\/index.php\/wp-json\/wp\/v2\/types\/post"}],"author":[{"embeddable":true,"href":"https:\/\/www.gaveanews.com\/index.php\/wp-json\/wp\/v2\/users\/1"}],"replies":[{"embeddable":true,"href":"https:\/\/www.gaveanews.com\/index.php\/wp-json\/wp\/v2\/comments?post=89271"}],"version-history":[{"count":1,"href":"https:\/\/www.gaveanews.com\/index.php\/wp-json\/wp\/v2\/posts\/89271\/revisions"}],"predecessor-version":[{"id":134578,"href":"https:\/\/www.gaveanews.com\/index.php\/wp-json\/wp\/v2\/posts\/89271\/revisions\/134578"}],"wp:featuredmedia":[{"embeddable":true,"href":"https:\/\/www.gaveanews.com\/index.php\/wp-json\/wp\/v2\/media\/56367"}],"wp:attachment":[{"href":"https:\/\/www.gaveanews.com\/index.php\/wp-json\/wp\/v2\/media?parent=89271"}],"wp:term":[{"taxonomy":"category","embeddable":true,"href":"https:\/\/www.gaveanews.com\/index.php\/wp-json\/wp\/v2\/categories?post=89271"},{"taxonomy":"post_tag","embeddable":true,"href":"https:\/\/www.gaveanews.com\/index.php\/wp-json\/wp\/v2\/tags?post=89271"}],"curies":[{"name":"wp","href":"https:\/\/api.w.org\/{rel}","templated":true}]}}