{"id":89282,"date":"2022-10-19T16:05:37","date_gmt":"2022-10-19T19:05:37","guid":{"rendered":"https:\/\/www.gaveanews.com\/?p=89282"},"modified":"2022-10-19T16:05:39","modified_gmt":"2022-10-19T19:05:39","slug":"lucas-paqueta-manda-recado-para-o-time-do-flamengo","status":"publish","type":"post","link":"https:\/\/www.gaveanews.com\/index.php\/2022\/10\/19\/lucas-paqueta-manda-recado-para-o-time-do-flamengo\/","title":{"rendered":"Lucas Paquet\u00e1 manda recado para o time do Flamengo"},"content":{"rendered":"\n<p>Revelado pelas categorias de base do Flamengo, Lucas Paquet\u00e1 inicia uma nova jornada de sua carreira no West Ham. Mas mesmo tendo suas ocupa\u00e7\u00f5es em solo europeu, o meia afirma se manter atento aos jogos do Meng\u00e3o.<\/p>\n\n\n\n<p>Em entrevista \u00e0 ESPN, o jogador disse que faz o poss\u00edvel para assistir os jogos do Fla na Inglaterra. E quando o fuso hor\u00e1rio n\u00e3o ajuda, ele faz quest\u00e3o de procurar o resultado das partidas logo pela manh\u00e3.<\/p>\n\n\n\n<p><em>\u2014 Sempre tento ver os jogos do Flamengo aqui na Inglaterra. Quando fica muito tarde, vejo os lances assim que acordo. Flamengo nunca vai deixar de ser meu clube do cora\u00e7\u00e3o, minha casa. Espero que a gente conquiste esses dois t\u00edtulos.<\/em><\/p>\n\n\n\n<p>A diferen\u00e7a de fuso entre Brasil e Inglaterra, considerando o hor\u00e1rio de Bras\u00edlia, \u00e9 de quatro horas. Sendo assim, os jogos que acontecem mais \u00e0 noite, como \u00e9 o caso desta quarta-feira (19), iniciam de madrugada em Londres, capital inglesa.<\/p>\n\n\n\n<p>Mesmo de longe, Lucas Paquet\u00e1 ficar\u00e1 na torcida pelo Meng\u00e3o na decis\u00e3o contra o Corinthians desta quarta. \u00c0s 21h45 (hor\u00e1rio de Bras\u00edlia), o Mais Querido recebe o rival no Maracan\u00e3 nos 90 minutos finais do confronto que decidir\u00e3o o novo campe\u00e3o da Copa do Brasil.<\/p>\n","protected":false},"excerpt":{"rendered":"<p>Revelado pelas categorias de base do Flamengo, Lucas Paquet\u00e1 inicia uma nova jornada de sua carreira no West Ham. Mas mesmo tendo suas ocupa\u00e7\u00f5es em solo europeu, o meia afirma se manter atento aos jogos do Meng\u00e3o. Em entrevista \u00e0 ESPN, o jogador disse que faz o poss\u00edvel para assistir os jogos do Fla na [&hellip;]<\/p>\n","protected":false},"author":4,"featured_media":89283,"comment_status":"open","ping_status":"closed","sticky":false,"template":"","format":"standard","meta":{"footnotes":""},"categories":[1],"tags":[],"class_list":["post-89282","post","type-post","status-publish","format-standard","has-post-thumbnail","hentry","category-flamengo"],"yoast_head":"<!-- This site is optimized with the Yoast SEO Premium plugin v24.2 (Yoast SEO v26.9) - https:\/\/yoast.com\/product\/yoast-seo-premium-wordpress\/ -->\n<title>Lucas Paquet\u00e1 manda recado para o time do Flamengo<\/title>\n<meta name=\"robots\" content=\"index, follow, max-snippet:-1, max-image-preview:large, max-video-preview:-1\" \/>\n<link rel=\"canonical\" href=\"https:\/\/www.gaveanews.com\/index.php\/2022\/10\/19\/lucas-paqueta-manda-recado-para-o-time-do-flamengo\/\" \/>\n<meta property=\"og:locale\" content=\"pt_BR\" \/>\n<meta property=\"og:type\" content=\"article\" \/>\n<meta property=\"og:title\" content=\"Lucas Paquet\u00e1 manda recado para o time do Flamengo\" \/>\n<meta property=\"og:description\" content=\"Revelado pelas categorias de base do Flamengo, Lucas Paquet\u00e1 inicia uma nova jornada de sua carreira no West Ham. Mas mesmo tendo suas ocupa\u00e7\u00f5es em solo europeu, o meia afirma se manter atento aos jogos do Meng\u00e3o. Em entrevista \u00e0 ESPN, o jogador disse que faz o poss\u00edvel para assistir os jogos do Fla na [&hellip;]\" \/>\n<meta property=\"og:url\" content=\"https:\/\/www.gaveanews.com\/index.php\/2022\/10\/19\/lucas-paqueta-manda-recado-para-o-time-do-flamengo\/\" \/>\n<meta property=\"og:site_name\" content=\"G\u00e1vea News\" \/>\n<meta property=\"article:publisher\" content=\"https:\/\/facebook.com\/gaveaNews\/\" \/>\n<meta property=\"article:published_time\" content=\"2022-10-19T19:05:37+00:00\" \/>\n<meta property=\"article:modified_time\" content=\"2022-10-19T19:05:39+00:00\" \/>\n<meta property=\"og:image\" content=\"https:\/\/www.gaveanews.com\/wp-content\/uploads\/Lucas-Paqueta-em-jogo-do-Flamengo.webp\" \/>\n\t<meta property=\"og:image:width\" content=\"846\" \/>\n\t<meta property=\"og:image:height\" content=\"529\" \/>\n\t<meta property=\"og:image:type\" content=\"image\/webp\" \/>\n<meta name=\"author\" content=\"Let\u00edcia Gerheim\" \/>\n<meta name=\"twitter:card\" content=\"summary_large_image\" \/>\n<meta name=\"twitter:label1\" content=\"Escrito por\" \/>\n\t<meta name=\"twitter:data1\" content=\"Let\u00edcia Gerheim\" \/>\n\t<meta name=\"twitter:label2\" content=\"Est. tempo de leitura\" \/>\n\t<meta name=\"twitter:data2\" content=\"2 minutos\" \/>\n<script type=\"application\/ld+json\" class=\"yoast-schema-graph\">{\"@context\":\"https:\/\/schema.org\",\"@graph\":[{\"@type\":\"NewsArticle\",\"@id\":\"https:\/\/www.gaveanews.com\/index.php\/2022\/10\/19\/lucas-paqueta-manda-recado-para-o-time-do-flamengo\/#article\",\"isPartOf\":{\"@id\":\"https:\/\/www.gaveanews.com\/index.php\/2022\/10\/19\/lucas-paqueta-manda-recado-para-o-time-do-flamengo\/\"},\"author\":{\"name\":\"Let\u00edcia Gerheim\",\"@id\":\"https:\/\/www.gaveanews.com\/#\/schema\/person\/714c67050b836198af2450ba1c142a67\"},\"headline\":\"Lucas Paquet\u00e1 manda recado para o time do Flamengo\",\"datePublished\":\"2022-10-19T19:05:37+00:00\",\"dateModified\":\"2022-10-19T19:05:39+00:00\",\"mainEntityOfPage\":{\"@id\":\"https:\/\/www.gaveanews.com\/index.php\/2022\/10\/19\/lucas-paqueta-manda-recado-para-o-time-do-flamengo\/\"},\"wordCount\":220,\"commentCount\":0,\"image\":{\"@id\":\"https:\/\/www.gaveanews.com\/index.php\/2022\/10\/19\/lucas-paqueta-manda-recado-para-o-time-do-flamengo\/#primaryimage\"},\"thumbnailUrl\":\"https:\/\/www.gaveanews.com\/wp-content\/uploads\/Lucas-Paqueta-em-jogo-do-Flamengo.webp\",\"articleSection\":[\"Flamengo\"],\"inLanguage\":\"pt-BR\",\"potentialAction\":[{\"@type\":\"CommentAction\",\"name\":\"Comment\",\"target\":[\"https:\/\/www.gaveanews.com\/index.php\/2022\/10\/19\/lucas-paqueta-manda-recado-para-o-time-do-flamengo\/#respond\"]}],\"copyrightYear\":\"2022\",\"copyrightHolder\":{\"@id\":\"https:\/\/www.gaveanews.com\/#organization\"}},{\"@type\":\"WebPage\",\"@id\":\"https:\/\/www.gaveanews.com\/index.php\/2022\/10\/19\/lucas-paqueta-manda-recado-para-o-time-do-flamengo\/\",\"url\":\"https:\/\/www.gaveanews.com\/index.php\/2022\/10\/19\/lucas-paqueta-manda-recado-para-o-time-do-flamengo\/\",\"name\":\"Lucas Paquet\u00e1 manda recado para o time do Flamengo\",\"isPartOf\":{\"@id\":\"https:\/\/www.gaveanews.com\/#website\"},\"primaryImageOfPage\":{\"@id\":\"https:\/\/www.gaveanews.com\/index.php\/2022\/10\/19\/lucas-paqueta-manda-recado-para-o-time-do-flamengo\/#primaryimage\"},\"image\":{\"@id\":\"https:\/\/www.gaveanews.com\/index.php\/2022\/10\/19\/lucas-paqueta-manda-recado-para-o-time-do-flamengo\/#primaryimage\"},\"thumbnailUrl\":\"https:\/\/www.gaveanews.com\/wp-content\/uploads\/Lucas-Paqueta-em-jogo-do-Flamengo.webp\",\"datePublished\":\"2022-10-19T19:05:37+00:00\",\"dateModified\":\"2022-10-19T19:05:39+00:00\",\"author\":{\"@id\":\"https:\/\/www.gaveanews.com\/#\/schema\/person\/714c67050b836198af2450ba1c142a67\"},\"breadcrumb\":{\"@id\":\"https:\/\/www.gaveanews.com\/index.php\/2022\/10\/19\/lucas-paqueta-manda-recado-para-o-time-do-flamengo\/#breadcrumb\"},\"inLanguage\":\"pt-BR\",\"potentialAction\":[{\"@type\":\"ReadAction\",\"target\":[\"https:\/\/www.gaveanews.com\/index.php\/2022\/10\/19\/lucas-paqueta-manda-recado-para-o-time-do-flamengo\/\"]}]},{\"@type\":\"ImageObject\",\"inLanguage\":\"pt-BR\",\"@id\":\"https:\/\/www.gaveanews.com\/index.php\/2022\/10\/19\/lucas-paqueta-manda-recado-para-o-time-do-flamengo\/#primaryimage\",\"url\":\"https:\/\/www.gaveanews.com\/wp-content\/uploads\/Lucas-Paqueta-em-jogo-do-Flamengo.webp\",\"contentUrl\":\"https:\/\/www.gaveanews.com\/wp-content\/uploads\/Lucas-Paqueta-em-jogo-do-Flamengo.webp\",\"width\":846,\"height\":529,\"caption\":\"Lucas Paquet\u00e1 em jogo do Flamengo (Foto: Marcelo de Jesus)\"},{\"@type\":\"BreadcrumbList\",\"@id\":\"https:\/\/www.gaveanews.com\/index.php\/2022\/10\/19\/lucas-paqueta-manda-recado-para-o-time-do-flamengo\/#breadcrumb\",\"itemListElement\":[{\"@type\":\"ListItem\",\"position\":1,\"name\":\"Home\",\"item\":\"https:\/\/www.gaveanews.com\/\"},{\"@type\":\"ListItem\",\"position\":2,\"name\":\"Lucas Paquet\u00e1 manda recado para o time do Flamengo\"}]},{\"@type\":\"WebSite\",\"@id\":\"https:\/\/www.gaveanews.com\/#website\",\"url\":\"https:\/\/www.gaveanews.com\/\",\"name\":\"G\u00e1vea News\",\"description\":\"Veja todas as not\u00edcias sobre o Flamengo: Contrata\u00e7\u00f5es, categorias de base, resultados das partidas, tabela de classifica\u00e7\u00e3o, pr\u00f3ximos jogos!\",\"potentialAction\":[{\"@type\":\"SearchAction\",\"target\":{\"@type\":\"EntryPoint\",\"urlTemplate\":\"https:\/\/www.gaveanews.com\/?s={search_term_string}\"},\"query-input\":{\"@type\":\"PropertyValueSpecification\",\"valueRequired\":true,\"valueName\":\"search_term_string\"}}],\"inLanguage\":\"pt-BR\"},{\"@type\":\"Person\",\"@id\":\"https:\/\/www.gaveanews.com\/#\/schema\/person\/714c67050b836198af2450ba1c142a67\",\"name\":\"Let\u00edcia Gerheim\",\"image\":{\"@type\":\"ImageObject\",\"inLanguage\":\"pt-BR\",\"@id\":\"https:\/\/www.gaveanews.com\/#\/schema\/person\/image\/\",\"url\":\"https:\/\/secure.gravatar.com\/avatar\/60734739c50fcebfbac509e2a826ccd0ff405c019bc73aab9354f19ecad1dcb4?s=96&d=mm&r=g\",\"contentUrl\":\"https:\/\/secure.gravatar.com\/avatar\/60734739c50fcebfbac509e2a826ccd0ff405c019bc73aab9354f19ecad1dcb4?s=96&d=mm&r=g\",\"caption\":\"Let\u00edcia Gerheim\"}}]}<\/script>\n<!-- \/ Yoast SEO Premium plugin. -->","yoast_head_json":{"title":"Lucas Paquet\u00e1 manda recado para o time do Flamengo","robots":{"index":"index","follow":"follow","max-snippet":"max-snippet:-1","max-image-preview":"max-image-preview:large","max-video-preview":"max-video-preview:-1"},"canonical":"https:\/\/www.gaveanews.com\/index.php\/2022\/10\/19\/lucas-paqueta-manda-recado-para-o-time-do-flamengo\/","og_locale":"pt_BR","og_type":"article","og_title":"Lucas Paquet\u00e1 manda recado para o time do Flamengo","og_description":"Revelado pelas categorias de base do Flamengo, Lucas Paquet\u00e1 inicia uma nova jornada de sua carreira no West Ham. Mas mesmo tendo suas ocupa\u00e7\u00f5es em solo europeu, o meia afirma se manter atento aos jogos do Meng\u00e3o. Em entrevista \u00e0 ESPN, o jogador disse que faz o poss\u00edvel para assistir os jogos do Fla na [&hellip;]","og_url":"https:\/\/www.gaveanews.com\/index.php\/2022\/10\/19\/lucas-paqueta-manda-recado-para-o-time-do-flamengo\/","og_site_name":"G\u00e1vea News","article_publisher":"https:\/\/facebook.com\/gaveaNews\/","article_published_time":"2022-10-19T19:05:37+00:00","article_modified_time":"2022-10-19T19:05:39+00:00","og_image":[{"width":846,"height":529,"url":"https:\/\/www.gaveanews.com\/wp-content\/uploads\/Lucas-Paqueta-em-jogo-do-Flamengo.webp","type":"image\/webp"}],"author":"Let\u00edcia Gerheim","twitter_card":"summary_large_image","twitter_misc":{"Escrito por":"Let\u00edcia Gerheim","Est. tempo de leitura":"2 minutos"},"schema":{"@context":"https:\/\/schema.org","@graph":[{"@type":"NewsArticle","@id":"https:\/\/www.gaveanews.com\/index.php\/2022\/10\/19\/lucas-paqueta-manda-recado-para-o-time-do-flamengo\/#article","isPartOf":{"@id":"https:\/\/www.gaveanews.com\/index.php\/2022\/10\/19\/lucas-paqueta-manda-recado-para-o-time-do-flamengo\/"},"author":{"name":"Let\u00edcia Gerheim","@id":"https:\/\/www.gaveanews.com\/#\/schema\/person\/714c67050b836198af2450ba1c142a67"},"headline":"Lucas Paquet\u00e1 manda recado para o time do Flamengo","datePublished":"2022-10-19T19:05:37+00:00","dateModified":"2022-10-19T19:05:39+00:00","mainEntityOfPage":{"@id":"https:\/\/www.gaveanews.com\/index.php\/2022\/10\/19\/lucas-paqueta-manda-recado-para-o-time-do-flamengo\/"},"wordCount":220,"commentCount":0,"image":{"@id":"https:\/\/www.gaveanews.com\/index.php\/2022\/10\/19\/lucas-paqueta-manda-recado-para-o-time-do-flamengo\/#primaryimage"},"thumbnailUrl":"https:\/\/www.gaveanews.com\/wp-content\/uploads\/Lucas-Paqueta-em-jogo-do-Flamengo.webp","articleSection":["Flamengo"],"inLanguage":"pt-BR","potentialAction":[{"@type":"CommentAction","name":"Comment","target":["https:\/\/www.gaveanews.com\/index.php\/2022\/10\/19\/lucas-paqueta-manda-recado-para-o-time-do-flamengo\/#respond"]}],"copyrightYear":"2022","copyrightHolder":{"@id":"https:\/\/www.gaveanews.com\/#organization"}},{"@type":"WebPage","@id":"https:\/\/www.gaveanews.com\/index.php\/2022\/10\/19\/lucas-paqueta-manda-recado-para-o-time-do-flamengo\/","url":"https:\/\/www.gaveanews.com\/index.php\/2022\/10\/19\/lucas-paqueta-manda-recado-para-o-time-do-flamengo\/","name":"Lucas Paquet\u00e1 manda recado para o time do Flamengo","isPartOf":{"@id":"https:\/\/www.gaveanews.com\/#website"},"primaryImageOfPage":{"@id":"https:\/\/www.gaveanews.com\/index.php\/2022\/10\/19\/lucas-paqueta-manda-recado-para-o-time-do-flamengo\/#primaryimage"},"image":{"@id":"https:\/\/www.gaveanews.com\/index.php\/2022\/10\/19\/lucas-paqueta-manda-recado-para-o-time-do-flamengo\/#primaryimage"},"thumbnailUrl":"https:\/\/www.gaveanews.com\/wp-content\/uploads\/Lucas-Paqueta-em-jogo-do-Flamengo.webp","datePublished":"2022-10-19T19:05:37+00:00","dateModified":"2022-10-19T19:05:39+00:00","author":{"@id":"https:\/\/www.gaveanews.com\/#\/schema\/person\/714c67050b836198af2450ba1c142a67"},"breadcrumb":{"@id":"https:\/\/www.gaveanews.com\/index.php\/2022\/10\/19\/lucas-paqueta-manda-recado-para-o-time-do-flamengo\/#breadcrumb"},"inLanguage":"pt-BR","potentialAction":[{"@type":"ReadAction","target":["https:\/\/www.gaveanews.com\/index.php\/2022\/10\/19\/lucas-paqueta-manda-recado-para-o-time-do-flamengo\/"]}]},{"@type":"ImageObject","inLanguage":"pt-BR","@id":"https:\/\/www.gaveanews.com\/index.php\/2022\/10\/19\/lucas-paqueta-manda-recado-para-o-time-do-flamengo\/#primaryimage","url":"https:\/\/www.gaveanews.com\/wp-content\/uploads\/Lucas-Paqueta-em-jogo-do-Flamengo.webp","contentUrl":"https:\/\/www.gaveanews.com\/wp-content\/uploads\/Lucas-Paqueta-em-jogo-do-Flamengo.webp","width":846,"height":529,"caption":"Lucas Paquet\u00e1 em jogo do Flamengo (Foto: Marcelo de Jesus)"},{"@type":"BreadcrumbList","@id":"https:\/\/www.gaveanews.com\/index.php\/2022\/10\/19\/lucas-paqueta-manda-recado-para-o-time-do-flamengo\/#breadcrumb","itemListElement":[{"@type":"ListItem","position":1,"name":"Home","item":"https:\/\/www.gaveanews.com\/"},{"@type":"ListItem","position":2,"name":"Lucas Paquet\u00e1 manda recado para o time do Flamengo"}]},{"@type":"WebSite","@id":"https:\/\/www.gaveanews.com\/#website","url":"https:\/\/www.gaveanews.com\/","name":"G\u00e1vea News","description":"Veja todas as not\u00edcias sobre o Flamengo: Contrata\u00e7\u00f5es, categorias de base, resultados das partidas, tabela de classifica\u00e7\u00e3o, pr\u00f3ximos jogos!","potentialAction":[{"@type":"SearchAction","target":{"@type":"EntryPoint","urlTemplate":"https:\/\/www.gaveanews.com\/?s={search_term_string}"},"query-input":{"@type":"PropertyValueSpecification","valueRequired":true,"valueName":"search_term_string"}}],"inLanguage":"pt-BR"},{"@type":"Person","@id":"https:\/\/www.gaveanews.com\/#\/schema\/person\/714c67050b836198af2450ba1c142a67","name":"Let\u00edcia Gerheim","image":{"@type":"ImageObject","inLanguage":"pt-BR","@id":"https:\/\/www.gaveanews.com\/#\/schema\/person\/image\/","url":"https:\/\/secure.gravatar.com\/avatar\/60734739c50fcebfbac509e2a826ccd0ff405c019bc73aab9354f19ecad1dcb4?s=96&d=mm&r=g","contentUrl":"https:\/\/secure.gravatar.com\/avatar\/60734739c50fcebfbac509e2a826ccd0ff405c019bc73aab9354f19ecad1dcb4?s=96&d=mm&r=g","caption":"Let\u00edcia Gerheim"}}]}},"_links":{"self":[{"href":"https:\/\/www.gaveanews.com\/index.php\/wp-json\/wp\/v2\/posts\/89282","targetHints":{"allow":["GET"]}}],"collection":[{"href":"https:\/\/www.gaveanews.com\/index.php\/wp-json\/wp\/v2\/posts"}],"about":[{"href":"https:\/\/www.gaveanews.com\/index.php\/wp-json\/wp\/v2\/types\/post"}],"author":[{"embeddable":true,"href":"https:\/\/www.gaveanews.com\/index.php\/wp-json\/wp\/v2\/users\/4"}],"replies":[{"embeddable":true,"href":"https:\/\/www.gaveanews.com\/index.php\/wp-json\/wp\/v2\/comments?post=89282"}],"version-history":[{"count":0,"href":"https:\/\/www.gaveanews.com\/index.php\/wp-json\/wp\/v2\/posts\/89282\/revisions"}],"wp:featuredmedia":[{"embeddable":true,"href":"https:\/\/www.gaveanews.com\/index.php\/wp-json\/wp\/v2\/media\/89283"}],"wp:attachment":[{"href":"https:\/\/www.gaveanews.com\/index.php\/wp-json\/wp\/v2\/media?parent=89282"}],"wp:term":[{"taxonomy":"category","embeddable":true,"href":"https:\/\/www.gaveanews.com\/index.php\/wp-json\/wp\/v2\/categories?post=89282"},{"taxonomy":"post_tag","embeddable":true,"href":"https:\/\/www.gaveanews.com\/index.php\/wp-json\/wp\/v2\/tags?post=89282"}],"curies":[{"name":"wp","href":"https:\/\/api.w.org\/{rel}","templated":true}]}}