{"id":89310,"date":"2022-10-20T06:35:12","date_gmt":"2022-10-20T09:35:12","guid":{"rendered":"https:\/\/www.gaveanews.com\/?p=89310"},"modified":"2022-10-20T06:35:15","modified_gmt":"2022-10-20T09:35:15","slug":"com-derrota-do-corinthians-para-o-flamengo-apresentador-se-revolta-e-abandona-transmissao-ao-vivo","status":"publish","type":"post","link":"https:\/\/www.gaveanews.com\/index.php\/2022\/10\/20\/com-derrota-do-corinthians-para-o-flamengo-apresentador-se-revolta-e-abandona-transmissao-ao-vivo\/","title":{"rendered":"Com derrota do Corinthians para o Flamengo, apresentador se revolta e abandona transmiss\u00e3o ao vivo"},"content":{"rendered":"\n<p>A derrota nos p\u00eanaltis na final da Copa do Brasil para o Flamengo mexeu com os torcedores do Corinthians. Pelo lado alvinegro, Fagner e Mateus Vital foram os dois jogadores que desperdi\u00e7aram as penalidades e, com isso, os donos da casa fizeram a festa no Maracan\u00e3.<\/p>\n\n\n\n<p>Durante a transmiss\u00e3o da partida pela R\u00e1dio Craque Neto, o \u00eddolo do Tim\u00e3o se revoltou ap\u00f3s o p\u00eanalti perdido pelo meia alvinegro e abandonou a cabine. Depois que o resultado foi definido, Neto retornou \u00e0 transmiss\u00e3o e se revoltou com o vice-campeonato, culpando, principalmente, a diretoria alvinegra.<\/p>\n\n\n\n<p><em>\u2014 Parab\u00e9ns ao meu amigo (Dorival) J\u00fanior, ao Rodinei que \u00e9 crucificado pela imprensa. Gil poderia ter batido, Balbuena poderia ter batido. N\u00e3o precisava ser o Mateus Vital. Jogadores mais experientes t\u00eam que assumir responsabilidade, n\u00e3o um menino que n\u00e3o tem moral, nunca vai ser titular. Me desculpe, mas n\u00e3o era ele. N\u00e3o era ele<\/em>, disse.<\/p>\n\n\n\n<p><em>\u2014 Para mim isso \u00e9 culpa do Alessandro. Teria que ser mandado embora hoje. Roberto de Andrade, mandado embora hoje. Se eu fosse o Du\u00edlio. Como n\u00e3o sou, n\u00e3o tenho esse poder. Os dois tinham que ser mandado embora. Quem bate o p\u00eanalti tem que estar preparado.<\/em><\/p>\n\n\n\n<p>Apesar da revolta, o ex-camisa 10 viu um bom segundo tempo da equipe no Maracan\u00e3 e confiou no trabalho de V\u00edtor Pereira para o futuro.<\/p>\n\n\n\n<p><em>\u2014 Flamengo \u00e9 campe\u00e3o da Copa do Brasil, mas quem arrebentou no segundo tempo foi o Corinthians. Eu n\u00e3o costumo queimar jogador porque errou p\u00eanalti, porque chutou para fora. Responsabilidade \u00e9 de quem coloca para jogar. Corinthians teve tudo nos p\u00e9s do Fagner, que deveria ter tido mais concentra\u00e7\u00e3o em rela\u00e7\u00e3o a isso. Corinthians buscou o empate, conseguiu empatar o jogo, jogou muito mais que o Flamengo. Vai para os p\u00eanaltis, C\u00e1ssio pega o primeiro, o Corinthians tem vantagens e vantagens, mas \u00e9 o Flamengo que ganhou o t\u00edtulo. Nos dois jogos, o Corinthians jogou mais que o Flamengo<\/em>, analisou.<\/p>\n\n\n\n<p><em>\u2014 Para o Corinthians, vale acreditar no trabalho do V\u00edtor Pereira. Para mim errou no primeiro tempo, viu que errou e modificou. Mas chegar numa final e massacrar o Flamengo, ainda sai na frente dos p\u00eanaltis\u2026 Acabou, perdeu, Flamengo campe\u00e3o. Mas o que o Corinthians fez na Copa do Brasil pouqu\u00edssimos esperavam. Tem a possibilidade de classificar direto para a Libertadores, o que seria sensacional, e agora tem que ver o planejamento do ano que vem. Palmeiras vem forte, Flamengo vem forte, e s\u00f3<\/em>, finalizou.<\/p>\n\n\n\n<p>Retirado de: ESPN<\/p>\n","protected":false},"excerpt":{"rendered":"<p>A derrota nos p\u00eanaltis na final da Copa do Brasil para o Flamengo mexeu com os torcedores do Corinthians. Pelo lado alvinegro, Fagner e Mateus Vital foram os dois jogadores que desperdi\u00e7aram as penalidades e, com isso, os donos da casa fizeram a festa no Maracan\u00e3. Durante a transmiss\u00e3o da partida pela R\u00e1dio Craque Neto, [&hellip;]<\/p>\n","protected":false},"author":1,"featured_media":84902,"comment_status":"open","ping_status":"closed","sticky":false,"template":"","format":"standard","meta":{"footnotes":""},"categories":[1],"tags":[],"class_list":["post-89310","post","type-post","status-publish","format-standard","has-post-thumbnail","hentry","category-flamengo"],"yoast_head":"<!-- This site is optimized with the Yoast SEO Premium plugin v24.2 (Yoast SEO v26.9) - https:\/\/yoast.com\/product\/yoast-seo-premium-wordpress\/ -->\n<title>Com derrota do Corinthians para o Flamengo, apresentador se revolta e abandona transmiss\u00e3o ao vivo<\/title>\n<meta name=\"robots\" content=\"index, follow, max-snippet:-1, max-image-preview:large, max-video-preview:-1\" \/>\n<link rel=\"canonical\" href=\"https:\/\/www.gaveanews.com\/index.php\/2022\/10\/20\/com-derrota-do-corinthians-para-o-flamengo-apresentador-se-revolta-e-abandona-transmissao-ao-vivo\/\" \/>\n<meta property=\"og:locale\" content=\"pt_BR\" \/>\n<meta property=\"og:type\" content=\"article\" \/>\n<meta property=\"og:title\" content=\"Com derrota do Corinthians para o Flamengo, apresentador se revolta e abandona transmiss\u00e3o ao vivo\" \/>\n<meta property=\"og:description\" content=\"A derrota nos p\u00eanaltis na final da Copa do Brasil para o Flamengo mexeu com os torcedores do Corinthians. Pelo lado alvinegro, Fagner e Mateus Vital foram os dois jogadores que desperdi\u00e7aram as penalidades e, com isso, os donos da casa fizeram a festa no Maracan\u00e3. Durante a transmiss\u00e3o da partida pela R\u00e1dio Craque Neto, [&hellip;]\" \/>\n<meta property=\"og:url\" content=\"https:\/\/www.gaveanews.com\/index.php\/2022\/10\/20\/com-derrota-do-corinthians-para-o-flamengo-apresentador-se-revolta-e-abandona-transmissao-ao-vivo\/\" \/>\n<meta property=\"og:site_name\" content=\"G\u00e1vea News\" \/>\n<meta property=\"article:publisher\" content=\"https:\/\/facebook.com\/gaveaNews\/\" \/>\n<meta property=\"article:published_time\" content=\"2022-10-20T09:35:12+00:00\" \/>\n<meta property=\"article:modified_time\" content=\"2022-10-20T09:35:15+00:00\" \/>\n<meta property=\"og:image\" content=\"https:\/\/www.gaveanews.com\/wp-content\/uploads\/Taca-da-Copa-do-Brasil.webp\" \/>\n\t<meta property=\"og:image:width\" content=\"800\" \/>\n\t<meta property=\"og:image:height\" content=\"400\" \/>\n\t<meta property=\"og:image:type\" content=\"image\/jpeg\" \/>\n<meta name=\"author\" content=\"Equipe G\u00e1vea News\" \/>\n<meta name=\"twitter:card\" content=\"summary_large_image\" \/>\n<meta name=\"twitter:label1\" content=\"Escrito por\" \/>\n\t<meta name=\"twitter:data1\" content=\"Equipe G\u00e1vea News\" \/>\n\t<meta name=\"twitter:label2\" content=\"Est. tempo de leitura\" \/>\n\t<meta name=\"twitter:data2\" content=\"3 minutos\" \/>\n<script type=\"application\/ld+json\" class=\"yoast-schema-graph\">{\"@context\":\"https:\/\/schema.org\",\"@graph\":[{\"@type\":\"NewsArticle\",\"@id\":\"https:\/\/www.gaveanews.com\/index.php\/2022\/10\/20\/com-derrota-do-corinthians-para-o-flamengo-apresentador-se-revolta-e-abandona-transmissao-ao-vivo\/#article\",\"isPartOf\":{\"@id\":\"https:\/\/www.gaveanews.com\/index.php\/2022\/10\/20\/com-derrota-do-corinthians-para-o-flamengo-apresentador-se-revolta-e-abandona-transmissao-ao-vivo\/\"},\"author\":{\"name\":\"Equipe G\u00e1vea News\",\"@id\":\"https:\/\/www.gaveanews.com\/#\/schema\/person\/2ec14f73fb96be2caf28f91afb14749d\"},\"headline\":\"Com derrota do Corinthians para o Flamengo, apresentador se revolta e abandona transmiss\u00e3o ao vivo\",\"datePublished\":\"2022-10-20T09:35:12+00:00\",\"dateModified\":\"2022-10-20T09:35:15+00:00\",\"mainEntityOfPage\":{\"@id\":\"https:\/\/www.gaveanews.com\/index.php\/2022\/10\/20\/com-derrota-do-corinthians-para-o-flamengo-apresentador-se-revolta-e-abandona-transmissao-ao-vivo\/\"},\"wordCount\":448,\"commentCount\":0,\"image\":{\"@id\":\"https:\/\/www.gaveanews.com\/index.php\/2022\/10\/20\/com-derrota-do-corinthians-para-o-flamengo-apresentador-se-revolta-e-abandona-transmissao-ao-vivo\/#primaryimage\"},\"thumbnailUrl\":\"https:\/\/www.gaveanews.com\/wp-content\/uploads\/Taca-da-Copa-do-Brasil.webp\",\"articleSection\":[\"Flamengo\"],\"inLanguage\":\"pt-BR\",\"potentialAction\":[{\"@type\":\"CommentAction\",\"name\":\"Comment\",\"target\":[\"https:\/\/www.gaveanews.com\/index.php\/2022\/10\/20\/com-derrota-do-corinthians-para-o-flamengo-apresentador-se-revolta-e-abandona-transmissao-ao-vivo\/#respond\"]}],\"copyrightYear\":\"2022\",\"copyrightHolder\":{\"@id\":\"https:\/\/www.gaveanews.com\/#organization\"}},{\"@type\":\"WebPage\",\"@id\":\"https:\/\/www.gaveanews.com\/index.php\/2022\/10\/20\/com-derrota-do-corinthians-para-o-flamengo-apresentador-se-revolta-e-abandona-transmissao-ao-vivo\/\",\"url\":\"https:\/\/www.gaveanews.com\/index.php\/2022\/10\/20\/com-derrota-do-corinthians-para-o-flamengo-apresentador-se-revolta-e-abandona-transmissao-ao-vivo\/\",\"name\":\"Com derrota do Corinthians para o Flamengo, apresentador se revolta e abandona transmiss\u00e3o ao vivo\",\"isPartOf\":{\"@id\":\"https:\/\/www.gaveanews.com\/#website\"},\"primaryImageOfPage\":{\"@id\":\"https:\/\/www.gaveanews.com\/index.php\/2022\/10\/20\/com-derrota-do-corinthians-para-o-flamengo-apresentador-se-revolta-e-abandona-transmissao-ao-vivo\/#primaryimage\"},\"image\":{\"@id\":\"https:\/\/www.gaveanews.com\/index.php\/2022\/10\/20\/com-derrota-do-corinthians-para-o-flamengo-apresentador-se-revolta-e-abandona-transmissao-ao-vivo\/#primaryimage\"},\"thumbnailUrl\":\"https:\/\/www.gaveanews.com\/wp-content\/uploads\/Taca-da-Copa-do-Brasil.webp\",\"datePublished\":\"2022-10-20T09:35:12+00:00\",\"dateModified\":\"2022-10-20T09:35:15+00:00\",\"author\":{\"@id\":\"https:\/\/www.gaveanews.com\/#\/schema\/person\/2ec14f73fb96be2caf28f91afb14749d\"},\"breadcrumb\":{\"@id\":\"https:\/\/www.gaveanews.com\/index.php\/2022\/10\/20\/com-derrota-do-corinthians-para-o-flamengo-apresentador-se-revolta-e-abandona-transmissao-ao-vivo\/#breadcrumb\"},\"inLanguage\":\"pt-BR\",\"potentialAction\":[{\"@type\":\"ReadAction\",\"target\":[\"https:\/\/www.gaveanews.com\/index.php\/2022\/10\/20\/com-derrota-do-corinthians-para-o-flamengo-apresentador-se-revolta-e-abandona-transmissao-ao-vivo\/\"]}]},{\"@type\":\"ImageObject\",\"inLanguage\":\"pt-BR\",\"@id\":\"https:\/\/www.gaveanews.com\/index.php\/2022\/10\/20\/com-derrota-do-corinthians-para-o-flamengo-apresentador-se-revolta-e-abandona-transmissao-ao-vivo\/#primaryimage\",\"url\":\"https:\/\/www.gaveanews.com\/wp-content\/uploads\/Taca-da-Copa-do-Brasil.webp\",\"contentUrl\":\"https:\/\/www.gaveanews.com\/wp-content\/uploads\/Taca-da-Copa-do-Brasil.webp\",\"width\":800,\"height\":400,\"caption\":\"Ta\u00e7a da Copa do Brasil (Foto: Lucas Figueiredo\/CBF)\"},{\"@type\":\"BreadcrumbList\",\"@id\":\"https:\/\/www.gaveanews.com\/index.php\/2022\/10\/20\/com-derrota-do-corinthians-para-o-flamengo-apresentador-se-revolta-e-abandona-transmissao-ao-vivo\/#breadcrumb\",\"itemListElement\":[{\"@type\":\"ListItem\",\"position\":1,\"name\":\"Home\",\"item\":\"https:\/\/www.gaveanews.com\/\"},{\"@type\":\"ListItem\",\"position\":2,\"name\":\"Com derrota do Corinthians para o Flamengo, apresentador se revolta e abandona transmiss\u00e3o ao vivo\"}]},{\"@type\":\"WebSite\",\"@id\":\"https:\/\/www.gaveanews.com\/#website\",\"url\":\"https:\/\/www.gaveanews.com\/\",\"name\":\"G\u00e1vea News\",\"description\":\"Veja todas as not\u00edcias sobre o Flamengo: Contrata\u00e7\u00f5es, categorias de base, resultados das partidas, tabela de classifica\u00e7\u00e3o, pr\u00f3ximos jogos!\",\"potentialAction\":[{\"@type\":\"SearchAction\",\"target\":{\"@type\":\"EntryPoint\",\"urlTemplate\":\"https:\/\/www.gaveanews.com\/?s={search_term_string}\"},\"query-input\":{\"@type\":\"PropertyValueSpecification\",\"valueRequired\":true,\"valueName\":\"search_term_string\"}}],\"inLanguage\":\"pt-BR\"},{\"@type\":\"Person\",\"@id\":\"https:\/\/www.gaveanews.com\/#\/schema\/person\/2ec14f73fb96be2caf28f91afb14749d\",\"name\":\"Equipe G\u00e1vea News\",\"image\":{\"@type\":\"ImageObject\",\"inLanguage\":\"pt-BR\",\"@id\":\"https:\/\/www.gaveanews.com\/#\/schema\/person\/image\/\",\"url\":\"https:\/\/secure.gravatar.com\/avatar\/1e1956f1facbffd3f8fa53a326721950116b3b9dc9bd44939c01180fd4a745a9?s=96&d=mm&r=g\",\"contentUrl\":\"https:\/\/secure.gravatar.com\/avatar\/1e1956f1facbffd3f8fa53a326721950116b3b9dc9bd44939c01180fd4a745a9?s=96&d=mm&r=g\",\"caption\":\"Equipe G\u00e1vea News\"}}]}<\/script>\n<!-- \/ Yoast SEO Premium plugin. -->","yoast_head_json":{"title":"Com derrota do Corinthians para o Flamengo, apresentador se revolta e abandona transmiss\u00e3o ao vivo","robots":{"index":"index","follow":"follow","max-snippet":"max-snippet:-1","max-image-preview":"max-image-preview:large","max-video-preview":"max-video-preview:-1"},"canonical":"https:\/\/www.gaveanews.com\/index.php\/2022\/10\/20\/com-derrota-do-corinthians-para-o-flamengo-apresentador-se-revolta-e-abandona-transmissao-ao-vivo\/","og_locale":"pt_BR","og_type":"article","og_title":"Com derrota do Corinthians para o Flamengo, apresentador se revolta e abandona transmiss\u00e3o ao vivo","og_description":"A derrota nos p\u00eanaltis na final da Copa do Brasil para o Flamengo mexeu com os torcedores do Corinthians. Pelo lado alvinegro, Fagner e Mateus Vital foram os dois jogadores que desperdi\u00e7aram as penalidades e, com isso, os donos da casa fizeram a festa no Maracan\u00e3. Durante a transmiss\u00e3o da partida pela R\u00e1dio Craque Neto, [&hellip;]","og_url":"https:\/\/www.gaveanews.com\/index.php\/2022\/10\/20\/com-derrota-do-corinthians-para-o-flamengo-apresentador-se-revolta-e-abandona-transmissao-ao-vivo\/","og_site_name":"G\u00e1vea News","article_publisher":"https:\/\/facebook.com\/gaveaNews\/","article_published_time":"2022-10-20T09:35:12+00:00","article_modified_time":"2022-10-20T09:35:15+00:00","og_image":[{"width":800,"height":400,"url":"https:\/\/www.gaveanews.com\/wp-content\/uploads\/Taca-da-Copa-do-Brasil.webp","type":"image\/jpeg"}],"author":"Equipe G\u00e1vea News","twitter_card":"summary_large_image","twitter_misc":{"Escrito por":"Equipe G\u00e1vea News","Est. tempo de leitura":"3 minutos"},"schema":{"@context":"https:\/\/schema.org","@graph":[{"@type":"NewsArticle","@id":"https:\/\/www.gaveanews.com\/index.php\/2022\/10\/20\/com-derrota-do-corinthians-para-o-flamengo-apresentador-se-revolta-e-abandona-transmissao-ao-vivo\/#article","isPartOf":{"@id":"https:\/\/www.gaveanews.com\/index.php\/2022\/10\/20\/com-derrota-do-corinthians-para-o-flamengo-apresentador-se-revolta-e-abandona-transmissao-ao-vivo\/"},"author":{"name":"Equipe G\u00e1vea News","@id":"https:\/\/www.gaveanews.com\/#\/schema\/person\/2ec14f73fb96be2caf28f91afb14749d"},"headline":"Com derrota do Corinthians para o Flamengo, apresentador se revolta e abandona transmiss\u00e3o ao vivo","datePublished":"2022-10-20T09:35:12+00:00","dateModified":"2022-10-20T09:35:15+00:00","mainEntityOfPage":{"@id":"https:\/\/www.gaveanews.com\/index.php\/2022\/10\/20\/com-derrota-do-corinthians-para-o-flamengo-apresentador-se-revolta-e-abandona-transmissao-ao-vivo\/"},"wordCount":448,"commentCount":0,"image":{"@id":"https:\/\/www.gaveanews.com\/index.php\/2022\/10\/20\/com-derrota-do-corinthians-para-o-flamengo-apresentador-se-revolta-e-abandona-transmissao-ao-vivo\/#primaryimage"},"thumbnailUrl":"https:\/\/www.gaveanews.com\/wp-content\/uploads\/Taca-da-Copa-do-Brasil.webp","articleSection":["Flamengo"],"inLanguage":"pt-BR","potentialAction":[{"@type":"CommentAction","name":"Comment","target":["https:\/\/www.gaveanews.com\/index.php\/2022\/10\/20\/com-derrota-do-corinthians-para-o-flamengo-apresentador-se-revolta-e-abandona-transmissao-ao-vivo\/#respond"]}],"copyrightYear":"2022","copyrightHolder":{"@id":"https:\/\/www.gaveanews.com\/#organization"}},{"@type":"WebPage","@id":"https:\/\/www.gaveanews.com\/index.php\/2022\/10\/20\/com-derrota-do-corinthians-para-o-flamengo-apresentador-se-revolta-e-abandona-transmissao-ao-vivo\/","url":"https:\/\/www.gaveanews.com\/index.php\/2022\/10\/20\/com-derrota-do-corinthians-para-o-flamengo-apresentador-se-revolta-e-abandona-transmissao-ao-vivo\/","name":"Com derrota do Corinthians para o Flamengo, apresentador se revolta e abandona transmiss\u00e3o ao vivo","isPartOf":{"@id":"https:\/\/www.gaveanews.com\/#website"},"primaryImageOfPage":{"@id":"https:\/\/www.gaveanews.com\/index.php\/2022\/10\/20\/com-derrota-do-corinthians-para-o-flamengo-apresentador-se-revolta-e-abandona-transmissao-ao-vivo\/#primaryimage"},"image":{"@id":"https:\/\/www.gaveanews.com\/index.php\/2022\/10\/20\/com-derrota-do-corinthians-para-o-flamengo-apresentador-se-revolta-e-abandona-transmissao-ao-vivo\/#primaryimage"},"thumbnailUrl":"https:\/\/www.gaveanews.com\/wp-content\/uploads\/Taca-da-Copa-do-Brasil.webp","datePublished":"2022-10-20T09:35:12+00:00","dateModified":"2022-10-20T09:35:15+00:00","author":{"@id":"https:\/\/www.gaveanews.com\/#\/schema\/person\/2ec14f73fb96be2caf28f91afb14749d"},"breadcrumb":{"@id":"https:\/\/www.gaveanews.com\/index.php\/2022\/10\/20\/com-derrota-do-corinthians-para-o-flamengo-apresentador-se-revolta-e-abandona-transmissao-ao-vivo\/#breadcrumb"},"inLanguage":"pt-BR","potentialAction":[{"@type":"ReadAction","target":["https:\/\/www.gaveanews.com\/index.php\/2022\/10\/20\/com-derrota-do-corinthians-para-o-flamengo-apresentador-se-revolta-e-abandona-transmissao-ao-vivo\/"]}]},{"@type":"ImageObject","inLanguage":"pt-BR","@id":"https:\/\/www.gaveanews.com\/index.php\/2022\/10\/20\/com-derrota-do-corinthians-para-o-flamengo-apresentador-se-revolta-e-abandona-transmissao-ao-vivo\/#primaryimage","url":"https:\/\/www.gaveanews.com\/wp-content\/uploads\/Taca-da-Copa-do-Brasil.webp","contentUrl":"https:\/\/www.gaveanews.com\/wp-content\/uploads\/Taca-da-Copa-do-Brasil.webp","width":800,"height":400,"caption":"Ta\u00e7a da Copa do Brasil (Foto: Lucas Figueiredo\/CBF)"},{"@type":"BreadcrumbList","@id":"https:\/\/www.gaveanews.com\/index.php\/2022\/10\/20\/com-derrota-do-corinthians-para-o-flamengo-apresentador-se-revolta-e-abandona-transmissao-ao-vivo\/#breadcrumb","itemListElement":[{"@type":"ListItem","position":1,"name":"Home","item":"https:\/\/www.gaveanews.com\/"},{"@type":"ListItem","position":2,"name":"Com derrota do Corinthians para o Flamengo, apresentador se revolta e abandona transmiss\u00e3o ao vivo"}]},{"@type":"WebSite","@id":"https:\/\/www.gaveanews.com\/#website","url":"https:\/\/www.gaveanews.com\/","name":"G\u00e1vea News","description":"Veja todas as not\u00edcias sobre o Flamengo: Contrata\u00e7\u00f5es, categorias de base, resultados das partidas, tabela de classifica\u00e7\u00e3o, pr\u00f3ximos jogos!","potentialAction":[{"@type":"SearchAction","target":{"@type":"EntryPoint","urlTemplate":"https:\/\/www.gaveanews.com\/?s={search_term_string}"},"query-input":{"@type":"PropertyValueSpecification","valueRequired":true,"valueName":"search_term_string"}}],"inLanguage":"pt-BR"},{"@type":"Person","@id":"https:\/\/www.gaveanews.com\/#\/schema\/person\/2ec14f73fb96be2caf28f91afb14749d","name":"Equipe G\u00e1vea News","image":{"@type":"ImageObject","inLanguage":"pt-BR","@id":"https:\/\/www.gaveanews.com\/#\/schema\/person\/image\/","url":"https:\/\/secure.gravatar.com\/avatar\/1e1956f1facbffd3f8fa53a326721950116b3b9dc9bd44939c01180fd4a745a9?s=96&d=mm&r=g","contentUrl":"https:\/\/secure.gravatar.com\/avatar\/1e1956f1facbffd3f8fa53a326721950116b3b9dc9bd44939c01180fd4a745a9?s=96&d=mm&r=g","caption":"Equipe G\u00e1vea News"}}]}},"_links":{"self":[{"href":"https:\/\/www.gaveanews.com\/index.php\/wp-json\/wp\/v2\/posts\/89310","targetHints":{"allow":["GET"]}}],"collection":[{"href":"https:\/\/www.gaveanews.com\/index.php\/wp-json\/wp\/v2\/posts"}],"about":[{"href":"https:\/\/www.gaveanews.com\/index.php\/wp-json\/wp\/v2\/types\/post"}],"author":[{"embeddable":true,"href":"https:\/\/www.gaveanews.com\/index.php\/wp-json\/wp\/v2\/users\/1"}],"replies":[{"embeddable":true,"href":"https:\/\/www.gaveanews.com\/index.php\/wp-json\/wp\/v2\/comments?post=89310"}],"version-history":[{"count":0,"href":"https:\/\/www.gaveanews.com\/index.php\/wp-json\/wp\/v2\/posts\/89310\/revisions"}],"wp:featuredmedia":[{"embeddable":true,"href":"https:\/\/www.gaveanews.com\/index.php\/wp-json\/wp\/v2\/media\/84902"}],"wp:attachment":[{"href":"https:\/\/www.gaveanews.com\/index.php\/wp-json\/wp\/v2\/media?parent=89310"}],"wp:term":[{"taxonomy":"category","embeddable":true,"href":"https:\/\/www.gaveanews.com\/index.php\/wp-json\/wp\/v2\/categories?post=89310"},{"taxonomy":"post_tag","embeddable":true,"href":"https:\/\/www.gaveanews.com\/index.php\/wp-json\/wp\/v2\/tags?post=89310"}],"curies":[{"name":"wp","href":"https:\/\/api.w.org\/{rel}","templated":true}]}}