{"id":89312,"date":"2022-10-20T06:37:20","date_gmt":"2022-10-20T09:37:20","guid":{"rendered":"https:\/\/www.gaveanews.com\/?p=89312"},"modified":"2022-10-20T06:37:22","modified_gmt":"2022-10-20T09:37:22","slug":"rodinei-faz-desabafo-e-celebra-titulo-pelo-flamengo","status":"publish","type":"post","link":"https:\/\/www.gaveanews.com\/index.php\/2022\/10\/20\/rodinei-faz-desabafo-e-celebra-titulo-pelo-flamengo\/","title":{"rendered":"Rodinei faz desabafo e celebra t\u00edtulo pelo Flamengo"},"content":{"rendered":"\n<p>Vivendo seus \u00faltimos momentos com a camisa do Flamengo, Rodinei foi o respons\u00e1vel por converter a penalidade que valeu o t\u00edtulo da Copa do Brasil nesta quarta-feira contra o Corinthians. Euf\u00f3rico ap\u00f3s a conquista, o lateral-direito desabafou sobre o per\u00edodo de cr\u00edticas que viveu no Rubro-Negro e comemorou o t\u00edtulo que selou de vez sua volta por cima no Flamengo.<\/p>\n\n\n\n<p><em>\u2014 Muita gente pensa que \u00e9 f\u00e1cil essa caminha at\u00e9 a bola. E estamos falando do C\u00e1ssio, um dos melhores goleiros do Brasil. Mas eu acredito muito no trabalho e o que eu vivi nesse clube neste ano sete anos, n\u00e3o foi f\u00e1cil. Muitas cr\u00edticas, mas eu soube levar bem isso. Meu companheiros estavam comigo, me dando apoio e acho que o dia de hoje foi daqueles que &#8220;Papai do C\u00e9u disse: vai meu filho e decide para essa Na\u00e7\u00e3o. Agora \u00e9 comemorar e depois pensar na final da Libertadores<\/em>, afirmou.<\/p>\n\n\n\n<p>Rodinei chegou ao Flamengo em 2016 e seguiu no clube carioca at\u00e9 2020. Em sua primeira passagem conquistou t\u00edtulos importantes como o Brasileiro e Libertadores, mas sempre no banco de reservas e com muitas cr\u00edticas dos torcedores. De volta ap\u00f3s dois anos no Internacional, o jogador foi titular durante toda a campanha da Copa do Brasil.<\/p>\n\n\n\n<p>Campe\u00e3o da Copa do Brasil, o Flamengo ter\u00e1 compromissos pelo Brasileiro no fim de semana e na pr\u00f3xima ter\u00e7a-feira. No pr\u00f3ximo dia 29, em Guayaquil, no Equador, o Rubro-Negro vai encarar o Athletico-PR pela final da Libertadores.<\/p>\n\n\n\n<p>Retirado de: ESPN<\/p>\n","protected":false},"excerpt":{"rendered":"<p>Vivendo seus \u00faltimos momentos com a camisa do Flamengo, Rodinei foi o respons\u00e1vel por converter a penalidade que valeu o t\u00edtulo da Copa do Brasil nesta quarta-feira contra o Corinthians. Euf\u00f3rico ap\u00f3s a conquista, o lateral-direito desabafou sobre o per\u00edodo de cr\u00edticas que viveu no Rubro-Negro e comemorou o t\u00edtulo que selou de vez sua [&hellip;]<\/p>\n","protected":false},"author":1,"featured_media":35409,"comment_status":"open","ping_status":"closed","sticky":false,"template":"","format":"standard","meta":{"footnotes":""},"categories":[1],"tags":[],"class_list":["post-89312","post","type-post","status-publish","format-standard","has-post-thumbnail","hentry","category-flamengo"],"yoast_head":"<!-- This site is optimized with the Yoast SEO Premium plugin v24.2 (Yoast SEO v26.9) - https:\/\/yoast.com\/product\/yoast-seo-premium-wordpress\/ -->\n<title>Rodinei faz desabafo e celebra t\u00edtulo pelo Flamengo<\/title>\n<meta name=\"robots\" content=\"index, follow, max-snippet:-1, max-image-preview:large, max-video-preview:-1\" \/>\n<link rel=\"canonical\" href=\"https:\/\/www.gaveanews.com\/index.php\/2022\/10\/20\/rodinei-faz-desabafo-e-celebra-titulo-pelo-flamengo\/\" \/>\n<meta property=\"og:locale\" content=\"pt_BR\" \/>\n<meta property=\"og:type\" content=\"article\" \/>\n<meta property=\"og:title\" content=\"Rodinei faz desabafo e celebra t\u00edtulo pelo Flamengo\" \/>\n<meta property=\"og:description\" content=\"Vivendo seus \u00faltimos momentos com a camisa do Flamengo, Rodinei foi o respons\u00e1vel por converter a penalidade que valeu o t\u00edtulo da Copa do Brasil nesta quarta-feira contra o Corinthians. Euf\u00f3rico ap\u00f3s a conquista, o lateral-direito desabafou sobre o per\u00edodo de cr\u00edticas que viveu no Rubro-Negro e comemorou o t\u00edtulo que selou de vez sua [&hellip;]\" \/>\n<meta property=\"og:url\" content=\"https:\/\/www.gaveanews.com\/index.php\/2022\/10\/20\/rodinei-faz-desabafo-e-celebra-titulo-pelo-flamengo\/\" \/>\n<meta property=\"og:site_name\" content=\"G\u00e1vea News\" \/>\n<meta property=\"article:publisher\" content=\"https:\/\/facebook.com\/gaveaNews\/\" \/>\n<meta property=\"article:published_time\" content=\"2022-10-20T09:37:20+00:00\" \/>\n<meta property=\"article:modified_time\" content=\"2022-10-20T09:37:22+00:00\" \/>\n<meta property=\"og:image\" content=\"https:\/\/www.gaveanews.com\/wp-content\/uploads\/Rodinei.webp\" \/>\n\t<meta property=\"og:image:width\" content=\"1121\" \/>\n\t<meta property=\"og:image:height\" content=\"628\" \/>\n\t<meta property=\"og:image:type\" content=\"image\/png\" \/>\n<meta name=\"author\" content=\"Equipe G\u00e1vea News\" \/>\n<meta name=\"twitter:card\" content=\"summary_large_image\" \/>\n<meta name=\"twitter:label1\" content=\"Escrito por\" \/>\n\t<meta name=\"twitter:data1\" content=\"Equipe G\u00e1vea News\" \/>\n\t<meta name=\"twitter:label2\" content=\"Est. tempo de leitura\" \/>\n\t<meta name=\"twitter:data2\" content=\"2 minutos\" \/>\n<script type=\"application\/ld+json\" class=\"yoast-schema-graph\">{\"@context\":\"https:\/\/schema.org\",\"@graph\":[{\"@type\":\"NewsArticle\",\"@id\":\"https:\/\/www.gaveanews.com\/index.php\/2022\/10\/20\/rodinei-faz-desabafo-e-celebra-titulo-pelo-flamengo\/#article\",\"isPartOf\":{\"@id\":\"https:\/\/www.gaveanews.com\/index.php\/2022\/10\/20\/rodinei-faz-desabafo-e-celebra-titulo-pelo-flamengo\/\"},\"author\":{\"name\":\"Equipe G\u00e1vea News\",\"@id\":\"https:\/\/www.gaveanews.com\/#\/schema\/person\/2ec14f73fb96be2caf28f91afb14749d\"},\"headline\":\"Rodinei faz desabafo e celebra t\u00edtulo pelo Flamengo\",\"datePublished\":\"2022-10-20T09:37:20+00:00\",\"dateModified\":\"2022-10-20T09:37:22+00:00\",\"mainEntityOfPage\":{\"@id\":\"https:\/\/www.gaveanews.com\/index.php\/2022\/10\/20\/rodinei-faz-desabafo-e-celebra-titulo-pelo-flamengo\/\"},\"wordCount\":271,\"commentCount\":0,\"image\":{\"@id\":\"https:\/\/www.gaveanews.com\/index.php\/2022\/10\/20\/rodinei-faz-desabafo-e-celebra-titulo-pelo-flamengo\/#primaryimage\"},\"thumbnailUrl\":\"https:\/\/www.gaveanews.com\/wp-content\/uploads\/Rodinei.webp\",\"articleSection\":[\"Flamengo\"],\"inLanguage\":\"pt-BR\",\"potentialAction\":[{\"@type\":\"CommentAction\",\"name\":\"Comment\",\"target\":[\"https:\/\/www.gaveanews.com\/index.php\/2022\/10\/20\/rodinei-faz-desabafo-e-celebra-titulo-pelo-flamengo\/#respond\"]}],\"copyrightYear\":\"2022\",\"copyrightHolder\":{\"@id\":\"https:\/\/www.gaveanews.com\/#organization\"}},{\"@type\":\"WebPage\",\"@id\":\"https:\/\/www.gaveanews.com\/index.php\/2022\/10\/20\/rodinei-faz-desabafo-e-celebra-titulo-pelo-flamengo\/\",\"url\":\"https:\/\/www.gaveanews.com\/index.php\/2022\/10\/20\/rodinei-faz-desabafo-e-celebra-titulo-pelo-flamengo\/\",\"name\":\"Rodinei faz desabafo e celebra t\u00edtulo pelo Flamengo\",\"isPartOf\":{\"@id\":\"https:\/\/www.gaveanews.com\/#website\"},\"primaryImageOfPage\":{\"@id\":\"https:\/\/www.gaveanews.com\/index.php\/2022\/10\/20\/rodinei-faz-desabafo-e-celebra-titulo-pelo-flamengo\/#primaryimage\"},\"image\":{\"@id\":\"https:\/\/www.gaveanews.com\/index.php\/2022\/10\/20\/rodinei-faz-desabafo-e-celebra-titulo-pelo-flamengo\/#primaryimage\"},\"thumbnailUrl\":\"https:\/\/www.gaveanews.com\/wp-content\/uploads\/Rodinei.webp\",\"datePublished\":\"2022-10-20T09:37:20+00:00\",\"dateModified\":\"2022-10-20T09:37:22+00:00\",\"author\":{\"@id\":\"https:\/\/www.gaveanews.com\/#\/schema\/person\/2ec14f73fb96be2caf28f91afb14749d\"},\"breadcrumb\":{\"@id\":\"https:\/\/www.gaveanews.com\/index.php\/2022\/10\/20\/rodinei-faz-desabafo-e-celebra-titulo-pelo-flamengo\/#breadcrumb\"},\"inLanguage\":\"pt-BR\",\"potentialAction\":[{\"@type\":\"ReadAction\",\"target\":[\"https:\/\/www.gaveanews.com\/index.php\/2022\/10\/20\/rodinei-faz-desabafo-e-celebra-titulo-pelo-flamengo\/\"]}]},{\"@type\":\"ImageObject\",\"inLanguage\":\"pt-BR\",\"@id\":\"https:\/\/www.gaveanews.com\/index.php\/2022\/10\/20\/rodinei-faz-desabafo-e-celebra-titulo-pelo-flamengo\/#primaryimage\",\"url\":\"https:\/\/www.gaveanews.com\/wp-content\/uploads\/Rodinei.webp\",\"contentUrl\":\"https:\/\/www.gaveanews.com\/wp-content\/uploads\/Rodinei.webp\",\"width\":1121,\"height\":628},{\"@type\":\"BreadcrumbList\",\"@id\":\"https:\/\/www.gaveanews.com\/index.php\/2022\/10\/20\/rodinei-faz-desabafo-e-celebra-titulo-pelo-flamengo\/#breadcrumb\",\"itemListElement\":[{\"@type\":\"ListItem\",\"position\":1,\"name\":\"Home\",\"item\":\"https:\/\/www.gaveanews.com\/\"},{\"@type\":\"ListItem\",\"position\":2,\"name\":\"Rodinei faz desabafo e celebra t\u00edtulo pelo Flamengo\"}]},{\"@type\":\"WebSite\",\"@id\":\"https:\/\/www.gaveanews.com\/#website\",\"url\":\"https:\/\/www.gaveanews.com\/\",\"name\":\"G\u00e1vea News\",\"description\":\"Veja todas as not\u00edcias sobre o Flamengo: Contrata\u00e7\u00f5es, categorias de base, resultados das partidas, tabela de classifica\u00e7\u00e3o, pr\u00f3ximos jogos!\",\"potentialAction\":[{\"@type\":\"SearchAction\",\"target\":{\"@type\":\"EntryPoint\",\"urlTemplate\":\"https:\/\/www.gaveanews.com\/?s={search_term_string}\"},\"query-input\":{\"@type\":\"PropertyValueSpecification\",\"valueRequired\":true,\"valueName\":\"search_term_string\"}}],\"inLanguage\":\"pt-BR\"},{\"@type\":\"Person\",\"@id\":\"https:\/\/www.gaveanews.com\/#\/schema\/person\/2ec14f73fb96be2caf28f91afb14749d\",\"name\":\"Equipe G\u00e1vea News\",\"image\":{\"@type\":\"ImageObject\",\"inLanguage\":\"pt-BR\",\"@id\":\"https:\/\/www.gaveanews.com\/#\/schema\/person\/image\/\",\"url\":\"https:\/\/secure.gravatar.com\/avatar\/1e1956f1facbffd3f8fa53a326721950116b3b9dc9bd44939c01180fd4a745a9?s=96&d=mm&r=g\",\"contentUrl\":\"https:\/\/secure.gravatar.com\/avatar\/1e1956f1facbffd3f8fa53a326721950116b3b9dc9bd44939c01180fd4a745a9?s=96&d=mm&r=g\",\"caption\":\"Equipe G\u00e1vea News\"}}]}<\/script>\n<!-- \/ Yoast SEO Premium plugin. -->","yoast_head_json":{"title":"Rodinei faz desabafo e celebra t\u00edtulo pelo Flamengo","robots":{"index":"index","follow":"follow","max-snippet":"max-snippet:-1","max-image-preview":"max-image-preview:large","max-video-preview":"max-video-preview:-1"},"canonical":"https:\/\/www.gaveanews.com\/index.php\/2022\/10\/20\/rodinei-faz-desabafo-e-celebra-titulo-pelo-flamengo\/","og_locale":"pt_BR","og_type":"article","og_title":"Rodinei faz desabafo e celebra t\u00edtulo pelo Flamengo","og_description":"Vivendo seus \u00faltimos momentos com a camisa do Flamengo, Rodinei foi o respons\u00e1vel por converter a penalidade que valeu o t\u00edtulo da Copa do Brasil nesta quarta-feira contra o Corinthians. Euf\u00f3rico ap\u00f3s a conquista, o lateral-direito desabafou sobre o per\u00edodo de cr\u00edticas que viveu no Rubro-Negro e comemorou o t\u00edtulo que selou de vez sua [&hellip;]","og_url":"https:\/\/www.gaveanews.com\/index.php\/2022\/10\/20\/rodinei-faz-desabafo-e-celebra-titulo-pelo-flamengo\/","og_site_name":"G\u00e1vea News","article_publisher":"https:\/\/facebook.com\/gaveaNews\/","article_published_time":"2022-10-20T09:37:20+00:00","article_modified_time":"2022-10-20T09:37:22+00:00","og_image":[{"width":1121,"height":628,"url":"https:\/\/www.gaveanews.com\/wp-content\/uploads\/Rodinei.webp","type":"image\/png"}],"author":"Equipe G\u00e1vea News","twitter_card":"summary_large_image","twitter_misc":{"Escrito por":"Equipe G\u00e1vea News","Est. tempo de leitura":"2 minutos"},"schema":{"@context":"https:\/\/schema.org","@graph":[{"@type":"NewsArticle","@id":"https:\/\/www.gaveanews.com\/index.php\/2022\/10\/20\/rodinei-faz-desabafo-e-celebra-titulo-pelo-flamengo\/#article","isPartOf":{"@id":"https:\/\/www.gaveanews.com\/index.php\/2022\/10\/20\/rodinei-faz-desabafo-e-celebra-titulo-pelo-flamengo\/"},"author":{"name":"Equipe G\u00e1vea News","@id":"https:\/\/www.gaveanews.com\/#\/schema\/person\/2ec14f73fb96be2caf28f91afb14749d"},"headline":"Rodinei faz desabafo e celebra t\u00edtulo pelo Flamengo","datePublished":"2022-10-20T09:37:20+00:00","dateModified":"2022-10-20T09:37:22+00:00","mainEntityOfPage":{"@id":"https:\/\/www.gaveanews.com\/index.php\/2022\/10\/20\/rodinei-faz-desabafo-e-celebra-titulo-pelo-flamengo\/"},"wordCount":271,"commentCount":0,"image":{"@id":"https:\/\/www.gaveanews.com\/index.php\/2022\/10\/20\/rodinei-faz-desabafo-e-celebra-titulo-pelo-flamengo\/#primaryimage"},"thumbnailUrl":"https:\/\/www.gaveanews.com\/wp-content\/uploads\/Rodinei.webp","articleSection":["Flamengo"],"inLanguage":"pt-BR","potentialAction":[{"@type":"CommentAction","name":"Comment","target":["https:\/\/www.gaveanews.com\/index.php\/2022\/10\/20\/rodinei-faz-desabafo-e-celebra-titulo-pelo-flamengo\/#respond"]}],"copyrightYear":"2022","copyrightHolder":{"@id":"https:\/\/www.gaveanews.com\/#organization"}},{"@type":"WebPage","@id":"https:\/\/www.gaveanews.com\/index.php\/2022\/10\/20\/rodinei-faz-desabafo-e-celebra-titulo-pelo-flamengo\/","url":"https:\/\/www.gaveanews.com\/index.php\/2022\/10\/20\/rodinei-faz-desabafo-e-celebra-titulo-pelo-flamengo\/","name":"Rodinei faz desabafo e celebra t\u00edtulo pelo Flamengo","isPartOf":{"@id":"https:\/\/www.gaveanews.com\/#website"},"primaryImageOfPage":{"@id":"https:\/\/www.gaveanews.com\/index.php\/2022\/10\/20\/rodinei-faz-desabafo-e-celebra-titulo-pelo-flamengo\/#primaryimage"},"image":{"@id":"https:\/\/www.gaveanews.com\/index.php\/2022\/10\/20\/rodinei-faz-desabafo-e-celebra-titulo-pelo-flamengo\/#primaryimage"},"thumbnailUrl":"https:\/\/www.gaveanews.com\/wp-content\/uploads\/Rodinei.webp","datePublished":"2022-10-20T09:37:20+00:00","dateModified":"2022-10-20T09:37:22+00:00","author":{"@id":"https:\/\/www.gaveanews.com\/#\/schema\/person\/2ec14f73fb96be2caf28f91afb14749d"},"breadcrumb":{"@id":"https:\/\/www.gaveanews.com\/index.php\/2022\/10\/20\/rodinei-faz-desabafo-e-celebra-titulo-pelo-flamengo\/#breadcrumb"},"inLanguage":"pt-BR","potentialAction":[{"@type":"ReadAction","target":["https:\/\/www.gaveanews.com\/index.php\/2022\/10\/20\/rodinei-faz-desabafo-e-celebra-titulo-pelo-flamengo\/"]}]},{"@type":"ImageObject","inLanguage":"pt-BR","@id":"https:\/\/www.gaveanews.com\/index.php\/2022\/10\/20\/rodinei-faz-desabafo-e-celebra-titulo-pelo-flamengo\/#primaryimage","url":"https:\/\/www.gaveanews.com\/wp-content\/uploads\/Rodinei.webp","contentUrl":"https:\/\/www.gaveanews.com\/wp-content\/uploads\/Rodinei.webp","width":1121,"height":628},{"@type":"BreadcrumbList","@id":"https:\/\/www.gaveanews.com\/index.php\/2022\/10\/20\/rodinei-faz-desabafo-e-celebra-titulo-pelo-flamengo\/#breadcrumb","itemListElement":[{"@type":"ListItem","position":1,"name":"Home","item":"https:\/\/www.gaveanews.com\/"},{"@type":"ListItem","position":2,"name":"Rodinei faz desabafo e celebra t\u00edtulo pelo Flamengo"}]},{"@type":"WebSite","@id":"https:\/\/www.gaveanews.com\/#website","url":"https:\/\/www.gaveanews.com\/","name":"G\u00e1vea News","description":"Veja todas as not\u00edcias sobre o Flamengo: Contrata\u00e7\u00f5es, categorias de base, resultados das partidas, tabela de classifica\u00e7\u00e3o, pr\u00f3ximos jogos!","potentialAction":[{"@type":"SearchAction","target":{"@type":"EntryPoint","urlTemplate":"https:\/\/www.gaveanews.com\/?s={search_term_string}"},"query-input":{"@type":"PropertyValueSpecification","valueRequired":true,"valueName":"search_term_string"}}],"inLanguage":"pt-BR"},{"@type":"Person","@id":"https:\/\/www.gaveanews.com\/#\/schema\/person\/2ec14f73fb96be2caf28f91afb14749d","name":"Equipe G\u00e1vea News","image":{"@type":"ImageObject","inLanguage":"pt-BR","@id":"https:\/\/www.gaveanews.com\/#\/schema\/person\/image\/","url":"https:\/\/secure.gravatar.com\/avatar\/1e1956f1facbffd3f8fa53a326721950116b3b9dc9bd44939c01180fd4a745a9?s=96&d=mm&r=g","contentUrl":"https:\/\/secure.gravatar.com\/avatar\/1e1956f1facbffd3f8fa53a326721950116b3b9dc9bd44939c01180fd4a745a9?s=96&d=mm&r=g","caption":"Equipe G\u00e1vea News"}}]}},"_links":{"self":[{"href":"https:\/\/www.gaveanews.com\/index.php\/wp-json\/wp\/v2\/posts\/89312","targetHints":{"allow":["GET"]}}],"collection":[{"href":"https:\/\/www.gaveanews.com\/index.php\/wp-json\/wp\/v2\/posts"}],"about":[{"href":"https:\/\/www.gaveanews.com\/index.php\/wp-json\/wp\/v2\/types\/post"}],"author":[{"embeddable":true,"href":"https:\/\/www.gaveanews.com\/index.php\/wp-json\/wp\/v2\/users\/1"}],"replies":[{"embeddable":true,"href":"https:\/\/www.gaveanews.com\/index.php\/wp-json\/wp\/v2\/comments?post=89312"}],"version-history":[{"count":0,"href":"https:\/\/www.gaveanews.com\/index.php\/wp-json\/wp\/v2\/posts\/89312\/revisions"}],"wp:featuredmedia":[{"embeddable":true,"href":"https:\/\/www.gaveanews.com\/index.php\/wp-json\/wp\/v2\/media\/35409"}],"wp:attachment":[{"href":"https:\/\/www.gaveanews.com\/index.php\/wp-json\/wp\/v2\/media?parent=89312"}],"wp:term":[{"taxonomy":"category","embeddable":true,"href":"https:\/\/www.gaveanews.com\/index.php\/wp-json\/wp\/v2\/categories?post=89312"},{"taxonomy":"post_tag","embeddable":true,"href":"https:\/\/www.gaveanews.com\/index.php\/wp-json\/wp\/v2\/tags?post=89312"}],"curies":[{"name":"wp","href":"https:\/\/api.w.org\/{rel}","templated":true}]}}