{"id":89316,"date":"2022-10-20T06:51:59","date_gmt":"2022-10-20T09:51:59","guid":{"rendered":"https:\/\/www.gaveanews.com\/?p=89316"},"modified":"2022-10-20T06:52:01","modified_gmt":"2022-10-20T09:52:01","slug":"apos-ser-campeao-pelo-flamengo-pedro-fala-sobre-expectativa-de-ir-a-copa-do-mundo","status":"publish","type":"post","link":"https:\/\/www.gaveanews.com\/index.php\/2022\/10\/20\/apos-ser-campeao-pelo-flamengo-pedro-fala-sobre-expectativa-de-ir-a-copa-do-mundo\/","title":{"rendered":"Ap\u00f3s ser campe\u00e3o pelo Flamengo, Pedro fala sobre expectativa de ir \u00e0 Copa do Mundo"},"content":{"rendered":"\n<p>Ap\u00f3s ser campe\u00e3o da Copa do Brasil pelo Flamengo, Pedro falou sobre a expectativa de ser convocado para a Copa do Mundo. Em entrevista \u00e0 TV Globo, o atacante foi questionado se seria o &#8220;9 do hexa&#8221;. Nesse sentido, o jogador afirmou que trabalha para realizar o sonho de ir ao Mundial e destacou a import\u00e2ncia de trabalhar e evoluir a cada dia no Rubro-Negro para ser chamado pelo t\u00e9cnico Tite, que estava no Maracan\u00e3 para acompanhar a final.<\/p>\n\n\n\n<p><em>\u2014 Se Deus quiser. Eu trabalho para isso, trabalho para realizar sonhos. Ir para a Sele\u00e7\u00e3o, ira para a Copa do Mundo \u00e9 um sonho que procuro realizar. Como sempre falo, tenho que estar trabalhando, evoluindo aqui no Flamengo a cada dia, a cada jogo. Ent\u00e3o, \u00e9 isso que venho pensando, \u00e9 esse o meu foco. Trabalhar no dia a dia aqui no Flamengo para, se Deus quiser, abrir as portas da Sele\u00e7\u00e3o. Claro que isso quem decide \u00e9 o professor Tite, e n\u00f3s temos que estar fazendo a nossa parte. A cobran\u00e7a \u00e9 grande, t\u00eam v\u00e1rios jogadores muito bons na Sele\u00e7\u00e3o Brasileira disputando. Ent\u00e3o, vou ter que estar fazendo a minha parte, trabalhando o m\u00e1ximo<\/em>, disse Pedro.<\/p>\n\n\n\n<p>Dentro de campo, vale lembrar, o Rubro-Negro abriu o placar justamente com Pedro. Contudo, ap\u00f3s o empate do Corinthians na reta final do segundo tempo, a decis\u00e3o foi para os p\u00eanaltis. Nas cobran\u00e7as, o Fla levou a melhor por 6 a 5 e se sagrou campe\u00e3o. Durante a entrevista, Pedro falou sobre a import\u00e2ncia do gol para ajudar essa gera\u00e7\u00e3o vitoriosa a conquistar um t\u00edtulo at\u00e9 ent\u00e3o in\u00e9dito.<\/p>\n\n\n\n<p><em>\u2014 Foi emocionante para mim. \u00c9 um sonho que realizo a cada dia estar no Flamengo, sonho de crian\u00e7a meu e da minha fam\u00edlia estar jogando aqui. Fazer gol na final\u2026 Po, nem fala, nem imaginava. O Maracan\u00e3 lotado, a torcida fazendo a festa. \u00c9 gratificante demais. Agora \u00e9 aproveitar o momento. N\u00e3o tem muito tempo para aproveitar, mas focar na final contra o Athletico<\/em>, afirmou o atacante.<\/p>\n\n\n\n<p>Retirado de: O Dia<\/p>\n","protected":false},"excerpt":{"rendered":"<p>Ap\u00f3s ser campe\u00e3o da Copa do Brasil pelo Flamengo, Pedro falou sobre a expectativa de ser convocado para a Copa do Mundo. Em entrevista \u00e0 TV Globo, o atacante foi questionado se seria o &#8220;9 do hexa&#8221;. Nesse sentido, o jogador afirmou que trabalha para realizar o sonho de ir ao Mundial e destacou a [&hellip;]<\/p>\n","protected":false},"author":1,"featured_media":88204,"comment_status":"open","ping_status":"closed","sticky":false,"template":"","format":"standard","meta":{"footnotes":""},"categories":[1],"tags":[],"class_list":["post-89316","post","type-post","status-publish","format-standard","has-post-thumbnail","hentry","category-flamengo"],"yoast_head":"<!-- This site is optimized with the Yoast SEO Premium plugin v24.2 (Yoast SEO v26.9) - https:\/\/yoast.com\/product\/yoast-seo-premium-wordpress\/ -->\n<title>Ap\u00f3s ser campe\u00e3o pelo Flamengo, Pedro fala sobre expectativa de ir \u00e0 Copa do Mundo<\/title>\n<meta name=\"robots\" content=\"index, follow, max-snippet:-1, max-image-preview:large, max-video-preview:-1\" \/>\n<link rel=\"canonical\" href=\"https:\/\/www.gaveanews.com\/index.php\/2022\/10\/20\/apos-ser-campeao-pelo-flamengo-pedro-fala-sobre-expectativa-de-ir-a-copa-do-mundo\/\" \/>\n<meta property=\"og:locale\" content=\"pt_BR\" \/>\n<meta property=\"og:type\" content=\"article\" \/>\n<meta property=\"og:title\" content=\"Ap\u00f3s ser campe\u00e3o pelo Flamengo, Pedro fala sobre expectativa de ir \u00e0 Copa do Mundo\" \/>\n<meta property=\"og:description\" content=\"Ap\u00f3s ser campe\u00e3o da Copa do Brasil pelo Flamengo, Pedro falou sobre a expectativa de ser convocado para a Copa do Mundo. Em entrevista \u00e0 TV Globo, o atacante foi questionado se seria o &#8220;9 do hexa&#8221;. Nesse sentido, o jogador afirmou que trabalha para realizar o sonho de ir ao Mundial e destacou a [&hellip;]\" \/>\n<meta property=\"og:url\" content=\"https:\/\/www.gaveanews.com\/index.php\/2022\/10\/20\/apos-ser-campeao-pelo-flamengo-pedro-fala-sobre-expectativa-de-ir-a-copa-do-mundo\/\" \/>\n<meta property=\"og:site_name\" content=\"G\u00e1vea News\" \/>\n<meta property=\"article:publisher\" content=\"https:\/\/facebook.com\/gaveaNews\/\" \/>\n<meta property=\"article:published_time\" content=\"2022-10-20T09:51:59+00:00\" \/>\n<meta property=\"article:modified_time\" content=\"2022-10-20T09:52:01+00:00\" \/>\n<meta property=\"og:image\" content=\"https:\/\/www.gaveanews.com\/wp-content\/uploads\/Pedro-comemora-gol-marcado-pela-Selecao-Brasileira.webp\" \/>\n\t<meta property=\"og:image:width\" content=\"900\" \/>\n\t<meta property=\"og:image:height\" content=\"506\" \/>\n\t<meta property=\"og:image:type\" content=\"image\/png\" \/>\n<meta name=\"author\" content=\"Equipe G\u00e1vea News\" \/>\n<meta name=\"twitter:card\" content=\"summary_large_image\" \/>\n<meta name=\"twitter:label1\" content=\"Escrito por\" \/>\n\t<meta name=\"twitter:data1\" content=\"Equipe G\u00e1vea News\" \/>\n\t<meta name=\"twitter:label2\" content=\"Est. tempo de leitura\" \/>\n\t<meta name=\"twitter:data2\" content=\"2 minutos\" \/>\n<script type=\"application\/ld+json\" class=\"yoast-schema-graph\">{\"@context\":\"https:\/\/schema.org\",\"@graph\":[{\"@type\":\"NewsArticle\",\"@id\":\"https:\/\/www.gaveanews.com\/index.php\/2022\/10\/20\/apos-ser-campeao-pelo-flamengo-pedro-fala-sobre-expectativa-de-ir-a-copa-do-mundo\/#article\",\"isPartOf\":{\"@id\":\"https:\/\/www.gaveanews.com\/index.php\/2022\/10\/20\/apos-ser-campeao-pelo-flamengo-pedro-fala-sobre-expectativa-de-ir-a-copa-do-mundo\/\"},\"author\":{\"name\":\"Equipe G\u00e1vea News\",\"@id\":\"https:\/\/www.gaveanews.com\/#\/schema\/person\/2ec14f73fb96be2caf28f91afb14749d\"},\"headline\":\"Ap\u00f3s ser campe\u00e3o pelo Flamengo, Pedro fala sobre expectativa de ir \u00e0 Copa do Mundo\",\"datePublished\":\"2022-10-20T09:51:59+00:00\",\"dateModified\":\"2022-10-20T09:52:01+00:00\",\"mainEntityOfPage\":{\"@id\":\"https:\/\/www.gaveanews.com\/index.php\/2022\/10\/20\/apos-ser-campeao-pelo-flamengo-pedro-fala-sobre-expectativa-de-ir-a-copa-do-mundo\/\"},\"wordCount\":366,\"commentCount\":0,\"image\":{\"@id\":\"https:\/\/www.gaveanews.com\/index.php\/2022\/10\/20\/apos-ser-campeao-pelo-flamengo-pedro-fala-sobre-expectativa-de-ir-a-copa-do-mundo\/#primaryimage\"},\"thumbnailUrl\":\"https:\/\/www.gaveanews.com\/wp-content\/uploads\/Pedro-comemora-gol-marcado-pela-Selecao-Brasileira.webp\",\"articleSection\":[\"Flamengo\"],\"inLanguage\":\"pt-BR\",\"potentialAction\":[{\"@type\":\"CommentAction\",\"name\":\"Comment\",\"target\":[\"https:\/\/www.gaveanews.com\/index.php\/2022\/10\/20\/apos-ser-campeao-pelo-flamengo-pedro-fala-sobre-expectativa-de-ir-a-copa-do-mundo\/#respond\"]}],\"copyrightYear\":\"2022\",\"copyrightHolder\":{\"@id\":\"https:\/\/www.gaveanews.com\/#organization\"}},{\"@type\":\"WebPage\",\"@id\":\"https:\/\/www.gaveanews.com\/index.php\/2022\/10\/20\/apos-ser-campeao-pelo-flamengo-pedro-fala-sobre-expectativa-de-ir-a-copa-do-mundo\/\",\"url\":\"https:\/\/www.gaveanews.com\/index.php\/2022\/10\/20\/apos-ser-campeao-pelo-flamengo-pedro-fala-sobre-expectativa-de-ir-a-copa-do-mundo\/\",\"name\":\"Ap\u00f3s ser campe\u00e3o pelo Flamengo, Pedro fala sobre expectativa de ir \u00e0 Copa do Mundo\",\"isPartOf\":{\"@id\":\"https:\/\/www.gaveanews.com\/#website\"},\"primaryImageOfPage\":{\"@id\":\"https:\/\/www.gaveanews.com\/index.php\/2022\/10\/20\/apos-ser-campeao-pelo-flamengo-pedro-fala-sobre-expectativa-de-ir-a-copa-do-mundo\/#primaryimage\"},\"image\":{\"@id\":\"https:\/\/www.gaveanews.com\/index.php\/2022\/10\/20\/apos-ser-campeao-pelo-flamengo-pedro-fala-sobre-expectativa-de-ir-a-copa-do-mundo\/#primaryimage\"},\"thumbnailUrl\":\"https:\/\/www.gaveanews.com\/wp-content\/uploads\/Pedro-comemora-gol-marcado-pela-Selecao-Brasileira.webp\",\"datePublished\":\"2022-10-20T09:51:59+00:00\",\"dateModified\":\"2022-10-20T09:52:01+00:00\",\"author\":{\"@id\":\"https:\/\/www.gaveanews.com\/#\/schema\/person\/2ec14f73fb96be2caf28f91afb14749d\"},\"breadcrumb\":{\"@id\":\"https:\/\/www.gaveanews.com\/index.php\/2022\/10\/20\/apos-ser-campeao-pelo-flamengo-pedro-fala-sobre-expectativa-de-ir-a-copa-do-mundo\/#breadcrumb\"},\"inLanguage\":\"pt-BR\",\"potentialAction\":[{\"@type\":\"ReadAction\",\"target\":[\"https:\/\/www.gaveanews.com\/index.php\/2022\/10\/20\/apos-ser-campeao-pelo-flamengo-pedro-fala-sobre-expectativa-de-ir-a-copa-do-mundo\/\"]}]},{\"@type\":\"ImageObject\",\"inLanguage\":\"pt-BR\",\"@id\":\"https:\/\/www.gaveanews.com\/index.php\/2022\/10\/20\/apos-ser-campeao-pelo-flamengo-pedro-fala-sobre-expectativa-de-ir-a-copa-do-mundo\/#primaryimage\",\"url\":\"https:\/\/www.gaveanews.com\/wp-content\/uploads\/Pedro-comemora-gol-marcado-pela-Selecao-Brasileira.webp\",\"contentUrl\":\"https:\/\/www.gaveanews.com\/wp-content\/uploads\/Pedro-comemora-gol-marcado-pela-Selecao-Brasileira.webp\",\"width\":900,\"height\":506,\"caption\":\"Pedro comemora gol marcado pela Sele\u00e7\u00e3o Brasileira (Foto: Lucas Figueiredo\/CBF)\"},{\"@type\":\"BreadcrumbList\",\"@id\":\"https:\/\/www.gaveanews.com\/index.php\/2022\/10\/20\/apos-ser-campeao-pelo-flamengo-pedro-fala-sobre-expectativa-de-ir-a-copa-do-mundo\/#breadcrumb\",\"itemListElement\":[{\"@type\":\"ListItem\",\"position\":1,\"name\":\"Home\",\"item\":\"https:\/\/www.gaveanews.com\/\"},{\"@type\":\"ListItem\",\"position\":2,\"name\":\"Ap\u00f3s ser campe\u00e3o pelo Flamengo, Pedro fala sobre expectativa de ir \u00e0 Copa do Mundo\"}]},{\"@type\":\"WebSite\",\"@id\":\"https:\/\/www.gaveanews.com\/#website\",\"url\":\"https:\/\/www.gaveanews.com\/\",\"name\":\"G\u00e1vea News\",\"description\":\"Veja todas as not\u00edcias sobre o Flamengo: Contrata\u00e7\u00f5es, categorias de base, resultados das partidas, tabela de classifica\u00e7\u00e3o, pr\u00f3ximos jogos!\",\"potentialAction\":[{\"@type\":\"SearchAction\",\"target\":{\"@type\":\"EntryPoint\",\"urlTemplate\":\"https:\/\/www.gaveanews.com\/?s={search_term_string}\"},\"query-input\":{\"@type\":\"PropertyValueSpecification\",\"valueRequired\":true,\"valueName\":\"search_term_string\"}}],\"inLanguage\":\"pt-BR\"},{\"@type\":\"Person\",\"@id\":\"https:\/\/www.gaveanews.com\/#\/schema\/person\/2ec14f73fb96be2caf28f91afb14749d\",\"name\":\"Equipe G\u00e1vea News\",\"image\":{\"@type\":\"ImageObject\",\"inLanguage\":\"pt-BR\",\"@id\":\"https:\/\/www.gaveanews.com\/#\/schema\/person\/image\/\",\"url\":\"https:\/\/secure.gravatar.com\/avatar\/1e1956f1facbffd3f8fa53a326721950116b3b9dc9bd44939c01180fd4a745a9?s=96&d=mm&r=g\",\"contentUrl\":\"https:\/\/secure.gravatar.com\/avatar\/1e1956f1facbffd3f8fa53a326721950116b3b9dc9bd44939c01180fd4a745a9?s=96&d=mm&r=g\",\"caption\":\"Equipe G\u00e1vea News\"}}]}<\/script>\n<!-- \/ Yoast SEO Premium plugin. -->","yoast_head_json":{"title":"Ap\u00f3s ser campe\u00e3o pelo Flamengo, Pedro fala sobre expectativa de ir \u00e0 Copa do Mundo","robots":{"index":"index","follow":"follow","max-snippet":"max-snippet:-1","max-image-preview":"max-image-preview:large","max-video-preview":"max-video-preview:-1"},"canonical":"https:\/\/www.gaveanews.com\/index.php\/2022\/10\/20\/apos-ser-campeao-pelo-flamengo-pedro-fala-sobre-expectativa-de-ir-a-copa-do-mundo\/","og_locale":"pt_BR","og_type":"article","og_title":"Ap\u00f3s ser campe\u00e3o pelo Flamengo, Pedro fala sobre expectativa de ir \u00e0 Copa do Mundo","og_description":"Ap\u00f3s ser campe\u00e3o da Copa do Brasil pelo Flamengo, Pedro falou sobre a expectativa de ser convocado para a Copa do Mundo. Em entrevista \u00e0 TV Globo, o atacante foi questionado se seria o &#8220;9 do hexa&#8221;. Nesse sentido, o jogador afirmou que trabalha para realizar o sonho de ir ao Mundial e destacou a [&hellip;]","og_url":"https:\/\/www.gaveanews.com\/index.php\/2022\/10\/20\/apos-ser-campeao-pelo-flamengo-pedro-fala-sobre-expectativa-de-ir-a-copa-do-mundo\/","og_site_name":"G\u00e1vea News","article_publisher":"https:\/\/facebook.com\/gaveaNews\/","article_published_time":"2022-10-20T09:51:59+00:00","article_modified_time":"2022-10-20T09:52:01+00:00","og_image":[{"width":900,"height":506,"url":"https:\/\/www.gaveanews.com\/wp-content\/uploads\/Pedro-comemora-gol-marcado-pela-Selecao-Brasileira.webp","type":"image\/png"}],"author":"Equipe G\u00e1vea News","twitter_card":"summary_large_image","twitter_misc":{"Escrito por":"Equipe G\u00e1vea News","Est. tempo de leitura":"2 minutos"},"schema":{"@context":"https:\/\/schema.org","@graph":[{"@type":"NewsArticle","@id":"https:\/\/www.gaveanews.com\/index.php\/2022\/10\/20\/apos-ser-campeao-pelo-flamengo-pedro-fala-sobre-expectativa-de-ir-a-copa-do-mundo\/#article","isPartOf":{"@id":"https:\/\/www.gaveanews.com\/index.php\/2022\/10\/20\/apos-ser-campeao-pelo-flamengo-pedro-fala-sobre-expectativa-de-ir-a-copa-do-mundo\/"},"author":{"name":"Equipe G\u00e1vea News","@id":"https:\/\/www.gaveanews.com\/#\/schema\/person\/2ec14f73fb96be2caf28f91afb14749d"},"headline":"Ap\u00f3s ser campe\u00e3o pelo Flamengo, Pedro fala sobre expectativa de ir \u00e0 Copa do Mundo","datePublished":"2022-10-20T09:51:59+00:00","dateModified":"2022-10-20T09:52:01+00:00","mainEntityOfPage":{"@id":"https:\/\/www.gaveanews.com\/index.php\/2022\/10\/20\/apos-ser-campeao-pelo-flamengo-pedro-fala-sobre-expectativa-de-ir-a-copa-do-mundo\/"},"wordCount":366,"commentCount":0,"image":{"@id":"https:\/\/www.gaveanews.com\/index.php\/2022\/10\/20\/apos-ser-campeao-pelo-flamengo-pedro-fala-sobre-expectativa-de-ir-a-copa-do-mundo\/#primaryimage"},"thumbnailUrl":"https:\/\/www.gaveanews.com\/wp-content\/uploads\/Pedro-comemora-gol-marcado-pela-Selecao-Brasileira.webp","articleSection":["Flamengo"],"inLanguage":"pt-BR","potentialAction":[{"@type":"CommentAction","name":"Comment","target":["https:\/\/www.gaveanews.com\/index.php\/2022\/10\/20\/apos-ser-campeao-pelo-flamengo-pedro-fala-sobre-expectativa-de-ir-a-copa-do-mundo\/#respond"]}],"copyrightYear":"2022","copyrightHolder":{"@id":"https:\/\/www.gaveanews.com\/#organization"}},{"@type":"WebPage","@id":"https:\/\/www.gaveanews.com\/index.php\/2022\/10\/20\/apos-ser-campeao-pelo-flamengo-pedro-fala-sobre-expectativa-de-ir-a-copa-do-mundo\/","url":"https:\/\/www.gaveanews.com\/index.php\/2022\/10\/20\/apos-ser-campeao-pelo-flamengo-pedro-fala-sobre-expectativa-de-ir-a-copa-do-mundo\/","name":"Ap\u00f3s ser campe\u00e3o pelo Flamengo, Pedro fala sobre expectativa de ir \u00e0 Copa do Mundo","isPartOf":{"@id":"https:\/\/www.gaveanews.com\/#website"},"primaryImageOfPage":{"@id":"https:\/\/www.gaveanews.com\/index.php\/2022\/10\/20\/apos-ser-campeao-pelo-flamengo-pedro-fala-sobre-expectativa-de-ir-a-copa-do-mundo\/#primaryimage"},"image":{"@id":"https:\/\/www.gaveanews.com\/index.php\/2022\/10\/20\/apos-ser-campeao-pelo-flamengo-pedro-fala-sobre-expectativa-de-ir-a-copa-do-mundo\/#primaryimage"},"thumbnailUrl":"https:\/\/www.gaveanews.com\/wp-content\/uploads\/Pedro-comemora-gol-marcado-pela-Selecao-Brasileira.webp","datePublished":"2022-10-20T09:51:59+00:00","dateModified":"2022-10-20T09:52:01+00:00","author":{"@id":"https:\/\/www.gaveanews.com\/#\/schema\/person\/2ec14f73fb96be2caf28f91afb14749d"},"breadcrumb":{"@id":"https:\/\/www.gaveanews.com\/index.php\/2022\/10\/20\/apos-ser-campeao-pelo-flamengo-pedro-fala-sobre-expectativa-de-ir-a-copa-do-mundo\/#breadcrumb"},"inLanguage":"pt-BR","potentialAction":[{"@type":"ReadAction","target":["https:\/\/www.gaveanews.com\/index.php\/2022\/10\/20\/apos-ser-campeao-pelo-flamengo-pedro-fala-sobre-expectativa-de-ir-a-copa-do-mundo\/"]}]},{"@type":"ImageObject","inLanguage":"pt-BR","@id":"https:\/\/www.gaveanews.com\/index.php\/2022\/10\/20\/apos-ser-campeao-pelo-flamengo-pedro-fala-sobre-expectativa-de-ir-a-copa-do-mundo\/#primaryimage","url":"https:\/\/www.gaveanews.com\/wp-content\/uploads\/Pedro-comemora-gol-marcado-pela-Selecao-Brasileira.webp","contentUrl":"https:\/\/www.gaveanews.com\/wp-content\/uploads\/Pedro-comemora-gol-marcado-pela-Selecao-Brasileira.webp","width":900,"height":506,"caption":"Pedro comemora gol marcado pela Sele\u00e7\u00e3o Brasileira (Foto: Lucas Figueiredo\/CBF)"},{"@type":"BreadcrumbList","@id":"https:\/\/www.gaveanews.com\/index.php\/2022\/10\/20\/apos-ser-campeao-pelo-flamengo-pedro-fala-sobre-expectativa-de-ir-a-copa-do-mundo\/#breadcrumb","itemListElement":[{"@type":"ListItem","position":1,"name":"Home","item":"https:\/\/www.gaveanews.com\/"},{"@type":"ListItem","position":2,"name":"Ap\u00f3s ser campe\u00e3o pelo Flamengo, Pedro fala sobre expectativa de ir \u00e0 Copa do Mundo"}]},{"@type":"WebSite","@id":"https:\/\/www.gaveanews.com\/#website","url":"https:\/\/www.gaveanews.com\/","name":"G\u00e1vea News","description":"Veja todas as not\u00edcias sobre o Flamengo: Contrata\u00e7\u00f5es, categorias de base, resultados das partidas, tabela de classifica\u00e7\u00e3o, pr\u00f3ximos jogos!","potentialAction":[{"@type":"SearchAction","target":{"@type":"EntryPoint","urlTemplate":"https:\/\/www.gaveanews.com\/?s={search_term_string}"},"query-input":{"@type":"PropertyValueSpecification","valueRequired":true,"valueName":"search_term_string"}}],"inLanguage":"pt-BR"},{"@type":"Person","@id":"https:\/\/www.gaveanews.com\/#\/schema\/person\/2ec14f73fb96be2caf28f91afb14749d","name":"Equipe G\u00e1vea News","image":{"@type":"ImageObject","inLanguage":"pt-BR","@id":"https:\/\/www.gaveanews.com\/#\/schema\/person\/image\/","url":"https:\/\/secure.gravatar.com\/avatar\/1e1956f1facbffd3f8fa53a326721950116b3b9dc9bd44939c01180fd4a745a9?s=96&d=mm&r=g","contentUrl":"https:\/\/secure.gravatar.com\/avatar\/1e1956f1facbffd3f8fa53a326721950116b3b9dc9bd44939c01180fd4a745a9?s=96&d=mm&r=g","caption":"Equipe G\u00e1vea News"}}]}},"_links":{"self":[{"href":"https:\/\/www.gaveanews.com\/index.php\/wp-json\/wp\/v2\/posts\/89316","targetHints":{"allow":["GET"]}}],"collection":[{"href":"https:\/\/www.gaveanews.com\/index.php\/wp-json\/wp\/v2\/posts"}],"about":[{"href":"https:\/\/www.gaveanews.com\/index.php\/wp-json\/wp\/v2\/types\/post"}],"author":[{"embeddable":true,"href":"https:\/\/www.gaveanews.com\/index.php\/wp-json\/wp\/v2\/users\/1"}],"replies":[{"embeddable":true,"href":"https:\/\/www.gaveanews.com\/index.php\/wp-json\/wp\/v2\/comments?post=89316"}],"version-history":[{"count":0,"href":"https:\/\/www.gaveanews.com\/index.php\/wp-json\/wp\/v2\/posts\/89316\/revisions"}],"wp:featuredmedia":[{"embeddable":true,"href":"https:\/\/www.gaveanews.com\/index.php\/wp-json\/wp\/v2\/media\/88204"}],"wp:attachment":[{"href":"https:\/\/www.gaveanews.com\/index.php\/wp-json\/wp\/v2\/media?parent=89316"}],"wp:term":[{"taxonomy":"category","embeddable":true,"href":"https:\/\/www.gaveanews.com\/index.php\/wp-json\/wp\/v2\/categories?post=89316"},{"taxonomy":"post_tag","embeddable":true,"href":"https:\/\/www.gaveanews.com\/index.php\/wp-json\/wp\/v2\/tags?post=89316"}],"curies":[{"name":"wp","href":"https:\/\/api.w.org\/{rel}","templated":true}]}}