{"id":89334,"date":"2022-10-20T10:15:45","date_gmt":"2022-10-20T13:15:45","guid":{"rendered":"https:\/\/www.gaveanews.com\/?p=89334"},"modified":"2022-10-20T10:15:47","modified_gmt":"2022-10-20T13:15:47","slug":"intruso-na-comemoracao-do-titulo-do-flamengo-viraliza-na-web","status":"publish","type":"post","link":"https:\/\/www.gaveanews.com\/index.php\/2022\/10\/20\/intruso-na-comemoracao-do-titulo-do-flamengo-viraliza-na-web\/","title":{"rendered":"Intruso na comemora\u00e7\u00e3o do t\u00edtulo do Flamengo viraliza na web"},"content":{"rendered":"\n<p>A comemora\u00e7\u00e3o do tetracampeonato do Flamengo na Copa do Brasil teve mais p\u00fablico no campo do que o esperado. Logo depois da vit\u00f3ria do Meng\u00e3o nos p\u00eanaltis, muitos torcedores invadiram o gramado e participaram das comemora\u00e7\u00f5es do clube.<\/p>\n\n\n\n<p>Entre os rubro-negros que sa\u00edram nas fotos do elenco com a ta\u00e7a, um chamou aten\u00e7\u00e3o. O homem estava sem camisa, com uma m\u00e1scara um chap\u00e9u caracter\u00edsticos do personagem &#8220;m\u00e1scara&#8221;, dos quadrinhos.<\/p>\n\n\n\n<h2 class=\"wp-block-heading\" id=\"h-confira\">Confira:<\/h2>\n\n\n\n<figure class=\"wp-block-embed is-type-rich is-provider-twitter wp-block-embed-twitter\"><div class=\"wp-block-embed__wrapper\">\n<blockquote class=\"twitter-tweet\" data-width=\"550\" data-dnt=\"true\"><p lang=\"zxx\" dir=\"ltr\"><a href=\"https:\/\/t.co\/NXpU0MpRoK\">pic.twitter.com\/NXpU0MpRoK<\/a><\/p>&mdash; out of context Flamengo (@outofcontextCRF) <a href=\"https:\/\/twitter.com\/outofcontextCRF\/status\/1582938626870345728?ref_src=twsrc%5Etfw\">October 20, 2022<\/a><\/blockquote><script async src=\"https:\/\/platform.twitter.com\/widgets.js\" charset=\"utf-8\"><\/script>\n<\/div><\/figure>\n\n\n\n<p>Ap\u00f3s empatar por 1 a 1 no tempo regulamentar com gols de Pedro e Giuliano, a disputa foi para os p\u00eanaltis, onde Rodinei resolveu na s\u00e9tima cobran\u00e7a depois de Matheus Vital isolar a bola.<\/p>\n\n\n\n<p>Agora campe\u00e3o da Copa do Brasil, o Flamengo ter\u00e1 poucos dias para comemorar a conquista antes de sua pr\u00f3xima final. O Mais Querido vai a Guayaquil na pr\u00f3xima semana para enfrentar o Athletico-PR pela decis\u00e3o da Libertadores. O confronto acontecer\u00e1 no pr\u00f3ximo s\u00e1bado (29), \u00e0s 17h (hor\u00e1rio de Bras\u00edlia).<\/p>\n","protected":false},"excerpt":{"rendered":"<p>A comemora\u00e7\u00e3o do tetracampeonato do Flamengo na Copa do Brasil teve mais p\u00fablico no campo do que o esperado. Logo depois da vit\u00f3ria do Meng\u00e3o nos p\u00eanaltis, muitos torcedores invadiram o gramado e participaram das comemora\u00e7\u00f5es do clube. Entre os rubro-negros que sa\u00edram nas fotos do elenco com a ta\u00e7a, um chamou aten\u00e7\u00e3o. O homem [&hellip;]<\/p>\n","protected":false},"author":4,"featured_media":89337,"comment_status":"open","ping_status":"closed","sticky":false,"template":"","format":"standard","meta":{"footnotes":""},"categories":[1],"tags":[],"class_list":["post-89334","post","type-post","status-publish","format-standard","has-post-thumbnail","hentry","category-flamengo"],"yoast_head":"<!-- This site is optimized with the Yoast SEO Premium plugin v24.2 (Yoast SEO v26.9) - https:\/\/yoast.com\/product\/yoast-seo-premium-wordpress\/ -->\n<title>Intruso na comemora\u00e7\u00e3o do t\u00edtulo do Flamengo viraliza na web<\/title>\n<meta name=\"robots\" content=\"index, follow, max-snippet:-1, max-image-preview:large, max-video-preview:-1\" \/>\n<link rel=\"canonical\" href=\"https:\/\/www.gaveanews.com\/index.php\/2022\/10\/20\/intruso-na-comemoracao-do-titulo-do-flamengo-viraliza-na-web\/\" \/>\n<meta property=\"og:locale\" content=\"pt_BR\" \/>\n<meta property=\"og:type\" content=\"article\" \/>\n<meta property=\"og:title\" content=\"Intruso na comemora\u00e7\u00e3o do t\u00edtulo do Flamengo viraliza na web\" \/>\n<meta property=\"og:description\" content=\"A comemora\u00e7\u00e3o do tetracampeonato do Flamengo na Copa do Brasil teve mais p\u00fablico no campo do que o esperado. Logo depois da vit\u00f3ria do Meng\u00e3o nos p\u00eanaltis, muitos torcedores invadiram o gramado e participaram das comemora\u00e7\u00f5es do clube. Entre os rubro-negros que sa\u00edram nas fotos do elenco com a ta\u00e7a, um chamou aten\u00e7\u00e3o. O homem [&hellip;]\" \/>\n<meta property=\"og:url\" content=\"https:\/\/www.gaveanews.com\/index.php\/2022\/10\/20\/intruso-na-comemoracao-do-titulo-do-flamengo-viraliza-na-web\/\" \/>\n<meta property=\"og:site_name\" content=\"G\u00e1vea News\" \/>\n<meta property=\"article:publisher\" content=\"https:\/\/facebook.com\/gaveaNews\/\" \/>\n<meta property=\"article:published_time\" content=\"2022-10-20T13:15:45+00:00\" \/>\n<meta property=\"article:modified_time\" content=\"2022-10-20T13:15:47+00:00\" \/>\n<meta property=\"og:image\" content=\"https:\/\/www.gaveanews.com\/wp-content\/uploads\/Flamengo-comemora-tetracampeonato-da-Copa-do-Brasil.webp\" \/>\n\t<meta property=\"og:image:width\" content=\"799\" \/>\n\t<meta property=\"og:image:height\" content=\"533\" \/>\n\t<meta property=\"og:image:type\" content=\"image\/jpeg\" \/>\n<meta name=\"author\" content=\"Let\u00edcia Gerheim\" \/>\n<meta name=\"twitter:card\" content=\"summary_large_image\" \/>\n<meta name=\"twitter:label1\" content=\"Escrito por\" \/>\n\t<meta name=\"twitter:data1\" content=\"Let\u00edcia Gerheim\" \/>\n\t<meta name=\"twitter:label2\" content=\"Est. tempo de leitura\" \/>\n\t<meta name=\"twitter:data2\" content=\"1 minuto\" \/>\n<script type=\"application\/ld+json\" class=\"yoast-schema-graph\">{\"@context\":\"https:\/\/schema.org\",\"@graph\":[{\"@type\":\"NewsArticle\",\"@id\":\"https:\/\/www.gaveanews.com\/index.php\/2022\/10\/20\/intruso-na-comemoracao-do-titulo-do-flamengo-viraliza-na-web\/#article\",\"isPartOf\":{\"@id\":\"https:\/\/www.gaveanews.com\/index.php\/2022\/10\/20\/intruso-na-comemoracao-do-titulo-do-flamengo-viraliza-na-web\/\"},\"author\":{\"name\":\"Let\u00edcia Gerheim\",\"@id\":\"https:\/\/www.gaveanews.com\/#\/schema\/person\/714c67050b836198af2450ba1c142a67\"},\"headline\":\"Intruso na comemora\u00e7\u00e3o do t\u00edtulo do Flamengo viraliza na web\",\"datePublished\":\"2022-10-20T13:15:45+00:00\",\"dateModified\":\"2022-10-20T13:15:47+00:00\",\"mainEntityOfPage\":{\"@id\":\"https:\/\/www.gaveanews.com\/index.php\/2022\/10\/20\/intruso-na-comemoracao-do-titulo-do-flamengo-viraliza-na-web\/\"},\"wordCount\":199,\"commentCount\":0,\"image\":{\"@id\":\"https:\/\/www.gaveanews.com\/index.php\/2022\/10\/20\/intruso-na-comemoracao-do-titulo-do-flamengo-viraliza-na-web\/#primaryimage\"},\"thumbnailUrl\":\"https:\/\/www.gaveanews.com\/wp-content\/uploads\/Flamengo-comemora-tetracampeonato-da-Copa-do-Brasil.webp\",\"articleSection\":[\"Flamengo\"],\"inLanguage\":\"pt-BR\",\"potentialAction\":[{\"@type\":\"CommentAction\",\"name\":\"Comment\",\"target\":[\"https:\/\/www.gaveanews.com\/index.php\/2022\/10\/20\/intruso-na-comemoracao-do-titulo-do-flamengo-viraliza-na-web\/#respond\"]}],\"copyrightYear\":\"2022\",\"copyrightHolder\":{\"@id\":\"https:\/\/www.gaveanews.com\/#organization\"}},{\"@type\":\"WebPage\",\"@id\":\"https:\/\/www.gaveanews.com\/index.php\/2022\/10\/20\/intruso-na-comemoracao-do-titulo-do-flamengo-viraliza-na-web\/\",\"url\":\"https:\/\/www.gaveanews.com\/index.php\/2022\/10\/20\/intruso-na-comemoracao-do-titulo-do-flamengo-viraliza-na-web\/\",\"name\":\"Intruso na comemora\u00e7\u00e3o do t\u00edtulo do Flamengo viraliza na web\",\"isPartOf\":{\"@id\":\"https:\/\/www.gaveanews.com\/#website\"},\"primaryImageOfPage\":{\"@id\":\"https:\/\/www.gaveanews.com\/index.php\/2022\/10\/20\/intruso-na-comemoracao-do-titulo-do-flamengo-viraliza-na-web\/#primaryimage\"},\"image\":{\"@id\":\"https:\/\/www.gaveanews.com\/index.php\/2022\/10\/20\/intruso-na-comemoracao-do-titulo-do-flamengo-viraliza-na-web\/#primaryimage\"},\"thumbnailUrl\":\"https:\/\/www.gaveanews.com\/wp-content\/uploads\/Flamengo-comemora-tetracampeonato-da-Copa-do-Brasil.webp\",\"datePublished\":\"2022-10-20T13:15:45+00:00\",\"dateModified\":\"2022-10-20T13:15:47+00:00\",\"author\":{\"@id\":\"https:\/\/www.gaveanews.com\/#\/schema\/person\/714c67050b836198af2450ba1c142a67\"},\"breadcrumb\":{\"@id\":\"https:\/\/www.gaveanews.com\/index.php\/2022\/10\/20\/intruso-na-comemoracao-do-titulo-do-flamengo-viraliza-na-web\/#breadcrumb\"},\"inLanguage\":\"pt-BR\",\"potentialAction\":[{\"@type\":\"ReadAction\",\"target\":[\"https:\/\/www.gaveanews.com\/index.php\/2022\/10\/20\/intruso-na-comemoracao-do-titulo-do-flamengo-viraliza-na-web\/\"]}]},{\"@type\":\"ImageObject\",\"inLanguage\":\"pt-BR\",\"@id\":\"https:\/\/www.gaveanews.com\/index.php\/2022\/10\/20\/intruso-na-comemoracao-do-titulo-do-flamengo-viraliza-na-web\/#primaryimage\",\"url\":\"https:\/\/www.gaveanews.com\/wp-content\/uploads\/Flamengo-comemora-tetracampeonato-da-Copa-do-Brasil.webp\",\"contentUrl\":\"https:\/\/www.gaveanews.com\/wp-content\/uploads\/Flamengo-comemora-tetracampeonato-da-Copa-do-Brasil.webp\",\"width\":799,\"height\":533,\"caption\":\"Flamengo comemora tetracampeonato da Copa do Brasil (Foto: Gilvan de Souza\/Flamengo)\"},{\"@type\":\"BreadcrumbList\",\"@id\":\"https:\/\/www.gaveanews.com\/index.php\/2022\/10\/20\/intruso-na-comemoracao-do-titulo-do-flamengo-viraliza-na-web\/#breadcrumb\",\"itemListElement\":[{\"@type\":\"ListItem\",\"position\":1,\"name\":\"Home\",\"item\":\"https:\/\/www.gaveanews.com\/\"},{\"@type\":\"ListItem\",\"position\":2,\"name\":\"Intruso na comemora\u00e7\u00e3o do t\u00edtulo do Flamengo viraliza na web\"}]},{\"@type\":\"WebSite\",\"@id\":\"https:\/\/www.gaveanews.com\/#website\",\"url\":\"https:\/\/www.gaveanews.com\/\",\"name\":\"G\u00e1vea News\",\"description\":\"Veja todas as not\u00edcias sobre o Flamengo: Contrata\u00e7\u00f5es, categorias de base, resultados das partidas, tabela de classifica\u00e7\u00e3o, pr\u00f3ximos jogos!\",\"potentialAction\":[{\"@type\":\"SearchAction\",\"target\":{\"@type\":\"EntryPoint\",\"urlTemplate\":\"https:\/\/www.gaveanews.com\/?s={search_term_string}\"},\"query-input\":{\"@type\":\"PropertyValueSpecification\",\"valueRequired\":true,\"valueName\":\"search_term_string\"}}],\"inLanguage\":\"pt-BR\"},{\"@type\":\"Person\",\"@id\":\"https:\/\/www.gaveanews.com\/#\/schema\/person\/714c67050b836198af2450ba1c142a67\",\"name\":\"Let\u00edcia Gerheim\",\"image\":{\"@type\":\"ImageObject\",\"inLanguage\":\"pt-BR\",\"@id\":\"https:\/\/www.gaveanews.com\/#\/schema\/person\/image\/\",\"url\":\"https:\/\/secure.gravatar.com\/avatar\/60734739c50fcebfbac509e2a826ccd0ff405c019bc73aab9354f19ecad1dcb4?s=96&d=mm&r=g\",\"contentUrl\":\"https:\/\/secure.gravatar.com\/avatar\/60734739c50fcebfbac509e2a826ccd0ff405c019bc73aab9354f19ecad1dcb4?s=96&d=mm&r=g\",\"caption\":\"Let\u00edcia Gerheim\"}}]}<\/script>\n<!-- \/ Yoast SEO Premium plugin. -->","yoast_head_json":{"title":"Intruso na comemora\u00e7\u00e3o do t\u00edtulo do Flamengo viraliza na web","robots":{"index":"index","follow":"follow","max-snippet":"max-snippet:-1","max-image-preview":"max-image-preview:large","max-video-preview":"max-video-preview:-1"},"canonical":"https:\/\/www.gaveanews.com\/index.php\/2022\/10\/20\/intruso-na-comemoracao-do-titulo-do-flamengo-viraliza-na-web\/","og_locale":"pt_BR","og_type":"article","og_title":"Intruso na comemora\u00e7\u00e3o do t\u00edtulo do Flamengo viraliza na web","og_description":"A comemora\u00e7\u00e3o do tetracampeonato do Flamengo na Copa do Brasil teve mais p\u00fablico no campo do que o esperado. Logo depois da vit\u00f3ria do Meng\u00e3o nos p\u00eanaltis, muitos torcedores invadiram o gramado e participaram das comemora\u00e7\u00f5es do clube. Entre os rubro-negros que sa\u00edram nas fotos do elenco com a ta\u00e7a, um chamou aten\u00e7\u00e3o. O homem [&hellip;]","og_url":"https:\/\/www.gaveanews.com\/index.php\/2022\/10\/20\/intruso-na-comemoracao-do-titulo-do-flamengo-viraliza-na-web\/","og_site_name":"G\u00e1vea News","article_publisher":"https:\/\/facebook.com\/gaveaNews\/","article_published_time":"2022-10-20T13:15:45+00:00","article_modified_time":"2022-10-20T13:15:47+00:00","og_image":[{"width":799,"height":533,"url":"https:\/\/www.gaveanews.com\/wp-content\/uploads\/Flamengo-comemora-tetracampeonato-da-Copa-do-Brasil.webp","type":"image\/jpeg"}],"author":"Let\u00edcia Gerheim","twitter_card":"summary_large_image","twitter_misc":{"Escrito por":"Let\u00edcia Gerheim","Est. tempo de leitura":"1 minuto"},"schema":{"@context":"https:\/\/schema.org","@graph":[{"@type":"NewsArticle","@id":"https:\/\/www.gaveanews.com\/index.php\/2022\/10\/20\/intruso-na-comemoracao-do-titulo-do-flamengo-viraliza-na-web\/#article","isPartOf":{"@id":"https:\/\/www.gaveanews.com\/index.php\/2022\/10\/20\/intruso-na-comemoracao-do-titulo-do-flamengo-viraliza-na-web\/"},"author":{"name":"Let\u00edcia Gerheim","@id":"https:\/\/www.gaveanews.com\/#\/schema\/person\/714c67050b836198af2450ba1c142a67"},"headline":"Intruso na comemora\u00e7\u00e3o do t\u00edtulo do Flamengo viraliza na web","datePublished":"2022-10-20T13:15:45+00:00","dateModified":"2022-10-20T13:15:47+00:00","mainEntityOfPage":{"@id":"https:\/\/www.gaveanews.com\/index.php\/2022\/10\/20\/intruso-na-comemoracao-do-titulo-do-flamengo-viraliza-na-web\/"},"wordCount":199,"commentCount":0,"image":{"@id":"https:\/\/www.gaveanews.com\/index.php\/2022\/10\/20\/intruso-na-comemoracao-do-titulo-do-flamengo-viraliza-na-web\/#primaryimage"},"thumbnailUrl":"https:\/\/www.gaveanews.com\/wp-content\/uploads\/Flamengo-comemora-tetracampeonato-da-Copa-do-Brasil.webp","articleSection":["Flamengo"],"inLanguage":"pt-BR","potentialAction":[{"@type":"CommentAction","name":"Comment","target":["https:\/\/www.gaveanews.com\/index.php\/2022\/10\/20\/intruso-na-comemoracao-do-titulo-do-flamengo-viraliza-na-web\/#respond"]}],"copyrightYear":"2022","copyrightHolder":{"@id":"https:\/\/www.gaveanews.com\/#organization"}},{"@type":"WebPage","@id":"https:\/\/www.gaveanews.com\/index.php\/2022\/10\/20\/intruso-na-comemoracao-do-titulo-do-flamengo-viraliza-na-web\/","url":"https:\/\/www.gaveanews.com\/index.php\/2022\/10\/20\/intruso-na-comemoracao-do-titulo-do-flamengo-viraliza-na-web\/","name":"Intruso na comemora\u00e7\u00e3o do t\u00edtulo do Flamengo viraliza na web","isPartOf":{"@id":"https:\/\/www.gaveanews.com\/#website"},"primaryImageOfPage":{"@id":"https:\/\/www.gaveanews.com\/index.php\/2022\/10\/20\/intruso-na-comemoracao-do-titulo-do-flamengo-viraliza-na-web\/#primaryimage"},"image":{"@id":"https:\/\/www.gaveanews.com\/index.php\/2022\/10\/20\/intruso-na-comemoracao-do-titulo-do-flamengo-viraliza-na-web\/#primaryimage"},"thumbnailUrl":"https:\/\/www.gaveanews.com\/wp-content\/uploads\/Flamengo-comemora-tetracampeonato-da-Copa-do-Brasil.webp","datePublished":"2022-10-20T13:15:45+00:00","dateModified":"2022-10-20T13:15:47+00:00","author":{"@id":"https:\/\/www.gaveanews.com\/#\/schema\/person\/714c67050b836198af2450ba1c142a67"},"breadcrumb":{"@id":"https:\/\/www.gaveanews.com\/index.php\/2022\/10\/20\/intruso-na-comemoracao-do-titulo-do-flamengo-viraliza-na-web\/#breadcrumb"},"inLanguage":"pt-BR","potentialAction":[{"@type":"ReadAction","target":["https:\/\/www.gaveanews.com\/index.php\/2022\/10\/20\/intruso-na-comemoracao-do-titulo-do-flamengo-viraliza-na-web\/"]}]},{"@type":"ImageObject","inLanguage":"pt-BR","@id":"https:\/\/www.gaveanews.com\/index.php\/2022\/10\/20\/intruso-na-comemoracao-do-titulo-do-flamengo-viraliza-na-web\/#primaryimage","url":"https:\/\/www.gaveanews.com\/wp-content\/uploads\/Flamengo-comemora-tetracampeonato-da-Copa-do-Brasil.webp","contentUrl":"https:\/\/www.gaveanews.com\/wp-content\/uploads\/Flamengo-comemora-tetracampeonato-da-Copa-do-Brasil.webp","width":799,"height":533,"caption":"Flamengo comemora tetracampeonato da Copa do Brasil (Foto: Gilvan de Souza\/Flamengo)"},{"@type":"BreadcrumbList","@id":"https:\/\/www.gaveanews.com\/index.php\/2022\/10\/20\/intruso-na-comemoracao-do-titulo-do-flamengo-viraliza-na-web\/#breadcrumb","itemListElement":[{"@type":"ListItem","position":1,"name":"Home","item":"https:\/\/www.gaveanews.com\/"},{"@type":"ListItem","position":2,"name":"Intruso na comemora\u00e7\u00e3o do t\u00edtulo do Flamengo viraliza na web"}]},{"@type":"WebSite","@id":"https:\/\/www.gaveanews.com\/#website","url":"https:\/\/www.gaveanews.com\/","name":"G\u00e1vea News","description":"Veja todas as not\u00edcias sobre o Flamengo: Contrata\u00e7\u00f5es, categorias de base, resultados das partidas, tabela de classifica\u00e7\u00e3o, pr\u00f3ximos jogos!","potentialAction":[{"@type":"SearchAction","target":{"@type":"EntryPoint","urlTemplate":"https:\/\/www.gaveanews.com\/?s={search_term_string}"},"query-input":{"@type":"PropertyValueSpecification","valueRequired":true,"valueName":"search_term_string"}}],"inLanguage":"pt-BR"},{"@type":"Person","@id":"https:\/\/www.gaveanews.com\/#\/schema\/person\/714c67050b836198af2450ba1c142a67","name":"Let\u00edcia Gerheim","image":{"@type":"ImageObject","inLanguage":"pt-BR","@id":"https:\/\/www.gaveanews.com\/#\/schema\/person\/image\/","url":"https:\/\/secure.gravatar.com\/avatar\/60734739c50fcebfbac509e2a826ccd0ff405c019bc73aab9354f19ecad1dcb4?s=96&d=mm&r=g","contentUrl":"https:\/\/secure.gravatar.com\/avatar\/60734739c50fcebfbac509e2a826ccd0ff405c019bc73aab9354f19ecad1dcb4?s=96&d=mm&r=g","caption":"Let\u00edcia Gerheim"}}]}},"_links":{"self":[{"href":"https:\/\/www.gaveanews.com\/index.php\/wp-json\/wp\/v2\/posts\/89334","targetHints":{"allow":["GET"]}}],"collection":[{"href":"https:\/\/www.gaveanews.com\/index.php\/wp-json\/wp\/v2\/posts"}],"about":[{"href":"https:\/\/www.gaveanews.com\/index.php\/wp-json\/wp\/v2\/types\/post"}],"author":[{"embeddable":true,"href":"https:\/\/www.gaveanews.com\/index.php\/wp-json\/wp\/v2\/users\/4"}],"replies":[{"embeddable":true,"href":"https:\/\/www.gaveanews.com\/index.php\/wp-json\/wp\/v2\/comments?post=89334"}],"version-history":[{"count":0,"href":"https:\/\/www.gaveanews.com\/index.php\/wp-json\/wp\/v2\/posts\/89334\/revisions"}],"wp:featuredmedia":[{"embeddable":true,"href":"https:\/\/www.gaveanews.com\/index.php\/wp-json\/wp\/v2\/media\/89337"}],"wp:attachment":[{"href":"https:\/\/www.gaveanews.com\/index.php\/wp-json\/wp\/v2\/media?parent=89334"}],"wp:term":[{"taxonomy":"category","embeddable":true,"href":"https:\/\/www.gaveanews.com\/index.php\/wp-json\/wp\/v2\/categories?post=89334"},{"taxonomy":"post_tag","embeddable":true,"href":"https:\/\/www.gaveanews.com\/index.php\/wp-json\/wp\/v2\/tags?post=89334"}],"curies":[{"name":"wp","href":"https:\/\/api.w.org\/{rel}","templated":true}]}}