{"id":89352,"date":"2022-10-20T15:17:06","date_gmt":"2022-10-20T18:17:06","guid":{"rendered":"https:\/\/www.gaveanews.com\/?p=89352"},"modified":"2022-10-20T15:17:09","modified_gmt":"2022-10-20T18:17:09","slug":"com-o-titulo-da-copa-do-brasil-flamengo-assegura-vaga-em-duas-competicoes-na-temporada-de-2023","status":"publish","type":"post","link":"https:\/\/www.gaveanews.com\/index.php\/2022\/10\/20\/com-o-titulo-da-copa-do-brasil-flamengo-assegura-vaga-em-duas-competicoes-na-temporada-de-2023\/","title":{"rendered":"Com o t\u00edtulo da Copa do Brasil, Flamengo assegura vaga em duas competi\u00e7\u00f5es na temporada de 2023"},"content":{"rendered":"\n<p>O fim da noite da \u00faltima quarta-feira (19) foi m\u00e1gico para a torcida do Flamengo. Depois de sofrer de ansiedade nos 90 minutos regulamentares, o Mais Querido superou o Corinthians nos p\u00eanaltis e conquistou a Copa do Brasil.<\/p>\n\n\n\n<p>Esta foi a quarta vez que o Mais Querido conseguiu este feito (1990,\u00a02006,\u00a02013 e\u00a02022). E al\u00e9m da ta\u00e7a e do <a href=\"https:\/\/www.gaveanews.com\/index.php\/2022\/10\/20\/comemora-nacao-flamengo-vence-o-corinthians-e-o-novo-campeao-da-copa-do-brasil-e-garante-premiacao-milionaria\/\">pr\u00eamio milion\u00e1rio,<\/a> o clube da G\u00e1vea tamb\u00e9m teve duas garantias para a pr\u00f3xima temporada.<\/p>\n\n\n\n<p>O vencedor da Copa do Brasil est\u00e1 automaticamente classificado para a fase de grupos da Libertadores 2023. Sendo assim, o Fla n\u00e3o precisa mais se preocupar com a tabela do Brasileir\u00e3o e pode focar nas prepara\u00e7\u00f5es para a final contra o Athletico-PR.<\/p>\n\n\n\n<p>Outro torneio no qual o Meng\u00e3o est\u00e1 garantido \u00e9 a Supercopa do Brasil do ano que vem. Nesta competi\u00e7\u00e3o, o Rubro-Negro ir\u00e1 enfrentar o vencedor do Brasileir\u00e3o, que tem grandes chances de ser o Palmeiras.<\/p>\n\n\n\n<p>Por enquanto, o Flamengo ainda n\u00e3o projeta a pr\u00f3xima temporada. No momento, o foco m\u00e1ximo do clube \u00e9 a final da Libertadores, que ser\u00e1 disputada em Guayaquil no pr\u00f3ximo s\u00e1bado (29), \u00e0s 17h (hor\u00e1rio de Bras\u00edlia).<\/p>\n","protected":false},"excerpt":{"rendered":"<p>O fim da noite da \u00faltima quarta-feira (19) foi m\u00e1gico para a torcida do Flamengo. Depois de sofrer de ansiedade nos 90 minutos regulamentares, o Mais Querido superou o Corinthians nos p\u00eanaltis e conquistou a Copa do Brasil. Esta foi a quarta vez que o Mais Querido conseguiu este feito (1990,\u00a02006,\u00a02013 e\u00a02022). E al\u00e9m da [&hellip;]<\/p>\n","protected":false},"author":4,"featured_media":89337,"comment_status":"open","ping_status":"closed","sticky":false,"template":"","format":"standard","meta":{"footnotes":""},"categories":[1],"tags":[],"class_list":["post-89352","post","type-post","status-publish","format-standard","has-post-thumbnail","hentry","category-flamengo"],"yoast_head":"<!-- This site is optimized with the Yoast SEO Premium plugin v24.2 (Yoast SEO v26.9) - https:\/\/yoast.com\/product\/yoast-seo-premium-wordpress\/ -->\n<title>Com o t\u00edtulo da Copa do Brasil, Flamengo assegura vaga em duas competi\u00e7\u00f5es na temporada de 2023<\/title>\n<meta name=\"robots\" content=\"index, follow, max-snippet:-1, max-image-preview:large, max-video-preview:-1\" \/>\n<link rel=\"canonical\" href=\"https:\/\/www.gaveanews.com\/index.php\/2022\/10\/20\/com-o-titulo-da-copa-do-brasil-flamengo-assegura-vaga-em-duas-competicoes-na-temporada-de-2023\/\" \/>\n<meta property=\"og:locale\" content=\"pt_BR\" \/>\n<meta property=\"og:type\" content=\"article\" \/>\n<meta property=\"og:title\" content=\"Com o t\u00edtulo da Copa do Brasil, Flamengo assegura vaga em duas competi\u00e7\u00f5es na temporada de 2023\" \/>\n<meta property=\"og:description\" content=\"O fim da noite da \u00faltima quarta-feira (19) foi m\u00e1gico para a torcida do Flamengo. Depois de sofrer de ansiedade nos 90 minutos regulamentares, o Mais Querido superou o Corinthians nos p\u00eanaltis e conquistou a Copa do Brasil. Esta foi a quarta vez que o Mais Querido conseguiu este feito (1990,\u00a02006,\u00a02013 e\u00a02022). E al\u00e9m da [&hellip;]\" \/>\n<meta property=\"og:url\" content=\"https:\/\/www.gaveanews.com\/index.php\/2022\/10\/20\/com-o-titulo-da-copa-do-brasil-flamengo-assegura-vaga-em-duas-competicoes-na-temporada-de-2023\/\" \/>\n<meta property=\"og:site_name\" content=\"G\u00e1vea News\" \/>\n<meta property=\"article:publisher\" content=\"https:\/\/facebook.com\/gaveaNews\/\" \/>\n<meta property=\"article:published_time\" content=\"2022-10-20T18:17:06+00:00\" \/>\n<meta property=\"article:modified_time\" content=\"2022-10-20T18:17:09+00:00\" \/>\n<meta property=\"og:image\" content=\"https:\/\/www.gaveanews.com\/wp-content\/uploads\/Flamengo-comemora-tetracampeonato-da-Copa-do-Brasil.webp\" \/>\n\t<meta property=\"og:image:width\" content=\"799\" \/>\n\t<meta property=\"og:image:height\" content=\"533\" \/>\n\t<meta property=\"og:image:type\" content=\"image\/jpeg\" \/>\n<meta name=\"author\" content=\"Let\u00edcia Gerheim\" \/>\n<meta name=\"twitter:card\" content=\"summary_large_image\" \/>\n<meta name=\"twitter:label1\" content=\"Escrito por\" \/>\n\t<meta name=\"twitter:data1\" content=\"Let\u00edcia Gerheim\" \/>\n\t<meta name=\"twitter:label2\" content=\"Est. tempo de leitura\" \/>\n\t<meta name=\"twitter:data2\" content=\"2 minutos\" \/>\n<script type=\"application\/ld+json\" class=\"yoast-schema-graph\">{\"@context\":\"https:\/\/schema.org\",\"@graph\":[{\"@type\":\"NewsArticle\",\"@id\":\"https:\/\/www.gaveanews.com\/index.php\/2022\/10\/20\/com-o-titulo-da-copa-do-brasil-flamengo-assegura-vaga-em-duas-competicoes-na-temporada-de-2023\/#article\",\"isPartOf\":{\"@id\":\"https:\/\/www.gaveanews.com\/index.php\/2022\/10\/20\/com-o-titulo-da-copa-do-brasil-flamengo-assegura-vaga-em-duas-competicoes-na-temporada-de-2023\/\"},\"author\":{\"name\":\"Let\u00edcia Gerheim\",\"@id\":\"https:\/\/www.gaveanews.com\/#\/schema\/person\/714c67050b836198af2450ba1c142a67\"},\"headline\":\"Com o t\u00edtulo da Copa do Brasil, Flamengo assegura vaga em duas competi\u00e7\u00f5es na temporada de 2023\",\"datePublished\":\"2022-10-20T18:17:06+00:00\",\"dateModified\":\"2022-10-20T18:17:09+00:00\",\"mainEntityOfPage\":{\"@id\":\"https:\/\/www.gaveanews.com\/index.php\/2022\/10\/20\/com-o-titulo-da-copa-do-brasil-flamengo-assegura-vaga-em-duas-competicoes-na-temporada-de-2023\/\"},\"wordCount\":218,\"commentCount\":0,\"image\":{\"@id\":\"https:\/\/www.gaveanews.com\/index.php\/2022\/10\/20\/com-o-titulo-da-copa-do-brasil-flamengo-assegura-vaga-em-duas-competicoes-na-temporada-de-2023\/#primaryimage\"},\"thumbnailUrl\":\"https:\/\/www.gaveanews.com\/wp-content\/uploads\/Flamengo-comemora-tetracampeonato-da-Copa-do-Brasil.webp\",\"articleSection\":[\"Flamengo\"],\"inLanguage\":\"pt-BR\",\"potentialAction\":[{\"@type\":\"CommentAction\",\"name\":\"Comment\",\"target\":[\"https:\/\/www.gaveanews.com\/index.php\/2022\/10\/20\/com-o-titulo-da-copa-do-brasil-flamengo-assegura-vaga-em-duas-competicoes-na-temporada-de-2023\/#respond\"]}],\"copyrightYear\":\"2022\",\"copyrightHolder\":{\"@id\":\"https:\/\/www.gaveanews.com\/#organization\"}},{\"@type\":\"WebPage\",\"@id\":\"https:\/\/www.gaveanews.com\/index.php\/2022\/10\/20\/com-o-titulo-da-copa-do-brasil-flamengo-assegura-vaga-em-duas-competicoes-na-temporada-de-2023\/\",\"url\":\"https:\/\/www.gaveanews.com\/index.php\/2022\/10\/20\/com-o-titulo-da-copa-do-brasil-flamengo-assegura-vaga-em-duas-competicoes-na-temporada-de-2023\/\",\"name\":\"Com o t\u00edtulo da Copa do Brasil, Flamengo assegura vaga em duas competi\u00e7\u00f5es na temporada de 2023\",\"isPartOf\":{\"@id\":\"https:\/\/www.gaveanews.com\/#website\"},\"primaryImageOfPage\":{\"@id\":\"https:\/\/www.gaveanews.com\/index.php\/2022\/10\/20\/com-o-titulo-da-copa-do-brasil-flamengo-assegura-vaga-em-duas-competicoes-na-temporada-de-2023\/#primaryimage\"},\"image\":{\"@id\":\"https:\/\/www.gaveanews.com\/index.php\/2022\/10\/20\/com-o-titulo-da-copa-do-brasil-flamengo-assegura-vaga-em-duas-competicoes-na-temporada-de-2023\/#primaryimage\"},\"thumbnailUrl\":\"https:\/\/www.gaveanews.com\/wp-content\/uploads\/Flamengo-comemora-tetracampeonato-da-Copa-do-Brasil.webp\",\"datePublished\":\"2022-10-20T18:17:06+00:00\",\"dateModified\":\"2022-10-20T18:17:09+00:00\",\"author\":{\"@id\":\"https:\/\/www.gaveanews.com\/#\/schema\/person\/714c67050b836198af2450ba1c142a67\"},\"breadcrumb\":{\"@id\":\"https:\/\/www.gaveanews.com\/index.php\/2022\/10\/20\/com-o-titulo-da-copa-do-brasil-flamengo-assegura-vaga-em-duas-competicoes-na-temporada-de-2023\/#breadcrumb\"},\"inLanguage\":\"pt-BR\",\"potentialAction\":[{\"@type\":\"ReadAction\",\"target\":[\"https:\/\/www.gaveanews.com\/index.php\/2022\/10\/20\/com-o-titulo-da-copa-do-brasil-flamengo-assegura-vaga-em-duas-competicoes-na-temporada-de-2023\/\"]}]},{\"@type\":\"ImageObject\",\"inLanguage\":\"pt-BR\",\"@id\":\"https:\/\/www.gaveanews.com\/index.php\/2022\/10\/20\/com-o-titulo-da-copa-do-brasil-flamengo-assegura-vaga-em-duas-competicoes-na-temporada-de-2023\/#primaryimage\",\"url\":\"https:\/\/www.gaveanews.com\/wp-content\/uploads\/Flamengo-comemora-tetracampeonato-da-Copa-do-Brasil.webp\",\"contentUrl\":\"https:\/\/www.gaveanews.com\/wp-content\/uploads\/Flamengo-comemora-tetracampeonato-da-Copa-do-Brasil.webp\",\"width\":799,\"height\":533,\"caption\":\"Flamengo comemora tetracampeonato da Copa do Brasil (Foto: Gilvan de Souza\/Flamengo)\"},{\"@type\":\"BreadcrumbList\",\"@id\":\"https:\/\/www.gaveanews.com\/index.php\/2022\/10\/20\/com-o-titulo-da-copa-do-brasil-flamengo-assegura-vaga-em-duas-competicoes-na-temporada-de-2023\/#breadcrumb\",\"itemListElement\":[{\"@type\":\"ListItem\",\"position\":1,\"name\":\"Home\",\"item\":\"https:\/\/www.gaveanews.com\/\"},{\"@type\":\"ListItem\",\"position\":2,\"name\":\"Com o t\u00edtulo da Copa do Brasil, Flamengo assegura vaga em duas competi\u00e7\u00f5es na temporada de 2023\"}]},{\"@type\":\"WebSite\",\"@id\":\"https:\/\/www.gaveanews.com\/#website\",\"url\":\"https:\/\/www.gaveanews.com\/\",\"name\":\"G\u00e1vea News\",\"description\":\"Veja todas as not\u00edcias sobre o Flamengo: Contrata\u00e7\u00f5es, categorias de base, resultados das partidas, tabela de classifica\u00e7\u00e3o, pr\u00f3ximos jogos!\",\"potentialAction\":[{\"@type\":\"SearchAction\",\"target\":{\"@type\":\"EntryPoint\",\"urlTemplate\":\"https:\/\/www.gaveanews.com\/?s={search_term_string}\"},\"query-input\":{\"@type\":\"PropertyValueSpecification\",\"valueRequired\":true,\"valueName\":\"search_term_string\"}}],\"inLanguage\":\"pt-BR\"},{\"@type\":\"Person\",\"@id\":\"https:\/\/www.gaveanews.com\/#\/schema\/person\/714c67050b836198af2450ba1c142a67\",\"name\":\"Let\u00edcia Gerheim\",\"image\":{\"@type\":\"ImageObject\",\"inLanguage\":\"pt-BR\",\"@id\":\"https:\/\/www.gaveanews.com\/#\/schema\/person\/image\/\",\"url\":\"https:\/\/secure.gravatar.com\/avatar\/60734739c50fcebfbac509e2a826ccd0ff405c019bc73aab9354f19ecad1dcb4?s=96&d=mm&r=g\",\"contentUrl\":\"https:\/\/secure.gravatar.com\/avatar\/60734739c50fcebfbac509e2a826ccd0ff405c019bc73aab9354f19ecad1dcb4?s=96&d=mm&r=g\",\"caption\":\"Let\u00edcia Gerheim\"}}]}<\/script>\n<!-- \/ Yoast SEO Premium plugin. -->","yoast_head_json":{"title":"Com o t\u00edtulo da Copa do Brasil, Flamengo assegura vaga em duas competi\u00e7\u00f5es na temporada de 2023","robots":{"index":"index","follow":"follow","max-snippet":"max-snippet:-1","max-image-preview":"max-image-preview:large","max-video-preview":"max-video-preview:-1"},"canonical":"https:\/\/www.gaveanews.com\/index.php\/2022\/10\/20\/com-o-titulo-da-copa-do-brasil-flamengo-assegura-vaga-em-duas-competicoes-na-temporada-de-2023\/","og_locale":"pt_BR","og_type":"article","og_title":"Com o t\u00edtulo da Copa do Brasil, Flamengo assegura vaga em duas competi\u00e7\u00f5es na temporada de 2023","og_description":"O fim da noite da \u00faltima quarta-feira (19) foi m\u00e1gico para a torcida do Flamengo. Depois de sofrer de ansiedade nos 90 minutos regulamentares, o Mais Querido superou o Corinthians nos p\u00eanaltis e conquistou a Copa do Brasil. Esta foi a quarta vez que o Mais Querido conseguiu este feito (1990,\u00a02006,\u00a02013 e\u00a02022). E al\u00e9m da [&hellip;]","og_url":"https:\/\/www.gaveanews.com\/index.php\/2022\/10\/20\/com-o-titulo-da-copa-do-brasil-flamengo-assegura-vaga-em-duas-competicoes-na-temporada-de-2023\/","og_site_name":"G\u00e1vea News","article_publisher":"https:\/\/facebook.com\/gaveaNews\/","article_published_time":"2022-10-20T18:17:06+00:00","article_modified_time":"2022-10-20T18:17:09+00:00","og_image":[{"width":799,"height":533,"url":"https:\/\/www.gaveanews.com\/wp-content\/uploads\/Flamengo-comemora-tetracampeonato-da-Copa-do-Brasil.webp","type":"image\/jpeg"}],"author":"Let\u00edcia Gerheim","twitter_card":"summary_large_image","twitter_misc":{"Escrito por":"Let\u00edcia Gerheim","Est. tempo de leitura":"2 minutos"},"schema":{"@context":"https:\/\/schema.org","@graph":[{"@type":"NewsArticle","@id":"https:\/\/www.gaveanews.com\/index.php\/2022\/10\/20\/com-o-titulo-da-copa-do-brasil-flamengo-assegura-vaga-em-duas-competicoes-na-temporada-de-2023\/#article","isPartOf":{"@id":"https:\/\/www.gaveanews.com\/index.php\/2022\/10\/20\/com-o-titulo-da-copa-do-brasil-flamengo-assegura-vaga-em-duas-competicoes-na-temporada-de-2023\/"},"author":{"name":"Let\u00edcia Gerheim","@id":"https:\/\/www.gaveanews.com\/#\/schema\/person\/714c67050b836198af2450ba1c142a67"},"headline":"Com o t\u00edtulo da Copa do Brasil, Flamengo assegura vaga em duas competi\u00e7\u00f5es na temporada de 2023","datePublished":"2022-10-20T18:17:06+00:00","dateModified":"2022-10-20T18:17:09+00:00","mainEntityOfPage":{"@id":"https:\/\/www.gaveanews.com\/index.php\/2022\/10\/20\/com-o-titulo-da-copa-do-brasil-flamengo-assegura-vaga-em-duas-competicoes-na-temporada-de-2023\/"},"wordCount":218,"commentCount":0,"image":{"@id":"https:\/\/www.gaveanews.com\/index.php\/2022\/10\/20\/com-o-titulo-da-copa-do-brasil-flamengo-assegura-vaga-em-duas-competicoes-na-temporada-de-2023\/#primaryimage"},"thumbnailUrl":"https:\/\/www.gaveanews.com\/wp-content\/uploads\/Flamengo-comemora-tetracampeonato-da-Copa-do-Brasil.webp","articleSection":["Flamengo"],"inLanguage":"pt-BR","potentialAction":[{"@type":"CommentAction","name":"Comment","target":["https:\/\/www.gaveanews.com\/index.php\/2022\/10\/20\/com-o-titulo-da-copa-do-brasil-flamengo-assegura-vaga-em-duas-competicoes-na-temporada-de-2023\/#respond"]}],"copyrightYear":"2022","copyrightHolder":{"@id":"https:\/\/www.gaveanews.com\/#organization"}},{"@type":"WebPage","@id":"https:\/\/www.gaveanews.com\/index.php\/2022\/10\/20\/com-o-titulo-da-copa-do-brasil-flamengo-assegura-vaga-em-duas-competicoes-na-temporada-de-2023\/","url":"https:\/\/www.gaveanews.com\/index.php\/2022\/10\/20\/com-o-titulo-da-copa-do-brasil-flamengo-assegura-vaga-em-duas-competicoes-na-temporada-de-2023\/","name":"Com o t\u00edtulo da Copa do Brasil, Flamengo assegura vaga em duas competi\u00e7\u00f5es na temporada de 2023","isPartOf":{"@id":"https:\/\/www.gaveanews.com\/#website"},"primaryImageOfPage":{"@id":"https:\/\/www.gaveanews.com\/index.php\/2022\/10\/20\/com-o-titulo-da-copa-do-brasil-flamengo-assegura-vaga-em-duas-competicoes-na-temporada-de-2023\/#primaryimage"},"image":{"@id":"https:\/\/www.gaveanews.com\/index.php\/2022\/10\/20\/com-o-titulo-da-copa-do-brasil-flamengo-assegura-vaga-em-duas-competicoes-na-temporada-de-2023\/#primaryimage"},"thumbnailUrl":"https:\/\/www.gaveanews.com\/wp-content\/uploads\/Flamengo-comemora-tetracampeonato-da-Copa-do-Brasil.webp","datePublished":"2022-10-20T18:17:06+00:00","dateModified":"2022-10-20T18:17:09+00:00","author":{"@id":"https:\/\/www.gaveanews.com\/#\/schema\/person\/714c67050b836198af2450ba1c142a67"},"breadcrumb":{"@id":"https:\/\/www.gaveanews.com\/index.php\/2022\/10\/20\/com-o-titulo-da-copa-do-brasil-flamengo-assegura-vaga-em-duas-competicoes-na-temporada-de-2023\/#breadcrumb"},"inLanguage":"pt-BR","potentialAction":[{"@type":"ReadAction","target":["https:\/\/www.gaveanews.com\/index.php\/2022\/10\/20\/com-o-titulo-da-copa-do-brasil-flamengo-assegura-vaga-em-duas-competicoes-na-temporada-de-2023\/"]}]},{"@type":"ImageObject","inLanguage":"pt-BR","@id":"https:\/\/www.gaveanews.com\/index.php\/2022\/10\/20\/com-o-titulo-da-copa-do-brasil-flamengo-assegura-vaga-em-duas-competicoes-na-temporada-de-2023\/#primaryimage","url":"https:\/\/www.gaveanews.com\/wp-content\/uploads\/Flamengo-comemora-tetracampeonato-da-Copa-do-Brasil.webp","contentUrl":"https:\/\/www.gaveanews.com\/wp-content\/uploads\/Flamengo-comemora-tetracampeonato-da-Copa-do-Brasil.webp","width":799,"height":533,"caption":"Flamengo comemora tetracampeonato da Copa do Brasil (Foto: Gilvan de Souza\/Flamengo)"},{"@type":"BreadcrumbList","@id":"https:\/\/www.gaveanews.com\/index.php\/2022\/10\/20\/com-o-titulo-da-copa-do-brasil-flamengo-assegura-vaga-em-duas-competicoes-na-temporada-de-2023\/#breadcrumb","itemListElement":[{"@type":"ListItem","position":1,"name":"Home","item":"https:\/\/www.gaveanews.com\/"},{"@type":"ListItem","position":2,"name":"Com o t\u00edtulo da Copa do Brasil, Flamengo assegura vaga em duas competi\u00e7\u00f5es na temporada de 2023"}]},{"@type":"WebSite","@id":"https:\/\/www.gaveanews.com\/#website","url":"https:\/\/www.gaveanews.com\/","name":"G\u00e1vea News","description":"Veja todas as not\u00edcias sobre o Flamengo: Contrata\u00e7\u00f5es, categorias de base, resultados das partidas, tabela de classifica\u00e7\u00e3o, pr\u00f3ximos jogos!","potentialAction":[{"@type":"SearchAction","target":{"@type":"EntryPoint","urlTemplate":"https:\/\/www.gaveanews.com\/?s={search_term_string}"},"query-input":{"@type":"PropertyValueSpecification","valueRequired":true,"valueName":"search_term_string"}}],"inLanguage":"pt-BR"},{"@type":"Person","@id":"https:\/\/www.gaveanews.com\/#\/schema\/person\/714c67050b836198af2450ba1c142a67","name":"Let\u00edcia Gerheim","image":{"@type":"ImageObject","inLanguage":"pt-BR","@id":"https:\/\/www.gaveanews.com\/#\/schema\/person\/image\/","url":"https:\/\/secure.gravatar.com\/avatar\/60734739c50fcebfbac509e2a826ccd0ff405c019bc73aab9354f19ecad1dcb4?s=96&d=mm&r=g","contentUrl":"https:\/\/secure.gravatar.com\/avatar\/60734739c50fcebfbac509e2a826ccd0ff405c019bc73aab9354f19ecad1dcb4?s=96&d=mm&r=g","caption":"Let\u00edcia Gerheim"}}]}},"_links":{"self":[{"href":"https:\/\/www.gaveanews.com\/index.php\/wp-json\/wp\/v2\/posts\/89352","targetHints":{"allow":["GET"]}}],"collection":[{"href":"https:\/\/www.gaveanews.com\/index.php\/wp-json\/wp\/v2\/posts"}],"about":[{"href":"https:\/\/www.gaveanews.com\/index.php\/wp-json\/wp\/v2\/types\/post"}],"author":[{"embeddable":true,"href":"https:\/\/www.gaveanews.com\/index.php\/wp-json\/wp\/v2\/users\/4"}],"replies":[{"embeddable":true,"href":"https:\/\/www.gaveanews.com\/index.php\/wp-json\/wp\/v2\/comments?post=89352"}],"version-history":[{"count":0,"href":"https:\/\/www.gaveanews.com\/index.php\/wp-json\/wp\/v2\/posts\/89352\/revisions"}],"wp:featuredmedia":[{"embeddable":true,"href":"https:\/\/www.gaveanews.com\/index.php\/wp-json\/wp\/v2\/media\/89337"}],"wp:attachment":[{"href":"https:\/\/www.gaveanews.com\/index.php\/wp-json\/wp\/v2\/media?parent=89352"}],"wp:term":[{"taxonomy":"category","embeddable":true,"href":"https:\/\/www.gaveanews.com\/index.php\/wp-json\/wp\/v2\/categories?post=89352"},{"taxonomy":"post_tag","embeddable":true,"href":"https:\/\/www.gaveanews.com\/index.php\/wp-json\/wp\/v2\/tags?post=89352"}],"curies":[{"name":"wp","href":"https:\/\/api.w.org\/{rel}","templated":true}]}}