{"id":89387,"date":"2022-10-20T19:00:42","date_gmt":"2022-10-20T22:00:42","guid":{"rendered":"https:\/\/www.gaveanews.com\/?p=89387"},"modified":"2022-10-20T19:00:45","modified_gmt":"2022-10-20T22:00:45","slug":"arrascaeta-do-flamengo-conquista-premio-de-craque-da-copa-do-brasil","status":"publish","type":"post","link":"https:\/\/www.gaveanews.com\/index.php\/2022\/10\/20\/arrascaeta-do-flamengo-conquista-premio-de-craque-da-copa-do-brasil\/","title":{"rendered":"Arrascaeta, do Flamengo, conquista pr\u00eamio de Craque da Copa do Brasil"},"content":{"rendered":"\n<p>Arrascaeta vem sendo um dos grandes nomes do Flamengo desde que chegou ao clube em 2019. Na noite da \u00faltima quarta-feira (19), ap\u00f3s a vit\u00f3ria do Rubro-Negro sobre o Corinthians, nos p\u00eanaltis, ap\u00f3s empate em 1 a 1 no tempo normal, o uruguaio recebeu o pr\u00eamio de Craque da Copa do Brasil. O camisa 14 chegou a fazer um gol na final\u00edssima, mas foi anulado, pois Gabigol estava impedido no in\u00edcio da jogada.<\/p>\n\n\n\n<p>Um dos jogos mais importantes de Arrascaeta nesta edi\u00e7\u00e3o da Copa do Brasil foi a partida de volta das oitavas de final, contra o Atl\u00e9tico Mineiro. Na ida, no Mineir\u00e3o, o Flamengo havia perdido por 2 a 1. J\u00e1 no Maracan\u00e3, o camisa 14 da G\u00e1vea fez dois gols e classificou a equipe para a pr\u00f3xima fase do torneio.<\/p>\n\n\n\n<p>Ao todo, Arrascaeta participou de nove jogos dos dez do Flamengo na Copa do Brasil, atuando 726 minutos. O meia balan\u00e7ou as redes advers\u00e1rias tr\u00eas vezes e deu uma assist\u00eancia.<\/p>\n\n\n\n<p>Al\u00e9m de Arrascaeta, C\u00e1ssio, do Corinthians, foi eleito o melhor goleiro da competi\u00e7\u00e3o. Giuliano, tamb\u00e9m da equipe paulista, e Cano, do Fluminense, foram os artilheiros do torneio com cinco gols marcados.<\/p>\n\n\n\n<p>Com a conquista da Copa do Brasil, Arrascaeta chega a seu d\u00e9cimo t\u00edtulo pelo Flamengo. Al\u00e9m do torneio j\u00e1 citado, o uruguaio foi campe\u00e3o das seguintes competi\u00e7\u00f5es: Carioca (2019, 2020 e 2021), Campeonato Brasileiro (2019 e 2020), Supercopa do Brasil (2020 e 2021), Libertadores da Am\u00e9rica (2019) e Recopa Sul-Americana (2020).<\/p>\n\n\n\n<p>Arrascaeta tem chance de conquistar mais um t\u00edtulo ainda nesta temporada e tamb\u00e9m de novamente levar o pr\u00eamio de melhor jogador da competi\u00e7\u00e3o. No dia 29 deste m\u00eas, o Flamengo enfrenta o Athletico, \u00e0s 17h (hor\u00e1rio de Bras\u00edlia), no Monumental de Guayaquil, no Equador, pela final\u00edssima da Libertadores da Am\u00e9rica. Al\u00e9m do uruguaio, est\u00e3o na disputa de craque do torneio os companheiros de Flamengo, Pedro e Gabigol, al\u00e9m de Vitor Roque e David Terans, do Furac\u00e3o.<\/p>\n\n\n\n<p>Retirado de: Esporte News Mundo<\/p>\n","protected":false},"excerpt":{"rendered":"<p>Arrascaeta vem sendo um dos grandes nomes do Flamengo desde que chegou ao clube em 2019. Na noite da \u00faltima quarta-feira (19), ap\u00f3s a vit\u00f3ria do Rubro-Negro sobre o Corinthians, nos p\u00eanaltis, ap\u00f3s empate em 1 a 1 no tempo normal, o uruguaio recebeu o pr\u00eamio de Craque da Copa do Brasil. O camisa 14 [&hellip;]<\/p>\n","protected":false},"author":1,"featured_media":88442,"comment_status":"open","ping_status":"closed","sticky":false,"template":"","format":"standard","meta":{"footnotes":""},"categories":[1],"tags":[],"class_list":["post-89387","post","type-post","status-publish","format-standard","has-post-thumbnail","hentry","category-flamengo"],"yoast_head":"<!-- This site is optimized with the Yoast SEO Premium plugin v24.2 (Yoast SEO v26.9) - https:\/\/yoast.com\/product\/yoast-seo-premium-wordpress\/ -->\n<title>Arrascaeta, do Flamengo, conquista pr\u00eamio de Craque da Copa do Brasil<\/title>\n<meta name=\"robots\" content=\"index, follow, max-snippet:-1, max-image-preview:large, max-video-preview:-1\" \/>\n<link rel=\"canonical\" href=\"https:\/\/www.gaveanews.com\/index.php\/2022\/10\/20\/arrascaeta-do-flamengo-conquista-premio-de-craque-da-copa-do-brasil\/\" \/>\n<meta property=\"og:locale\" content=\"pt_BR\" \/>\n<meta property=\"og:type\" content=\"article\" \/>\n<meta property=\"og:title\" content=\"Arrascaeta, do Flamengo, conquista pr\u00eamio de Craque da Copa do Brasil\" \/>\n<meta property=\"og:description\" content=\"Arrascaeta vem sendo um dos grandes nomes do Flamengo desde que chegou ao clube em 2019. Na noite da \u00faltima quarta-feira (19), ap\u00f3s a vit\u00f3ria do Rubro-Negro sobre o Corinthians, nos p\u00eanaltis, ap\u00f3s empate em 1 a 1 no tempo normal, o uruguaio recebeu o pr\u00eamio de Craque da Copa do Brasil. O camisa 14 [&hellip;]\" \/>\n<meta property=\"og:url\" content=\"https:\/\/www.gaveanews.com\/index.php\/2022\/10\/20\/arrascaeta-do-flamengo-conquista-premio-de-craque-da-copa-do-brasil\/\" \/>\n<meta property=\"og:site_name\" content=\"G\u00e1vea News\" \/>\n<meta property=\"article:publisher\" content=\"https:\/\/facebook.com\/gaveaNews\/\" \/>\n<meta property=\"article:published_time\" content=\"2022-10-20T22:00:42+00:00\" \/>\n<meta property=\"article:modified_time\" content=\"2022-10-20T22:00:45+00:00\" \/>\n<meta property=\"og:image\" content=\"https:\/\/www.gaveanews.com\/wp-content\/uploads\/Arrascaeta-em-acao-pelo-Flamengo-durante-o-jogo-contra-o-Bragantino-pelo-Brasileirao-de-2022-no-estadio-do-Maracana.webp\" \/>\n\t<meta property=\"og:image:width\" content=\"800\" \/>\n\t<meta property=\"og:image:height\" content=\"533\" \/>\n\t<meta property=\"og:image:type\" content=\"image\/jpeg\" \/>\n<meta name=\"author\" content=\"Equipe G\u00e1vea News\" \/>\n<meta name=\"twitter:card\" content=\"summary_large_image\" \/>\n<meta name=\"twitter:label1\" content=\"Escrito por\" \/>\n\t<meta name=\"twitter:data1\" content=\"Equipe G\u00e1vea News\" \/>\n\t<meta name=\"twitter:label2\" content=\"Est. tempo de leitura\" \/>\n\t<meta name=\"twitter:data2\" content=\"2 minutos\" \/>\n<script type=\"application\/ld+json\" class=\"yoast-schema-graph\">{\"@context\":\"https:\/\/schema.org\",\"@graph\":[{\"@type\":\"NewsArticle\",\"@id\":\"https:\/\/www.gaveanews.com\/index.php\/2022\/10\/20\/arrascaeta-do-flamengo-conquista-premio-de-craque-da-copa-do-brasil\/#article\",\"isPartOf\":{\"@id\":\"https:\/\/www.gaveanews.com\/index.php\/2022\/10\/20\/arrascaeta-do-flamengo-conquista-premio-de-craque-da-copa-do-brasil\/\"},\"author\":{\"name\":\"Equipe G\u00e1vea News\",\"@id\":\"https:\/\/www.gaveanews.com\/#\/schema\/person\/2ec14f73fb96be2caf28f91afb14749d\"},\"headline\":\"Arrascaeta, do Flamengo, conquista pr\u00eamio de Craque da Copa do Brasil\",\"datePublished\":\"2022-10-20T22:00:42+00:00\",\"dateModified\":\"2022-10-20T22:00:45+00:00\",\"mainEntityOfPage\":{\"@id\":\"https:\/\/www.gaveanews.com\/index.php\/2022\/10\/20\/arrascaeta-do-flamengo-conquista-premio-de-craque-da-copa-do-brasil\/\"},\"wordCount\":357,\"commentCount\":0,\"image\":{\"@id\":\"https:\/\/www.gaveanews.com\/index.php\/2022\/10\/20\/arrascaeta-do-flamengo-conquista-premio-de-craque-da-copa-do-brasil\/#primaryimage\"},\"thumbnailUrl\":\"https:\/\/www.gaveanews.com\/wp-content\/uploads\/Arrascaeta-em-acao-pelo-Flamengo-durante-o-jogo-contra-o-Bragantino-pelo-Brasileirao-de-2022-no-estadio-do-Maracana.webp\",\"articleSection\":[\"Flamengo\"],\"inLanguage\":\"pt-BR\",\"potentialAction\":[{\"@type\":\"CommentAction\",\"name\":\"Comment\",\"target\":[\"https:\/\/www.gaveanews.com\/index.php\/2022\/10\/20\/arrascaeta-do-flamengo-conquista-premio-de-craque-da-copa-do-brasil\/#respond\"]}],\"copyrightYear\":\"2022\",\"copyrightHolder\":{\"@id\":\"https:\/\/www.gaveanews.com\/#organization\"}},{\"@type\":\"WebPage\",\"@id\":\"https:\/\/www.gaveanews.com\/index.php\/2022\/10\/20\/arrascaeta-do-flamengo-conquista-premio-de-craque-da-copa-do-brasil\/\",\"url\":\"https:\/\/www.gaveanews.com\/index.php\/2022\/10\/20\/arrascaeta-do-flamengo-conquista-premio-de-craque-da-copa-do-brasil\/\",\"name\":\"Arrascaeta, do Flamengo, conquista pr\u00eamio de Craque da Copa do Brasil\",\"isPartOf\":{\"@id\":\"https:\/\/www.gaveanews.com\/#website\"},\"primaryImageOfPage\":{\"@id\":\"https:\/\/www.gaveanews.com\/index.php\/2022\/10\/20\/arrascaeta-do-flamengo-conquista-premio-de-craque-da-copa-do-brasil\/#primaryimage\"},\"image\":{\"@id\":\"https:\/\/www.gaveanews.com\/index.php\/2022\/10\/20\/arrascaeta-do-flamengo-conquista-premio-de-craque-da-copa-do-brasil\/#primaryimage\"},\"thumbnailUrl\":\"https:\/\/www.gaveanews.com\/wp-content\/uploads\/Arrascaeta-em-acao-pelo-Flamengo-durante-o-jogo-contra-o-Bragantino-pelo-Brasileirao-de-2022-no-estadio-do-Maracana.webp\",\"datePublished\":\"2022-10-20T22:00:42+00:00\",\"dateModified\":\"2022-10-20T22:00:45+00:00\",\"author\":{\"@id\":\"https:\/\/www.gaveanews.com\/#\/schema\/person\/2ec14f73fb96be2caf28f91afb14749d\"},\"breadcrumb\":{\"@id\":\"https:\/\/www.gaveanews.com\/index.php\/2022\/10\/20\/arrascaeta-do-flamengo-conquista-premio-de-craque-da-copa-do-brasil\/#breadcrumb\"},\"inLanguage\":\"pt-BR\",\"potentialAction\":[{\"@type\":\"ReadAction\",\"target\":[\"https:\/\/www.gaveanews.com\/index.php\/2022\/10\/20\/arrascaeta-do-flamengo-conquista-premio-de-craque-da-copa-do-brasil\/\"]}]},{\"@type\":\"ImageObject\",\"inLanguage\":\"pt-BR\",\"@id\":\"https:\/\/www.gaveanews.com\/index.php\/2022\/10\/20\/arrascaeta-do-flamengo-conquista-premio-de-craque-da-copa-do-brasil\/#primaryimage\",\"url\":\"https:\/\/www.gaveanews.com\/wp-content\/uploads\/Arrascaeta-em-acao-pelo-Flamengo-durante-o-jogo-contra-o-Bragantino-pelo-Brasileirao-de-2022-no-estadio-do-Maracana.webp\",\"contentUrl\":\"https:\/\/www.gaveanews.com\/wp-content\/uploads\/Arrascaeta-em-acao-pelo-Flamengo-durante-o-jogo-contra-o-Bragantino-pelo-Brasileirao-de-2022-no-estadio-do-Maracana.webp\",\"width\":800,\"height\":533,\"caption\":\"Arrascaeta em a\u00e7\u00e3o pelo Flamengo durante o jogo contra o Bragantino pelo Brasileir\u00e3o de 2022 no est\u00e1dio do Maracan\u00e3 (Foto: Reprodu\u00e7\u00e3o\/Flamengo)\"},{\"@type\":\"BreadcrumbList\",\"@id\":\"https:\/\/www.gaveanews.com\/index.php\/2022\/10\/20\/arrascaeta-do-flamengo-conquista-premio-de-craque-da-copa-do-brasil\/#breadcrumb\",\"itemListElement\":[{\"@type\":\"ListItem\",\"position\":1,\"name\":\"Home\",\"item\":\"https:\/\/www.gaveanews.com\/\"},{\"@type\":\"ListItem\",\"position\":2,\"name\":\"Arrascaeta, do Flamengo, conquista pr\u00eamio de Craque da Copa do Brasil\"}]},{\"@type\":\"WebSite\",\"@id\":\"https:\/\/www.gaveanews.com\/#website\",\"url\":\"https:\/\/www.gaveanews.com\/\",\"name\":\"G\u00e1vea News\",\"description\":\"Veja todas as not\u00edcias sobre o Flamengo: Contrata\u00e7\u00f5es, categorias de base, resultados das partidas, tabela de classifica\u00e7\u00e3o, pr\u00f3ximos jogos!\",\"potentialAction\":[{\"@type\":\"SearchAction\",\"target\":{\"@type\":\"EntryPoint\",\"urlTemplate\":\"https:\/\/www.gaveanews.com\/?s={search_term_string}\"},\"query-input\":{\"@type\":\"PropertyValueSpecification\",\"valueRequired\":true,\"valueName\":\"search_term_string\"}}],\"inLanguage\":\"pt-BR\"},{\"@type\":\"Person\",\"@id\":\"https:\/\/www.gaveanews.com\/#\/schema\/person\/2ec14f73fb96be2caf28f91afb14749d\",\"name\":\"Equipe G\u00e1vea News\",\"image\":{\"@type\":\"ImageObject\",\"inLanguage\":\"pt-BR\",\"@id\":\"https:\/\/www.gaveanews.com\/#\/schema\/person\/image\/\",\"url\":\"https:\/\/secure.gravatar.com\/avatar\/1e1956f1facbffd3f8fa53a326721950116b3b9dc9bd44939c01180fd4a745a9?s=96&d=mm&r=g\",\"contentUrl\":\"https:\/\/secure.gravatar.com\/avatar\/1e1956f1facbffd3f8fa53a326721950116b3b9dc9bd44939c01180fd4a745a9?s=96&d=mm&r=g\",\"caption\":\"Equipe G\u00e1vea News\"}}]}<\/script>\n<!-- \/ Yoast SEO Premium plugin. -->","yoast_head_json":{"title":"Arrascaeta, do Flamengo, conquista pr\u00eamio de Craque da Copa do Brasil","robots":{"index":"index","follow":"follow","max-snippet":"max-snippet:-1","max-image-preview":"max-image-preview:large","max-video-preview":"max-video-preview:-1"},"canonical":"https:\/\/www.gaveanews.com\/index.php\/2022\/10\/20\/arrascaeta-do-flamengo-conquista-premio-de-craque-da-copa-do-brasil\/","og_locale":"pt_BR","og_type":"article","og_title":"Arrascaeta, do Flamengo, conquista pr\u00eamio de Craque da Copa do Brasil","og_description":"Arrascaeta vem sendo um dos grandes nomes do Flamengo desde que chegou ao clube em 2019. Na noite da \u00faltima quarta-feira (19), ap\u00f3s a vit\u00f3ria do Rubro-Negro sobre o Corinthians, nos p\u00eanaltis, ap\u00f3s empate em 1 a 1 no tempo normal, o uruguaio recebeu o pr\u00eamio de Craque da Copa do Brasil. O camisa 14 [&hellip;]","og_url":"https:\/\/www.gaveanews.com\/index.php\/2022\/10\/20\/arrascaeta-do-flamengo-conquista-premio-de-craque-da-copa-do-brasil\/","og_site_name":"G\u00e1vea News","article_publisher":"https:\/\/facebook.com\/gaveaNews\/","article_published_time":"2022-10-20T22:00:42+00:00","article_modified_time":"2022-10-20T22:00:45+00:00","og_image":[{"width":800,"height":533,"url":"https:\/\/www.gaveanews.com\/wp-content\/uploads\/Arrascaeta-em-acao-pelo-Flamengo-durante-o-jogo-contra-o-Bragantino-pelo-Brasileirao-de-2022-no-estadio-do-Maracana.webp","type":"image\/jpeg"}],"author":"Equipe G\u00e1vea News","twitter_card":"summary_large_image","twitter_misc":{"Escrito por":"Equipe G\u00e1vea News","Est. tempo de leitura":"2 minutos"},"schema":{"@context":"https:\/\/schema.org","@graph":[{"@type":"NewsArticle","@id":"https:\/\/www.gaveanews.com\/index.php\/2022\/10\/20\/arrascaeta-do-flamengo-conquista-premio-de-craque-da-copa-do-brasil\/#article","isPartOf":{"@id":"https:\/\/www.gaveanews.com\/index.php\/2022\/10\/20\/arrascaeta-do-flamengo-conquista-premio-de-craque-da-copa-do-brasil\/"},"author":{"name":"Equipe G\u00e1vea News","@id":"https:\/\/www.gaveanews.com\/#\/schema\/person\/2ec14f73fb96be2caf28f91afb14749d"},"headline":"Arrascaeta, do Flamengo, conquista pr\u00eamio de Craque da Copa do Brasil","datePublished":"2022-10-20T22:00:42+00:00","dateModified":"2022-10-20T22:00:45+00:00","mainEntityOfPage":{"@id":"https:\/\/www.gaveanews.com\/index.php\/2022\/10\/20\/arrascaeta-do-flamengo-conquista-premio-de-craque-da-copa-do-brasil\/"},"wordCount":357,"commentCount":0,"image":{"@id":"https:\/\/www.gaveanews.com\/index.php\/2022\/10\/20\/arrascaeta-do-flamengo-conquista-premio-de-craque-da-copa-do-brasil\/#primaryimage"},"thumbnailUrl":"https:\/\/www.gaveanews.com\/wp-content\/uploads\/Arrascaeta-em-acao-pelo-Flamengo-durante-o-jogo-contra-o-Bragantino-pelo-Brasileirao-de-2022-no-estadio-do-Maracana.webp","articleSection":["Flamengo"],"inLanguage":"pt-BR","potentialAction":[{"@type":"CommentAction","name":"Comment","target":["https:\/\/www.gaveanews.com\/index.php\/2022\/10\/20\/arrascaeta-do-flamengo-conquista-premio-de-craque-da-copa-do-brasil\/#respond"]}],"copyrightYear":"2022","copyrightHolder":{"@id":"https:\/\/www.gaveanews.com\/#organization"}},{"@type":"WebPage","@id":"https:\/\/www.gaveanews.com\/index.php\/2022\/10\/20\/arrascaeta-do-flamengo-conquista-premio-de-craque-da-copa-do-brasil\/","url":"https:\/\/www.gaveanews.com\/index.php\/2022\/10\/20\/arrascaeta-do-flamengo-conquista-premio-de-craque-da-copa-do-brasil\/","name":"Arrascaeta, do Flamengo, conquista pr\u00eamio de Craque da Copa do Brasil","isPartOf":{"@id":"https:\/\/www.gaveanews.com\/#website"},"primaryImageOfPage":{"@id":"https:\/\/www.gaveanews.com\/index.php\/2022\/10\/20\/arrascaeta-do-flamengo-conquista-premio-de-craque-da-copa-do-brasil\/#primaryimage"},"image":{"@id":"https:\/\/www.gaveanews.com\/index.php\/2022\/10\/20\/arrascaeta-do-flamengo-conquista-premio-de-craque-da-copa-do-brasil\/#primaryimage"},"thumbnailUrl":"https:\/\/www.gaveanews.com\/wp-content\/uploads\/Arrascaeta-em-acao-pelo-Flamengo-durante-o-jogo-contra-o-Bragantino-pelo-Brasileirao-de-2022-no-estadio-do-Maracana.webp","datePublished":"2022-10-20T22:00:42+00:00","dateModified":"2022-10-20T22:00:45+00:00","author":{"@id":"https:\/\/www.gaveanews.com\/#\/schema\/person\/2ec14f73fb96be2caf28f91afb14749d"},"breadcrumb":{"@id":"https:\/\/www.gaveanews.com\/index.php\/2022\/10\/20\/arrascaeta-do-flamengo-conquista-premio-de-craque-da-copa-do-brasil\/#breadcrumb"},"inLanguage":"pt-BR","potentialAction":[{"@type":"ReadAction","target":["https:\/\/www.gaveanews.com\/index.php\/2022\/10\/20\/arrascaeta-do-flamengo-conquista-premio-de-craque-da-copa-do-brasil\/"]}]},{"@type":"ImageObject","inLanguage":"pt-BR","@id":"https:\/\/www.gaveanews.com\/index.php\/2022\/10\/20\/arrascaeta-do-flamengo-conquista-premio-de-craque-da-copa-do-brasil\/#primaryimage","url":"https:\/\/www.gaveanews.com\/wp-content\/uploads\/Arrascaeta-em-acao-pelo-Flamengo-durante-o-jogo-contra-o-Bragantino-pelo-Brasileirao-de-2022-no-estadio-do-Maracana.webp","contentUrl":"https:\/\/www.gaveanews.com\/wp-content\/uploads\/Arrascaeta-em-acao-pelo-Flamengo-durante-o-jogo-contra-o-Bragantino-pelo-Brasileirao-de-2022-no-estadio-do-Maracana.webp","width":800,"height":533,"caption":"Arrascaeta em a\u00e7\u00e3o pelo Flamengo durante o jogo contra o Bragantino pelo Brasileir\u00e3o de 2022 no est\u00e1dio do Maracan\u00e3 (Foto: Reprodu\u00e7\u00e3o\/Flamengo)"},{"@type":"BreadcrumbList","@id":"https:\/\/www.gaveanews.com\/index.php\/2022\/10\/20\/arrascaeta-do-flamengo-conquista-premio-de-craque-da-copa-do-brasil\/#breadcrumb","itemListElement":[{"@type":"ListItem","position":1,"name":"Home","item":"https:\/\/www.gaveanews.com\/"},{"@type":"ListItem","position":2,"name":"Arrascaeta, do Flamengo, conquista pr\u00eamio de Craque da Copa do Brasil"}]},{"@type":"WebSite","@id":"https:\/\/www.gaveanews.com\/#website","url":"https:\/\/www.gaveanews.com\/","name":"G\u00e1vea News","description":"Veja todas as not\u00edcias sobre o Flamengo: Contrata\u00e7\u00f5es, categorias de base, resultados das partidas, tabela de classifica\u00e7\u00e3o, pr\u00f3ximos jogos!","potentialAction":[{"@type":"SearchAction","target":{"@type":"EntryPoint","urlTemplate":"https:\/\/www.gaveanews.com\/?s={search_term_string}"},"query-input":{"@type":"PropertyValueSpecification","valueRequired":true,"valueName":"search_term_string"}}],"inLanguage":"pt-BR"},{"@type":"Person","@id":"https:\/\/www.gaveanews.com\/#\/schema\/person\/2ec14f73fb96be2caf28f91afb14749d","name":"Equipe G\u00e1vea News","image":{"@type":"ImageObject","inLanguage":"pt-BR","@id":"https:\/\/www.gaveanews.com\/#\/schema\/person\/image\/","url":"https:\/\/secure.gravatar.com\/avatar\/1e1956f1facbffd3f8fa53a326721950116b3b9dc9bd44939c01180fd4a745a9?s=96&d=mm&r=g","contentUrl":"https:\/\/secure.gravatar.com\/avatar\/1e1956f1facbffd3f8fa53a326721950116b3b9dc9bd44939c01180fd4a745a9?s=96&d=mm&r=g","caption":"Equipe G\u00e1vea News"}}]}},"_links":{"self":[{"href":"https:\/\/www.gaveanews.com\/index.php\/wp-json\/wp\/v2\/posts\/89387","targetHints":{"allow":["GET"]}}],"collection":[{"href":"https:\/\/www.gaveanews.com\/index.php\/wp-json\/wp\/v2\/posts"}],"about":[{"href":"https:\/\/www.gaveanews.com\/index.php\/wp-json\/wp\/v2\/types\/post"}],"author":[{"embeddable":true,"href":"https:\/\/www.gaveanews.com\/index.php\/wp-json\/wp\/v2\/users\/1"}],"replies":[{"embeddable":true,"href":"https:\/\/www.gaveanews.com\/index.php\/wp-json\/wp\/v2\/comments?post=89387"}],"version-history":[{"count":0,"href":"https:\/\/www.gaveanews.com\/index.php\/wp-json\/wp\/v2\/posts\/89387\/revisions"}],"wp:featuredmedia":[{"embeddable":true,"href":"https:\/\/www.gaveanews.com\/index.php\/wp-json\/wp\/v2\/media\/88442"}],"wp:attachment":[{"href":"https:\/\/www.gaveanews.com\/index.php\/wp-json\/wp\/v2\/media?parent=89387"}],"wp:term":[{"taxonomy":"category","embeddable":true,"href":"https:\/\/www.gaveanews.com\/index.php\/wp-json\/wp\/v2\/categories?post=89387"},{"taxonomy":"post_tag","embeddable":true,"href":"https:\/\/www.gaveanews.com\/index.php\/wp-json\/wp\/v2\/tags?post=89387"}],"curies":[{"name":"wp","href":"https:\/\/api.w.org\/{rel}","templated":true}]}}