{"id":89389,"date":"2022-10-20T19:03:59","date_gmt":"2022-10-20T22:03:59","guid":{"rendered":"https:\/\/www.gaveanews.com\/?p=89389"},"modified":"2022-10-20T19:04:02","modified_gmt":"2022-10-20T22:04:02","slug":"video-torcida-do-flamengo-ironiza-fagner-no-hotel-do-corinthians-e-lateral-responde","status":"publish","type":"post","link":"https:\/\/www.gaveanews.com\/index.php\/2022\/10\/20\/video-torcida-do-flamengo-ironiza-fagner-no-hotel-do-corinthians-e-lateral-responde\/","title":{"rendered":"V\u00eddeo: Torcida do Flamengo ironiza Fagner no hotel do Corinthians e lateral responde"},"content":{"rendered":"\n<p>O Flamengo saiu atr\u00e1s no placar da disputa de p\u00eanaltis, mas virou e ficou com a ta\u00e7a da Copa do Brasil deste ano. Isso s\u00f3 foi poss\u00edvel porque Fagner e Vital erraram as suas batidas pelo Corinthians. Ali\u00e1s, o lateral-direito corintiano, ao deixar o hotel com a delega\u00e7\u00e3o do Tim\u00e3o nesta quinta-feira (20), foi ironizado por torcedores do clube carioca.<\/p>\n\n\n\n<p>Os rubro-negros que estavam na porta do hotel em Copacabana, na zona sul do Rio, agradeceram, de forma ir\u00f4nica, Fagner pelo p\u00eanalti perdido. Ap\u00f3s escutar os \u201cagradecimentos\u201d, o jogador respondeu com um \u201cvaleu\u201d. No entanto, n\u00e3o se sabe se ele rebateu as provoca\u00e7\u00f5es dos flamenguistas ou se ele n\u00e3o escutou ou entendeu as falas.<\/p>\n\n\n\n<figure class=\"wp-block-embed is-type-rich is-provider-twitter wp-block-embed-twitter\"><div class=\"wp-block-embed__wrapper\">\n<blockquote class=\"twitter-tweet\" data-width=\"550\" data-dnt=\"true\"><p lang=\"pt\" dir=\"ltr\">Torcedores do Flamengo ironizam e agradecem Fagner pelo p\u00eanalti perdido na final da Copa do Brasil.<br><br>Ao sair do hotel onde o Corinthians estava hospedado no Rio, o jogador parece n\u00e3o ter percebido a ironia dos rubro-negros e respondeu com um \u201cvaleu\u201d.<br><br>\ud83d\uddde <a href=\"https:\/\/twitter.com\/geglobo?ref_src=twsrc%5Etfw\">@geglobo<\/a><br>\ud83c\udfa5 Reprodu\u00e7\u00e3o <a href=\"https:\/\/t.co\/djzgesJw2l\">pic.twitter.com\/djzgesJw2l<\/a><\/p>&mdash; Planeta do Futebol \ud83c\udf0e (@futebol_info) <a href=\"https:\/\/twitter.com\/futebol_info\/status\/1583155184477556737?ref_src=twsrc%5Etfw\">October 20, 2022<\/a><\/blockquote><script async src=\"https:\/\/platform.twitter.com\/widgets.js\" charset=\"utf-8\"><\/script>\n<\/div><\/figure>\n\n\n\n<h2 class=\"wp-block-heading\" id=\"h-torcedores-tiram-sarro-dos-ex-vascainos-fagner-e-vital\">Torcedores tiram sarro dos ex-vasca\u00ednos Fagner e Vital<\/h2>\n\n\n\n<p>Ali\u00e1s, nas redes sociais, torcedores do Flamengo tiraram sarro de uma semelhan\u00e7a entre Fagner e Vital. Ambos os jogadores que perderam os p\u00eanaltis corintianos jogaram no Vasco, rival do Mais Querido. Assim, esse foi mais um motivo para os rubro-negros brincarem com os seus rivais. No entanto, n\u00e3o foram apenas os flamenguistas que participaram das encarna\u00e7\u00f5es. At\u00e9 tricolores entraram na brincadeira.<\/p>\n\n\n\n<figure class=\"wp-block-embed is-type-rich is-provider-twitter wp-block-embed-twitter\"><div class=\"wp-block-embed__wrapper\">\n<blockquote class=\"twitter-tweet\" data-width=\"550\" data-dnt=\"true\"><p lang=\"pt\" dir=\"ltr\">Tetra!!!<br><br>Os vasca\u00ednos Fagner e Matheus Vital n\u00e3o enganam: s\u00e3o nossos fregueses!<br><br>Chuuuuuupa, Tiet\u00ea!<br>Agora \u00e9 a Gl\u00f3ria Eterna<a href=\"https:\/\/twitter.com\/hashtag\/10dias?src=hash&amp;ref_src=twsrc%5Etfw\">#10dias<\/a><a href=\"https:\/\/twitter.com\/hashtag\/VamosFlamengo?src=hash&amp;ref_src=twsrc%5Etfw\">#VamosFlamengo<\/a> <a href=\"https:\/\/t.co\/RIlmrXB8AK\">pic.twitter.com\/RIlmrXB8AK<\/a><\/p>&mdash; De Laurentis (@delaurentiis_br) <a href=\"https:\/\/twitter.com\/delaurentiis_br\/status\/1582935456001363968?ref_src=twsrc%5Etfw\">October 20, 2022<\/a><\/blockquote><script async src=\"https:\/\/platform.twitter.com\/widgets.js\" charset=\"utf-8\"><\/script>\n<\/div><\/figure>\n\n\n\n<figure class=\"wp-block-embed is-type-rich is-provider-twitter wp-block-embed-twitter\"><div class=\"wp-block-embed__wrapper\">\n<blockquote class=\"twitter-tweet\" data-width=\"550\" data-dnt=\"true\"><p lang=\"pt\" dir=\"ltr\">Matheus Vital e Fagner. Vice t\u00e1 no sangue.<\/p>&mdash; Beto Meyer \u2b50\ufe0f\u2b50\ufe0f\u2b50\ufe0f\u2b50\ufe0f2023\u2b50\ufe0f\u1da0\u1da0\u1d9c \ud83c\udded\ud83c\uddfa (@torcidatricolor) <a href=\"https:\/\/twitter.com\/torcidatricolor\/status\/1582931398368763904?ref_src=twsrc%5Etfw\">October 20, 2022<\/a><\/blockquote><script async src=\"https:\/\/platform.twitter.com\/widgets.js\" charset=\"utf-8\"><\/script>\n<\/div><\/figure>\n\n\n\n<figure class=\"wp-block-embed is-type-rich is-provider-twitter wp-block-embed-twitter\"><div class=\"wp-block-embed__wrapper\">\n<blockquote class=\"twitter-tweet\" data-width=\"550\" data-dnt=\"true\"><p lang=\"pt\" dir=\"ltr\">Detalhe: dois vasca\u00ednos perderam p\u00eanaltis. <br><br>Fagner e matheus vital <br><br>vasco \u00e9 vice pro flamengo at\u00e9 sem jogar contra LKKKKKKKKKKKKKKKKK<\/p>&mdash; Argentino (@Argentinocrf) <a href=\"https:\/\/twitter.com\/Argentinocrf\/status\/1582931249798475776?ref_src=twsrc%5Etfw\">October 20, 2022<\/a><\/blockquote><script async src=\"https:\/\/platform.twitter.com\/widgets.js\" charset=\"utf-8\"><\/script>\n<\/div><\/figure>\n\n\n\n<figure class=\"wp-block-embed is-type-rich is-provider-twitter wp-block-embed-twitter\"><div class=\"wp-block-embed__wrapper\">\n<blockquote class=\"twitter-tweet\" data-width=\"550\" data-dnt=\"true\"><p lang=\"pt\" dir=\"ltr\">O Vasco pipoca pro flamengo at\u00e9 quando n\u00e3o est\u00e1 jogando kkkkkkkkkkkkkkkkkkkkkkkkkkkkkkkkkkkkkkkkkkkkkkkkkkk<br><br>Matheus Vital e Fagner kkkkkkkkkkkkkkkkkkkkkkkkkkkkkkkkkkkkkkkkkkkkkkkkkkk<\/p>&mdash; NASCE O FLU \ud83c\udded\ud83c\uddfa\u271d\ufe0f (@NasceOflu) <a href=\"https:\/\/twitter.com\/NasceOflu\/status\/1582930271057629186?ref_src=twsrc%5Etfw\">October 20, 2022<\/a><\/blockquote><script async src=\"https:\/\/platform.twitter.com\/widgets.js\" charset=\"utf-8\"><\/script>\n<\/div><\/figure>\n\n\n\n<figure class=\"wp-block-embed is-type-rich is-provider-twitter wp-block-embed-twitter\"><div class=\"wp-block-embed__wrapper\">\n<blockquote class=\"twitter-tweet\" data-width=\"550\" data-dnt=\"true\"><p lang=\"pt\" dir=\"ltr\">O destino de quem j\u00e1 passou por Vasco da Gama \u00e9 ser vice, n\u00e3o tem jeito. <br><br>Fagner e Matheus Vital, voc\u00eas nasceram para ser vice! <br><br>ISSO AQUI \u00c9 FLAMENGO! \ud83d\udd34\u26ab\ufe0f<\/p>&mdash; \ud835\udc02\ud835\udc00\ud835\udc08\ud835\udc0e \ud835\udc0b\ud835\udc0e\ud835\udc0f\ud835\udc04\ud835\udc12 \ud83e\udd77 (@_caioczr) <a href=\"https:\/\/twitter.com\/_caioczr\/status\/1582931847398686720?ref_src=twsrc%5Etfw\">October 20, 2022<\/a><\/blockquote><script async src=\"https:\/\/platform.twitter.com\/widgets.js\" charset=\"utf-8\"><\/script>\n<\/div><\/figure>\n\n\n\n<p>Retirado de: Jogada 10 <\/p>\n","protected":false},"excerpt":{"rendered":"<p>O Flamengo saiu atr\u00e1s no placar da disputa de p\u00eanaltis, mas virou e ficou com a ta\u00e7a da Copa do Brasil deste ano. Isso s\u00f3 foi poss\u00edvel porque Fagner e Vital erraram as suas batidas pelo Corinthians. Ali\u00e1s, o lateral-direito corintiano, ao deixar o hotel com a delega\u00e7\u00e3o do Tim\u00e3o nesta quinta-feira (20), foi ironizado [&hellip;]<\/p>\n","protected":false},"author":1,"featured_media":89087,"comment_status":"open","ping_status":"closed","sticky":false,"template":"","format":"standard","meta":{"footnotes":""},"categories":[1],"tags":[],"class_list":["post-89389","post","type-post","status-publish","format-standard","has-post-thumbnail","hentry","category-flamengo"],"yoast_head":"<!-- This site is optimized with the Yoast SEO Premium plugin v24.2 (Yoast SEO v26.9) - https:\/\/yoast.com\/product\/yoast-seo-premium-wordpress\/ -->\n<title>V\u00eddeo: Torcida do Flamengo ironiza Fagner no hotel do Corinthians e lateral responde<\/title>\n<meta name=\"robots\" content=\"index, follow, max-snippet:-1, max-image-preview:large, max-video-preview:-1\" \/>\n<link rel=\"canonical\" href=\"https:\/\/www.gaveanews.com\/index.php\/2022\/10\/20\/video-torcida-do-flamengo-ironiza-fagner-no-hotel-do-corinthians-e-lateral-responde\/\" \/>\n<meta property=\"og:locale\" content=\"pt_BR\" \/>\n<meta property=\"og:type\" content=\"article\" \/>\n<meta property=\"og:title\" content=\"V\u00eddeo: Torcida do Flamengo ironiza Fagner no hotel do Corinthians e lateral responde\" \/>\n<meta property=\"og:description\" content=\"O Flamengo saiu atr\u00e1s no placar da disputa de p\u00eanaltis, mas virou e ficou com a ta\u00e7a da Copa do Brasil deste ano. Isso s\u00f3 foi poss\u00edvel porque Fagner e Vital erraram as suas batidas pelo Corinthians. Ali\u00e1s, o lateral-direito corintiano, ao deixar o hotel com a delega\u00e7\u00e3o do Tim\u00e3o nesta quinta-feira (20), foi ironizado [&hellip;]\" \/>\n<meta property=\"og:url\" content=\"https:\/\/www.gaveanews.com\/index.php\/2022\/10\/20\/video-torcida-do-flamengo-ironiza-fagner-no-hotel-do-corinthians-e-lateral-responde\/\" \/>\n<meta property=\"og:site_name\" content=\"G\u00e1vea News\" \/>\n<meta property=\"article:publisher\" content=\"https:\/\/facebook.com\/gaveaNews\/\" \/>\n<meta property=\"article:published_time\" content=\"2022-10-20T22:03:59+00:00\" \/>\n<meta property=\"article:modified_time\" content=\"2022-10-20T22:04:02+00:00\" \/>\n<meta property=\"og:image\" content=\"https:\/\/www.gaveanews.com\/wp-content\/uploads\/Torcida-do-Flamengo-faz-show-com-luzes-no-Maracana.webp\" \/>\n\t<meta property=\"og:image:width\" content=\"799\" \/>\n\t<meta property=\"og:image:height\" content=\"533\" \/>\n\t<meta property=\"og:image:type\" content=\"image\/jpeg\" \/>\n<meta name=\"author\" content=\"Equipe G\u00e1vea News\" \/>\n<meta name=\"twitter:card\" content=\"summary_large_image\" \/>\n<meta name=\"twitter:label1\" content=\"Escrito por\" \/>\n\t<meta name=\"twitter:data1\" content=\"Equipe G\u00e1vea News\" \/>\n\t<meta name=\"twitter:label2\" content=\"Est. tempo de leitura\" \/>\n\t<meta name=\"twitter:data2\" content=\"2 minutos\" \/>\n<script type=\"application\/ld+json\" class=\"yoast-schema-graph\">{\"@context\":\"https:\/\/schema.org\",\"@graph\":[{\"@type\":\"NewsArticle\",\"@id\":\"https:\/\/www.gaveanews.com\/index.php\/2022\/10\/20\/video-torcida-do-flamengo-ironiza-fagner-no-hotel-do-corinthians-e-lateral-responde\/#article\",\"isPartOf\":{\"@id\":\"https:\/\/www.gaveanews.com\/index.php\/2022\/10\/20\/video-torcida-do-flamengo-ironiza-fagner-no-hotel-do-corinthians-e-lateral-responde\/\"},\"author\":{\"name\":\"Equipe G\u00e1vea News\",\"@id\":\"https:\/\/www.gaveanews.com\/#\/schema\/person\/2ec14f73fb96be2caf28f91afb14749d\"},\"headline\":\"V\u00eddeo: Torcida do Flamengo ironiza Fagner no hotel do Corinthians e lateral responde\",\"datePublished\":\"2022-10-20T22:03:59+00:00\",\"dateModified\":\"2022-10-20T22:04:02+00:00\",\"mainEntityOfPage\":{\"@id\":\"https:\/\/www.gaveanews.com\/index.php\/2022\/10\/20\/video-torcida-do-flamengo-ironiza-fagner-no-hotel-do-corinthians-e-lateral-responde\/\"},\"wordCount\":250,\"commentCount\":0,\"image\":{\"@id\":\"https:\/\/www.gaveanews.com\/index.php\/2022\/10\/20\/video-torcida-do-flamengo-ironiza-fagner-no-hotel-do-corinthians-e-lateral-responde\/#primaryimage\"},\"thumbnailUrl\":\"https:\/\/www.gaveanews.com\/wp-content\/uploads\/Torcida-do-Flamengo-faz-show-com-luzes-no-Maracana.webp\",\"articleSection\":[\"Flamengo\"],\"inLanguage\":\"pt-BR\",\"potentialAction\":[{\"@type\":\"CommentAction\",\"name\":\"Comment\",\"target\":[\"https:\/\/www.gaveanews.com\/index.php\/2022\/10\/20\/video-torcida-do-flamengo-ironiza-fagner-no-hotel-do-corinthians-e-lateral-responde\/#respond\"]}],\"copyrightYear\":\"2022\",\"copyrightHolder\":{\"@id\":\"https:\/\/www.gaveanews.com\/#organization\"}},{\"@type\":\"WebPage\",\"@id\":\"https:\/\/www.gaveanews.com\/index.php\/2022\/10\/20\/video-torcida-do-flamengo-ironiza-fagner-no-hotel-do-corinthians-e-lateral-responde\/\",\"url\":\"https:\/\/www.gaveanews.com\/index.php\/2022\/10\/20\/video-torcida-do-flamengo-ironiza-fagner-no-hotel-do-corinthians-e-lateral-responde\/\",\"name\":\"V\u00eddeo: Torcida do Flamengo ironiza Fagner no hotel do Corinthians e lateral responde\",\"isPartOf\":{\"@id\":\"https:\/\/www.gaveanews.com\/#website\"},\"primaryImageOfPage\":{\"@id\":\"https:\/\/www.gaveanews.com\/index.php\/2022\/10\/20\/video-torcida-do-flamengo-ironiza-fagner-no-hotel-do-corinthians-e-lateral-responde\/#primaryimage\"},\"image\":{\"@id\":\"https:\/\/www.gaveanews.com\/index.php\/2022\/10\/20\/video-torcida-do-flamengo-ironiza-fagner-no-hotel-do-corinthians-e-lateral-responde\/#primaryimage\"},\"thumbnailUrl\":\"https:\/\/www.gaveanews.com\/wp-content\/uploads\/Torcida-do-Flamengo-faz-show-com-luzes-no-Maracana.webp\",\"datePublished\":\"2022-10-20T22:03:59+00:00\",\"dateModified\":\"2022-10-20T22:04:02+00:00\",\"author\":{\"@id\":\"https:\/\/www.gaveanews.com\/#\/schema\/person\/2ec14f73fb96be2caf28f91afb14749d\"},\"breadcrumb\":{\"@id\":\"https:\/\/www.gaveanews.com\/index.php\/2022\/10\/20\/video-torcida-do-flamengo-ironiza-fagner-no-hotel-do-corinthians-e-lateral-responde\/#breadcrumb\"},\"inLanguage\":\"pt-BR\",\"potentialAction\":[{\"@type\":\"ReadAction\",\"target\":[\"https:\/\/www.gaveanews.com\/index.php\/2022\/10\/20\/video-torcida-do-flamengo-ironiza-fagner-no-hotel-do-corinthians-e-lateral-responde\/\"]}]},{\"@type\":\"ImageObject\",\"inLanguage\":\"pt-BR\",\"@id\":\"https:\/\/www.gaveanews.com\/index.php\/2022\/10\/20\/video-torcida-do-flamengo-ironiza-fagner-no-hotel-do-corinthians-e-lateral-responde\/#primaryimage\",\"url\":\"https:\/\/www.gaveanews.com\/wp-content\/uploads\/Torcida-do-Flamengo-faz-show-com-luzes-no-Maracana.webp\",\"contentUrl\":\"https:\/\/www.gaveanews.com\/wp-content\/uploads\/Torcida-do-Flamengo-faz-show-com-luzes-no-Maracana.webp\",\"width\":799,\"height\":533,\"caption\":\"Torcida do Flamengo faz show com luzes no Maracan\u00e3 (Foto: Gilvan de Souza\/Flamengo)\"},{\"@type\":\"BreadcrumbList\",\"@id\":\"https:\/\/www.gaveanews.com\/index.php\/2022\/10\/20\/video-torcida-do-flamengo-ironiza-fagner-no-hotel-do-corinthians-e-lateral-responde\/#breadcrumb\",\"itemListElement\":[{\"@type\":\"ListItem\",\"position\":1,\"name\":\"Home\",\"item\":\"https:\/\/www.gaveanews.com\/\"},{\"@type\":\"ListItem\",\"position\":2,\"name\":\"V\u00eddeo: Torcida do Flamengo ironiza Fagner no hotel do Corinthians e lateral responde\"}]},{\"@type\":\"WebSite\",\"@id\":\"https:\/\/www.gaveanews.com\/#website\",\"url\":\"https:\/\/www.gaveanews.com\/\",\"name\":\"G\u00e1vea News\",\"description\":\"Veja todas as not\u00edcias sobre o Flamengo: Contrata\u00e7\u00f5es, categorias de base, resultados das partidas, tabela de classifica\u00e7\u00e3o, pr\u00f3ximos jogos!\",\"potentialAction\":[{\"@type\":\"SearchAction\",\"target\":{\"@type\":\"EntryPoint\",\"urlTemplate\":\"https:\/\/www.gaveanews.com\/?s={search_term_string}\"},\"query-input\":{\"@type\":\"PropertyValueSpecification\",\"valueRequired\":true,\"valueName\":\"search_term_string\"}}],\"inLanguage\":\"pt-BR\"},{\"@type\":\"Person\",\"@id\":\"https:\/\/www.gaveanews.com\/#\/schema\/person\/2ec14f73fb96be2caf28f91afb14749d\",\"name\":\"Equipe G\u00e1vea News\",\"image\":{\"@type\":\"ImageObject\",\"inLanguage\":\"pt-BR\",\"@id\":\"https:\/\/www.gaveanews.com\/#\/schema\/person\/image\/\",\"url\":\"https:\/\/secure.gravatar.com\/avatar\/1e1956f1facbffd3f8fa53a326721950116b3b9dc9bd44939c01180fd4a745a9?s=96&d=mm&r=g\",\"contentUrl\":\"https:\/\/secure.gravatar.com\/avatar\/1e1956f1facbffd3f8fa53a326721950116b3b9dc9bd44939c01180fd4a745a9?s=96&d=mm&r=g\",\"caption\":\"Equipe G\u00e1vea News\"}}]}<\/script>\n<!-- \/ Yoast SEO Premium plugin. -->","yoast_head_json":{"title":"V\u00eddeo: Torcida do Flamengo ironiza Fagner no hotel do Corinthians e lateral responde","robots":{"index":"index","follow":"follow","max-snippet":"max-snippet:-1","max-image-preview":"max-image-preview:large","max-video-preview":"max-video-preview:-1"},"canonical":"https:\/\/www.gaveanews.com\/index.php\/2022\/10\/20\/video-torcida-do-flamengo-ironiza-fagner-no-hotel-do-corinthians-e-lateral-responde\/","og_locale":"pt_BR","og_type":"article","og_title":"V\u00eddeo: Torcida do Flamengo ironiza Fagner no hotel do Corinthians e lateral responde","og_description":"O Flamengo saiu atr\u00e1s no placar da disputa de p\u00eanaltis, mas virou e ficou com a ta\u00e7a da Copa do Brasil deste ano. Isso s\u00f3 foi poss\u00edvel porque Fagner e Vital erraram as suas batidas pelo Corinthians. Ali\u00e1s, o lateral-direito corintiano, ao deixar o hotel com a delega\u00e7\u00e3o do Tim\u00e3o nesta quinta-feira (20), foi ironizado [&hellip;]","og_url":"https:\/\/www.gaveanews.com\/index.php\/2022\/10\/20\/video-torcida-do-flamengo-ironiza-fagner-no-hotel-do-corinthians-e-lateral-responde\/","og_site_name":"G\u00e1vea News","article_publisher":"https:\/\/facebook.com\/gaveaNews\/","article_published_time":"2022-10-20T22:03:59+00:00","article_modified_time":"2022-10-20T22:04:02+00:00","og_image":[{"width":799,"height":533,"url":"https:\/\/www.gaveanews.com\/wp-content\/uploads\/Torcida-do-Flamengo-faz-show-com-luzes-no-Maracana.webp","type":"image\/jpeg"}],"author":"Equipe G\u00e1vea News","twitter_card":"summary_large_image","twitter_misc":{"Escrito por":"Equipe G\u00e1vea News","Est. tempo de leitura":"2 minutos"},"schema":{"@context":"https:\/\/schema.org","@graph":[{"@type":"NewsArticle","@id":"https:\/\/www.gaveanews.com\/index.php\/2022\/10\/20\/video-torcida-do-flamengo-ironiza-fagner-no-hotel-do-corinthians-e-lateral-responde\/#article","isPartOf":{"@id":"https:\/\/www.gaveanews.com\/index.php\/2022\/10\/20\/video-torcida-do-flamengo-ironiza-fagner-no-hotel-do-corinthians-e-lateral-responde\/"},"author":{"name":"Equipe G\u00e1vea News","@id":"https:\/\/www.gaveanews.com\/#\/schema\/person\/2ec14f73fb96be2caf28f91afb14749d"},"headline":"V\u00eddeo: Torcida do Flamengo ironiza Fagner no hotel do Corinthians e lateral responde","datePublished":"2022-10-20T22:03:59+00:00","dateModified":"2022-10-20T22:04:02+00:00","mainEntityOfPage":{"@id":"https:\/\/www.gaveanews.com\/index.php\/2022\/10\/20\/video-torcida-do-flamengo-ironiza-fagner-no-hotel-do-corinthians-e-lateral-responde\/"},"wordCount":250,"commentCount":0,"image":{"@id":"https:\/\/www.gaveanews.com\/index.php\/2022\/10\/20\/video-torcida-do-flamengo-ironiza-fagner-no-hotel-do-corinthians-e-lateral-responde\/#primaryimage"},"thumbnailUrl":"https:\/\/www.gaveanews.com\/wp-content\/uploads\/Torcida-do-Flamengo-faz-show-com-luzes-no-Maracana.webp","articleSection":["Flamengo"],"inLanguage":"pt-BR","potentialAction":[{"@type":"CommentAction","name":"Comment","target":["https:\/\/www.gaveanews.com\/index.php\/2022\/10\/20\/video-torcida-do-flamengo-ironiza-fagner-no-hotel-do-corinthians-e-lateral-responde\/#respond"]}],"copyrightYear":"2022","copyrightHolder":{"@id":"https:\/\/www.gaveanews.com\/#organization"}},{"@type":"WebPage","@id":"https:\/\/www.gaveanews.com\/index.php\/2022\/10\/20\/video-torcida-do-flamengo-ironiza-fagner-no-hotel-do-corinthians-e-lateral-responde\/","url":"https:\/\/www.gaveanews.com\/index.php\/2022\/10\/20\/video-torcida-do-flamengo-ironiza-fagner-no-hotel-do-corinthians-e-lateral-responde\/","name":"V\u00eddeo: Torcida do Flamengo ironiza Fagner no hotel do Corinthians e lateral responde","isPartOf":{"@id":"https:\/\/www.gaveanews.com\/#website"},"primaryImageOfPage":{"@id":"https:\/\/www.gaveanews.com\/index.php\/2022\/10\/20\/video-torcida-do-flamengo-ironiza-fagner-no-hotel-do-corinthians-e-lateral-responde\/#primaryimage"},"image":{"@id":"https:\/\/www.gaveanews.com\/index.php\/2022\/10\/20\/video-torcida-do-flamengo-ironiza-fagner-no-hotel-do-corinthians-e-lateral-responde\/#primaryimage"},"thumbnailUrl":"https:\/\/www.gaveanews.com\/wp-content\/uploads\/Torcida-do-Flamengo-faz-show-com-luzes-no-Maracana.webp","datePublished":"2022-10-20T22:03:59+00:00","dateModified":"2022-10-20T22:04:02+00:00","author":{"@id":"https:\/\/www.gaveanews.com\/#\/schema\/person\/2ec14f73fb96be2caf28f91afb14749d"},"breadcrumb":{"@id":"https:\/\/www.gaveanews.com\/index.php\/2022\/10\/20\/video-torcida-do-flamengo-ironiza-fagner-no-hotel-do-corinthians-e-lateral-responde\/#breadcrumb"},"inLanguage":"pt-BR","potentialAction":[{"@type":"ReadAction","target":["https:\/\/www.gaveanews.com\/index.php\/2022\/10\/20\/video-torcida-do-flamengo-ironiza-fagner-no-hotel-do-corinthians-e-lateral-responde\/"]}]},{"@type":"ImageObject","inLanguage":"pt-BR","@id":"https:\/\/www.gaveanews.com\/index.php\/2022\/10\/20\/video-torcida-do-flamengo-ironiza-fagner-no-hotel-do-corinthians-e-lateral-responde\/#primaryimage","url":"https:\/\/www.gaveanews.com\/wp-content\/uploads\/Torcida-do-Flamengo-faz-show-com-luzes-no-Maracana.webp","contentUrl":"https:\/\/www.gaveanews.com\/wp-content\/uploads\/Torcida-do-Flamengo-faz-show-com-luzes-no-Maracana.webp","width":799,"height":533,"caption":"Torcida do Flamengo faz show com luzes no Maracan\u00e3 (Foto: Gilvan de Souza\/Flamengo)"},{"@type":"BreadcrumbList","@id":"https:\/\/www.gaveanews.com\/index.php\/2022\/10\/20\/video-torcida-do-flamengo-ironiza-fagner-no-hotel-do-corinthians-e-lateral-responde\/#breadcrumb","itemListElement":[{"@type":"ListItem","position":1,"name":"Home","item":"https:\/\/www.gaveanews.com\/"},{"@type":"ListItem","position":2,"name":"V\u00eddeo: Torcida do Flamengo ironiza Fagner no hotel do Corinthians e lateral responde"}]},{"@type":"WebSite","@id":"https:\/\/www.gaveanews.com\/#website","url":"https:\/\/www.gaveanews.com\/","name":"G\u00e1vea News","description":"Veja todas as not\u00edcias sobre o Flamengo: Contrata\u00e7\u00f5es, categorias de base, resultados das partidas, tabela de classifica\u00e7\u00e3o, pr\u00f3ximos jogos!","potentialAction":[{"@type":"SearchAction","target":{"@type":"EntryPoint","urlTemplate":"https:\/\/www.gaveanews.com\/?s={search_term_string}"},"query-input":{"@type":"PropertyValueSpecification","valueRequired":true,"valueName":"search_term_string"}}],"inLanguage":"pt-BR"},{"@type":"Person","@id":"https:\/\/www.gaveanews.com\/#\/schema\/person\/2ec14f73fb96be2caf28f91afb14749d","name":"Equipe G\u00e1vea News","image":{"@type":"ImageObject","inLanguage":"pt-BR","@id":"https:\/\/www.gaveanews.com\/#\/schema\/person\/image\/","url":"https:\/\/secure.gravatar.com\/avatar\/1e1956f1facbffd3f8fa53a326721950116b3b9dc9bd44939c01180fd4a745a9?s=96&d=mm&r=g","contentUrl":"https:\/\/secure.gravatar.com\/avatar\/1e1956f1facbffd3f8fa53a326721950116b3b9dc9bd44939c01180fd4a745a9?s=96&d=mm&r=g","caption":"Equipe G\u00e1vea News"}}]}},"_links":{"self":[{"href":"https:\/\/www.gaveanews.com\/index.php\/wp-json\/wp\/v2\/posts\/89389","targetHints":{"allow":["GET"]}}],"collection":[{"href":"https:\/\/www.gaveanews.com\/index.php\/wp-json\/wp\/v2\/posts"}],"about":[{"href":"https:\/\/www.gaveanews.com\/index.php\/wp-json\/wp\/v2\/types\/post"}],"author":[{"embeddable":true,"href":"https:\/\/www.gaveanews.com\/index.php\/wp-json\/wp\/v2\/users\/1"}],"replies":[{"embeddable":true,"href":"https:\/\/www.gaveanews.com\/index.php\/wp-json\/wp\/v2\/comments?post=89389"}],"version-history":[{"count":0,"href":"https:\/\/www.gaveanews.com\/index.php\/wp-json\/wp\/v2\/posts\/89389\/revisions"}],"wp:featuredmedia":[{"embeddable":true,"href":"https:\/\/www.gaveanews.com\/index.php\/wp-json\/wp\/v2\/media\/89087"}],"wp:attachment":[{"href":"https:\/\/www.gaveanews.com\/index.php\/wp-json\/wp\/v2\/media?parent=89389"}],"wp:term":[{"taxonomy":"category","embeddable":true,"href":"https:\/\/www.gaveanews.com\/index.php\/wp-json\/wp\/v2\/categories?post=89389"},{"taxonomy":"post_tag","embeddable":true,"href":"https:\/\/www.gaveanews.com\/index.php\/wp-json\/wp\/v2\/tags?post=89389"}],"curies":[{"name":"wp","href":"https:\/\/api.w.org\/{rel}","templated":true}]}}