{"id":89449,"date":"2022-10-21T16:45:09","date_gmt":"2022-10-21T19:45:09","guid":{"rendered":"https:\/\/www.gaveanews.com\/?p=89449"},"modified":"2022-10-21T16:45:13","modified_gmt":"2022-10-21T19:45:13","slug":"meia-do-flamengo-arrascaeta-recebera-titulo-de-cidadao-fluminense","status":"publish","type":"post","link":"https:\/\/www.gaveanews.com\/index.php\/2022\/10\/21\/meia-do-flamengo-arrascaeta-recebera-titulo-de-cidadao-fluminense\/","title":{"rendered":"Meia do Flamengo, Arrascaeta receber\u00e1 t\u00edtulo de \u2018cidad\u00e3o Fluminense\u2019"},"content":{"rendered":"\n<p>O uruguaio Arrascaeta teve uma grande not\u00edcia nesta sexta-feira (21). Nesse sentido, o camisa 14 do Meng\u00e3o recebeu a not\u00edcia no Di\u00e1rio Oficial, que receber\u00e1 o t\u00edtulo de \u2018cidad\u00e3o fluminense\u2019 do Estado do Rio de Janeiro. Uma cerimonia acontecer\u00e1 para celebrar e reconhecer os feitos do jogador com o tradicional clube da cidade.<\/p>\n\n\n\n<p>Segundo a apura\u00e7\u00e3o da jornalista Isabelle Costa, em parceria com o Youtuber Paparazzo Rubro-Negro, a resolu\u00e7\u00e3o foi de autoria dos Deputados Alexandre Knoploch, Andr\u00e9 Ceciliano e Bebeto. O atual \u00eddolo do Mais Querido chegou no Rio de Janeiro para defender o Manto sagrado em 2019 e desde ent\u00e3o escreve marca \u00e9poca no clube.<\/p>\n\n\n\n<figure class=\"wp-block-image size-large\"><img decoding=\"async\" src=\"https:\/\/diariodofla.com.br\/wp-content\/uploads\/2022\/10\/Arrascaeta.webp\" alt=\"\"\/><\/figure>\n\n\n\n<p>Por fim, o uruguaio ganhou ao todo sete t\u00edtulos com o Mais Querido: Campeonato Brasileiro (2), Copa Libertadores, Copa do Brasil, Supercopa do Brasil (2), Recopa Sul-Americana, Campeonato Carioca (2).<\/p>\n\n\n\n<p>Retirado de: Lance<\/p>\n","protected":false},"excerpt":{"rendered":"<p>O uruguaio Arrascaeta teve uma grande not\u00edcia nesta sexta-feira (21). Nesse sentido, o camisa 14 do Meng\u00e3o recebeu a not\u00edcia no Di\u00e1rio Oficial, que receber\u00e1 o t\u00edtulo de \u2018cidad\u00e3o fluminense\u2019 do Estado do Rio de Janeiro. Uma cerimonia acontecer\u00e1 para celebrar e reconhecer os feitos do jogador com o tradicional clube da cidade. Segundo a [&hellip;]<\/p>\n","protected":false},"author":1,"featured_media":84725,"comment_status":"open","ping_status":"closed","sticky":false,"template":"","format":"standard","meta":{"footnotes":""},"categories":[1],"tags":[],"class_list":["post-89449","post","type-post","status-publish","format-standard","has-post-thumbnail","hentry","category-flamengo"],"yoast_head":"<!-- This site is optimized with the Yoast SEO Premium plugin v24.2 (Yoast SEO v26.9) - https:\/\/yoast.com\/product\/yoast-seo-premium-wordpress\/ -->\n<title>Meia do Flamengo, Arrascaeta receber\u00e1 t\u00edtulo de \u2018cidad\u00e3o Fluminense\u2019<\/title>\n<meta name=\"robots\" content=\"index, follow, max-snippet:-1, max-image-preview:large, max-video-preview:-1\" \/>\n<link rel=\"canonical\" href=\"https:\/\/www.gaveanews.com\/index.php\/2022\/10\/21\/meia-do-flamengo-arrascaeta-recebera-titulo-de-cidadao-fluminense\/\" \/>\n<meta property=\"og:locale\" content=\"pt_BR\" \/>\n<meta property=\"og:type\" content=\"article\" \/>\n<meta property=\"og:title\" content=\"Meia do Flamengo, Arrascaeta receber\u00e1 t\u00edtulo de \u2018cidad\u00e3o Fluminense\u2019\" \/>\n<meta property=\"og:description\" content=\"O uruguaio Arrascaeta teve uma grande not\u00edcia nesta sexta-feira (21). Nesse sentido, o camisa 14 do Meng\u00e3o recebeu a not\u00edcia no Di\u00e1rio Oficial, que receber\u00e1 o t\u00edtulo de \u2018cidad\u00e3o fluminense\u2019 do Estado do Rio de Janeiro. Uma cerimonia acontecer\u00e1 para celebrar e reconhecer os feitos do jogador com o tradicional clube da cidade. Segundo a [&hellip;]\" \/>\n<meta property=\"og:url\" content=\"https:\/\/www.gaveanews.com\/index.php\/2022\/10\/21\/meia-do-flamengo-arrascaeta-recebera-titulo-de-cidadao-fluminense\/\" \/>\n<meta property=\"og:site_name\" content=\"G\u00e1vea News\" \/>\n<meta property=\"article:publisher\" content=\"https:\/\/facebook.com\/gaveaNews\/\" \/>\n<meta property=\"article:published_time\" content=\"2022-10-21T19:45:09+00:00\" \/>\n<meta property=\"article:modified_time\" content=\"2022-10-21T19:45:13+00:00\" \/>\n<meta property=\"og:image\" content=\"https:\/\/www.gaveanews.com\/wp-content\/uploads\/Arrascaeta-Gabigol-e-Everton-Ribeiro-em-jogo-do-Flamengo-contra-o-Atletico-MG.webp\" \/>\n\t<meta property=\"og:image:width\" content=\"800\" \/>\n\t<meta property=\"og:image:height\" content=\"533\" \/>\n\t<meta property=\"og:image:type\" content=\"image\/jpeg\" \/>\n<meta name=\"author\" content=\"Equipe G\u00e1vea News\" \/>\n<meta name=\"twitter:card\" content=\"summary_large_image\" \/>\n<meta name=\"twitter:label1\" content=\"Escrito por\" \/>\n\t<meta name=\"twitter:data1\" content=\"Equipe G\u00e1vea News\" \/>\n\t<meta name=\"twitter:label2\" content=\"Est. tempo de leitura\" \/>\n\t<meta name=\"twitter:data2\" content=\"1 minuto\" \/>\n<script type=\"application\/ld+json\" class=\"yoast-schema-graph\">{\"@context\":\"https:\/\/schema.org\",\"@graph\":[{\"@type\":\"NewsArticle\",\"@id\":\"https:\/\/www.gaveanews.com\/index.php\/2022\/10\/21\/meia-do-flamengo-arrascaeta-recebera-titulo-de-cidadao-fluminense\/#article\",\"isPartOf\":{\"@id\":\"https:\/\/www.gaveanews.com\/index.php\/2022\/10\/21\/meia-do-flamengo-arrascaeta-recebera-titulo-de-cidadao-fluminense\/\"},\"author\":{\"name\":\"Equipe G\u00e1vea News\",\"@id\":\"https:\/\/www.gaveanews.com\/#\/schema\/person\/2ec14f73fb96be2caf28f91afb14749d\"},\"headline\":\"Meia do Flamengo, Arrascaeta receber\u00e1 t\u00edtulo de \u2018cidad\u00e3o Fluminense\u2019\",\"datePublished\":\"2022-10-21T19:45:09+00:00\",\"dateModified\":\"2022-10-21T19:45:13+00:00\",\"mainEntityOfPage\":{\"@id\":\"https:\/\/www.gaveanews.com\/index.php\/2022\/10\/21\/meia-do-flamengo-arrascaeta-recebera-titulo-de-cidadao-fluminense\/\"},\"wordCount\":154,\"commentCount\":0,\"image\":{\"@id\":\"https:\/\/www.gaveanews.com\/index.php\/2022\/10\/21\/meia-do-flamengo-arrascaeta-recebera-titulo-de-cidadao-fluminense\/#primaryimage\"},\"thumbnailUrl\":\"https:\/\/www.gaveanews.com\/wp-content\/uploads\/Arrascaeta-Gabigol-e-Everton-Ribeiro-em-jogo-do-Flamengo-contra-o-Atletico-MG.webp\",\"articleSection\":[\"Flamengo\"],\"inLanguage\":\"pt-BR\",\"potentialAction\":[{\"@type\":\"CommentAction\",\"name\":\"Comment\",\"target\":[\"https:\/\/www.gaveanews.com\/index.php\/2022\/10\/21\/meia-do-flamengo-arrascaeta-recebera-titulo-de-cidadao-fluminense\/#respond\"]}],\"copyrightYear\":\"2022\",\"copyrightHolder\":{\"@id\":\"https:\/\/www.gaveanews.com\/#organization\"}},{\"@type\":\"WebPage\",\"@id\":\"https:\/\/www.gaveanews.com\/index.php\/2022\/10\/21\/meia-do-flamengo-arrascaeta-recebera-titulo-de-cidadao-fluminense\/\",\"url\":\"https:\/\/www.gaveanews.com\/index.php\/2022\/10\/21\/meia-do-flamengo-arrascaeta-recebera-titulo-de-cidadao-fluminense\/\",\"name\":\"Meia do Flamengo, Arrascaeta receber\u00e1 t\u00edtulo de \u2018cidad\u00e3o Fluminense\u2019\",\"isPartOf\":{\"@id\":\"https:\/\/www.gaveanews.com\/#website\"},\"primaryImageOfPage\":{\"@id\":\"https:\/\/www.gaveanews.com\/index.php\/2022\/10\/21\/meia-do-flamengo-arrascaeta-recebera-titulo-de-cidadao-fluminense\/#primaryimage\"},\"image\":{\"@id\":\"https:\/\/www.gaveanews.com\/index.php\/2022\/10\/21\/meia-do-flamengo-arrascaeta-recebera-titulo-de-cidadao-fluminense\/#primaryimage\"},\"thumbnailUrl\":\"https:\/\/www.gaveanews.com\/wp-content\/uploads\/Arrascaeta-Gabigol-e-Everton-Ribeiro-em-jogo-do-Flamengo-contra-o-Atletico-MG.webp\",\"datePublished\":\"2022-10-21T19:45:09+00:00\",\"dateModified\":\"2022-10-21T19:45:13+00:00\",\"author\":{\"@id\":\"https:\/\/www.gaveanews.com\/#\/schema\/person\/2ec14f73fb96be2caf28f91afb14749d\"},\"breadcrumb\":{\"@id\":\"https:\/\/www.gaveanews.com\/index.php\/2022\/10\/21\/meia-do-flamengo-arrascaeta-recebera-titulo-de-cidadao-fluminense\/#breadcrumb\"},\"inLanguage\":\"pt-BR\",\"potentialAction\":[{\"@type\":\"ReadAction\",\"target\":[\"https:\/\/www.gaveanews.com\/index.php\/2022\/10\/21\/meia-do-flamengo-arrascaeta-recebera-titulo-de-cidadao-fluminense\/\"]}]},{\"@type\":\"ImageObject\",\"inLanguage\":\"pt-BR\",\"@id\":\"https:\/\/www.gaveanews.com\/index.php\/2022\/10\/21\/meia-do-flamengo-arrascaeta-recebera-titulo-de-cidadao-fluminense\/#primaryimage\",\"url\":\"https:\/\/www.gaveanews.com\/wp-content\/uploads\/Arrascaeta-Gabigol-e-Everton-Ribeiro-em-jogo-do-Flamengo-contra-o-Atletico-MG.webp\",\"contentUrl\":\"https:\/\/www.gaveanews.com\/wp-content\/uploads\/Arrascaeta-Gabigol-e-Everton-Ribeiro-em-jogo-do-Flamengo-contra-o-Atletico-MG.webp\",\"width\":800,\"height\":533,\"caption\":\"Arrascaeta, Gabigol e Everton Ribeiro em jogo do Flamengo contra o Atl\u00e9tico-MG (Foto: Marcelo\/Flamengo)\"},{\"@type\":\"BreadcrumbList\",\"@id\":\"https:\/\/www.gaveanews.com\/index.php\/2022\/10\/21\/meia-do-flamengo-arrascaeta-recebera-titulo-de-cidadao-fluminense\/#breadcrumb\",\"itemListElement\":[{\"@type\":\"ListItem\",\"position\":1,\"name\":\"Home\",\"item\":\"https:\/\/www.gaveanews.com\/\"},{\"@type\":\"ListItem\",\"position\":2,\"name\":\"Meia do Flamengo, Arrascaeta receber\u00e1 t\u00edtulo de \u2018cidad\u00e3o Fluminense\u2019\"}]},{\"@type\":\"WebSite\",\"@id\":\"https:\/\/www.gaveanews.com\/#website\",\"url\":\"https:\/\/www.gaveanews.com\/\",\"name\":\"G\u00e1vea News\",\"description\":\"Veja todas as not\u00edcias sobre o Flamengo: Contrata\u00e7\u00f5es, categorias de base, resultados das partidas, tabela de classifica\u00e7\u00e3o, pr\u00f3ximos jogos!\",\"potentialAction\":[{\"@type\":\"SearchAction\",\"target\":{\"@type\":\"EntryPoint\",\"urlTemplate\":\"https:\/\/www.gaveanews.com\/?s={search_term_string}\"},\"query-input\":{\"@type\":\"PropertyValueSpecification\",\"valueRequired\":true,\"valueName\":\"search_term_string\"}}],\"inLanguage\":\"pt-BR\"},{\"@type\":\"Person\",\"@id\":\"https:\/\/www.gaveanews.com\/#\/schema\/person\/2ec14f73fb96be2caf28f91afb14749d\",\"name\":\"Equipe G\u00e1vea News\",\"image\":{\"@type\":\"ImageObject\",\"inLanguage\":\"pt-BR\",\"@id\":\"https:\/\/www.gaveanews.com\/#\/schema\/person\/image\/\",\"url\":\"https:\/\/secure.gravatar.com\/avatar\/1e1956f1facbffd3f8fa53a326721950116b3b9dc9bd44939c01180fd4a745a9?s=96&d=mm&r=g\",\"contentUrl\":\"https:\/\/secure.gravatar.com\/avatar\/1e1956f1facbffd3f8fa53a326721950116b3b9dc9bd44939c01180fd4a745a9?s=96&d=mm&r=g\",\"caption\":\"Equipe G\u00e1vea News\"}}]}<\/script>\n<!-- \/ Yoast SEO Premium plugin. -->","yoast_head_json":{"title":"Meia do Flamengo, Arrascaeta receber\u00e1 t\u00edtulo de \u2018cidad\u00e3o Fluminense\u2019","robots":{"index":"index","follow":"follow","max-snippet":"max-snippet:-1","max-image-preview":"max-image-preview:large","max-video-preview":"max-video-preview:-1"},"canonical":"https:\/\/www.gaveanews.com\/index.php\/2022\/10\/21\/meia-do-flamengo-arrascaeta-recebera-titulo-de-cidadao-fluminense\/","og_locale":"pt_BR","og_type":"article","og_title":"Meia do Flamengo, Arrascaeta receber\u00e1 t\u00edtulo de \u2018cidad\u00e3o Fluminense\u2019","og_description":"O uruguaio Arrascaeta teve uma grande not\u00edcia nesta sexta-feira (21). Nesse sentido, o camisa 14 do Meng\u00e3o recebeu a not\u00edcia no Di\u00e1rio Oficial, que receber\u00e1 o t\u00edtulo de \u2018cidad\u00e3o fluminense\u2019 do Estado do Rio de Janeiro. Uma cerimonia acontecer\u00e1 para celebrar e reconhecer os feitos do jogador com o tradicional clube da cidade. Segundo a [&hellip;]","og_url":"https:\/\/www.gaveanews.com\/index.php\/2022\/10\/21\/meia-do-flamengo-arrascaeta-recebera-titulo-de-cidadao-fluminense\/","og_site_name":"G\u00e1vea News","article_publisher":"https:\/\/facebook.com\/gaveaNews\/","article_published_time":"2022-10-21T19:45:09+00:00","article_modified_time":"2022-10-21T19:45:13+00:00","og_image":[{"width":800,"height":533,"url":"https:\/\/www.gaveanews.com\/wp-content\/uploads\/Arrascaeta-Gabigol-e-Everton-Ribeiro-em-jogo-do-Flamengo-contra-o-Atletico-MG.webp","type":"image\/jpeg"}],"author":"Equipe G\u00e1vea News","twitter_card":"summary_large_image","twitter_misc":{"Escrito por":"Equipe G\u00e1vea News","Est. tempo de leitura":"1 minuto"},"schema":{"@context":"https:\/\/schema.org","@graph":[{"@type":"NewsArticle","@id":"https:\/\/www.gaveanews.com\/index.php\/2022\/10\/21\/meia-do-flamengo-arrascaeta-recebera-titulo-de-cidadao-fluminense\/#article","isPartOf":{"@id":"https:\/\/www.gaveanews.com\/index.php\/2022\/10\/21\/meia-do-flamengo-arrascaeta-recebera-titulo-de-cidadao-fluminense\/"},"author":{"name":"Equipe G\u00e1vea News","@id":"https:\/\/www.gaveanews.com\/#\/schema\/person\/2ec14f73fb96be2caf28f91afb14749d"},"headline":"Meia do Flamengo, Arrascaeta receber\u00e1 t\u00edtulo de \u2018cidad\u00e3o Fluminense\u2019","datePublished":"2022-10-21T19:45:09+00:00","dateModified":"2022-10-21T19:45:13+00:00","mainEntityOfPage":{"@id":"https:\/\/www.gaveanews.com\/index.php\/2022\/10\/21\/meia-do-flamengo-arrascaeta-recebera-titulo-de-cidadao-fluminense\/"},"wordCount":154,"commentCount":0,"image":{"@id":"https:\/\/www.gaveanews.com\/index.php\/2022\/10\/21\/meia-do-flamengo-arrascaeta-recebera-titulo-de-cidadao-fluminense\/#primaryimage"},"thumbnailUrl":"https:\/\/www.gaveanews.com\/wp-content\/uploads\/Arrascaeta-Gabigol-e-Everton-Ribeiro-em-jogo-do-Flamengo-contra-o-Atletico-MG.webp","articleSection":["Flamengo"],"inLanguage":"pt-BR","potentialAction":[{"@type":"CommentAction","name":"Comment","target":["https:\/\/www.gaveanews.com\/index.php\/2022\/10\/21\/meia-do-flamengo-arrascaeta-recebera-titulo-de-cidadao-fluminense\/#respond"]}],"copyrightYear":"2022","copyrightHolder":{"@id":"https:\/\/www.gaveanews.com\/#organization"}},{"@type":"WebPage","@id":"https:\/\/www.gaveanews.com\/index.php\/2022\/10\/21\/meia-do-flamengo-arrascaeta-recebera-titulo-de-cidadao-fluminense\/","url":"https:\/\/www.gaveanews.com\/index.php\/2022\/10\/21\/meia-do-flamengo-arrascaeta-recebera-titulo-de-cidadao-fluminense\/","name":"Meia do Flamengo, Arrascaeta receber\u00e1 t\u00edtulo de \u2018cidad\u00e3o Fluminense\u2019","isPartOf":{"@id":"https:\/\/www.gaveanews.com\/#website"},"primaryImageOfPage":{"@id":"https:\/\/www.gaveanews.com\/index.php\/2022\/10\/21\/meia-do-flamengo-arrascaeta-recebera-titulo-de-cidadao-fluminense\/#primaryimage"},"image":{"@id":"https:\/\/www.gaveanews.com\/index.php\/2022\/10\/21\/meia-do-flamengo-arrascaeta-recebera-titulo-de-cidadao-fluminense\/#primaryimage"},"thumbnailUrl":"https:\/\/www.gaveanews.com\/wp-content\/uploads\/Arrascaeta-Gabigol-e-Everton-Ribeiro-em-jogo-do-Flamengo-contra-o-Atletico-MG.webp","datePublished":"2022-10-21T19:45:09+00:00","dateModified":"2022-10-21T19:45:13+00:00","author":{"@id":"https:\/\/www.gaveanews.com\/#\/schema\/person\/2ec14f73fb96be2caf28f91afb14749d"},"breadcrumb":{"@id":"https:\/\/www.gaveanews.com\/index.php\/2022\/10\/21\/meia-do-flamengo-arrascaeta-recebera-titulo-de-cidadao-fluminense\/#breadcrumb"},"inLanguage":"pt-BR","potentialAction":[{"@type":"ReadAction","target":["https:\/\/www.gaveanews.com\/index.php\/2022\/10\/21\/meia-do-flamengo-arrascaeta-recebera-titulo-de-cidadao-fluminense\/"]}]},{"@type":"ImageObject","inLanguage":"pt-BR","@id":"https:\/\/www.gaveanews.com\/index.php\/2022\/10\/21\/meia-do-flamengo-arrascaeta-recebera-titulo-de-cidadao-fluminense\/#primaryimage","url":"https:\/\/www.gaveanews.com\/wp-content\/uploads\/Arrascaeta-Gabigol-e-Everton-Ribeiro-em-jogo-do-Flamengo-contra-o-Atletico-MG.webp","contentUrl":"https:\/\/www.gaveanews.com\/wp-content\/uploads\/Arrascaeta-Gabigol-e-Everton-Ribeiro-em-jogo-do-Flamengo-contra-o-Atletico-MG.webp","width":800,"height":533,"caption":"Arrascaeta, Gabigol e Everton Ribeiro em jogo do Flamengo contra o Atl\u00e9tico-MG (Foto: Marcelo\/Flamengo)"},{"@type":"BreadcrumbList","@id":"https:\/\/www.gaveanews.com\/index.php\/2022\/10\/21\/meia-do-flamengo-arrascaeta-recebera-titulo-de-cidadao-fluminense\/#breadcrumb","itemListElement":[{"@type":"ListItem","position":1,"name":"Home","item":"https:\/\/www.gaveanews.com\/"},{"@type":"ListItem","position":2,"name":"Meia do Flamengo, Arrascaeta receber\u00e1 t\u00edtulo de \u2018cidad\u00e3o Fluminense\u2019"}]},{"@type":"WebSite","@id":"https:\/\/www.gaveanews.com\/#website","url":"https:\/\/www.gaveanews.com\/","name":"G\u00e1vea News","description":"Veja todas as not\u00edcias sobre o Flamengo: Contrata\u00e7\u00f5es, categorias de base, resultados das partidas, tabela de classifica\u00e7\u00e3o, pr\u00f3ximos jogos!","potentialAction":[{"@type":"SearchAction","target":{"@type":"EntryPoint","urlTemplate":"https:\/\/www.gaveanews.com\/?s={search_term_string}"},"query-input":{"@type":"PropertyValueSpecification","valueRequired":true,"valueName":"search_term_string"}}],"inLanguage":"pt-BR"},{"@type":"Person","@id":"https:\/\/www.gaveanews.com\/#\/schema\/person\/2ec14f73fb96be2caf28f91afb14749d","name":"Equipe G\u00e1vea News","image":{"@type":"ImageObject","inLanguage":"pt-BR","@id":"https:\/\/www.gaveanews.com\/#\/schema\/person\/image\/","url":"https:\/\/secure.gravatar.com\/avatar\/1e1956f1facbffd3f8fa53a326721950116b3b9dc9bd44939c01180fd4a745a9?s=96&d=mm&r=g","contentUrl":"https:\/\/secure.gravatar.com\/avatar\/1e1956f1facbffd3f8fa53a326721950116b3b9dc9bd44939c01180fd4a745a9?s=96&d=mm&r=g","caption":"Equipe G\u00e1vea News"}}]}},"_links":{"self":[{"href":"https:\/\/www.gaveanews.com\/index.php\/wp-json\/wp\/v2\/posts\/89449","targetHints":{"allow":["GET"]}}],"collection":[{"href":"https:\/\/www.gaveanews.com\/index.php\/wp-json\/wp\/v2\/posts"}],"about":[{"href":"https:\/\/www.gaveanews.com\/index.php\/wp-json\/wp\/v2\/types\/post"}],"author":[{"embeddable":true,"href":"https:\/\/www.gaveanews.com\/index.php\/wp-json\/wp\/v2\/users\/1"}],"replies":[{"embeddable":true,"href":"https:\/\/www.gaveanews.com\/index.php\/wp-json\/wp\/v2\/comments?post=89449"}],"version-history":[{"count":0,"href":"https:\/\/www.gaveanews.com\/index.php\/wp-json\/wp\/v2\/posts\/89449\/revisions"}],"wp:featuredmedia":[{"embeddable":true,"href":"https:\/\/www.gaveanews.com\/index.php\/wp-json\/wp\/v2\/media\/84725"}],"wp:attachment":[{"href":"https:\/\/www.gaveanews.com\/index.php\/wp-json\/wp\/v2\/media?parent=89449"}],"wp:term":[{"taxonomy":"category","embeddable":true,"href":"https:\/\/www.gaveanews.com\/index.php\/wp-json\/wp\/v2\/categories?post=89449"},{"taxonomy":"post_tag","embeddable":true,"href":"https:\/\/www.gaveanews.com\/index.php\/wp-json\/wp\/v2\/tags?post=89449"}],"curies":[{"name":"wp","href":"https:\/\/api.w.org\/{rel}","templated":true}]}}