{"id":89684,"date":"2022-10-26T18:54:49","date_gmt":"2022-10-26T21:54:49","guid":{"rendered":"https:\/\/www.gaveanews.com\/?p=89684"},"modified":"2022-10-26T18:54:53","modified_gmt":"2022-10-26T21:54:53","slug":"gabigol-do-flamengo-fala-sobre-pressao-dos-torcedores-adversarios","status":"publish","type":"post","link":"https:\/\/www.gaveanews.com\/index.php\/2022\/10\/26\/gabigol-do-flamengo-fala-sobre-pressao-dos-torcedores-adversarios\/","title":{"rendered":"Gabigol, do Flamengo, fala sobre press\u00e3o dos torcedores advers\u00e1rios"},"content":{"rendered":"\n<p>O Flamengo enfrenta o Athletico-PR no pr\u00f3ximo s\u00e1bado e busca o tri da Libertadores. Nesta partida, Gabigol tem a oportunidade de mais uma vez marcar na grande decis\u00e3o da competi\u00e7\u00e3o. Durante o podcast \u201890+3 especial da final da Libertadores\u2019, o camisa 9 falou sobre sentir a press\u00e3o da torcida advers\u00e1ria.<\/p>\n\n\n\n<p><em>\u2014 Gosto dessa press\u00e3o. Eu fico tranquilo, eu vivo sob press\u00e3o, sempre vivi. L\u00f3gico que eu preferia estar no Maracan\u00e3 com todo mundo me aplaudindo. Mas me sinto tranquilo. N\u00e3o interfere no meu jogo e sempre uso isso como motiva\u00e7\u00e3o<\/em>, declarou Gabi.<\/p>\n\n\n\n<p>O Mais Querido embarcou na manh\u00e3 desta quarta-feira para Guayaquil. Vale lembrar que a bola rola \u00e0s 17h para Flamengo e Athletico no pr\u00f3ximo s\u00e1bado.<\/p>\n\n\n\n<p>Retirado de: Di\u00e1rio do Fla<\/p>\n","protected":false},"excerpt":{"rendered":"<p>O Flamengo enfrenta o Athletico-PR no pr\u00f3ximo s\u00e1bado e busca o tri da Libertadores. Nesta partida, Gabigol tem a oportunidade de mais uma vez marcar na grande decis\u00e3o da competi\u00e7\u00e3o. Durante o podcast \u201890+3 especial da final da Libertadores\u2019, o camisa 9 falou sobre sentir a press\u00e3o da torcida advers\u00e1ria. \u2014 Gosto dessa press\u00e3o. Eu [&hellip;]<\/p>\n","protected":false},"author":1,"featured_media":89329,"comment_status":"open","ping_status":"closed","sticky":false,"template":"","format":"standard","meta":{"footnotes":""},"categories":[1],"tags":[],"class_list":["post-89684","post","type-post","status-publish","format-standard","has-post-thumbnail","hentry","category-flamengo"],"yoast_head":"<!-- This site is optimized with the Yoast SEO Premium plugin v24.2 (Yoast SEO v26.9) - https:\/\/yoast.com\/product\/yoast-seo-premium-wordpress\/ -->\n<title>Gabigol, do Flamengo, fala sobre press\u00e3o dos torcedores advers\u00e1rios<\/title>\n<meta name=\"robots\" content=\"index, follow, max-snippet:-1, max-image-preview:large, max-video-preview:-1\" \/>\n<link rel=\"canonical\" href=\"https:\/\/www.gaveanews.com\/index.php\/2022\/10\/26\/gabigol-do-flamengo-fala-sobre-pressao-dos-torcedores-adversarios\/\" \/>\n<meta property=\"og:locale\" content=\"pt_BR\" \/>\n<meta property=\"og:type\" content=\"article\" \/>\n<meta property=\"og:title\" content=\"Gabigol, do Flamengo, fala sobre press\u00e3o dos torcedores advers\u00e1rios\" \/>\n<meta property=\"og:description\" content=\"O Flamengo enfrenta o Athletico-PR no pr\u00f3ximo s\u00e1bado e busca o tri da Libertadores. Nesta partida, Gabigol tem a oportunidade de mais uma vez marcar na grande decis\u00e3o da competi\u00e7\u00e3o. Durante o podcast \u201890+3 especial da final da Libertadores\u2019, o camisa 9 falou sobre sentir a press\u00e3o da torcida advers\u00e1ria. \u2014 Gosto dessa press\u00e3o. Eu [&hellip;]\" \/>\n<meta property=\"og:url\" content=\"https:\/\/www.gaveanews.com\/index.php\/2022\/10\/26\/gabigol-do-flamengo-fala-sobre-pressao-dos-torcedores-adversarios\/\" \/>\n<meta property=\"og:site_name\" content=\"G\u00e1vea News\" \/>\n<meta property=\"article:publisher\" content=\"https:\/\/facebook.com\/gaveaNews\/\" \/>\n<meta property=\"article:published_time\" content=\"2022-10-26T21:54:49+00:00\" \/>\n<meta property=\"article:modified_time\" content=\"2022-10-26T21:54:53+00:00\" \/>\n<meta property=\"og:image\" content=\"https:\/\/www.gaveanews.com\/wp-content\/uploads\/Gabigol-pelo-Flamengo-na-final-da-Copa-do-Brasil.webp\" \/>\n\t<meta property=\"og:image:width\" content=\"800\" \/>\n\t<meta property=\"og:image:height\" content=\"532\" \/>\n\t<meta property=\"og:image:type\" content=\"image\/jpeg\" \/>\n<meta name=\"author\" content=\"Equipe G\u00e1vea News\" \/>\n<meta name=\"twitter:card\" content=\"summary_large_image\" \/>\n<meta name=\"twitter:label1\" content=\"Escrito por\" \/>\n\t<meta name=\"twitter:data1\" content=\"Equipe G\u00e1vea News\" \/>\n\t<meta name=\"twitter:label2\" content=\"Est. tempo de leitura\" \/>\n\t<meta name=\"twitter:data2\" content=\"1 minuto\" \/>\n<script type=\"application\/ld+json\" class=\"yoast-schema-graph\">{\"@context\":\"https:\/\/schema.org\",\"@graph\":[{\"@type\":\"NewsArticle\",\"@id\":\"https:\/\/www.gaveanews.com\/index.php\/2022\/10\/26\/gabigol-do-flamengo-fala-sobre-pressao-dos-torcedores-adversarios\/#article\",\"isPartOf\":{\"@id\":\"https:\/\/www.gaveanews.com\/index.php\/2022\/10\/26\/gabigol-do-flamengo-fala-sobre-pressao-dos-torcedores-adversarios\/\"},\"author\":{\"name\":\"Equipe G\u00e1vea News\",\"@id\":\"https:\/\/www.gaveanews.com\/#\/schema\/person\/2ec14f73fb96be2caf28f91afb14749d\"},\"headline\":\"Gabigol, do Flamengo, fala sobre press\u00e3o dos torcedores advers\u00e1rios\",\"datePublished\":\"2022-10-26T21:54:49+00:00\",\"dateModified\":\"2022-10-26T21:54:53+00:00\",\"mainEntityOfPage\":{\"@id\":\"https:\/\/www.gaveanews.com\/index.php\/2022\/10\/26\/gabigol-do-flamengo-fala-sobre-pressao-dos-torcedores-adversarios\/\"},\"wordCount\":144,\"commentCount\":0,\"image\":{\"@id\":\"https:\/\/www.gaveanews.com\/index.php\/2022\/10\/26\/gabigol-do-flamengo-fala-sobre-pressao-dos-torcedores-adversarios\/#primaryimage\"},\"thumbnailUrl\":\"https:\/\/www.gaveanews.com\/wp-content\/uploads\/Gabigol-pelo-Flamengo-na-final-da-Copa-do-Brasil.webp\",\"articleSection\":[\"Flamengo\"],\"inLanguage\":\"pt-BR\",\"potentialAction\":[{\"@type\":\"CommentAction\",\"name\":\"Comment\",\"target\":[\"https:\/\/www.gaveanews.com\/index.php\/2022\/10\/26\/gabigol-do-flamengo-fala-sobre-pressao-dos-torcedores-adversarios\/#respond\"]}],\"copyrightYear\":\"2022\",\"copyrightHolder\":{\"@id\":\"https:\/\/www.gaveanews.com\/#organization\"}},{\"@type\":\"WebPage\",\"@id\":\"https:\/\/www.gaveanews.com\/index.php\/2022\/10\/26\/gabigol-do-flamengo-fala-sobre-pressao-dos-torcedores-adversarios\/\",\"url\":\"https:\/\/www.gaveanews.com\/index.php\/2022\/10\/26\/gabigol-do-flamengo-fala-sobre-pressao-dos-torcedores-adversarios\/\",\"name\":\"Gabigol, do Flamengo, fala sobre press\u00e3o dos torcedores advers\u00e1rios\",\"isPartOf\":{\"@id\":\"https:\/\/www.gaveanews.com\/#website\"},\"primaryImageOfPage\":{\"@id\":\"https:\/\/www.gaveanews.com\/index.php\/2022\/10\/26\/gabigol-do-flamengo-fala-sobre-pressao-dos-torcedores-adversarios\/#primaryimage\"},\"image\":{\"@id\":\"https:\/\/www.gaveanews.com\/index.php\/2022\/10\/26\/gabigol-do-flamengo-fala-sobre-pressao-dos-torcedores-adversarios\/#primaryimage\"},\"thumbnailUrl\":\"https:\/\/www.gaveanews.com\/wp-content\/uploads\/Gabigol-pelo-Flamengo-na-final-da-Copa-do-Brasil.webp\",\"datePublished\":\"2022-10-26T21:54:49+00:00\",\"dateModified\":\"2022-10-26T21:54:53+00:00\",\"author\":{\"@id\":\"https:\/\/www.gaveanews.com\/#\/schema\/person\/2ec14f73fb96be2caf28f91afb14749d\"},\"breadcrumb\":{\"@id\":\"https:\/\/www.gaveanews.com\/index.php\/2022\/10\/26\/gabigol-do-flamengo-fala-sobre-pressao-dos-torcedores-adversarios\/#breadcrumb\"},\"inLanguage\":\"pt-BR\",\"potentialAction\":[{\"@type\":\"ReadAction\",\"target\":[\"https:\/\/www.gaveanews.com\/index.php\/2022\/10\/26\/gabigol-do-flamengo-fala-sobre-pressao-dos-torcedores-adversarios\/\"]}]},{\"@type\":\"ImageObject\",\"inLanguage\":\"pt-BR\",\"@id\":\"https:\/\/www.gaveanews.com\/index.php\/2022\/10\/26\/gabigol-do-flamengo-fala-sobre-pressao-dos-torcedores-adversarios\/#primaryimage\",\"url\":\"https:\/\/www.gaveanews.com\/wp-content\/uploads\/Gabigol-pelo-Flamengo-na-final-da-Copa-do-Brasil.webp\",\"contentUrl\":\"https:\/\/www.gaveanews.com\/wp-content\/uploads\/Gabigol-pelo-Flamengo-na-final-da-Copa-do-Brasil.webp\",\"width\":800,\"height\":532,\"caption\":\"Gabigol na disputa de p\u00eanaltis pela final da Copa do Brasil (Foto: Marcelo Cortes\/Flamengo)\"},{\"@type\":\"BreadcrumbList\",\"@id\":\"https:\/\/www.gaveanews.com\/index.php\/2022\/10\/26\/gabigol-do-flamengo-fala-sobre-pressao-dos-torcedores-adversarios\/#breadcrumb\",\"itemListElement\":[{\"@type\":\"ListItem\",\"position\":1,\"name\":\"Home\",\"item\":\"https:\/\/www.gaveanews.com\/\"},{\"@type\":\"ListItem\",\"position\":2,\"name\":\"Gabigol, do Flamengo, fala sobre press\u00e3o dos torcedores advers\u00e1rios\"}]},{\"@type\":\"WebSite\",\"@id\":\"https:\/\/www.gaveanews.com\/#website\",\"url\":\"https:\/\/www.gaveanews.com\/\",\"name\":\"G\u00e1vea News\",\"description\":\"Veja todas as not\u00edcias sobre o Flamengo: Contrata\u00e7\u00f5es, categorias de base, resultados das partidas, tabela de classifica\u00e7\u00e3o, pr\u00f3ximos jogos!\",\"potentialAction\":[{\"@type\":\"SearchAction\",\"target\":{\"@type\":\"EntryPoint\",\"urlTemplate\":\"https:\/\/www.gaveanews.com\/?s={search_term_string}\"},\"query-input\":{\"@type\":\"PropertyValueSpecification\",\"valueRequired\":true,\"valueName\":\"search_term_string\"}}],\"inLanguage\":\"pt-BR\"},{\"@type\":\"Person\",\"@id\":\"https:\/\/www.gaveanews.com\/#\/schema\/person\/2ec14f73fb96be2caf28f91afb14749d\",\"name\":\"Equipe G\u00e1vea News\",\"image\":{\"@type\":\"ImageObject\",\"inLanguage\":\"pt-BR\",\"@id\":\"https:\/\/www.gaveanews.com\/#\/schema\/person\/image\/\",\"url\":\"https:\/\/secure.gravatar.com\/avatar\/1e1956f1facbffd3f8fa53a326721950116b3b9dc9bd44939c01180fd4a745a9?s=96&d=mm&r=g\",\"contentUrl\":\"https:\/\/secure.gravatar.com\/avatar\/1e1956f1facbffd3f8fa53a326721950116b3b9dc9bd44939c01180fd4a745a9?s=96&d=mm&r=g\",\"caption\":\"Equipe G\u00e1vea News\"}}]}<\/script>\n<!-- \/ Yoast SEO Premium plugin. -->","yoast_head_json":{"title":"Gabigol, do Flamengo, fala sobre press\u00e3o dos torcedores advers\u00e1rios","robots":{"index":"index","follow":"follow","max-snippet":"max-snippet:-1","max-image-preview":"max-image-preview:large","max-video-preview":"max-video-preview:-1"},"canonical":"https:\/\/www.gaveanews.com\/index.php\/2022\/10\/26\/gabigol-do-flamengo-fala-sobre-pressao-dos-torcedores-adversarios\/","og_locale":"pt_BR","og_type":"article","og_title":"Gabigol, do Flamengo, fala sobre press\u00e3o dos torcedores advers\u00e1rios","og_description":"O Flamengo enfrenta o Athletico-PR no pr\u00f3ximo s\u00e1bado e busca o tri da Libertadores. Nesta partida, Gabigol tem a oportunidade de mais uma vez marcar na grande decis\u00e3o da competi\u00e7\u00e3o. Durante o podcast \u201890+3 especial da final da Libertadores\u2019, o camisa 9 falou sobre sentir a press\u00e3o da torcida advers\u00e1ria. \u2014 Gosto dessa press\u00e3o. Eu [&hellip;]","og_url":"https:\/\/www.gaveanews.com\/index.php\/2022\/10\/26\/gabigol-do-flamengo-fala-sobre-pressao-dos-torcedores-adversarios\/","og_site_name":"G\u00e1vea News","article_publisher":"https:\/\/facebook.com\/gaveaNews\/","article_published_time":"2022-10-26T21:54:49+00:00","article_modified_time":"2022-10-26T21:54:53+00:00","og_image":[{"width":800,"height":532,"url":"https:\/\/www.gaveanews.com\/wp-content\/uploads\/Gabigol-pelo-Flamengo-na-final-da-Copa-do-Brasil.webp","type":"image\/jpeg"}],"author":"Equipe G\u00e1vea News","twitter_card":"summary_large_image","twitter_misc":{"Escrito por":"Equipe G\u00e1vea News","Est. tempo de leitura":"1 minuto"},"schema":{"@context":"https:\/\/schema.org","@graph":[{"@type":"NewsArticle","@id":"https:\/\/www.gaveanews.com\/index.php\/2022\/10\/26\/gabigol-do-flamengo-fala-sobre-pressao-dos-torcedores-adversarios\/#article","isPartOf":{"@id":"https:\/\/www.gaveanews.com\/index.php\/2022\/10\/26\/gabigol-do-flamengo-fala-sobre-pressao-dos-torcedores-adversarios\/"},"author":{"name":"Equipe G\u00e1vea News","@id":"https:\/\/www.gaveanews.com\/#\/schema\/person\/2ec14f73fb96be2caf28f91afb14749d"},"headline":"Gabigol, do Flamengo, fala sobre press\u00e3o dos torcedores advers\u00e1rios","datePublished":"2022-10-26T21:54:49+00:00","dateModified":"2022-10-26T21:54:53+00:00","mainEntityOfPage":{"@id":"https:\/\/www.gaveanews.com\/index.php\/2022\/10\/26\/gabigol-do-flamengo-fala-sobre-pressao-dos-torcedores-adversarios\/"},"wordCount":144,"commentCount":0,"image":{"@id":"https:\/\/www.gaveanews.com\/index.php\/2022\/10\/26\/gabigol-do-flamengo-fala-sobre-pressao-dos-torcedores-adversarios\/#primaryimage"},"thumbnailUrl":"https:\/\/www.gaveanews.com\/wp-content\/uploads\/Gabigol-pelo-Flamengo-na-final-da-Copa-do-Brasil.webp","articleSection":["Flamengo"],"inLanguage":"pt-BR","potentialAction":[{"@type":"CommentAction","name":"Comment","target":["https:\/\/www.gaveanews.com\/index.php\/2022\/10\/26\/gabigol-do-flamengo-fala-sobre-pressao-dos-torcedores-adversarios\/#respond"]}],"copyrightYear":"2022","copyrightHolder":{"@id":"https:\/\/www.gaveanews.com\/#organization"}},{"@type":"WebPage","@id":"https:\/\/www.gaveanews.com\/index.php\/2022\/10\/26\/gabigol-do-flamengo-fala-sobre-pressao-dos-torcedores-adversarios\/","url":"https:\/\/www.gaveanews.com\/index.php\/2022\/10\/26\/gabigol-do-flamengo-fala-sobre-pressao-dos-torcedores-adversarios\/","name":"Gabigol, do Flamengo, fala sobre press\u00e3o dos torcedores advers\u00e1rios","isPartOf":{"@id":"https:\/\/www.gaveanews.com\/#website"},"primaryImageOfPage":{"@id":"https:\/\/www.gaveanews.com\/index.php\/2022\/10\/26\/gabigol-do-flamengo-fala-sobre-pressao-dos-torcedores-adversarios\/#primaryimage"},"image":{"@id":"https:\/\/www.gaveanews.com\/index.php\/2022\/10\/26\/gabigol-do-flamengo-fala-sobre-pressao-dos-torcedores-adversarios\/#primaryimage"},"thumbnailUrl":"https:\/\/www.gaveanews.com\/wp-content\/uploads\/Gabigol-pelo-Flamengo-na-final-da-Copa-do-Brasil.webp","datePublished":"2022-10-26T21:54:49+00:00","dateModified":"2022-10-26T21:54:53+00:00","author":{"@id":"https:\/\/www.gaveanews.com\/#\/schema\/person\/2ec14f73fb96be2caf28f91afb14749d"},"breadcrumb":{"@id":"https:\/\/www.gaveanews.com\/index.php\/2022\/10\/26\/gabigol-do-flamengo-fala-sobre-pressao-dos-torcedores-adversarios\/#breadcrumb"},"inLanguage":"pt-BR","potentialAction":[{"@type":"ReadAction","target":["https:\/\/www.gaveanews.com\/index.php\/2022\/10\/26\/gabigol-do-flamengo-fala-sobre-pressao-dos-torcedores-adversarios\/"]}]},{"@type":"ImageObject","inLanguage":"pt-BR","@id":"https:\/\/www.gaveanews.com\/index.php\/2022\/10\/26\/gabigol-do-flamengo-fala-sobre-pressao-dos-torcedores-adversarios\/#primaryimage","url":"https:\/\/www.gaveanews.com\/wp-content\/uploads\/Gabigol-pelo-Flamengo-na-final-da-Copa-do-Brasil.webp","contentUrl":"https:\/\/www.gaveanews.com\/wp-content\/uploads\/Gabigol-pelo-Flamengo-na-final-da-Copa-do-Brasil.webp","width":800,"height":532,"caption":"Gabigol na disputa de p\u00eanaltis pela final da Copa do Brasil (Foto: Marcelo Cortes\/Flamengo)"},{"@type":"BreadcrumbList","@id":"https:\/\/www.gaveanews.com\/index.php\/2022\/10\/26\/gabigol-do-flamengo-fala-sobre-pressao-dos-torcedores-adversarios\/#breadcrumb","itemListElement":[{"@type":"ListItem","position":1,"name":"Home","item":"https:\/\/www.gaveanews.com\/"},{"@type":"ListItem","position":2,"name":"Gabigol, do Flamengo, fala sobre press\u00e3o dos torcedores advers\u00e1rios"}]},{"@type":"WebSite","@id":"https:\/\/www.gaveanews.com\/#website","url":"https:\/\/www.gaveanews.com\/","name":"G\u00e1vea News","description":"Veja todas as not\u00edcias sobre o Flamengo: Contrata\u00e7\u00f5es, categorias de base, resultados das partidas, tabela de classifica\u00e7\u00e3o, pr\u00f3ximos jogos!","potentialAction":[{"@type":"SearchAction","target":{"@type":"EntryPoint","urlTemplate":"https:\/\/www.gaveanews.com\/?s={search_term_string}"},"query-input":{"@type":"PropertyValueSpecification","valueRequired":true,"valueName":"search_term_string"}}],"inLanguage":"pt-BR"},{"@type":"Person","@id":"https:\/\/www.gaveanews.com\/#\/schema\/person\/2ec14f73fb96be2caf28f91afb14749d","name":"Equipe G\u00e1vea News","image":{"@type":"ImageObject","inLanguage":"pt-BR","@id":"https:\/\/www.gaveanews.com\/#\/schema\/person\/image\/","url":"https:\/\/secure.gravatar.com\/avatar\/1e1956f1facbffd3f8fa53a326721950116b3b9dc9bd44939c01180fd4a745a9?s=96&d=mm&r=g","contentUrl":"https:\/\/secure.gravatar.com\/avatar\/1e1956f1facbffd3f8fa53a326721950116b3b9dc9bd44939c01180fd4a745a9?s=96&d=mm&r=g","caption":"Equipe G\u00e1vea News"}}]}},"_links":{"self":[{"href":"https:\/\/www.gaveanews.com\/index.php\/wp-json\/wp\/v2\/posts\/89684","targetHints":{"allow":["GET"]}}],"collection":[{"href":"https:\/\/www.gaveanews.com\/index.php\/wp-json\/wp\/v2\/posts"}],"about":[{"href":"https:\/\/www.gaveanews.com\/index.php\/wp-json\/wp\/v2\/types\/post"}],"author":[{"embeddable":true,"href":"https:\/\/www.gaveanews.com\/index.php\/wp-json\/wp\/v2\/users\/1"}],"replies":[{"embeddable":true,"href":"https:\/\/www.gaveanews.com\/index.php\/wp-json\/wp\/v2\/comments?post=89684"}],"version-history":[{"count":0,"href":"https:\/\/www.gaveanews.com\/index.php\/wp-json\/wp\/v2\/posts\/89684\/revisions"}],"wp:featuredmedia":[{"embeddable":true,"href":"https:\/\/www.gaveanews.com\/index.php\/wp-json\/wp\/v2\/media\/89329"}],"wp:attachment":[{"href":"https:\/\/www.gaveanews.com\/index.php\/wp-json\/wp\/v2\/media?parent=89684"}],"wp:term":[{"taxonomy":"category","embeddable":true,"href":"https:\/\/www.gaveanews.com\/index.php\/wp-json\/wp\/v2\/categories?post=89684"},{"taxonomy":"post_tag","embeddable":true,"href":"https:\/\/www.gaveanews.com\/index.php\/wp-json\/wp\/v2\/tags?post=89684"}],"curies":[{"name":"wp","href":"https:\/\/api.w.org\/{rel}","templated":true}]}}