{"id":89688,"date":"2022-10-26T19:52:28","date_gmt":"2022-10-26T22:52:28","guid":{"rendered":"https:\/\/www.gaveanews.com\/?p=89688"},"modified":"2024-04-07T09:40:00","modified_gmt":"2024-04-07T12:40:00","slug":"leo-pereira-sintetiza-resiliencia-do-flamengo-na-libertadores","status":"publish","type":"post","link":"https:\/\/www.gaveanews.com\/index.php\/2022\/10\/26\/leo-pereira-sintetiza-resiliencia-do-flamengo-na-libertadores\/","title":{"rendered":"L\u00e9o Pereira sintetiza resili\u00eancia do Flamengo na Libertadores"},"content":{"rendered":"\n<p>A imagem de L\u00e9o Pereira cruzando o gramado do Maracan\u00e3 de joelhos ap\u00f3s o t\u00edtulo da Copa do Brasil para pagar uma promessa ilustra bem a reviravolta na passagem do ex-atleta do Athletico-PR pelo Flamengo.<\/p>\n\n\n\n<p>Contratado em 2020 ao clube paranaense, rival da final da Libertadores s\u00e1bado, para repor a venda de Pablo Mar\u00ed, defensor campe\u00e3o em 2019, L\u00e9o demorou a se firmar, viu outros nomes da posi\u00e7\u00e3o chegarem para suprir a car\u00eancia no setor, e s\u00f3 conseguiu se estabelecer de vez este ano.<\/p>\n\n\n<div class=\"wp-block-image\">\n<figure class=\"aligncenter size-large is-resized\"><img loading=\"lazy\" decoding=\"async\" src=\"https:\/\/extra.globo.com\/incoming\/25597623-b97-a58\/w640h360-PROP\/52440836992_c5fc4a76b7_c.webp\" alt=\"\" width=\"774\" height=\"435\"\/><\/figure>\n<\/div>\n\n\n<p>Depois que Rodrigo Caio n\u00e3o conseguiu se recuperar fisicamente, Pablo tamb\u00e9m n\u00e3o se firmou, Fabr\u00edcio Bruno se lesionou e David Luiz o adotou como dupla. De renegado pela torcida a indispens\u00e1vel por parte do clube, o jogador sintetiza a supera\u00e7\u00e3o e \u00e9 um dos principais personagens da campanha no torneio sul-americano.<\/p>\n\n\n\n<p><em>\u2014 Estou muito feliz por poder estar jogando nesses jogos importantes e decisivos. Se Deus quiser, vamos chegar nessa final, j\u00e1 que na semifinal passada eu vivi um &#8216;pesadelo&#8217; e n\u00e3o pude estar<\/em>, afirmou recentemente L\u00e9o Pereira, expulso no duelo de ida das semifinais do ano passado, contra o Barcelona de Guayaquil. O jogador atingiu um rival com uma cotovelada e levou duas partidas de suspens\u00e3o. Foi preciso remar tudo outra vez.<\/p>\n\n\n\n<p>Aos 26 anos, L\u00e9o Pereira s\u00f3 se tornou titular absoluto do Flamengo em 2022 no come\u00e7o do mata-mata da Libertadores, contra o Tolima, j\u00e1 sob o comando de Dorival Jr. Com Paulo Sousa, que chegou em janeiro, entrou nas partidas iniciais da fase de grupos, contra Sporting Cristal e Talleres, e depois n\u00e3o foi utilizado em tr\u00eas jogos seguintes. Pablo foi o pedido do t\u00e9cnico portugu\u00eas para atuar do lado esquerdo.<\/p>\n\n\n\n<p>Quando a janela de transfer\u00eancias se abriu em junho, L\u00e9o era um ativo do clube colocado na vitrine, mas passou de aparentemente descart\u00e1vel para inegoci\u00e1vel. Fazia parte do planejamento de elenco para a disputa de tr\u00eas competi\u00e7\u00f5es, e por isso n\u00e3o saiu. O atual camisa 4 possui contrato com o Flamengo at\u00e9 o fim de 2024 e desejava respirar novos ares, mas percebeu que poderia ser \u00fatil ap\u00f3s conversas com David Luiz.<\/p>\n\n\n\n<p><em>\u2014 \u00c9 um jogador fundamental no time. \u00c9 um jogador experiente que passa muita coisa positiva para a gente<\/em>, resumiu David.<\/p>\n\n\n\n<h2 class=\"wp-block-heading\" id=\"h-volta-por-cima-de-novo\"><strong>Volta por cima de novo<\/strong><\/h2>\n\n\n\n<p>Em 2021, L\u00e9o j\u00e1 havia tido uma a primeira chance de provar seu valor sob o comando de Renato Ga\u00facho, depois de se envolver em pol\u00eamicas no primeiro semestre que levaram o clube a mult\u00e1-lo por ter ido a uma festa em meio \u00e0 pandemia e faltado a um treino no dia seguinte. Naquele momento, o jogador j\u00e1 n\u00e3o se via valorizado, e seus agentes trabalhavam para trazer propostas para o Flamengo, que ficou perto de aceitar, mas se prendia nos valores baixos, inferiores aos R$ 27 milh\u00f5es que pagou ao Athletico. Ap\u00f3s um fim de temporada amargo e sem t\u00edtulos, este ano houve v\u00e1rias investidas, de clubes da R\u00fassia, M\u00e9xico e Portugal, algumas por empr\u00e9stimos, outras compras de direito. Todas recusadas.<\/p>\n\n\n\n<p>Com a chegada de Dorival, o zagueiro entrou pela primeira vez no 2\u00ba tempo diante do Cuiab\u00e1, pelo Brasileiro, no segundo jogo com o novo t\u00e9cnico, atuou por 14 minutos e s\u00f3 voltou a ganhar nova chance tr\u00eas partidas depois, contra o Am\u00e9rica-MG, ap\u00f3s a equipe perder dois jogos sem ele. Quando o treinador passou a revezar as equipes, a dupla com David Luiz n\u00e3o se desfez mais no time das Copas. L\u00e9o Pereira foi o melhor em campo na vit\u00f3ria por 1 a 0 sobre o Tolima, na Col\u00f4mbia. Tirou bola em cima da linha, bloqueou finaliza\u00e7\u00f5es, cruzamentos, passes em profundidade. E demonstrou um n\u00edvel que raramente alcan\u00e7ava n\u00e3o s\u00f3 de Flamengo, mas desde o Athletico.<\/p>\n\n\n\n<p>Foram 18 jogos seguros como titular ao lado de David Luiz, e s\u00f3 oito gols sofridos. Um na Libertadores, dois na Copa do Brasil e cinco no Brasileiro. No ano passado, Tain\u00e1 Castro, esposa do zagueiro, causou alvoro\u00e7o nas redes sociais ao dizer que o jogador do Flamengo faria o gol do t\u00edtulo da Libertadores. Na final contra o Palmeiras, por\u00e9m, Pereira sequer jogou. Agora, enfim, a profecia tem chance de se cumprir.<\/p>\n\n\n\n<p>Retirado de: Extra<\/p>\n","protected":false},"excerpt":{"rendered":"<p>A imagem de L\u00e9o Pereira cruzando o gramado do Maracan\u00e3 de joelhos ap\u00f3s o t\u00edtulo da Copa do Brasil para pagar uma promessa ilustra bem a reviravolta na passagem do ex-atleta do Athletico-PR pelo Flamengo. Contratado em 2020 ao clube paranaense, rival da final da Libertadores s\u00e1bado, para repor a venda de Pablo Mar\u00ed, defensor [&hellip;]<\/p>\n","protected":false},"author":1,"featured_media":88912,"comment_status":"open","ping_status":"closed","sticky":false,"template":"","format":"standard","meta":{"footnotes":""},"categories":[1],"tags":[175],"class_list":["post-89688","post","type-post","status-publish","format-standard","has-post-thumbnail","hentry","category-flamengo","tag-leonardo-leo-pereira"],"yoast_head":"<!-- This site is optimized with the Yoast SEO Premium plugin v24.2 (Yoast SEO v26.9) - https:\/\/yoast.com\/product\/yoast-seo-premium-wordpress\/ -->\n<title>L\u00e9o Pereira sintetiza resili\u00eancia do Flamengo na Libertadores<\/title>\n<meta name=\"robots\" content=\"index, follow, max-snippet:-1, max-image-preview:large, max-video-preview:-1\" \/>\n<link rel=\"canonical\" href=\"https:\/\/www.gaveanews.com\/index.php\/2022\/10\/26\/leo-pereira-sintetiza-resiliencia-do-flamengo-na-libertadores\/\" \/>\n<meta property=\"og:locale\" content=\"pt_BR\" \/>\n<meta property=\"og:type\" content=\"article\" \/>\n<meta property=\"og:title\" content=\"L\u00e9o Pereira sintetiza resili\u00eancia do Flamengo na Libertadores\" \/>\n<meta property=\"og:description\" content=\"A imagem de L\u00e9o Pereira cruzando o gramado do Maracan\u00e3 de joelhos ap\u00f3s o t\u00edtulo da Copa do Brasil para pagar uma promessa ilustra bem a reviravolta na passagem do ex-atleta do Athletico-PR pelo Flamengo. Contratado em 2020 ao clube paranaense, rival da final da Libertadores s\u00e1bado, para repor a venda de Pablo Mar\u00ed, defensor [&hellip;]\" \/>\n<meta property=\"og:url\" content=\"https:\/\/www.gaveanews.com\/index.php\/2022\/10\/26\/leo-pereira-sintetiza-resiliencia-do-flamengo-na-libertadores\/\" \/>\n<meta property=\"og:site_name\" content=\"G\u00e1vea News\" \/>\n<meta property=\"article:publisher\" content=\"https:\/\/facebook.com\/gaveaNews\/\" \/>\n<meta property=\"article:published_time\" content=\"2022-10-26T22:52:28+00:00\" \/>\n<meta property=\"article:modified_time\" content=\"2024-04-07T12:40:00+00:00\" \/>\n<meta property=\"og:image\" content=\"https:\/\/www.gaveanews.com\/wp-content\/uploads\/Leo-Pereira.webp\" \/>\n\t<meta property=\"og:image:width\" content=\"799\" \/>\n\t<meta property=\"og:image:height\" content=\"533\" \/>\n\t<meta property=\"og:image:type\" content=\"image\/jpeg\" \/>\n<meta name=\"author\" content=\"Equipe G\u00e1vea News\" \/>\n<meta name=\"twitter:card\" content=\"summary_large_image\" \/>\n<meta name=\"twitter:label1\" content=\"Escrito por\" \/>\n\t<meta name=\"twitter:data1\" content=\"Equipe G\u00e1vea News\" \/>\n\t<meta name=\"twitter:label2\" content=\"Est. tempo de leitura\" \/>\n\t<meta name=\"twitter:data2\" content=\"5 minutos\" \/>\n<script type=\"application\/ld+json\" class=\"yoast-schema-graph\">{\"@context\":\"https:\/\/schema.org\",\"@graph\":[{\"@type\":\"NewsArticle\",\"@id\":\"https:\/\/www.gaveanews.com\/index.php\/2022\/10\/26\/leo-pereira-sintetiza-resiliencia-do-flamengo-na-libertadores\/#article\",\"isPartOf\":{\"@id\":\"https:\/\/www.gaveanews.com\/index.php\/2022\/10\/26\/leo-pereira-sintetiza-resiliencia-do-flamengo-na-libertadores\/\"},\"author\":{\"name\":\"Equipe G\u00e1vea News\",\"@id\":\"https:\/\/www.gaveanews.com\/#\/schema\/person\/2ec14f73fb96be2caf28f91afb14749d\"},\"headline\":\"L\u00e9o Pereira sintetiza resili\u00eancia do Flamengo na Libertadores\",\"datePublished\":\"2022-10-26T22:52:28+00:00\",\"dateModified\":\"2024-04-07T12:40:00+00:00\",\"mainEntityOfPage\":{\"@id\":\"https:\/\/www.gaveanews.com\/index.php\/2022\/10\/26\/leo-pereira-sintetiza-resiliencia-do-flamengo-na-libertadores\/\"},\"wordCount\":740,\"commentCount\":0,\"image\":{\"@id\":\"https:\/\/www.gaveanews.com\/index.php\/2022\/10\/26\/leo-pereira-sintetiza-resiliencia-do-flamengo-na-libertadores\/#primaryimage\"},\"thumbnailUrl\":\"https:\/\/www.gaveanews.com\/wp-content\/uploads\/Leo-Pereira.webp\",\"keywords\":[\"Leonardo Pereira\"],\"articleSection\":[\"Flamengo\"],\"inLanguage\":\"pt-BR\",\"potentialAction\":[{\"@type\":\"CommentAction\",\"name\":\"Comment\",\"target\":[\"https:\/\/www.gaveanews.com\/index.php\/2022\/10\/26\/leo-pereira-sintetiza-resiliencia-do-flamengo-na-libertadores\/#respond\"]}],\"copyrightYear\":\"2022\",\"copyrightHolder\":{\"@id\":\"https:\/\/www.gaveanews.com\/#organization\"}},{\"@type\":\"WebPage\",\"@id\":\"https:\/\/www.gaveanews.com\/index.php\/2022\/10\/26\/leo-pereira-sintetiza-resiliencia-do-flamengo-na-libertadores\/\",\"url\":\"https:\/\/www.gaveanews.com\/index.php\/2022\/10\/26\/leo-pereira-sintetiza-resiliencia-do-flamengo-na-libertadores\/\",\"name\":\"L\u00e9o Pereira sintetiza resili\u00eancia do Flamengo na Libertadores\",\"isPartOf\":{\"@id\":\"https:\/\/www.gaveanews.com\/#website\"},\"primaryImageOfPage\":{\"@id\":\"https:\/\/www.gaveanews.com\/index.php\/2022\/10\/26\/leo-pereira-sintetiza-resiliencia-do-flamengo-na-libertadores\/#primaryimage\"},\"image\":{\"@id\":\"https:\/\/www.gaveanews.com\/index.php\/2022\/10\/26\/leo-pereira-sintetiza-resiliencia-do-flamengo-na-libertadores\/#primaryimage\"},\"thumbnailUrl\":\"https:\/\/www.gaveanews.com\/wp-content\/uploads\/Leo-Pereira.webp\",\"datePublished\":\"2022-10-26T22:52:28+00:00\",\"dateModified\":\"2024-04-07T12:40:00+00:00\",\"author\":{\"@id\":\"https:\/\/www.gaveanews.com\/#\/schema\/person\/2ec14f73fb96be2caf28f91afb14749d\"},\"breadcrumb\":{\"@id\":\"https:\/\/www.gaveanews.com\/index.php\/2022\/10\/26\/leo-pereira-sintetiza-resiliencia-do-flamengo-na-libertadores\/#breadcrumb\"},\"inLanguage\":\"pt-BR\",\"potentialAction\":[{\"@type\":\"ReadAction\",\"target\":[\"https:\/\/www.gaveanews.com\/index.php\/2022\/10\/26\/leo-pereira-sintetiza-resiliencia-do-flamengo-na-libertadores\/\"]}]},{\"@type\":\"ImageObject\",\"inLanguage\":\"pt-BR\",\"@id\":\"https:\/\/www.gaveanews.com\/index.php\/2022\/10\/26\/leo-pereira-sintetiza-resiliencia-do-flamengo-na-libertadores\/#primaryimage\",\"url\":\"https:\/\/www.gaveanews.com\/wp-content\/uploads\/Leo-Pereira.webp\",\"contentUrl\":\"https:\/\/www.gaveanews.com\/wp-content\/uploads\/Leo-Pereira.webp\",\"width\":799,\"height\":533,\"caption\":\"L\u00e9o Pereira no jogo do Flamengo contra o Corinthians pela final da Copa do Brasil (Foto: Gilvan de Souza\/Flamengo)\"},{\"@type\":\"BreadcrumbList\",\"@id\":\"https:\/\/www.gaveanews.com\/index.php\/2022\/10\/26\/leo-pereira-sintetiza-resiliencia-do-flamengo-na-libertadores\/#breadcrumb\",\"itemListElement\":[{\"@type\":\"ListItem\",\"position\":1,\"name\":\"Home\",\"item\":\"https:\/\/www.gaveanews.com\/\"},{\"@type\":\"ListItem\",\"position\":2,\"name\":\"L\u00e9o Pereira sintetiza resili\u00eancia do Flamengo na Libertadores\"}]},{\"@type\":\"WebSite\",\"@id\":\"https:\/\/www.gaveanews.com\/#website\",\"url\":\"https:\/\/www.gaveanews.com\/\",\"name\":\"G\u00e1vea News\",\"description\":\"Veja todas as not\u00edcias sobre o Flamengo: Contrata\u00e7\u00f5es, categorias de base, resultados das partidas, tabela de classifica\u00e7\u00e3o, pr\u00f3ximos jogos!\",\"potentialAction\":[{\"@type\":\"SearchAction\",\"target\":{\"@type\":\"EntryPoint\",\"urlTemplate\":\"https:\/\/www.gaveanews.com\/?s={search_term_string}\"},\"query-input\":{\"@type\":\"PropertyValueSpecification\",\"valueRequired\":true,\"valueName\":\"search_term_string\"}}],\"inLanguage\":\"pt-BR\"},{\"@type\":\"Person\",\"@id\":\"https:\/\/www.gaveanews.com\/#\/schema\/person\/2ec14f73fb96be2caf28f91afb14749d\",\"name\":\"Equipe G\u00e1vea News\",\"image\":{\"@type\":\"ImageObject\",\"inLanguage\":\"pt-BR\",\"@id\":\"https:\/\/www.gaveanews.com\/#\/schema\/person\/image\/\",\"url\":\"https:\/\/secure.gravatar.com\/avatar\/1e1956f1facbffd3f8fa53a326721950116b3b9dc9bd44939c01180fd4a745a9?s=96&d=mm&r=g\",\"contentUrl\":\"https:\/\/secure.gravatar.com\/avatar\/1e1956f1facbffd3f8fa53a326721950116b3b9dc9bd44939c01180fd4a745a9?s=96&d=mm&r=g\",\"caption\":\"Equipe G\u00e1vea News\"}}]}<\/script>\n<!-- \/ Yoast SEO Premium plugin. -->","yoast_head_json":{"title":"L\u00e9o Pereira sintetiza resili\u00eancia do Flamengo na Libertadores","robots":{"index":"index","follow":"follow","max-snippet":"max-snippet:-1","max-image-preview":"max-image-preview:large","max-video-preview":"max-video-preview:-1"},"canonical":"https:\/\/www.gaveanews.com\/index.php\/2022\/10\/26\/leo-pereira-sintetiza-resiliencia-do-flamengo-na-libertadores\/","og_locale":"pt_BR","og_type":"article","og_title":"L\u00e9o Pereira sintetiza resili\u00eancia do Flamengo na Libertadores","og_description":"A imagem de L\u00e9o Pereira cruzando o gramado do Maracan\u00e3 de joelhos ap\u00f3s o t\u00edtulo da Copa do Brasil para pagar uma promessa ilustra bem a reviravolta na passagem do ex-atleta do Athletico-PR pelo Flamengo. Contratado em 2020 ao clube paranaense, rival da final da Libertadores s\u00e1bado, para repor a venda de Pablo Mar\u00ed, defensor [&hellip;]","og_url":"https:\/\/www.gaveanews.com\/index.php\/2022\/10\/26\/leo-pereira-sintetiza-resiliencia-do-flamengo-na-libertadores\/","og_site_name":"G\u00e1vea News","article_publisher":"https:\/\/facebook.com\/gaveaNews\/","article_published_time":"2022-10-26T22:52:28+00:00","article_modified_time":"2024-04-07T12:40:00+00:00","og_image":[{"width":799,"height":533,"url":"https:\/\/www.gaveanews.com\/wp-content\/uploads\/Leo-Pereira.webp","type":"image\/jpeg"}],"author":"Equipe G\u00e1vea News","twitter_card":"summary_large_image","twitter_misc":{"Escrito por":"Equipe G\u00e1vea News","Est. tempo de leitura":"5 minutos"},"schema":{"@context":"https:\/\/schema.org","@graph":[{"@type":"NewsArticle","@id":"https:\/\/www.gaveanews.com\/index.php\/2022\/10\/26\/leo-pereira-sintetiza-resiliencia-do-flamengo-na-libertadores\/#article","isPartOf":{"@id":"https:\/\/www.gaveanews.com\/index.php\/2022\/10\/26\/leo-pereira-sintetiza-resiliencia-do-flamengo-na-libertadores\/"},"author":{"name":"Equipe G\u00e1vea News","@id":"https:\/\/www.gaveanews.com\/#\/schema\/person\/2ec14f73fb96be2caf28f91afb14749d"},"headline":"L\u00e9o Pereira sintetiza resili\u00eancia do Flamengo na Libertadores","datePublished":"2022-10-26T22:52:28+00:00","dateModified":"2024-04-07T12:40:00+00:00","mainEntityOfPage":{"@id":"https:\/\/www.gaveanews.com\/index.php\/2022\/10\/26\/leo-pereira-sintetiza-resiliencia-do-flamengo-na-libertadores\/"},"wordCount":740,"commentCount":0,"image":{"@id":"https:\/\/www.gaveanews.com\/index.php\/2022\/10\/26\/leo-pereira-sintetiza-resiliencia-do-flamengo-na-libertadores\/#primaryimage"},"thumbnailUrl":"https:\/\/www.gaveanews.com\/wp-content\/uploads\/Leo-Pereira.webp","keywords":["Leonardo Pereira"],"articleSection":["Flamengo"],"inLanguage":"pt-BR","potentialAction":[{"@type":"CommentAction","name":"Comment","target":["https:\/\/www.gaveanews.com\/index.php\/2022\/10\/26\/leo-pereira-sintetiza-resiliencia-do-flamengo-na-libertadores\/#respond"]}],"copyrightYear":"2022","copyrightHolder":{"@id":"https:\/\/www.gaveanews.com\/#organization"}},{"@type":"WebPage","@id":"https:\/\/www.gaveanews.com\/index.php\/2022\/10\/26\/leo-pereira-sintetiza-resiliencia-do-flamengo-na-libertadores\/","url":"https:\/\/www.gaveanews.com\/index.php\/2022\/10\/26\/leo-pereira-sintetiza-resiliencia-do-flamengo-na-libertadores\/","name":"L\u00e9o Pereira sintetiza resili\u00eancia do Flamengo na Libertadores","isPartOf":{"@id":"https:\/\/www.gaveanews.com\/#website"},"primaryImageOfPage":{"@id":"https:\/\/www.gaveanews.com\/index.php\/2022\/10\/26\/leo-pereira-sintetiza-resiliencia-do-flamengo-na-libertadores\/#primaryimage"},"image":{"@id":"https:\/\/www.gaveanews.com\/index.php\/2022\/10\/26\/leo-pereira-sintetiza-resiliencia-do-flamengo-na-libertadores\/#primaryimage"},"thumbnailUrl":"https:\/\/www.gaveanews.com\/wp-content\/uploads\/Leo-Pereira.webp","datePublished":"2022-10-26T22:52:28+00:00","dateModified":"2024-04-07T12:40:00+00:00","author":{"@id":"https:\/\/www.gaveanews.com\/#\/schema\/person\/2ec14f73fb96be2caf28f91afb14749d"},"breadcrumb":{"@id":"https:\/\/www.gaveanews.com\/index.php\/2022\/10\/26\/leo-pereira-sintetiza-resiliencia-do-flamengo-na-libertadores\/#breadcrumb"},"inLanguage":"pt-BR","potentialAction":[{"@type":"ReadAction","target":["https:\/\/www.gaveanews.com\/index.php\/2022\/10\/26\/leo-pereira-sintetiza-resiliencia-do-flamengo-na-libertadores\/"]}]},{"@type":"ImageObject","inLanguage":"pt-BR","@id":"https:\/\/www.gaveanews.com\/index.php\/2022\/10\/26\/leo-pereira-sintetiza-resiliencia-do-flamengo-na-libertadores\/#primaryimage","url":"https:\/\/www.gaveanews.com\/wp-content\/uploads\/Leo-Pereira.webp","contentUrl":"https:\/\/www.gaveanews.com\/wp-content\/uploads\/Leo-Pereira.webp","width":799,"height":533,"caption":"L\u00e9o Pereira no jogo do Flamengo contra o Corinthians pela final da Copa do Brasil (Foto: Gilvan de Souza\/Flamengo)"},{"@type":"BreadcrumbList","@id":"https:\/\/www.gaveanews.com\/index.php\/2022\/10\/26\/leo-pereira-sintetiza-resiliencia-do-flamengo-na-libertadores\/#breadcrumb","itemListElement":[{"@type":"ListItem","position":1,"name":"Home","item":"https:\/\/www.gaveanews.com\/"},{"@type":"ListItem","position":2,"name":"L\u00e9o Pereira sintetiza resili\u00eancia do Flamengo na Libertadores"}]},{"@type":"WebSite","@id":"https:\/\/www.gaveanews.com\/#website","url":"https:\/\/www.gaveanews.com\/","name":"G\u00e1vea News","description":"Veja todas as not\u00edcias sobre o Flamengo: Contrata\u00e7\u00f5es, categorias de base, resultados das partidas, tabela de classifica\u00e7\u00e3o, pr\u00f3ximos jogos!","potentialAction":[{"@type":"SearchAction","target":{"@type":"EntryPoint","urlTemplate":"https:\/\/www.gaveanews.com\/?s={search_term_string}"},"query-input":{"@type":"PropertyValueSpecification","valueRequired":true,"valueName":"search_term_string"}}],"inLanguage":"pt-BR"},{"@type":"Person","@id":"https:\/\/www.gaveanews.com\/#\/schema\/person\/2ec14f73fb96be2caf28f91afb14749d","name":"Equipe G\u00e1vea News","image":{"@type":"ImageObject","inLanguage":"pt-BR","@id":"https:\/\/www.gaveanews.com\/#\/schema\/person\/image\/","url":"https:\/\/secure.gravatar.com\/avatar\/1e1956f1facbffd3f8fa53a326721950116b3b9dc9bd44939c01180fd4a745a9?s=96&d=mm&r=g","contentUrl":"https:\/\/secure.gravatar.com\/avatar\/1e1956f1facbffd3f8fa53a326721950116b3b9dc9bd44939c01180fd4a745a9?s=96&d=mm&r=g","caption":"Equipe G\u00e1vea News"}}]}},"_links":{"self":[{"href":"https:\/\/www.gaveanews.com\/index.php\/wp-json\/wp\/v2\/posts\/89688","targetHints":{"allow":["GET"]}}],"collection":[{"href":"https:\/\/www.gaveanews.com\/index.php\/wp-json\/wp\/v2\/posts"}],"about":[{"href":"https:\/\/www.gaveanews.com\/index.php\/wp-json\/wp\/v2\/types\/post"}],"author":[{"embeddable":true,"href":"https:\/\/www.gaveanews.com\/index.php\/wp-json\/wp\/v2\/users\/1"}],"replies":[{"embeddable":true,"href":"https:\/\/www.gaveanews.com\/index.php\/wp-json\/wp\/v2\/comments?post=89688"}],"version-history":[{"count":1,"href":"https:\/\/www.gaveanews.com\/index.php\/wp-json\/wp\/v2\/posts\/89688\/revisions"}],"predecessor-version":[{"id":137120,"href":"https:\/\/www.gaveanews.com\/index.php\/wp-json\/wp\/v2\/posts\/89688\/revisions\/137120"}],"wp:featuredmedia":[{"embeddable":true,"href":"https:\/\/www.gaveanews.com\/index.php\/wp-json\/wp\/v2\/media\/88912"}],"wp:attachment":[{"href":"https:\/\/www.gaveanews.com\/index.php\/wp-json\/wp\/v2\/media?parent=89688"}],"wp:term":[{"taxonomy":"category","embeddable":true,"href":"https:\/\/www.gaveanews.com\/index.php\/wp-json\/wp\/v2\/categories?post=89688"},{"taxonomy":"post_tag","embeddable":true,"href":"https:\/\/www.gaveanews.com\/index.php\/wp-json\/wp\/v2\/tags?post=89688"}],"curies":[{"name":"wp","href":"https:\/\/api.w.org\/{rel}","templated":true}]}}