{"id":89857,"date":"2022-10-30T17:44:59","date_gmt":"2022-10-30T20:44:59","guid":{"rendered":"https:\/\/www.gaveanews.com\/?p=89857"},"modified":"2022-10-30T17:45:01","modified_gmt":"2022-10-30T20:45:01","slug":"de-saida-permanencia-de-dorival-junior-no-flamengo-ainda-e-incerta-entenda","status":"publish","type":"post","link":"https:\/\/www.gaveanews.com\/index.php\/2022\/10\/30\/de-saida-permanencia-de-dorival-junior-no-flamengo-ainda-e-incerta-entenda\/","title":{"rendered":"De sa\u00edda? Perman\u00eancia de Dorival J\u00fanior no Flamengo ainda \u00e9 incerta; entenda"},"content":{"rendered":"\n<p>A chegada de Dorival J\u00fanior para substituir Paulo Sousa foi fundamental para o ano do Flamengo. O treinador mudou a cara do time, e conquistou Copa do Brasil e Libertadores. Agora, a prioridade do clube carioca \u00e9 uma s\u00f3: renovar com o treinador.<\/p>\n\n\n\n<p>De acordo com o jornal O Globo, o Rubro-Negro n\u00e3o planeja adiar as conversas para estender o v\u00ednculo, que tem dura\u00e7\u00e3o at\u00e9 o fim deste ano. O Flamengo j\u00e1 teria acenado sobre a renova\u00e7\u00e3o de Dorival. A perman\u00eancia passa por uma negocia\u00e7\u00e3o financeira simples.<\/p>\n\n\n\n<p>Apesar de ter sido fundamental para os t\u00edtulos do Flamengo, o treinador n\u00e3o pensa em \u2018crescer os olhos\u2019 por conta das conquistas. Ele dever\u00e1 facilitar a negocia\u00e7\u00e3o. A inten\u00e7\u00e3o do Rubro-Negro \u00e9 oferecer um novo contrato com dura\u00e7\u00e3o at\u00e9 2024.<\/p>\n\n\n\n<p>No entanto, a perman\u00eancia de Dorival para o restante da temporada ainda \u00e9 incerta. Isso porque Tite est\u00e1 de sa\u00edda da Sele\u00e7\u00e3o Brasileira ap\u00f3s a Copa do Mundo e o treinador do Flamengo \u00e9 um dos nomes mais bem avaliados para substitu\u00ed-lo, ainda mais ap\u00f3s os t\u00edtulos.<\/p>\n\n\n\n<p>Retirado de: Mercado do Futebol<\/p>\n","protected":false},"excerpt":{"rendered":"<p>A chegada de Dorival J\u00fanior para substituir Paulo Sousa foi fundamental para o ano do Flamengo. O treinador mudou a cara do time, e conquistou Copa do Brasil e Libertadores. Agora, a prioridade do clube carioca \u00e9 uma s\u00f3: renovar com o treinador. De acordo com o jornal O Globo, o Rubro-Negro n\u00e3o planeja adiar [&hellip;]<\/p>\n","protected":false},"author":1,"featured_media":88908,"comment_status":"open","ping_status":"closed","sticky":false,"template":"","format":"standard","meta":{"footnotes":""},"categories":[1],"tags":[],"class_list":["post-89857","post","type-post","status-publish","format-standard","has-post-thumbnail","hentry","category-flamengo"],"yoast_head":"<!-- This site is optimized with the Yoast SEO Premium plugin v24.2 (Yoast SEO v26.9) - https:\/\/yoast.com\/product\/yoast-seo-premium-wordpress\/ -->\n<title>De sa\u00edda? Perman\u00eancia de Dorival J\u00fanior no Flamengo ainda \u00e9 incerta; entenda<\/title>\n<meta name=\"robots\" content=\"index, follow, max-snippet:-1, max-image-preview:large, max-video-preview:-1\" \/>\n<link rel=\"canonical\" href=\"https:\/\/www.gaveanews.com\/index.php\/2022\/10\/30\/de-saida-permanencia-de-dorival-junior-no-flamengo-ainda-e-incerta-entenda\/\" \/>\n<meta property=\"og:locale\" content=\"pt_BR\" \/>\n<meta property=\"og:type\" content=\"article\" \/>\n<meta property=\"og:title\" content=\"De sa\u00edda? Perman\u00eancia de Dorival J\u00fanior no Flamengo ainda \u00e9 incerta; entenda\" \/>\n<meta property=\"og:description\" content=\"A chegada de Dorival J\u00fanior para substituir Paulo Sousa foi fundamental para o ano do Flamengo. O treinador mudou a cara do time, e conquistou Copa do Brasil e Libertadores. Agora, a prioridade do clube carioca \u00e9 uma s\u00f3: renovar com o treinador. De acordo com o jornal O Globo, o Rubro-Negro n\u00e3o planeja adiar [&hellip;]\" \/>\n<meta property=\"og:url\" content=\"https:\/\/www.gaveanews.com\/index.php\/2022\/10\/30\/de-saida-permanencia-de-dorival-junior-no-flamengo-ainda-e-incerta-entenda\/\" \/>\n<meta property=\"og:site_name\" content=\"G\u00e1vea News\" \/>\n<meta property=\"article:publisher\" content=\"https:\/\/facebook.com\/gaveaNews\/\" \/>\n<meta property=\"article:published_time\" content=\"2022-10-30T20:44:59+00:00\" \/>\n<meta property=\"article:modified_time\" content=\"2022-10-30T20:45:01+00:00\" \/>\n<meta property=\"og:image\" content=\"https:\/\/www.gaveanews.com\/wp-content\/uploads\/Dorival-Junior-na-final-da-Copa-do-Brasil-entre-Flamengo-e-Corinthians.webp\" \/>\n\t<meta property=\"og:image:width\" content=\"800\" \/>\n\t<meta property=\"og:image:height\" content=\"533\" \/>\n\t<meta property=\"og:image:type\" content=\"image\/jpeg\" \/>\n<meta name=\"author\" content=\"Equipe G\u00e1vea News\" \/>\n<meta name=\"twitter:card\" content=\"summary_large_image\" \/>\n<meta name=\"twitter:label1\" content=\"Escrito por\" \/>\n\t<meta name=\"twitter:data1\" content=\"Equipe G\u00e1vea News\" \/>\n\t<meta name=\"twitter:label2\" content=\"Est. tempo de leitura\" \/>\n\t<meta name=\"twitter:data2\" content=\"1 minuto\" \/>\n<script type=\"application\/ld+json\" class=\"yoast-schema-graph\">{\"@context\":\"https:\/\/schema.org\",\"@graph\":[{\"@type\":\"NewsArticle\",\"@id\":\"https:\/\/www.gaveanews.com\/index.php\/2022\/10\/30\/de-saida-permanencia-de-dorival-junior-no-flamengo-ainda-e-incerta-entenda\/#article\",\"isPartOf\":{\"@id\":\"https:\/\/www.gaveanews.com\/index.php\/2022\/10\/30\/de-saida-permanencia-de-dorival-junior-no-flamengo-ainda-e-incerta-entenda\/\"},\"author\":{\"name\":\"Equipe G\u00e1vea News\",\"@id\":\"https:\/\/www.gaveanews.com\/#\/schema\/person\/2ec14f73fb96be2caf28f91afb14749d\"},\"headline\":\"De sa\u00edda? Perman\u00eancia de Dorival J\u00fanior no Flamengo ainda \u00e9 incerta; entenda\",\"datePublished\":\"2022-10-30T20:44:59+00:00\",\"dateModified\":\"2022-10-30T20:45:01+00:00\",\"mainEntityOfPage\":{\"@id\":\"https:\/\/www.gaveanews.com\/index.php\/2022\/10\/30\/de-saida-permanencia-de-dorival-junior-no-flamengo-ainda-e-incerta-entenda\/\"},\"wordCount\":207,\"commentCount\":0,\"image\":{\"@id\":\"https:\/\/www.gaveanews.com\/index.php\/2022\/10\/30\/de-saida-permanencia-de-dorival-junior-no-flamengo-ainda-e-incerta-entenda\/#primaryimage\"},\"thumbnailUrl\":\"https:\/\/www.gaveanews.com\/wp-content\/uploads\/Dorival-Junior-na-final-da-Copa-do-Brasil-entre-Flamengo-e-Corinthians.webp\",\"articleSection\":[\"Flamengo\"],\"inLanguage\":\"pt-BR\",\"potentialAction\":[{\"@type\":\"CommentAction\",\"name\":\"Comment\",\"target\":[\"https:\/\/www.gaveanews.com\/index.php\/2022\/10\/30\/de-saida-permanencia-de-dorival-junior-no-flamengo-ainda-e-incerta-entenda\/#respond\"]}],\"copyrightYear\":\"2022\",\"copyrightHolder\":{\"@id\":\"https:\/\/www.gaveanews.com\/#organization\"}},{\"@type\":\"WebPage\",\"@id\":\"https:\/\/www.gaveanews.com\/index.php\/2022\/10\/30\/de-saida-permanencia-de-dorival-junior-no-flamengo-ainda-e-incerta-entenda\/\",\"url\":\"https:\/\/www.gaveanews.com\/index.php\/2022\/10\/30\/de-saida-permanencia-de-dorival-junior-no-flamengo-ainda-e-incerta-entenda\/\",\"name\":\"De sa\u00edda? Perman\u00eancia de Dorival J\u00fanior no Flamengo ainda \u00e9 incerta; entenda\",\"isPartOf\":{\"@id\":\"https:\/\/www.gaveanews.com\/#website\"},\"primaryImageOfPage\":{\"@id\":\"https:\/\/www.gaveanews.com\/index.php\/2022\/10\/30\/de-saida-permanencia-de-dorival-junior-no-flamengo-ainda-e-incerta-entenda\/#primaryimage\"},\"image\":{\"@id\":\"https:\/\/www.gaveanews.com\/index.php\/2022\/10\/30\/de-saida-permanencia-de-dorival-junior-no-flamengo-ainda-e-incerta-entenda\/#primaryimage\"},\"thumbnailUrl\":\"https:\/\/www.gaveanews.com\/wp-content\/uploads\/Dorival-Junior-na-final-da-Copa-do-Brasil-entre-Flamengo-e-Corinthians.webp\",\"datePublished\":\"2022-10-30T20:44:59+00:00\",\"dateModified\":\"2022-10-30T20:45:01+00:00\",\"author\":{\"@id\":\"https:\/\/www.gaveanews.com\/#\/schema\/person\/2ec14f73fb96be2caf28f91afb14749d\"},\"breadcrumb\":{\"@id\":\"https:\/\/www.gaveanews.com\/index.php\/2022\/10\/30\/de-saida-permanencia-de-dorival-junior-no-flamengo-ainda-e-incerta-entenda\/#breadcrumb\"},\"inLanguage\":\"pt-BR\",\"potentialAction\":[{\"@type\":\"ReadAction\",\"target\":[\"https:\/\/www.gaveanews.com\/index.php\/2022\/10\/30\/de-saida-permanencia-de-dorival-junior-no-flamengo-ainda-e-incerta-entenda\/\"]}]},{\"@type\":\"ImageObject\",\"inLanguage\":\"pt-BR\",\"@id\":\"https:\/\/www.gaveanews.com\/index.php\/2022\/10\/30\/de-saida-permanencia-de-dorival-junior-no-flamengo-ainda-e-incerta-entenda\/#primaryimage\",\"url\":\"https:\/\/www.gaveanews.com\/wp-content\/uploads\/Dorival-Junior-na-final-da-Copa-do-Brasil-entre-Flamengo-e-Corinthians.webp\",\"contentUrl\":\"https:\/\/www.gaveanews.com\/wp-content\/uploads\/Dorival-Junior-na-final-da-Copa-do-Brasil-entre-Flamengo-e-Corinthians.webp\",\"width\":800,\"height\":533,\"caption\":\"Dorival J\u00fanior na final da Copa do Brasil entre Flamengo e Corinthians (Foto: Marcelo Cortes\/Flamengo)\"},{\"@type\":\"BreadcrumbList\",\"@id\":\"https:\/\/www.gaveanews.com\/index.php\/2022\/10\/30\/de-saida-permanencia-de-dorival-junior-no-flamengo-ainda-e-incerta-entenda\/#breadcrumb\",\"itemListElement\":[{\"@type\":\"ListItem\",\"position\":1,\"name\":\"Home\",\"item\":\"https:\/\/www.gaveanews.com\/\"},{\"@type\":\"ListItem\",\"position\":2,\"name\":\"De sa\u00edda? Perman\u00eancia de Dorival J\u00fanior no Flamengo ainda \u00e9 incerta; entenda\"}]},{\"@type\":\"WebSite\",\"@id\":\"https:\/\/www.gaveanews.com\/#website\",\"url\":\"https:\/\/www.gaveanews.com\/\",\"name\":\"G\u00e1vea News\",\"description\":\"Veja todas as not\u00edcias sobre o Flamengo: Contrata\u00e7\u00f5es, categorias de base, resultados das partidas, tabela de classifica\u00e7\u00e3o, pr\u00f3ximos jogos!\",\"potentialAction\":[{\"@type\":\"SearchAction\",\"target\":{\"@type\":\"EntryPoint\",\"urlTemplate\":\"https:\/\/www.gaveanews.com\/?s={search_term_string}\"},\"query-input\":{\"@type\":\"PropertyValueSpecification\",\"valueRequired\":true,\"valueName\":\"search_term_string\"}}],\"inLanguage\":\"pt-BR\"},{\"@type\":\"Person\",\"@id\":\"https:\/\/www.gaveanews.com\/#\/schema\/person\/2ec14f73fb96be2caf28f91afb14749d\",\"name\":\"Equipe G\u00e1vea News\",\"image\":{\"@type\":\"ImageObject\",\"inLanguage\":\"pt-BR\",\"@id\":\"https:\/\/www.gaveanews.com\/#\/schema\/person\/image\/\",\"url\":\"https:\/\/secure.gravatar.com\/avatar\/1e1956f1facbffd3f8fa53a326721950116b3b9dc9bd44939c01180fd4a745a9?s=96&d=mm&r=g\",\"contentUrl\":\"https:\/\/secure.gravatar.com\/avatar\/1e1956f1facbffd3f8fa53a326721950116b3b9dc9bd44939c01180fd4a745a9?s=96&d=mm&r=g\",\"caption\":\"Equipe G\u00e1vea News\"}}]}<\/script>\n<!-- \/ Yoast SEO Premium plugin. -->","yoast_head_json":{"title":"De sa\u00edda? Perman\u00eancia de Dorival J\u00fanior no Flamengo ainda \u00e9 incerta; entenda","robots":{"index":"index","follow":"follow","max-snippet":"max-snippet:-1","max-image-preview":"max-image-preview:large","max-video-preview":"max-video-preview:-1"},"canonical":"https:\/\/www.gaveanews.com\/index.php\/2022\/10\/30\/de-saida-permanencia-de-dorival-junior-no-flamengo-ainda-e-incerta-entenda\/","og_locale":"pt_BR","og_type":"article","og_title":"De sa\u00edda? Perman\u00eancia de Dorival J\u00fanior no Flamengo ainda \u00e9 incerta; entenda","og_description":"A chegada de Dorival J\u00fanior para substituir Paulo Sousa foi fundamental para o ano do Flamengo. O treinador mudou a cara do time, e conquistou Copa do Brasil e Libertadores. Agora, a prioridade do clube carioca \u00e9 uma s\u00f3: renovar com o treinador. De acordo com o jornal O Globo, o Rubro-Negro n\u00e3o planeja adiar [&hellip;]","og_url":"https:\/\/www.gaveanews.com\/index.php\/2022\/10\/30\/de-saida-permanencia-de-dorival-junior-no-flamengo-ainda-e-incerta-entenda\/","og_site_name":"G\u00e1vea News","article_publisher":"https:\/\/facebook.com\/gaveaNews\/","article_published_time":"2022-10-30T20:44:59+00:00","article_modified_time":"2022-10-30T20:45:01+00:00","og_image":[{"width":800,"height":533,"url":"https:\/\/www.gaveanews.com\/wp-content\/uploads\/Dorival-Junior-na-final-da-Copa-do-Brasil-entre-Flamengo-e-Corinthians.webp","type":"image\/jpeg"}],"author":"Equipe G\u00e1vea News","twitter_card":"summary_large_image","twitter_misc":{"Escrito por":"Equipe G\u00e1vea News","Est. tempo de leitura":"1 minuto"},"schema":{"@context":"https:\/\/schema.org","@graph":[{"@type":"NewsArticle","@id":"https:\/\/www.gaveanews.com\/index.php\/2022\/10\/30\/de-saida-permanencia-de-dorival-junior-no-flamengo-ainda-e-incerta-entenda\/#article","isPartOf":{"@id":"https:\/\/www.gaveanews.com\/index.php\/2022\/10\/30\/de-saida-permanencia-de-dorival-junior-no-flamengo-ainda-e-incerta-entenda\/"},"author":{"name":"Equipe G\u00e1vea News","@id":"https:\/\/www.gaveanews.com\/#\/schema\/person\/2ec14f73fb96be2caf28f91afb14749d"},"headline":"De sa\u00edda? Perman\u00eancia de Dorival J\u00fanior no Flamengo ainda \u00e9 incerta; entenda","datePublished":"2022-10-30T20:44:59+00:00","dateModified":"2022-10-30T20:45:01+00:00","mainEntityOfPage":{"@id":"https:\/\/www.gaveanews.com\/index.php\/2022\/10\/30\/de-saida-permanencia-de-dorival-junior-no-flamengo-ainda-e-incerta-entenda\/"},"wordCount":207,"commentCount":0,"image":{"@id":"https:\/\/www.gaveanews.com\/index.php\/2022\/10\/30\/de-saida-permanencia-de-dorival-junior-no-flamengo-ainda-e-incerta-entenda\/#primaryimage"},"thumbnailUrl":"https:\/\/www.gaveanews.com\/wp-content\/uploads\/Dorival-Junior-na-final-da-Copa-do-Brasil-entre-Flamengo-e-Corinthians.webp","articleSection":["Flamengo"],"inLanguage":"pt-BR","potentialAction":[{"@type":"CommentAction","name":"Comment","target":["https:\/\/www.gaveanews.com\/index.php\/2022\/10\/30\/de-saida-permanencia-de-dorival-junior-no-flamengo-ainda-e-incerta-entenda\/#respond"]}],"copyrightYear":"2022","copyrightHolder":{"@id":"https:\/\/www.gaveanews.com\/#organization"}},{"@type":"WebPage","@id":"https:\/\/www.gaveanews.com\/index.php\/2022\/10\/30\/de-saida-permanencia-de-dorival-junior-no-flamengo-ainda-e-incerta-entenda\/","url":"https:\/\/www.gaveanews.com\/index.php\/2022\/10\/30\/de-saida-permanencia-de-dorival-junior-no-flamengo-ainda-e-incerta-entenda\/","name":"De sa\u00edda? Perman\u00eancia de Dorival J\u00fanior no Flamengo ainda \u00e9 incerta; entenda","isPartOf":{"@id":"https:\/\/www.gaveanews.com\/#website"},"primaryImageOfPage":{"@id":"https:\/\/www.gaveanews.com\/index.php\/2022\/10\/30\/de-saida-permanencia-de-dorival-junior-no-flamengo-ainda-e-incerta-entenda\/#primaryimage"},"image":{"@id":"https:\/\/www.gaveanews.com\/index.php\/2022\/10\/30\/de-saida-permanencia-de-dorival-junior-no-flamengo-ainda-e-incerta-entenda\/#primaryimage"},"thumbnailUrl":"https:\/\/www.gaveanews.com\/wp-content\/uploads\/Dorival-Junior-na-final-da-Copa-do-Brasil-entre-Flamengo-e-Corinthians.webp","datePublished":"2022-10-30T20:44:59+00:00","dateModified":"2022-10-30T20:45:01+00:00","author":{"@id":"https:\/\/www.gaveanews.com\/#\/schema\/person\/2ec14f73fb96be2caf28f91afb14749d"},"breadcrumb":{"@id":"https:\/\/www.gaveanews.com\/index.php\/2022\/10\/30\/de-saida-permanencia-de-dorival-junior-no-flamengo-ainda-e-incerta-entenda\/#breadcrumb"},"inLanguage":"pt-BR","potentialAction":[{"@type":"ReadAction","target":["https:\/\/www.gaveanews.com\/index.php\/2022\/10\/30\/de-saida-permanencia-de-dorival-junior-no-flamengo-ainda-e-incerta-entenda\/"]}]},{"@type":"ImageObject","inLanguage":"pt-BR","@id":"https:\/\/www.gaveanews.com\/index.php\/2022\/10\/30\/de-saida-permanencia-de-dorival-junior-no-flamengo-ainda-e-incerta-entenda\/#primaryimage","url":"https:\/\/www.gaveanews.com\/wp-content\/uploads\/Dorival-Junior-na-final-da-Copa-do-Brasil-entre-Flamengo-e-Corinthians.webp","contentUrl":"https:\/\/www.gaveanews.com\/wp-content\/uploads\/Dorival-Junior-na-final-da-Copa-do-Brasil-entre-Flamengo-e-Corinthians.webp","width":800,"height":533,"caption":"Dorival J\u00fanior na final da Copa do Brasil entre Flamengo e Corinthians (Foto: Marcelo Cortes\/Flamengo)"},{"@type":"BreadcrumbList","@id":"https:\/\/www.gaveanews.com\/index.php\/2022\/10\/30\/de-saida-permanencia-de-dorival-junior-no-flamengo-ainda-e-incerta-entenda\/#breadcrumb","itemListElement":[{"@type":"ListItem","position":1,"name":"Home","item":"https:\/\/www.gaveanews.com\/"},{"@type":"ListItem","position":2,"name":"De sa\u00edda? Perman\u00eancia de Dorival J\u00fanior no Flamengo ainda \u00e9 incerta; entenda"}]},{"@type":"WebSite","@id":"https:\/\/www.gaveanews.com\/#website","url":"https:\/\/www.gaveanews.com\/","name":"G\u00e1vea News","description":"Veja todas as not\u00edcias sobre o Flamengo: Contrata\u00e7\u00f5es, categorias de base, resultados das partidas, tabela de classifica\u00e7\u00e3o, pr\u00f3ximos jogos!","potentialAction":[{"@type":"SearchAction","target":{"@type":"EntryPoint","urlTemplate":"https:\/\/www.gaveanews.com\/?s={search_term_string}"},"query-input":{"@type":"PropertyValueSpecification","valueRequired":true,"valueName":"search_term_string"}}],"inLanguage":"pt-BR"},{"@type":"Person","@id":"https:\/\/www.gaveanews.com\/#\/schema\/person\/2ec14f73fb96be2caf28f91afb14749d","name":"Equipe G\u00e1vea News","image":{"@type":"ImageObject","inLanguage":"pt-BR","@id":"https:\/\/www.gaveanews.com\/#\/schema\/person\/image\/","url":"https:\/\/secure.gravatar.com\/avatar\/1e1956f1facbffd3f8fa53a326721950116b3b9dc9bd44939c01180fd4a745a9?s=96&d=mm&r=g","contentUrl":"https:\/\/secure.gravatar.com\/avatar\/1e1956f1facbffd3f8fa53a326721950116b3b9dc9bd44939c01180fd4a745a9?s=96&d=mm&r=g","caption":"Equipe G\u00e1vea News"}}]}},"_links":{"self":[{"href":"https:\/\/www.gaveanews.com\/index.php\/wp-json\/wp\/v2\/posts\/89857","targetHints":{"allow":["GET"]}}],"collection":[{"href":"https:\/\/www.gaveanews.com\/index.php\/wp-json\/wp\/v2\/posts"}],"about":[{"href":"https:\/\/www.gaveanews.com\/index.php\/wp-json\/wp\/v2\/types\/post"}],"author":[{"embeddable":true,"href":"https:\/\/www.gaveanews.com\/index.php\/wp-json\/wp\/v2\/users\/1"}],"replies":[{"embeddable":true,"href":"https:\/\/www.gaveanews.com\/index.php\/wp-json\/wp\/v2\/comments?post=89857"}],"version-history":[{"count":0,"href":"https:\/\/www.gaveanews.com\/index.php\/wp-json\/wp\/v2\/posts\/89857\/revisions"}],"wp:featuredmedia":[{"embeddable":true,"href":"https:\/\/www.gaveanews.com\/index.php\/wp-json\/wp\/v2\/media\/88908"}],"wp:attachment":[{"href":"https:\/\/www.gaveanews.com\/index.php\/wp-json\/wp\/v2\/media?parent=89857"}],"wp:term":[{"taxonomy":"category","embeddable":true,"href":"https:\/\/www.gaveanews.com\/index.php\/wp-json\/wp\/v2\/categories?post=89857"},{"taxonomy":"post_tag","embeddable":true,"href":"https:\/\/www.gaveanews.com\/index.php\/wp-json\/wp\/v2\/tags?post=89857"}],"curies":[{"name":"wp","href":"https:\/\/api.w.org\/{rel}","templated":true}]}}